{"id":21933,"__str__":"AVULSO - 7- REGIME DE URG\u00caNCIA de 30/11/2018 por ANTONIO GON\u00c7ALVES FERREIRA","link_detail_backend":"/materia/documentoacessorio/21933","metadata":{},"nome":"7- REGIME DE URG\u00caNCIA","data":"2018-11-30","autor":"ANTONIO GON\u00c7ALVES FERREIRA","ementa":"","indexacao":"","arquivo":"http://sapl.campolargo.pr.leg.br/media/sapl/public/documentoacessorio/2018/21933/digitalizar0008.pdf","data_ultima_atualizacao":"2018-11-30T13:12:24.599667-02:00","materia":12219,"tipo":3}