{"id":2768,"__str__":"PARECER - C. Justi\u00e7a e Reda\u00e7\u00e3o de 17/08/2012 por Wilson Andrade","link_detail_backend":"/materia/documentoacessorio/2768","metadata":{},"nome":"C. Justi\u00e7a e Reda\u00e7\u00e3o","data":"2012-08-17","autor":"Wilson Andrade","ementa":"","indexacao":"","arquivo":"http://sapl.campolargo.pr.leg.br/media/sapl/public/documentoacessorio/2012/2768/2768.pdf","data_ultima_atualizacao":"2018-06-12T17:35:41.221079-03:00","materia":2624,"tipo":1}