{"id":3382,"__str__":"AVULSO - Discuss\u00e3o de 05/03/2013 por Fernanda do Nels\u00e3o","link_detail_backend":"/materia/documentoacessorio/3382","metadata":{},"nome":"Discuss\u00e3o","data":"2013-03-05","autor":"Fernanda do Nels\u00e3o","ementa":"","indexacao":"","arquivo":"http://sapl.campolargo.pr.leg.br/media/sapl/public/documentoacessorio/2013/3382/3382.wav","data_ultima_atualizacao":"2018-06-12T17:27:06.346337-03:00","materia":3110,"tipo":3}