{"id":42452,"__str__":"REGIME DE URG\u00caNCIA - 3. REGIME DE URG\u00caNCIA de 05/09/2023 por GERMANINHO, JO\u00c3O DA \u00c1GUA, M\u00c1RCIO E PEDRO","link_detail_backend":"/materia/documentoacessorio/42452","metadata":{},"nome":"3. REGIME DE URG\u00caNCIA","data":"2023-09-05","autor":"GERMANINHO, JO\u00c3O DA \u00c1GUA, M\u00c1RCIO E PEDRO","ementa":"","indexacao":"","arquivo":"http://sapl.campolargo.pr.leg.br/media/sapl/public/documentoacessorio/2023/42452/regime_de_urgencia_pll_40._2023.pdf","data_ultima_atualizacao":"2023-09-05T11:50:22.593557-03:00","materia":20307,"tipo":7}