{"id":4259,"__str__":"AVULSO - Discuss\u00e3o de 04/06/2013 por Fernanda do Nels\u00e3o","link_detail_backend":"/materia/documentoacessorio/4259","metadata":{},"nome":"Discuss\u00e3o","data":"2013-06-04","autor":"Fernanda do Nels\u00e3o","ementa":"","indexacao":"","arquivo":"http://sapl.campolargo.pr.leg.br/media/sapl/public/documentoacessorio/2013/4259/4259.wav","data_ultima_atualizacao":"2018-06-12T17:32:44.510973-03:00","materia":3692,"tipo":3}