{"id":7917,"__str__":"AVULSO - Emendas Vereador Jo\u00e3o Marcos C de 12/09/2014 por Jo\u00e3o Marcos Cuba","link_detail_backend":"/materia/documentoacessorio/7917","metadata":{},"nome":"Emendas Vereador Jo\u00e3o Marcos C","data":"2014-09-12","autor":"Jo\u00e3o Marcos Cuba","ementa":"                    \r\n                ","indexacao":"","arquivo":"http://sapl.campolargo.pr.leg.br/media/sapl/public/documentoacessorio/2014/7917/7917.pdf","data_ultima_atualizacao":"2018-06-12T17:23:16.049457-03:00","materia":5486,"tipo":3}