{"id":13712,"__str__":"PROJETO DE LEI DO LEGISLATIVO n\u00ba 136 de 2019","link_detail_backend":"/materia/13712","metadata":{},"numero":136,"ano":2019,"numero_protocolo":null,"data_apresentacao":"2019-08-28","tipo_apresentacao":"E","data_publicacao":null,"numero_origem_externa":"","ano_origem_externa":null,"data_origem_externa":null,"apelido":"","dias_prazo":null,"data_fim_prazo":null,"em_tramitacao":false,"polemica":false,"objeto":"","complementar":false,"ementa":"INSTITUI NO CALEND\u00c1RIO OFICIAL DO MUNIC\u00cdPIO DE CAMPO LARGO, PARAN\u00c1, A \"SEMANA MUNICIPAL DE CONSCIENTIZA\u00c7\u00c3O, PREVEN\u00c7\u00c3O E COMBATE AO TRANSTORNO DE ANSIEDADE GENERALIZADA PROVOCADOS NO AMBIENTE ESCOLAR\".","indexacao":"","observacao":"","resultado":"","texto_original":"http://sapl.campolargo.pr.leg.br/media/sapl/public/materialegislativa/2019/13712/136_19_texto_integral.pdf","data_ultima_atualizacao":"2019-10-16T16:15:38.913948-03:00","ip":"167.249.72.148","ultima_edicao":null,"tipo":10,"regime_tramitacao":1,"tipo_origem_externa":null,"local_origem_externa":null,"user":36,"anexadas":[],"autores":[44]}