{"id":15777,"__str__":"PROJETO DE LEI DO LEGISLATIVO n\u00ba 11 de 2021","link_detail_backend":"/materia/15777","metadata":{},"numero":11,"ano":2021,"numero_protocolo":null,"data_apresentacao":"2021-03-24","tipo_apresentacao":"E","data_publicacao":null,"numero_origem_externa":"","ano_origem_externa":null,"data_origem_externa":null,"apelido":"","dias_prazo":null,"data_fim_prazo":null,"em_tramitacao":false,"polemica":false,"objeto":"","complementar":false,"ementa":"PROJETO DE LEI DO LEGISTLATIVO. DISP\u00d5E SOBRE O DEVER DE INSER\u00c7\u00c3O DO S\u00cdMBOLO MUNDIAL DA CONSCIENTIZA\u00c7\u00c3O SOBRE O TRANSTORNO DO ESPECTRO AUTISTA - TEA NAS PLACAS DE ATENDIMENTO PRIORIT\u00c1RIO E REVOGA A LEI MUNICIPAL N\u00ba 3.063 DE 26 DE JUNHO DE 2019.","indexacao":"","observacao":"","resultado":"","texto_original":"http://sapl.campolargo.pr.leg.br/media/sapl/public/materialegislativa/2021/15777/01_657_2021_pg_02_abertura.pdf","data_ultima_atualizacao":"2021-05-31T09:26:31.127011-03:00","ip":"177.204.22.34","ultima_edicao":"2021-03-30T10:16:42.681408-03:00","tipo":10,"regime_tramitacao":1,"tipo_origem_externa":null,"local_origem_externa":null,"user":38,"anexadas":[],"autores":[68]}