{"id":17218,"__str__":"INDICA\u00c7\u00c3O n\u00ba 116 de 2021","link_detail_backend":"/materia/17218","metadata":{},"numero":116,"ano":2021,"numero_protocolo":null,"data_apresentacao":"2021-11-04","tipo_apresentacao":"E","data_publicacao":null,"numero_origem_externa":"","ano_origem_externa":null,"data_origem_externa":null,"apelido":"","dias_prazo":null,"data_fim_prazo":null,"em_tramitacao":false,"polemica":false,"objeto":"","complementar":false,"ementa":"DISP\u00d5E SOBRE A DISPONIBILIZA\u00c7\u00c3O DE CADEIRAS NA PRIMEIRA FILA AOS ALUNOS COM TRANSTORNOS DE D\u00c9FCIT DE ATEN\u00c7AO E HIPERATIVIDADE - TDAH E DA OUTRAS PROVIDENCIAS.","indexacao":"","observacao":"","resultado":"","texto_original":"http://sapl.campolargo.pr.leg.br/media/sapl/public/materialegislativa/2021/17218/01_2984_2021_pg_02_abertura.pdf","data_ultima_atualizacao":"2021-11-25T14:05:33.918084-03:00","ip":"177.99.178.66","ultima_edicao":"2021-11-04T14:54:08.157979-03:00","tipo":8,"regime_tramitacao":1,"tipo_origem_externa":null,"local_origem_externa":null,"user":38,"anexadas":[],"autores":[65]}