{"id":20027,"__str__":"PROJETO DE RESOLU\u00c7\u00c3O n\u00ba 8 de 2023","link_detail_backend":"/materia/20027","metadata":{},"numero":8,"ano":2023,"numero_protocolo":null,"data_apresentacao":"2023-04-13","tipo_apresentacao":"E","data_publicacao":null,"numero_origem_externa":"","ano_origem_externa":null,"data_origem_externa":null,"apelido":"","dias_prazo":null,"data_fim_prazo":null,"em_tramitacao":false,"polemica":false,"objeto":"","complementar":false,"ementa":"DISP\u00d5E SOBRE A CRIA\u00c7\u00c3O DE COMISS\u00c3O PARLAMENTAR DE INQU\u00c9RITO CRIADA PARA APURAR IRREGULARIDADES ADMINISTRATIVAS DO PODER EXECUTIVO, NOS TERMOS DO PEDIDO DE ABERTURA, SUBSCRITO PELOS VEREADORES GEN\u00c9SIO DA VITAL, DR. JO\u00c3O FREITA, LUIZ SCERVINSKI E PEDRINHO BARAUSSE.","indexacao":"","observacao":"","resultado":"","texto_original":"http://sapl.campolargo.pr.leg.br/media/sapl/public/materialegislativa/2023/20027/pr_8-23.pdf","data_ultima_atualizacao":"2023-04-26T13:18:36.229051-03:00","ip":"177.99.178.66","ultima_edicao":"2023-04-26T13:18:36.082071-03:00","tipo":2,"regime_tramitacao":1,"tipo_origem_externa":null,"local_origem_externa":null,"user":28,"anexadas":[],"autores":[13]}