{"id":20369,"__str__":"REQUERIMENTO n\u00ba 778 de 2023","link_detail_backend":"/materia/20369","metadata":{},"numero":778,"ano":2023,"numero_protocolo":null,"data_apresentacao":"2023-06-06","tipo_apresentacao":"E","data_publicacao":null,"numero_origem_externa":"","ano_origem_externa":null,"data_origem_externa":null,"apelido":"","dias_prazo":null,"data_fim_prazo":null,"em_tramitacao":false,"polemica":false,"objeto":"","complementar":false,"ementa":"SOLICITANDO FISCALIZA\u00c7\u00c3O DO TR\u00c1FEGO DE VE\u00cdCULOS AUTOMOTORES NA ZCT \u2013 ZONA CENTRAL DE TR\u00c1FEGO \u2013 NOS CRIT\u00c9RIOS DEFINIDOS PELA LEI 2.654 DE 16 DE DEZEMBRO DE 2014, DESTE MUNIC\u00cdPIO.","indexacao":"","observacao":"","resultado":"","texto_original":"http://sapl.campolargo.pr.leg.br/media/sapl/public/materialegislativa/2023/20369/778r.pdf","data_ultima_atualizacao":"2024-03-18T11:19:51.171866-03:00","ip":"177.99.178.66","ultima_edicao":"2023-06-14T13:21:28.970825-03:00","tipo":3,"regime_tramitacao":1,"tipo_origem_externa":null,"local_origem_externa":null,"user":28,"anexadas":[],"autores":[46]}