{"id":23338,"__str__":"MO\u00c7\u00c3O n\u00ba 2 de 2025","link_detail_backend":"/materia/23338","metadata":{},"numero":2,"ano":2025,"numero_protocolo":null,"data_apresentacao":"2025-03-21","tipo_apresentacao":"E","data_publicacao":null,"numero_origem_externa":"","ano_origem_externa":null,"data_origem_externa":null,"apelido":"","dias_prazo":null,"data_fim_prazo":null,"em_tramitacao":true,"polemica":false,"objeto":"","complementar":false,"ementa":"MO\u00c7\u00c3O DE REP\u00daDIO AO VE\u00cdCULO DE COMUNICA\u00c7\u00c3O \"GAZETA DE CAMPO LARGO\", EM RAZ\u00c3O DAS FALSAS NOT\u00cdCIAS VEICULADAS, QUE DENIGREM, SEM RAZ\u00c3O, A IMAGEM DOS VEREADORES E MACULA A ATIVIDADE LEGISLATIVA DESTA C\u00c2MARA MUNICIPAL.","indexacao":"","observacao":"","resultado":"","texto_original":"http://sapl.campolargo.pr.leg.br/media/sapl/public/materialegislativa/2025/23338/mocao_no_2-2025.pdf","data_ultima_atualizacao":"2025-03-28T10:41:56.739391-03:00","ip":"177.99.178.66","ultima_edicao":"2025-03-28T10:40:06.100253-03:00","tipo":7,"regime_tramitacao":1,"tipo_origem_externa":null,"local_origem_externa":null,"user":28,"anexadas":[],"autores":[63,64,104,62,106,66,107,108,60,109,68,110,111,112]}