{"id":24091,"__str__":"REQUERIMENTO n\u00ba 1487 de 2025","link_detail_backend":"/materia/24091","metadata":{},"numero":1487,"ano":2025,"numero_protocolo":null,"data_apresentacao":"2025-06-03","tipo_apresentacao":"E","data_publicacao":null,"numero_origem_externa":"","ano_origem_externa":null,"data_origem_externa":null,"apelido":"","dias_prazo":null,"data_fim_prazo":null,"em_tramitacao":true,"polemica":false,"objeto":"","complementar":false,"ementa":"INSTALA\u00c7\u00c3O DE TACH\u00c3O REFLETIVO, NAS INTERSE\u00c7\u00d5ES DE (PARE) DA AVENIDA DAS TORRES, BAIRRO JARDIM SOCIAL.","indexacao":"","observacao":"","resultado":"","texto_original":"http://sapl.campolargo.pr.leg.br/media/sapl/public/materialegislativa/2025/24091/1487r.pdf","data_ultima_atualizacao":"2025-06-23T13:49:15.670544-03:00","ip":"177.99.178.66","ultima_edicao":"2025-06-11T10:15:43.163593-03:00","tipo":3,"regime_tramitacao":1,"tipo_origem_externa":null,"local_origem_externa":null,"user":28,"anexadas":[],"autores":[104]}