{"id":25509,"__str__":"REQUERIMENTO n\u00ba 29 de 2026","link_detail_backend":"/materia/25509","metadata":{},"numero":29,"ano":2026,"numero_protocolo":null,"data_apresentacao":"2026-02-03","tipo_apresentacao":"","data_publicacao":null,"numero_origem_externa":"","ano_origem_externa":null,"data_origem_externa":null,"apelido":"","dias_prazo":null,"data_fim_prazo":null,"em_tramitacao":true,"polemica":false,"objeto":"","complementar":false,"ementa":"SINALIZA\u00c7\u00c3O VI\u00c1RIA VERTICAL E HORIZONTAL NA PONTE DOS TR\u00caS RIOS.","indexacao":"","observacao":"","resultado":"","texto_original":"http://sapl.campolargo.pr.leg.br/media/sapl/public/materialegislativa/2026/25509/29r.pdf","data_ultima_atualizacao":"2026-02-26T13:31:23.405148-03:00","ip":"177.99.178.66","ultima_edicao":"2026-02-11T14:00:11.651120-03:00","tipo":3,"regime_tramitacao":1,"tipo_origem_externa":null,"local_origem_externa":null,"user":28,"anexadas":[],"autores":[104,109]}