{"id":25671,"__str__":"AC\u00d3RD\u00c3O n\u00ba 1 de 2026","link_detail_backend":"/materia/25671","metadata":{},"numero":1,"ano":2026,"numero_protocolo":null,"data_apresentacao":"2026-02-20","tipo_apresentacao":"E","data_publicacao":null,"numero_origem_externa":"","ano_origem_externa":null,"data_origem_externa":null,"apelido":"","dias_prazo":null,"data_fim_prazo":null,"em_tramitacao":true,"polemica":false,"objeto":"","complementar":false,"ementa":"AC\u00d3RD\u00c3O DE PARECER PR\u00c9VO N\u00ba 128/2025 - DO TRIBUNAL DE CONTAS DO ESTADO DO PARAN\u00c1, REFERENTE AOS AUTOS DE PRESTA\u00c7\u00c3O DE CONTAS DO MUNIC\u00cdPIO DE CAMPO LARGO, RELATIVO AO EXERC\u00cdCIO DE 2023.","indexacao":"","observacao":"","resultado":"","texto_original":"http://sapl.campolargo.pr.leg.br/media/sapl/public/materialegislativa/2026/25671/198_2026_acordao_tribunal_de_contas.pdf","data_ultima_atualizacao":"2026-02-24T10:18:51.495430-03:00","ip":"177.99.178.66","ultima_edicao":"2026-02-20T15:40:43.548562-03:00","tipo":15,"regime_tramitacao":1,"tipo_origem_externa":null,"local_origem_externa":null,"user":38,"anexadas":[],"autores":[79]}