{"headers": {"id": "ID", "ano": "Ano", "numero": "N\u00famero", "tipo__sigla": "Tipo de Mat\u00e9ria Legislativa/Sigla", "tipo__descricao": "Tipo de Mat\u00e9ria Legislativa/Descri\u00e7\u00e3o", "autoria": "Autorias", "texto_original": "Texto Original", "ementa": "Ementa"}, "results": [{"id": "537", "ano": "2009", "numero": "1", "tipo__sigla": "ATA-E", "tipo__descricao": "ATA SESS\u00c3O EXTRAORDIN\u00c1RIA", "autoria": "SANDRA MARCON", "texto_original": "http://sapl.campolargo.pr.leg.br/media/", "ementa": "ATA DA 1\u00aa SESS\u00c3O EXTRAORDIN\u00c1RIA - 17/02/2009"}, {"id": "926", "ano": "2009", "numero": "2", "tipo__sigla": "ATA-E", "tipo__descricao": "ATA SESS\u00c3O EXTRAORDIN\u00c1RIA", "autoria": "SANDRA MARCON", "texto_original": "http://sapl.campolargo.pr.leg.br/media/", "ementa": "ATA DA 2\u00aa SESS\u00c3O EXTRAORDIN\u00c1RIA - 15/07/2009"}, {"id": "931", "ano": "2009", "numero": "3", "tipo__sigla": "ATA-E", "tipo__descricao": "ATA SESS\u00c3O EXTRAORDIN\u00c1RIA", "autoria": "SANDRA MARCON", "texto_original": "http://sapl.campolargo.pr.leg.br/media/", "ementa": "ATA DA 3\u00aa SESS\u00c3O EXTRAORDIN\u00c1RIA - 16/07/2009"}, {"id": "954", "ano": "2009", "numero": "4", "tipo__sigla": "ATA-E", "tipo__descricao": "ATA SESS\u00c3O EXTRAORDIN\u00c1RIA", "autoria": "SANDRA MARCON", "texto_original": "http://sapl.campolargo.pr.leg.br/media/", "ementa": "ATA DA 4\u00aa SESS\u00c3O EXTRAORDIN\u00c1RIA - 13/08/2009"}, {"id": "957", "ano": "2009", "numero": "5", "tipo__sigla": "ATA-E", "tipo__descricao": "ATA SESS\u00c3O EXTRAORDIN\u00c1RIA", "autoria": "SANDRA MARCON", "texto_original": "http://sapl.campolargo.pr.leg.br/media/", "ementa": "ATA DA 5\u00aa SESS\u00c3O EXTRAORDIN\u00c1RIA - 14/08/2009"}, {"id": "992", "ano": "2009", "numero": "6", "tipo__sigla": "ATA-E", "tipo__descricao": "ATA SESS\u00c3O EXTRAORDIN\u00c1RIA", "autoria": "SANDRA MARCON", "texto_original": "http://sapl.campolargo.pr.leg.br/media/", "ementa": "ATA DA 6\u00aa SESS\u00c3O EXTRAORDIN\u00c1RIA - 16/09/2009"}, {"id": "993", "ano": "2009", "numero": "7", "tipo__sigla": "ATA-E", "tipo__descricao": "ATA SESS\u00c3O EXTRAORDIN\u00c1RIA", "autoria": "SANDRA MARCON", "texto_original": "http://sapl.campolargo.pr.leg.br/media/", "ementa": "ATA DA 7\u00aa. SESS\u00c3O EXTRAORDIN\u00c1RIA - 21/09/2009"}, {"id": "1000", "ano": "2009", "numero": "8", "tipo__sigla": "ATA-E", "tipo__descricao": "ATA SESS\u00c3O EXTRAORDIN\u00c1RIA", "autoria": "SANDRA MARCON", "texto_original": "http://sapl.campolargo.pr.leg.br/media/", "ementa": "ATA DA 8\u00aa SESS\u00c3O EXTRAORDIN\u00c1RIA - 09/10/2009"}, {"id": "1140", "ano": "2009", "numero": "9", "tipo__sigla": "ATA-E", "tipo__descricao": "ATA SESS\u00c3O EXTRAORDIN\u00c1RIA", "autoria": "SANDRA MARCON", "texto_original": "http://sapl.campolargo.pr.leg.br/media/", "ementa": "ATA DA 9\u00aa SESS\u00c3O EXTRAORDIN\u00c1RIA - 26/11/2009."}, {"id": "1163", "ano": "2009", "numero": "10", "tipo__sigla": "ATA-E", "tipo__descricao": "ATA SESS\u00c3O EXTRAORDIN\u00c1RIA", "autoria": "SANDRA MARCON", "texto_original": "http://sapl.campolargo.pr.leg.br/media/", "ementa": "ATA DA 10\u00aa SESS\u00c3O EXTRAORDIN\u00c1RIA - 27/11/2009."}, {"id": "1167", "ano": "2009", "numero": "11", "tipo__sigla": "ATA-E", "tipo__descricao": "ATA SESS\u00c3O EXTRAORDIN\u00c1RIA", "autoria": "SANDRA MARCON", "texto_original": "http://sapl.campolargo.pr.leg.br/media/", "ementa": "ATA DA 11\u00aa SESS\u00c3O EXTRAORDIN\u00c1RIA - 10/12/2009"}, {"id": "1168", "ano": "2009", "numero": "12", "tipo__sigla": "ATA-E", "tipo__descricao": "ATA SESS\u00c3O EXTRAORDIN\u00c1RIA", "autoria": "SANDRA MARCON", "texto_original": "http://sapl.campolargo.pr.leg.br/media/", "ementa": "ATA DA 12\u00aa SESS\u00c3O EXTRAORDIN\u00c1RIA - 11/12/2009"}, {"id": "1174", "ano": "2009", "numero": "13", "tipo__sigla": "ATA-E", "tipo__descricao": "ATA SESS\u00c3O EXTRAORDIN\u00c1RIA", "autoria": "SANDRA MARCON", "texto_original": "http://sapl.campolargo.pr.leg.br/media/", "ementa": "ATA DA 13\u00aa SESS\u00c3O EXTRAORDIN\u00c1RIA - 21/12/2009."}, {"id": "500", "ano": "2009", "numero": "1", "tipo__sigla": "ATA-O", "tipo__descricao": "ATA SESS\u00c3O ORDIN\u00c1RIA", "autoria": "SANDRA MARCON", "texto_original": "http://sapl.campolargo.pr.leg.br/media/", "ementa": "ATA DA 1\u00aa SESS\u00c3O ORDIN\u00c1RIA - 16/02/2009 "}, {"id": "556", "ano": "2009", "numero": "2", "tipo__sigla": "ATA-O", "tipo__descricao": "ATA SESS\u00c3O ORDIN\u00c1RIA", "autoria": "SANDRA MARCON", "texto_original": "http://sapl.campolargo.pr.leg.br/media/", "ementa": "ATA DA 2\u00aa SESS\u00c3O ORDIN\u00c1RIA - 25/02/09"}, {"id": "580", "ano": "2009", "numero": "3", "tipo__sigla": "ATA-O", "tipo__descricao": "ATA SESS\u00c3O ORDIN\u00c1RIA", "autoria": "SANDRA MARCON", "texto_original": "http://sapl.campolargo.pr.leg.br/media/", "ementa": "ATA DA 3\u00aa SESS\u00c3O ORDIN\u00c1RIA - 02/03/2009"}, {"id": "622", "ano": "2009", "numero": "4", "tipo__sigla": "ATA-O", "tipo__descricao": "ATA SESS\u00c3O ORDIN\u00c1RIA", "autoria": "SANDRA MARCON", "texto_original": "http://sapl.campolargo.pr.leg.br/media/", "ementa": "ATA DA 4\u00aa SESS\u00c3O ORDIN\u00c1RIA - 09/03/2009."}, {"id": "633", "ano": "2009", "numero": "5", "tipo__sigla": "ATA-O", "tipo__descricao": "ATA SESS\u00c3O ORDIN\u00c1RIA", "autoria": "SANDRA MARCON", "texto_original": "http://sapl.campolargo.pr.leg.br/media/", "ementa": "ATA DA 5\u00aa SESS\u00c3O ORDIN\u00c1RIA - 16/03/2009"}, {"id": "671", "ano": "2009", "numero": "6", "tipo__sigla": "ATA-O", "tipo__descricao": "ATA SESS\u00c3O ORDIN\u00c1RIA", "autoria": "SANDRA MARCON", "texto_original": "http://sapl.campolargo.pr.leg.br/media/", "ementa": "ATA DA 6\u00aa SESS\u00c3O ORDIN\u00c1RIA - 23/04/09."}, {"id": "679", "ano": "2009", "numero": "7", "tipo__sigla": "ATA-O", "tipo__descricao": "ATA SESS\u00c3O ORDIN\u00c1RIA", "autoria": "SANDRA MARCON", "texto_original": "http://sapl.campolargo.pr.leg.br/media/", "ementa": "ATA DA 7\u00aa SESS\u00c3O ORDIN\u00c1RIA - 06/04/2009"}, {"id": "712", "ano": "2009", "numero": "8", "tipo__sigla": "ATA-O", "tipo__descricao": "ATA SESS\u00c3O ORDIN\u00c1RIA", "autoria": "SANDRA MARCON", "texto_original": "http://sapl.campolargo.pr.leg.br/media/", "ementa": "ATA DA 8\u00aa SESS\u00c3O ORDIN\u00c1RIA - 13/04/2009."}, {"id": "721", "ano": "2009", "numero": "9", "tipo__sigla": "ATA-O", "tipo__descricao": "ATA SESS\u00c3O ORDIN\u00c1RIA", "autoria": "SANDRA MARCON", "texto_original": "http://sapl.campolargo.pr.leg.br/media/", "ementa": "ATA DA 9\u00aa SESS\u00c3O ORDIN\u00c1RIA - 22/04/2009."}, {"id": "741", "ano": "2009", "numero": "10", "tipo__sigla": "ATA-O", "tipo__descricao": "ATA SESS\u00c3O ORDIN\u00c1RIA", "autoria": "SANDRA MARCON", "texto_original": "http://sapl.campolargo.pr.leg.br/media/", "ementa": "ATA DA 10\u00aa SESS\u00c3O ORDIN\u00c1RIA - 27/04/2009"}, {"id": "753", "ano": "2009", "numero": "11", "tipo__sigla": "ATA-O", "tipo__descricao": "ATA SESS\u00c3O ORDIN\u00c1RIA", "autoria": "SANDRA MARCON", "texto_original": "http://sapl.campolargo.pr.leg.br/media/", "ementa": "ATA DA 11\u00aa SESS\u00c3O ORDIN\u00c1RIA - 04/05/2009"}, {"id": "768", "ano": "2009", "numero": "12", "tipo__sigla": "ATA-O", "tipo__descricao": "ATA SESS\u00c3O ORDIN\u00c1RIA", "autoria": "SANDRA MARCON", "texto_original": "http://sapl.campolargo.pr.leg.br/media/", "ementa": "ATA DA 12\u00aa SESS\u00c3O ORDIN\u00c1RIA - 11/05/2009"}, {"id": "799", "ano": "2009", "numero": "13", "tipo__sigla": "ATA-O", "tipo__descricao": "ATA SESS\u00c3O ORDIN\u00c1RIA", "autoria": "SANDRA MARCON", "texto_original": "http://sapl.campolargo.pr.leg.br/media/", "ementa": "ATA DA 13\u00aa SESS\u00c3O ORDIN\u00c1RIA - 18/05/2009."}, {"id": "814", "ano": "2009", "numero": "14", "tipo__sigla": "ATA-O", "tipo__descricao": "ATA SESS\u00c3O ORDIN\u00c1RIA", "autoria": "SANDRA MARCON", "texto_original": "http://sapl.campolargo.pr.leg.br/media/", "ementa": "ATA DA 14\u00aa SESS\u00c3O ORDIN\u00c1RIA - 25/05/2009"}, {"id": "846", "ano": "2009", "numero": "15", "tipo__sigla": "ATA-O", "tipo__descricao": "ATA SESS\u00c3O ORDIN\u00c1RIA", "autoria": "SANDRA MARCON", "texto_original": "http://sapl.campolargo.pr.leg.br/media/", "ementa": "ATA DA 15\u00aa SESS\u00c3O ORDIN\u00c1RIA - 1\u00ba/06/09"}, {"id": "860", "ano": "2009", "numero": "16", "tipo__sigla": "ATA-O", "tipo__descricao": "ATA SESS\u00c3O ORDIN\u00c1RIA", "autoria": "SANDRA MARCON", "texto_original": "http://sapl.campolargo.pr.leg.br/media/", "ementa": "ATA DA 16\u00aa SESS\u00c3O ORDIN\u00c1RIA - 08/06/2009"}, {"id": "878", "ano": "2009", "numero": "17", "tipo__sigla": "ATA-O", "tipo__descricao": "ATA SESS\u00c3O ORDIN\u00c1RIA", "autoria": "SANDRA MARCON", "texto_original": "http://sapl.campolargo.pr.leg.br/media/", "ementa": "ATA DA 17\u00aa SESS\u00c3O ORDIN\u00c1RIA - 15/06/09"}, {"id": "898", "ano": "2009", "numero": "18", "tipo__sigla": "ATA-O", "tipo__descricao": "ATA SESS\u00c3O ORDIN\u00c1RIA", "autoria": "SANDRA MARCON", "texto_original": "http://sapl.campolargo.pr.leg.br/media/", "ementa": "ATA DA 18\u00aa SESS\u00c3O ORDIN\u00c1RIA - 22/06/2009"}, {"id": "918", "ano": "2009", "numero": "19", "tipo__sigla": "ATA-O", "tipo__descricao": "ATA SESS\u00c3O ORDIN\u00c1RIA", "autoria": "SANDRA MARCON", "texto_original": "http://sapl.campolargo.pr.leg.br/media/", "ementa": "ATA DA 19\u00aa SESS\u00c3O ORDIN\u00c1RIA - 06/07/2009"}, {"id": "920", "ano": "2009", "numero": "20", "tipo__sigla": "ATA-O", "tipo__descricao": "ATA SESS\u00c3O ORDIN\u00c1RIA", "autoria": "SANDRA MARCON", "texto_original": "http://sapl.campolargo.pr.leg.br/media/", "ementa": "ATA DA 20\u00aa SESS\u00c3O ORDIN\u00c1RIA - 13/07/2009 "}, {"id": "948", "ano": "2009", "numero": "21", "tipo__sigla": "ATA-O", "tipo__descricao": "ATA SESS\u00c3O ORDIN\u00c1RIA", "autoria": "SANDRA MARCON", "texto_original": "http://sapl.campolargo.pr.leg.br/media/", "ementa": "ATA DA 21\u00aa SESS\u00c3O ORDIN\u00c1RIA - 03/08/2009"}, {"id": "953", "ano": "2009", "numero": "22", "tipo__sigla": "ATA-O", "tipo__descricao": "ATA SESS\u00c3O ORDIN\u00c1RIA", "autoria": "SANDRA MARCON", "texto_original": "http://sapl.campolargo.pr.leg.br/media/", "ementa": "ATA DA 22\u00aa SESS\u00c3O ORDIN\u00c1RIA - 10/08/2009"}, {"id": "958", "ano": "2009", "numero": "23", "tipo__sigla": "ATA-O", "tipo__descricao": "ATA SESS\u00c3O ORDIN\u00c1RIA", "autoria": "SANDRA MARCON", "texto_original": "http://sapl.campolargo.pr.leg.br/media/", "ementa": "ATA DA 23\u00aa SESS\u00c3O ORDIN\u00c1RIA - 17/08/2009"}, {"id": "978", "ano": "2009", "numero": "24", "tipo__sigla": "ATA-O", "tipo__descricao": "ATA SESS\u00c3O ORDIN\u00c1RIA", "autoria": "SANDRA MARCON", "texto_original": "http://sapl.campolargo.pr.leg.br/media/", "ementa": "ATA DA 24\u00aa. SESS\u00c3O ORDIN\u00c1RIA - 24/08/2009"}, {"id": "984", "ano": "2009", "numero": "25", "tipo__sigla": "ATA-O", "tipo__descricao": "ATA SESS\u00c3O ORDIN\u00c1RIA", "autoria": "SANDRA MARCON", "texto_original": "http://sapl.campolargo.pr.leg.br/media/", "ementa": "ATA DA 25\u00aa. SESS\u00c3O ORDIN\u00c1RIA - 08/09/2009."}, {"id": "986", "ano": "2009", "numero": "26", "tipo__sigla": "ATA-O", "tipo__descricao": "ATA SESS\u00c3O ORDIN\u00c1RIA", "autoria": "SANDRA MARCON", "texto_original": "http://sapl.campolargo.pr.leg.br/media/", "ementa": "ATA DA 26\u00aa. SESS\u00c3O ORDIN\u00c1RIA - 14/09/2009."}, {"id": "999", "ano": "2009", "numero": "27", "tipo__sigla": "ATA-O", "tipo__descricao": "ATA SESS\u00c3O ORDIN\u00c1RIA", "autoria": "SANDRA MARCON", "texto_original": "http://sapl.campolargo.pr.leg.br/media/", "ementa": "ATA DA 27\u00aa SESS\u00c3O ORDIN\u00c1RIA - 21/09/2009"}, {"id": "1021", "ano": "2009", "numero": "28", "tipo__sigla": "ATA-O", "tipo__descricao": "ATA SESS\u00c3O ORDIN\u00c1RIA", "autoria": "SANDRA MARCON", "texto_original": "http://sapl.campolargo.pr.leg.br/media/./sapl/public/materialegislativa/2009/1021/1021_texto_integral.pdf", "ementa": "ATA DA 28\u00aa SESS\u00c3O ORDIN\u00c1RIA - 28/09/2009."}, {"id": "1028", "ano": "2009", "numero": "29", "tipo__sigla": "ATA-O", "tipo__descricao": "ATA SESS\u00c3O ORDIN\u00c1RIA", "autoria": "SANDRA MARCON", "texto_original": "http://sapl.campolargo.pr.leg.br/media/", "ementa": "ATA DA 29\u00aa SESS\u00c3O ORDIN\u00c1RIA - 05/10/2009"}, {"id": "1037", "ano": "2009", "numero": "30", "tipo__sigla": "ATA-O", "tipo__descricao": "ATA SESS\u00c3O ORDIN\u00c1RIA", "autoria": "SANDRA MARCON", "texto_original": "http://sapl.campolargo.pr.leg.br/media/", "ementa": "ATA DA 30\u00aa SESS\u00c3O ORDIN\u00c1RIA - 13/10/2009. "}, {"id": "1050", "ano": "2009", "numero": "31", "tipo__sigla": "ATA-O", "tipo__descricao": "ATA SESS\u00c3O ORDIN\u00c1RIA", "autoria": "SANDRA MARCON", "texto_original": "http://sapl.campolargo.pr.leg.br/media/", "ementa": "ATA 31\u00aa SESS\u00c3O ORDIN\u00c1RIA - 19/10/2008."}, {"id": "1063", "ano": "2009", "numero": "32", "tipo__sigla": "ATA-O", "tipo__descricao": "ATA SESS\u00c3O ORDIN\u00c1RIA", "autoria": "SANDRA MARCON", "texto_original": "http://sapl.campolargo.pr.leg.br/media/", "ementa": "ATA DA 32\u00aa SESS\u00c3O ORDIN\u00c1RIA - 26/10/09"}, {"id": "1084", "ano": "2009", "numero": "33", "tipo__sigla": "ATA-O", "tipo__descricao": "ATA SESS\u00c3O ORDIN\u00c1RIA", "autoria": "SANDRA MARCON", "texto_original": "http://sapl.campolargo.pr.leg.br/media/", "ementa": "ATA DA 33\u00aa SESS\u00c3O ORDIN\u00c1RIA - 03/11/2009."}, {"id": "1115", "ano": "2009", "numero": "34", "tipo__sigla": "ATA-O", "tipo__descricao": "ATA SESS\u00c3O ORDIN\u00c1RIA", "autoria": "SANDRA MARCON", "texto_original": "http://sapl.campolargo.pr.leg.br/media/", "ementa": "ATA DA 34\u00aa SESS\u00c3O ORDIN\u00c1RIA - 09/11/2009"}, {"id": "1137", "ano": "2009", "numero": "35", "tipo__sigla": "ATA-O", "tipo__descricao": "ATA SESS\u00c3O ORDIN\u00c1RIA", "autoria": "SANDRA MARCON", "texto_original": "http://sapl.campolargo.pr.leg.br/media/", "ementa": "ATA DA 35\u00aa. SESS\u00c3O ORDIN\u00c1RIA - 16/11/2009."}, {"id": "1138", "ano": "2009", "numero": "36", "tipo__sigla": "ATA-O", "tipo__descricao": "ATA SESS\u00c3O ORDIN\u00c1RIA", "autoria": "SANDRA MARCON", "texto_original": "http://sapl.campolargo.pr.leg.br/media/", "ementa": "ATA DA 36\u00aa. SESS\u00c3O ORDIN\u00c1RIA - 23/11/2009"}, {"id": "1166", "ano": "2009", "numero": "37", "tipo__sigla": "ATA-O", "tipo__descricao": "ATA SESS\u00c3O ORDIN\u00c1RIA", "autoria": "SANDRA MARCON", "texto_original": "http://sapl.campolargo.pr.leg.br/media/", "ementa": "ATA DA 37\u00aa SESS\u00c3O ORDIN\u00c1RIA - 07/12/2009"}, {"id": "1173", "ano": "2009", "numero": "38", "tipo__sigla": "ATA-O", "tipo__descricao": "ATA SESS\u00c3O ORDIN\u00c1RIA", "autoria": "SANDRA MARCON", "texto_original": "http://sapl.campolargo.pr.leg.br/media/", "ementa": "ATA DA 38\u00aa SESS\u00c3O ORDIN\u00c1RIA - 14/12/2009."}, {"id": "1175", "ano": "2009", "numero": "39", "tipo__sigla": "ATA-O", "tipo__descricao": "ATA SESS\u00c3O ORDIN\u00c1RIA", "autoria": "SANDRA MARCON", "texto_original": "http://sapl.campolargo.pr.leg.br/media/", "ementa": "ATA DA 38\u00aa SESS\u00c3O ORDIN\u00c1RIA - 21/12/2009."}, {"id": "496", "ano": "2009", "numero": "1", "tipo__sigla": "ECOM", "tipo__descricao": "ELEI\u00c7\u00c3O DE COMISS\u00d5ES", "autoria": "Mesa Executiva", "texto_original": "http://sapl.campolargo.pr.leg.br/media/", "ementa": "ELEI\u00c7\u00c3O DOS MEMBROS DAS COMISS\u00d5ES PERMANENTES."}, {"id": "919", "ano": "2009", "numero": "1", "tipo__sigla": "IND", "tipo__descricao": "INDICA\u00c7\u00c3O", "autoria": "LINDAMIR IVANOSKI, SANDRA MARCON", "texto_original": "http://sapl.campolargo.pr.leg.br/media/./sapl/public/materialegislativa/2009/919/919_texto_integral.pdf", "ementa": "D\u00c1 NOVA REDA\u00c7\u00c3O AO ARTIGO 149, DA LEI N\u00ba 941 DE 26/09/91, CONFORME ESPECIFICA."}, {"id": "1023", "ano": "2009", "numero": "2", "tipo__sigla": "IND", "tipo__descricao": "INDICA\u00c7\u00c3O", "autoria": "NELSON DE SOUZA", "texto_original": "http://sapl.campolargo.pr.leg.br/media/", "ementa": "INSTALA O PROGRAMA MUNICIPAL DE AGRICULTURA URBANA."}, {"id": "1073", "ano": "2009", "numero": "3", "tipo__sigla": "IND", "tipo__descricao": "INDICA\u00c7\u00c3O", "autoria": "DARCI ANDREASSA", "texto_original": "http://sapl.campolargo.pr.leg.br/media/./sapl/public/materialegislativa/2009/1073/1073_texto_integral.pdf", "ementa": "TORNA PROIBIDO O USO DE MOTOCICLETAS COMO VE\u00cdCULO DE TRANSPORTE DE PASSAGEIROS NA \u00c1REA DO MUNIC\u00cdPIO DE CAMPO LARGO, E D\u00c1 OUTRAS PROVID\u00caNCIAS."}, {"id": "1139", "ano": "2009", "numero": "4", "tipo__sigla": "IND", "tipo__descricao": "INDICA\u00c7\u00c3O", "autoria": "NELSON DE SOUZA", "texto_original": "http://sapl.campolargo.pr.leg.br/media/./sapl/public/materialegislativa/2009/1139/1139_texto_integral.pdf", "ementa": "REFORMA O PROGRAMA COMUNIT\u00c1RIO DE URBANIZA\u00c7\u00c3O E D\u00c1 OUTRAS PROVID\u00caNCIAS. "}, {"id": "651", "ano": "2009", "numero": "1", "tipo__sigla": "PDL", "tipo__descricao": "PROJETO DE DECRETO LEGISLATIVO", "autoria": "Mesa Executiva", "texto_original": "http://sapl.campolargo.pr.leg.br/media/sapl/public/materialegislativa/2009/651/projeto_de_decreto_1-09.pdf", "ementa": "APROVA A PRESTA\u00c7\u00c3O DE CONTAS DO PODER EXECUTIVO DO MUNIC\u00cdPIO DE CAMPO LARGO, RELATIVA AO EXERC\u00cdCIO FINANCEIRO DE 2005."}, {"id": "663", "ano": "2009", "numero": "2", "tipo__sigla": "PDL", "tipo__descricao": "PROJETO DE DECRETO LEGISLATIVO", "autoria": "SERGIO SCHMIDT", "texto_original": "http://sapl.campolargo.pr.leg.br/media/sapl/public/materialegislativa/2009/663/pd_02-09.pdf", "ementa": "APROVA A PRESTA\u00c7\u00c3O DE CONTAS DO PODER EXECUTIVO DO MUNIC\u00cdPIO DE CAMPO LARGO, RELATIVA AO EXERC\u00cdCIO FINANCEIRO DE 2006."}, {"id": "676", "ano": "2009", "numero": "3", "tipo__sigla": "PDL", "tipo__descricao": "PROJETO DE DECRETO LEGISLATIVO", "autoria": "SERGIO SCHMIDT", "texto_original": "http://sapl.campolargo.pr.leg.br/media/", "ementa": "REFERENDA A DESIGNA\u00c7\u00c3O FEITA PELO EXECUTIVO MUNICIPAL PARA QUE O SERVIDOR P\u00daBLICO MARCOS AUR\u00c9LIO RIGONI, POSSA EXERCER O CARGO DE CONTROLADOR GERAL DO SISTEMA DE CONTROLE INTERNO DO MUNIC\u00cdPIO DE CAMPO LARGO."}, {"id": "703", "ano": "2009", "numero": "4", "tipo__sigla": "PDL", "tipo__descricao": "PROJETO DE DECRETO LEGISLATIVO", "autoria": "SERGIO SCHMIDT", "texto_original": "http://sapl.campolargo.pr.leg.br/media/", "ementa": "REFERENDA A REMISS\u00c3O DE CR\u00c9DITO TRIBUT\u00c1RIO DE CONTRIBUINTES PARA COM A FAZENDA P\u00daBLICA DO MUNIC\u00cdPIO DE CAMPO LARGO."}, {"id": "1008", "ano": "2009", "numero": "5", "tipo__sigla": "PDL", "tipo__descricao": "PROJETO DE DECRETO LEGISLATIVO", "autoria": "WILSON ANDRADE", "texto_original": "http://sapl.campolargo.pr.leg.br/media/", "ementa": "CONCEDE T\u00cdTULO DE CIDAD\u00c3O HONOR\u00c1RIO DE CAMPO LARGO AO SR. ORLANDO PESSUTI, CONFORME  ESPECIFICA."}, {"id": "1020", "ano": "2009", "numero": "6", "tipo__sigla": "PDL", "tipo__descricao": "PROJETO DE DECRETO LEGISLATIVO", "autoria": "SERGIO SCHMIDT, DARCI ANDREASSA", "texto_original": "http://sapl.campolargo.pr.leg.br/media/", "ementa": "CONCEDE T\u00cdTULO DE CIDAD\u00c3O HONOR\u00c1RIO DE CAMPO LARGO AO SR. VOLNEI JOS\u00c9 GUARESCHI."}, {"id": "1095", "ano": "2009", "numero": "7", "tipo__sigla": "PDL", "tipo__descricao": "PROJETO DE DECRETO LEGISLATIVO", "autoria": "Mesa Executiva", "texto_original": "http://sapl.campolargo.pr.leg.br/media/", "ementa": "\"CONCEDE AUTORIZA\u00c7\u00c3O AO PREFEITO MUNICIPAL DE CAMPO LARGO, PARA AFASTAR-SE DO CARGO ENTRE OS DIAS 02 E 04 DE DEZEMBRO DE 2009, CONFORME ESPECIFICA\"."}, {"id": "1134", "ano": "2009", "numero": "25", "tipo__sigla": "PDL", "tipo__descricao": "PROJETO DE DECRETO LEGISLATIVO", "autoria": "SANDRA MARCON", "texto_original": "http://sapl.campolargo.pr.leg.br/media/", "ementa": "DISP\u00d5E SOBRE A ADENOMINA\u00c7\u00c3O DE RUAS NA REGI\u00c3O DO SALGADINHO, MUNIC\u00cdPIO DE CAMPO LARGO, CONFORME ESPECIFICA."}, {"id": "441", "ano": "2009", "numero": "1", "tipo__sigla": "PLE", "tipo__descricao": "PROJETO DE LEI DO EXECUTIVO", "autoria": "Affonso Portugal Guimar\u00e3es, Edson Basso", "texto_original": "http://sapl.campolargo.pr.leg.br/media/./sapl/public/materialegislativa/2009/441/441_texto_integral.pdf", "ementa": "CRIA A SECRETARIA MUNICIPAL DE SEGURAN\u00c7A, CONFORME ESPECIFICA."}, {"id": "442", "ano": "2009", "numero": "2", "tipo__sigla": "PLE", "tipo__descricao": "PROJETO DE LEI DO EXECUTIVO", "autoria": "Affonso Portugal Guimar\u00e3es, Edson Basso", "texto_original": "http://sapl.campolargo.pr.leg.br/media/./sapl/public/materialegislativa/2009/442/442_texto_integral.pdf", "ementa": "CRIA A SECRETARIA MUNICIPAL DE ASSUNTOS ESTRAT\u00c9GICOS, CONFORME ESPECIFICA."}, {"id": "443", "ano": "2009", "numero": "3", "tipo__sigla": "PLE", "tipo__descricao": "PROJETO DE LEI DO EXECUTIVO", "autoria": "Affonso Portugal Guimar\u00e3es, Edson Basso", "texto_original": "http://sapl.campolargo.pr.leg.br/media/./sapl/public/materialegislativa/2009/443/443_texto_integral.pdf", "ementa": "AUTORIZA O PODER EXECUTIVO A EFETUAR A ABERTURA DE CR\u00c9DITO ADICIONAL ESPECIAL NO OR\u00c7AMENTO DO MUNIC\u00cdPIO DE CAMPO LARGO, PARA O EXERC\u00cdCIO DE 2009."}, {"id": "444", "ano": "2009", "numero": "4", "tipo__sigla": "PLE", "tipo__descricao": "PROJETO DE LEI DO EXECUTIVO", "autoria": "Affonso Portugal Guimar\u00e3es, Edson Basso", "texto_original": "http://sapl.campolargo.pr.leg.br/media/./sapl/public/materialegislativa/2009/444/444_texto_integral.pdf", "ementa": "AUTORIZA O PODER EXECUTIVO A EFETUAR A ABERTURA DE CR\u00c9DITO ADICIONAL ESPECIAL NO OR\u00c7AMENTO DO MUNIC\u00cdPIO DE CAMPO LARGO, PARA O EXERC\u00cdCIO DE 2009."}, {"id": "625", "ano": "2009", "numero": "6", "tipo__sigla": "PLE", "tipo__descricao": "PROJETO DE LEI DO EXECUTIVO", "autoria": "Affonso Portugal Guimar\u00e3es, Edson Basso", "texto_original": "http://sapl.campolargo.pr.leg.br/media/./sapl/public/materialegislativa/2009/625/625_texto_integral.pdf", "ementa": "DISP\u00d5E SOBRE O AUMENTO DE VAGAS E CRIA\u00c7\u00c3O DE CARGOS P\u00daBLICOS DE PROVIMENTO DE COMISS\u00c3O, COM AS REMUNERA\u00c7\u00d5ES RESPECTIVAS, CONFORME ESPECIFICA"}, {"id": "626", "ano": "2009", "numero": "7", "tipo__sigla": "PLE", "tipo__descricao": "PROJETO DE LEI DO EXECUTIVO", "autoria": "Affonso Portugal Guimar\u00e3es, Edson Basso", "texto_original": "http://sapl.campolargo.pr.leg.br/media/./sapl/public/materialegislativa/2009/626/626_texto_integral.pdf", "ementa": "ALTERA E ACRESCENTA DISPOSITIVOS AO ANEXO XI DO ARTIGO 11\u00ba DA LEI N\u00ba 1.988 DE 26 DE OUTUBRO DE 2007 QUE ALTEROU DISPOSITIVOS DA LEI N\u00ba 1.200/96 E DEU PROVID\u00caNCIAS, CONFORME ESPECIFICA"}, {"id": "879", "ano": "2009", "numero": "8", "tipo__sigla": "PLE", "tipo__descricao": "PROJETO DE LEI DO EXECUTIVO", "autoria": "Affonso Portugal Guimar\u00e3es, Edson Basso", "texto_original": "http://sapl.campolargo.pr.leg.br/media/./sapl/public/materialegislativa/2009/879/879_texto_integral.pdf", "ementa": "D\u00c1 NOVA REDA\u00c7\u00c3O AO ARTIGO 78 E PAR\u00c1GRAFOS DA LEI N\u00ba 941, DE 16 DE SETEMBRO DE 1991, ESTABELECENDO NORMAS PARA A LIBERA\u00c7\u00c3O DE DI\u00c1RIAS PARA CUSTEAR DESPESAS DE ALIMENTA\u00c7\u00c3O, HOSPEDAGEM E LOCOMO\u00c7\u00c3O URBANA E D\u00c1 OUTRAS PROVID\u00caNCIAS."}, {"id": "660", "ano": "2009", "numero": "9", "tipo__sigla": "PLE", "tipo__descricao": "PROJETO DE LEI DO EXECUTIVO", "autoria": "Affonso Portugal Guimar\u00e3es, Edson Basso", "texto_original": "http://sapl.campolargo.pr.leg.br/media/./sapl/public/materialegislativa/2009/660/660_texto_integral.pdf", "ementa": "ALTERA A REDA\u00c7\u00c3O DO ARTIGO 2\u00ba DA LEI N\u00ba 1608."}, {"id": "661", "ano": "2009", "numero": "10", "tipo__sigla": "PLE", "tipo__descricao": "PROJETO DE LEI DO EXECUTIVO", "autoria": "Affonso Portugal Guimar\u00e3es, Edson Basso", "texto_original": "http://sapl.campolargo.pr.leg.br/media/./sapl/public/materialegislativa/2009/661/661_texto_integral.pdf", "ementa": "ALTERA A REDA\u00c7\u00c3O DO ARTIGO 1\u00ba DA LEI N\u00ba 1987/07."}, {"id": "675", "ano": "2009", "numero": "11", "tipo__sigla": "PLE", "tipo__descricao": "PROJETO DE LEI DO EXECUTIVO", "autoria": "Affonso Portugal Guimar\u00e3es, Edson Basso", "texto_original": "http://sapl.campolargo.pr.leg.br/media/./sapl/public/materialegislativa/2009/675/675_texto_integral.pdf", "ementa": "ALTERA A REDA\u00c7\u00c3O DO CAPUT, DO ART. 1\u00ba, E INCISO III DO ART. 2\u00ba, E DO ART. 3\u00ba, E ACRESCENTA PAR\u00c1GRAFO \u00daNICO AO ART. 2\u00ba, TODOS DA LEI MUNICIPAL N\u00ba 1.363/98."}, {"id": "702", "ano": "2009", "numero": "12", "tipo__sigla": "PLE", "tipo__descricao": "PROJETO DE LEI DO EXECUTIVO", "autoria": "Affonso Portugal Guimar\u00e3es, Edson Basso", "texto_original": "http://sapl.campolargo.pr.leg.br/media/./sapl/public/materialegislativa/2009/702/702_texto_integral.pdf", "ementa": "ALTERA A REDA\u00c7\u00c3O DO ART. 34, CAPUT E, ANEXO IV, NO QUE DISP\u00d5E SOBRE A ZONA DE SERVI\u00c7O (BR-277 NORTE), ACRESCENTA OS ART. 32-A, 1\u00ba E 2\u00ba, ACRESCENTA AO ANEXO IV, NO QUE DISP\u00d5E SOBRE A  ZONA INDUSTRIAL CONSOLIDADA, AS \u00c1REAS, CONFORME ESPECIFICA, ALTERA O ANEXO II, QUADRO XX E, ALTERA O ANEXO III (MAPA DE ZONEAMENTO), TODOS DA LEI MUNICIPAL N\u00ba 1.963/07."}, {"id": "704", "ano": "2009", "numero": "13", "tipo__sigla": "PLE", "tipo__descricao": "PROJETO DE LEI DO EXECUTIVO", "autoria": "Affonso Portugal Guimar\u00e3es, Edson Basso", "texto_original": "http://sapl.campolargo.pr.leg.br/media/./sapl/public/materialegislativa/2009/704/704_texto_integral.pdf", "ementa": "AUTORIZA O EXECUTIVO A EFETUAR A ABERTURA DE CR\u00c9DITO ADICIONAL ESPECIAL NO OR\u00c7AMENTO DO MUNIC\u00cdPIO DE CAMPO LARGO, PARA O EXERC\u00cdCIO DE 2009."}, {"id": "705", "ano": "2009", "numero": "14", "tipo__sigla": "PLE", "tipo__descricao": "PROJETO DE LEI DO EXECUTIVO", "autoria": "Affonso Portugal Guimar\u00e3es, Edson Basso", "texto_original": "http://sapl.campolargo.pr.leg.br/media/./sapl/public/materialegislativa/2009/705/705_texto_integral.pdf", "ementa": "AUTORIZA O EXECUTIVO A EFETUAR A ABERTURA DE CR\u00c9DITO ADICIONAL ESPECIAL NO OR\u00c7AMENTO DO MUNIC\u00cdPIO DE CAMPO LARGO, PARA O EXERC\u00cdCIO DE 2009."}, {"id": "706", "ano": "2009", "numero": "15", "tipo__sigla": "PLE", "tipo__descricao": "PROJETO DE LEI DO EXECUTIVO", "autoria": "Affonso Portugal Guimar\u00e3es, Edson Basso", "texto_original": "http://sapl.campolargo.pr.leg.br/media/./sapl/public/materialegislativa/2009/706/706_texto_integral.pdf", "ementa": "AUTORIZA O EXECUTIVO A EFETUAR A ABERTURA DE CR\u00c9DITO ADICIONAL SUPLEMENTAR NO OR\u00c7AMENTO DO MUNIC\u00cdPIO DE CAMPO LARGO, PARA O EXERC\u00cdCIO DE 2009."}, {"id": "727", "ano": "2009", "numero": "16", "tipo__sigla": "PLE", "tipo__descricao": "PROJETO DE LEI DO EXECUTIVO", "autoria": "Affonso Portugal Guimar\u00e3es, Edson Basso", "texto_original": "http://sapl.campolargo.pr.leg.br/media/./sapl/public/materialegislativa/2009/727/727_texto_integral.pdf", "ementa": "AUTORIZA O PODER EXECUTIVO MUNICIPAL DE CAMPO LARGO A REALIZAR CONCESS\u00c3O DE DIREITO REAL DE USO DE BEM IM\u00d3VEL A ASSOCIA\u00c7\u00c3O DOS DEFICIENTES F\u00cdSICOS DE CAMPO LARGO - ADFCL, CONFORME ESPECIFICA."}, {"id": "759", "ano": "2009", "numero": "17", "tipo__sigla": "PLE", "tipo__descricao": "PROJETO DE LEI DO EXECUTIVO", "autoria": "Affonso Portugal Guimar\u00e3es, Edson Basso", "texto_original": "http://sapl.campolargo.pr.leg.br/media/./sapl/public/materialegislativa/2009/759/759_texto_integral.pdf", "ementa": "CRIA O PROGRAMA SEMEANDO O FUTURO NO MUNIC\u00cdPIO DE CAMPO LARGO E D\u00c1 OUTRAS PROVID\u00caNCIAS."}, {"id": "764", "ano": "2009", "numero": "19", "tipo__sigla": "PLE", "tipo__descricao": "PROJETO DE LEI DO EXECUTIVO", "autoria": "Affonso Portugal Guimar\u00e3es, Edson Basso", "texto_original": "http://sapl.campolargo.pr.leg.br/media/./sapl/public/materialegislativa/2009/764/764_texto_integral.pdf", "ementa": "AUTORIZA O PODER EXECUTIVO MUNICIPAL DE CAMPO LARGO A EFETUAR DOA\u00c7\u00c3O DE \u00c1REA AO GOVERNO DO ESTADO DO PARAN\u00c1, CONFORME ESPECIFICA."}, {"id": "792", "ano": "2009", "numero": "20", "tipo__sigla": "PLE", "tipo__descricao": "PROJETO DE LEI DO EXECUTIVO", "autoria": "Affonso Portugal Guimar\u00e3es, Edson Basso", "texto_original": "http://sapl.campolargo.pr.leg.br/media/./sapl/public/materialegislativa/2009/792/792_texto_integral.pdf", "ementa": "AUTORIZA O PODER EXECUTIVO A ADOTAR PAR\u00c2METROS URBAN\u00cdSTICOS DIFERENCIADOS EM RELA\u00c7\u00c3O AS OBRAS DE AMPLIA\u00c7\u00c3O E REFORMA DA MATERNIDADE E CIRURGIA NOSSA SENHORA DO ROCIO LTDA, CONFORME ESPECIFICA."}, {"id": "793", "ano": "2009", "numero": "21", "tipo__sigla": "PLE", "tipo__descricao": "PROJETO DE LEI DO EXECUTIVO", "autoria": "Affonso Portugal Guimar\u00e3es, Edson Basso", "texto_original": "http://sapl.campolargo.pr.leg.br/media/./sapl/public/materialegislativa/2009/793/793_texto_integral.pdf", "ementa": "INSTITUI O PROGRAMA DE CORRE\u00c7\u00c3O DE ACIDEZ, FERTILIDADE E CONSERVA\u00c7\u00c3O DE SOLO E INSTITUI O PROGRAMA DE SANIDADE ANIMAL E MELHORAMENTO GEN\u00c9TICO DE BOVINOS EM APOIO A AGRICULTURA FAMILIAR NO \u00c2MBITO DO MUNIC\u00cdPIO DE CAMPO LARGO, CONFORME ESPECIFICA."}, {"id": "800", "ano": "2009", "numero": "22", "tipo__sigla": "PLE", "tipo__descricao": "PROJETO DE LEI DO EXECUTIVO", "autoria": "Affonso Portugal Guimar\u00e3es, Edson Basso", "texto_original": "http://sapl.campolargo.pr.leg.br/media/./sapl/public/materialegislativa/2009/800/800_texto_integral.pdf", "ementa": "DISP\u00d5E SOBRE A POL\u00cdTICA MUNICIPAL DOS DIREITOS DA CRIAN\u00c7A E DO ADOLESCENTE E D\u00c1 OUTRAS PROVID\u00caNCIAS."}, {"id": "848", "ano": "2009", "numero": "24", "tipo__sigla": "PLE", "tipo__descricao": "PROJETO DE LEI DO EXECUTIVO", "autoria": "Affonso Portugal Guimar\u00e3es, Edson Basso", "texto_original": "http://sapl.campolargo.pr.leg.br/media/./sapl/public/materialegislativa/2009/848/848_texto_integral.pdf", "ementa": "ALTERA E ACRESCENTA INCISOS NO ARTIGO 56 E CRIA ARTIGO 61-A COM ANEXO VI, AMBOS NA LEI 2028/08, CONFORME ESPECIFICA"}, {"id": "849", "ano": "2009", "numero": "25", "tipo__sigla": "PLE", "tipo__descricao": "PROJETO DE LEI DO EXECUTIVO", "autoria": "Affonso Portugal Guimar\u00e3es, Edson Basso", "texto_original": "http://sapl.campolargo.pr.leg.br/media/./sapl/public/materialegislativa/2009/849/849_texto_integral.pdf", "ementa": "DISP\u00d5E SOBRE O DESMEMBRAMENTO DA SECRETARIA MUNICIPAL DE AGRICULTURA E ABASTECIMENTO DA SECRETARIA MUNICIPAL DE AGRICULTURA, ABASTECIMENTO E MEIO AMBIENTE E CRIA A SECRETARIA MUNICIPAL DE DESENVOLVIMENTO RURAL, E D\u00c1 OUTRAS PROVID\u00caNCIAS, CONFORME ESPECIFICA."}, {"id": "872", "ano": "2009", "numero": "26", "tipo__sigla": "PLE", "tipo__descricao": "PROJETO DE LEI DO EXECUTIVO", "autoria": "Affonso Portugal Guimar\u00e3es, Edson Basso", "texto_original": "http://sapl.campolargo.pr.leg.br/media/./sapl/public/materialegislativa/2009/872/872_texto_integral.pdf", "ementa": "AJUSTA OS VALORES DAS RECEITAS TRIBUT\u00c1RIAS PREVISTAS CONSTANTES DO ANEXO II - RECEITAS SEGUNDO AS CATEGORIAS ECON\u00d4MICAS DO OR\u00c7AMENTO FISCAL DO MUNIC\u00cdPIO DE CAMPO LARGO PARA O EXERC\u00cdCIO FINANCEIRO DE 2009, APROVADO PELA LEI MUNICIPAL N\u00ba 2081/08."}, {"id": "880", "ano": "2009", "numero": "27", "tipo__sigla": "PLE", "tipo__descricao": "PROJETO DE LEI DO EXECUTIVO", "autoria": "Affonso Portugal Guimar\u00e3es, Edson Basso", "texto_original": "http://sapl.campolargo.pr.leg.br/media/./sapl/public/materialegislativa/2009/880/880_texto_integral.pdf", "ementa": "AUTORIZA O CHEFE DO EXECUTIVO A CONTRATAR OPERA\u00c7\u00c3O DE CR\u00c9DITO COM O BANCO REGIONAL DE DESENVOLVIMENTO DO EXTREMO SUL - BRDE E OU A AG\u00caNCIA DE FOMENTO DO PARAN\u00c1 S/A."}, {"id": "881", "ano": "2009", "numero": "28", "tipo__sigla": "PLE", "tipo__descricao": "PROJETO DE LEI DO EXECUTIVO", "autoria": "Affonso Portugal Guimar\u00e3es, Edson Basso", "texto_original": "http://sapl.campolargo.pr.leg.br/media/./sapl/public/materialegislativa/2009/881/881_texto_integral.pdf", "ementa": "AUTORIZA O PODER EXECUTIVO A CONTRATAR FINANCIAMENTO JUNTO AO BANCO DO BRASIL S.A E D\u00c1 OUTRAS PROVID\u00caNCIAS CORRELATAS."}, {"id": "882", "ano": "2009", "numero": "29", "tipo__sigla": "PLE", "tipo__descricao": "PROJETO DE LEI DO EXECUTIVO", "autoria": "Affonso Portugal Guimar\u00e3es, Edson Basso", "texto_original": "http://sapl.campolargo.pr.leg.br/media/./sapl/public/materialegislativa/2009/882/882_texto_integral.pdf", "ementa": "CONCEDE REAJUSTE SALARIAL AOS SERVIDORES P\u00daBLICOS MUNICIPAIS E D\u00c1 OUTRAS PROVID\u00caNCIAS."}, {"id": "904", "ano": "2009", "numero": "30", "tipo__sigla": "PLE", "tipo__descricao": "PROJETO DE LEI DO EXECUTIVO", "autoria": "Affonso Portugal Guimar\u00e3es, Edson Basso", "texto_original": "http://sapl.campolargo.pr.leg.br/media/./sapl/public/materialegislativa/2009/904/904_texto_integral.pdf", "ementa": "DISP\u00d5E SOBRE A ABERTURA DE CR\u00c9DITO ADICIONAL SUPLEMENTAR NO OR\u00c7AMENTO DO MUNIC\u00cdPIO DE CAMPO LARGO, PARA O EXERC\u00cdCIO DE 2009."}, {"id": "913", "ano": "2009", "numero": "31", "tipo__sigla": "PLE", "tipo__descricao": "PROJETO DE LEI DO EXECUTIVO", "autoria": "Affonso Portugal Guimar\u00e3es, Edson Basso", "texto_original": "http://sapl.campolargo.pr.leg.br/media/./sapl/public/materialegislativa/2009/913/913_texto_integral.pdf", "ementa": "CRIA O ADICIONAL DE RISCO AOS SERVIDORES DA GUARDA MUNICIPAL DE CAMPO LARGO, CONFORME ESPECIFICA."}, {"id": "932", "ano": "2009", "numero": "32", "tipo__sigla": "PLE", "tipo__descricao": "PROJETO DE LEI DO EXECUTIVO", "autoria": "Affonso Portugal Guimar\u00e3es, Edson Basso", "texto_original": "http://sapl.campolargo.pr.leg.br/media/./sapl/public/materialegislativa/2009/932/932_texto_integral.pdf", "ementa": "AUTORIZA O CHEFE DO EXECUTIVO A EFETUAR A ABERTURA DE CR\u00c9DITO ADICIONAL ESPECIAL NO OR\u00c7AMENTO DO MUNIC\u00cdPIO DE CAMPO LARGO, PARA O EXERC\u00cdCIO DE 2009."}, {"id": "905", "ano": "2009", "numero": "33", "tipo__sigla": "PLE", "tipo__descricao": "PROJETO DE LEI DO EXECUTIVO", "autoria": "Affonso Portugal Guimar\u00e3es, Edson Basso", "texto_original": "http://sapl.campolargo.pr.leg.br/media/./sapl/public/materialegislativa/2009/905/905_texto_integral.pdf", "ementa": "DISP\u00d5E SOBRE A CRIA\u00c7\u00c3O DO CONSELHO MUNICIPAL DE ASSIST\u00caNCIA SOCIAL DE CAMPO LARGO, A CONFER\u00caNCIA MUNICIPAL DE ASSIST\u00caNCIA SOCIAL, O FUNDO MUNICIPAL DE ASSIST\u00caNCIA SOCIAL, E D\u00c1 OUTRAS PROVID\u00caNCIAS."}, {"id": "914", "ano": "2009", "numero": "34", "tipo__sigla": "PLE", "tipo__descricao": "PROJETO DE LEI DO EXECUTIVO", "autoria": "Affonso Portugal Guimar\u00e3es, Edson Basso", "texto_original": "http://sapl.campolargo.pr.leg.br/media/./sapl/public/materialegislativa/2009/914/914_texto_integral.pdf", "ementa": "ALTERA E ACRESCENTA DISPOSITIVOS AO ANEXO XI DO ARTIGO 11\u00ba DA LEI N\u00ba 1988 DE 26 DE OUTUBRO DE 2007 QUE ALTEROU DISPOSITIVOS DA LEI N\u00ba 1.200/1996 E DEU OUTRAS PROVID\u00caNCIAS, CONFORME ESPECIFICA."}, {"id": "915", "ano": "2009", "numero": "35", "tipo__sigla": "PLE", "tipo__descricao": "PROJETO DE LEI DO EXECUTIVO", "autoria": "Affonso Portugal Guimar\u00e3es, Edson Basso", "texto_original": "http://sapl.campolargo.pr.leg.br/media/./sapl/public/materialegislativa/2009/915/915_texto_integral.pdf", "ementa": "D\u00c1 NOVA REDA\u00c7\u00c3O A DISPOSITIVOS DA LEI N\u00ba1.200, DE 27 DE JUNHO DE 1996, QUE DISP\u00d5E SOBRE A ORGANIZA\u00c7\u00c3O DAS CARREIRAS FUNCIONAIS DOS SERVIDORES P\u00daBLICOS DO MUNIC\u00cdPIO DE CAMPO LARGO, REESTRUTURA O GRUPO OCUPACIONAL SA\u00daDE - AS, E D\u00c1 OUTRAS PROVID\u00caNCIAS, CONFORME ESPECIFICA."}, {"id": "916", "ano": "2009", "numero": "36", "tipo__sigla": "PLE", "tipo__descricao": "PROJETO DE LEI DO EXECUTIVO", "autoria": "Affonso Portugal Guimar\u00e3es, Edson Basso", "texto_original": "http://sapl.campolargo.pr.leg.br/media/./sapl/public/materialegislativa/2009/916/916_texto_integral.pdf", "ementa": "DISP\u00d5E SOBRE A EXTIN\u00c7\u00c3O, CRIA\u00c7\u00c3O DE CARGOS P\u00daBLICOS NO GRUPO OCUPACIONAL PROFISSIONAL E NO GRUPO OCUPACIONAL ADMINISTRATIVO, CONFORME ESPECIFICA."}, {"id": "917", "ano": "2009", "numero": "37", "tipo__sigla": "PLE", "tipo__descricao": "PROJETO DE LEI DO EXECUTIVO", "autoria": "Affonso Portugal Guimar\u00e3es, Edson Basso", "texto_original": "http://sapl.campolargo.pr.leg.br/media/./sapl/public/materialegislativa/2009/917/917_texto_integral.pdf", "ementa": "AUTORIZA O PODER EXECUTIVO A EFETUAR A ABERTURA DE CR\u00c9DITO ADICIONAL ESPECIAL NO OR\u00c7AMENTO DO MUNIC\u00cdPIO DE CAMPO LARGO, PARA O EXERC\u00cdCIO DE 2009."}, {"id": "923", "ano": "2009", "numero": "38", "tipo__sigla": "PLE", "tipo__descricao": "PROJETO DE LEI DO EXECUTIVO", "autoria": "Affonso Portugal Guimar\u00e3es, Edson Basso", "texto_original": "http://sapl.campolargo.pr.leg.br/media/./sapl/public/materialegislativa/2009/923/923_texto_integral.pdf", "ementa": "DISP\u00d5E SOBRE O PLANO PLURIANUAL - 2010 A 2013, EXPRESSO EM NORMAS, A\u00c7\u00d5ES PRIORIT\u00c1RIAS, DIRETRIZES, OBJETIVOS E METAS A SEREM OBSERVADOS PELAS UNIDADES DA ADMINISTRA\u00c7\u00c3O DIRETA, FUNDOS E \u00d3RG\u00c3OS DA ADMINISTRA\u00c7\u00c3O INDIRETA DO PODER EXECUTIVO E PELO PODER LEGISLATIVO DO MUNIC\u00cdPIO DE CAMPO LARGO, E D\u00c1 OUTRAS PROVID\u00caNCIAS."}, {"id": "933", "ano": "2009", "numero": "40", "tipo__sigla": "PLE", "tipo__descricao": "PROJETO DE LEI DO EXECUTIVO", "autoria": "Affonso Portugal Guimar\u00e3es, Edson Basso", "texto_original": "http://sapl.campolargo.pr.leg.br/media/./sapl/public/materialegislativa/2009/933/933_texto_integral.pdf", "ementa": "AUTORIZA O PODER EXECUTIVO MUNICIPAL DE CAMPO LARGO A EFETUAR DOA\u00c7\u00c3O DE \u00c1REA AO GOVERNO DO ESTADO DO PARAN\u00c1, CONFORME ESPECIFICA."}, {"id": "938", "ano": "2009", "numero": "41", "tipo__sigla": "PLE", "tipo__descricao": "PROJETO DE LEI DO EXECUTIVO", "autoria": "Affonso Portugal Guimar\u00e3es, Edson Basso", "texto_original": "http://sapl.campolargo.pr.leg.br/media/./sapl/public/materialegislativa/2009/938/938_texto_integral.pdf", "ementa": "DISP\u00d5E SOBRE A\u00c7\u00d5ES PRIORIT\u00c1RIAS DA ADMINISTRA\u00c7\u00c3O P\u00daBLICA MUNICIPAL, METAS E RISCOS FISCAIS, DIRETRIZES GERAIS PARA ELABORA\u00c7\u00c3O DA PROPOSTA OR\u00c7AMENT\u00c1RIA, NORMAS DE EXECU\u00c7\u00c3O FINANCEIRA A SEREM EXECUTADAS PELO MUNIC\u00cdPIO DE CAMPO LARGO NO EXERC\u00cdCIO DE 2010, E D\u00c1 OUTRAS PROVID\u00caNCIAS."}, {"id": "941", "ano": "2009", "numero": "42", "tipo__sigla": "PLE", "tipo__descricao": "PROJETO DE LEI DO EXECUTIVO", "autoria": "Affonso Portugal Guimar\u00e3es, Edson Basso", "texto_original": "http://sapl.campolargo.pr.leg.br/media/./sapl/public/materialegislativa/2009/941/941_texto_integral.pdf", "ementa": "AUTORIZA O PODER EXECUTIVO A EFETUAR A ABERTURA DE CR\u00c9DITO ADICIONAL SUPLEMENTAR NO OR\u00c7AMENTO DO MUNIC\u00cdPIO DE CAMPO LARGO, PARA O EXERC\u00cdCIO DE 2009."}, {"id": "946", "ano": "2009", "numero": "43", "tipo__sigla": "PLE", "tipo__descricao": "PROJETO DE LEI DO EXECUTIVO", "autoria": "Affonso Portugal Guimar\u00e3es, Edson Basso", "texto_original": "http://sapl.campolargo.pr.leg.br/media/./sapl/public/materialegislativa/2009/946/946_texto_integral.pdf", "ementa": "AUTORIZA O PODER P\u00daBLICO MUNICIPAL A REALIZA\u00c7\u00c3O DE TRANSFER\u00caNCIA VOLUNT\u00c1RIA AO INSTITUTO PARANAENSE DE ASSIST\u00caNCIA T\u00c9CNICA E EXTENS\u00c3O RURAL - EMATER."}, {"id": "971", "ano": "2009", "numero": "44", "tipo__sigla": "PLE", "tipo__descricao": "PROJETO DE LEI DO EXECUTIVO", "autoria": "Affonso Portugal Guimar\u00e3es, Edson Basso", "texto_original": "http://sapl.campolargo.pr.leg.br/media/./sapl/public/materialegislativa/2009/971/971_texto_integral.pdf", "ementa": "D\u00c1 NOVA REDA\u00c7\u00c3O A DISPOSITIVOS DA LEI N\u00ba 1922/2006, QUE DISP\u00d5E SOBRE A ESCOLHA, MEDIANTE ELEI\u00c7\u00c3O DIRETA, DE DIRETORES DOS ESTABELECIMENTOS DE ENSINO E DOS CENTROS DE EDUCA\u00c7\u00c3O INFANTIL DA REDE MUNICIPAL DE ENSINO DE CAMPO LARGO."}, {"id": "969", "ano": "2009", "numero": "45", "tipo__sigla": "PLE", "tipo__descricao": "PROJETO DE LEI DO EXECUTIVO", "autoria": "Affonso Portugal Guimar\u00e3es, Edson Basso", "texto_original": "http://sapl.campolargo.pr.leg.br/media/./sapl/public/materialegislativa/2009/969/969_texto_integral.pdf", "ementa": "D\u00c1 NOVA REDA\u00c7\u00c3O AO \"CAPUT\" DO ARTIGO 149 E ACRESCENTA O PAR\u00c1GRAFO 6\u00ba NO REFERIDO ARTIGO, DA LEI N\u00ba 941/91, CONFORME ESPECIFICA."}, {"id": "970", "ano": "2009", "numero": "46", "tipo__sigla": "PLE", "tipo__descricao": "PROJETO DE LEI DO EXECUTIVO", "autoria": "Affonso Portugal Guimar\u00e3es, Edson Basso", "texto_original": "http://sapl.campolargo.pr.leg.br/media/./sapl/public/materialegislativa/2009/970/970_texto_integral.pdf", "ementa": "ALTERA A DENOMINA\u00c7\u00c3O DE VIA P\u00daBLICA AVENIDA TRITEC PARA AVENIDA GIANNI AGNELLI."}, {"id": "972", "ano": "2009", "numero": "47", "tipo__sigla": "PLE", "tipo__descricao": "PROJETO DE LEI DO EXECUTIVO", "autoria": "Affonso Portugal Guimar\u00e3es, Edson Basso", "texto_original": "http://sapl.campolargo.pr.leg.br/media/./sapl/public/materialegislativa/2009/972/972_texto_integral.pdf", "ementa": "AUTORIZA O PODER EXECUTIVO A EFETUAR A ABERTURA DE CR\u00c9DITO ADICIONAL SUPLEMENTAR NO OR\u00c7AMENTO DO MUNIC\u00cdPIO DE CAMPO LARGO, PARA O EXERC\u00cdCIO DE 2009."}, {"id": "998", "ano": "2009", "numero": "50", "tipo__sigla": "PLE", "tipo__descricao": "PROJETO DE LEI DO EXECUTIVO", "autoria": "Affonso Portugal Guimar\u00e3es, Edson Basso", "texto_original": "http://sapl.campolargo.pr.leg.br/media/./sapl/public/materialegislativa/2009/998/998_texto_integral.pdf", "ementa": "AUTORIZA O PODER EXECUTIVO A EFETUAR A ABERTURA DE CR\u00c9DITO ADICIONAL SUPLEMENTAR NO OR\u00c7AMENTO DO MUNIC\u00cdPIO DE CAMPO LARGO, PARA O EXERC\u00cdCIO DE 2009."}, {"id": "1024", "ano": "2009", "numero": "51", "tipo__sigla": "PLE", "tipo__descricao": "PROJETO DE LEI DO EXECUTIVO", "autoria": "Affonso Portugal Guimar\u00e3es, Edson Basso", "texto_original": "http://sapl.campolargo.pr.leg.br/media/./sapl/public/materialegislativa/2009/1024/1024_texto_integral.pdf", "ementa": "DISP\u00d5E SOBRE A DESAFETA\u00c7\u00c3O DE \u00c1REAS P\u00daBLICAS MUNICIPAIS PARA A IMPLANTA\u00c7\u00c3O DE PROJETOS HABITACIONAIS DE INTERESSE SOCIAL E AUTORIZA O PODER P\u00daBLICO MUNICIPAL A DOAR IM\u00d3VEIS A COMPANHIA DE HABITA\u00c7\u00c3O DO PARAN\u00c1 - COHAPAR, PARA CONSTRU\u00c7\u00c3O DE UNIDADES HABITACIONAIS DE INTERESSE SOCIAL, E D\u00c1 OUTRAS PROVID\u00caNCIAS."}, {"id": "1036", "ano": "2009", "numero": "52", "tipo__sigla": "PLE", "tipo__descricao": "PROJETO DE LEI DO EXECUTIVO", "autoria": "Affonso Portugal Guimar\u00e3es, Edson Basso", "texto_original": "http://sapl.campolargo.pr.leg.br/media/./sapl/public/materialegislativa/2009/1036/1036_texto_integral.pdf", "ementa": "AUTORIZA O PODER EXECUTIVO A CONTRATAR OPERA\u00c7\u00d5ES DE CR\u00c9DITO COM A AG\u00caNCIA DE FOMENTO DO PARAN\u00c1 S.A."}, {"id": "1025", "ano": "2009", "numero": "53", "tipo__sigla": "PLE", "tipo__descricao": "PROJETO DE LEI DO EXECUTIVO", "autoria": "Affonso Portugal Guimar\u00e3es, Edson Basso", "texto_original": "http://sapl.campolargo.pr.leg.br/media/./sapl/public/materialegislativa/2009/1025/1025_texto_integral.pdf", "ementa": "AUTORIZA O PODER EXECUTIVO A AFETUAR A ABERTURA DE CR\u00c9DITO ADICIONAL SUPLEMENTAR NO OR\u00c7AMENTO DO MUNIC\u00cdPIO DE CAMPO LARGO, PARA O EXERC\u00cdCIO DE 2009."}, {"id": "1034", "ano": "2009", "numero": "55", "tipo__sigla": "PLE", "tipo__descricao": "PROJETO DE LEI DO EXECUTIVO", "autoria": "Affonso Portugal Guimar\u00e3es, Edson Basso", "texto_original": "http://sapl.campolargo.pr.leg.br/media/./sapl/public/materialegislativa/2009/1034/1034_texto_integral.pdf", "ementa": "AUTORIZA O PODER P\u00daBLICO MUNICIPAL A CELEBRAR TERMO DE COOPERA\u00c7\u00c3O COM O CEASA - CENTRAIS DE ABASTECIMENTO DO PARAN\u00c1, PARA A IMPLANTA\u00c7\u00c3O DO ARMAZ\u00c9M DA FAM\u00cdLIA, CONFORME ESPECIFICA."}, {"id": "1035", "ano": "2009", "numero": "56", "tipo__sigla": "PLE", "tipo__descricao": "PROJETO DE LEI DO EXECUTIVO", "autoria": "Affonso Portugal Guimar\u00e3es, Edson Basso", "texto_original": "http://sapl.campolargo.pr.leg.br/media/./sapl/public/materialegislativa/2009/1035/1035_texto_integral.pdf", "ementa": "D\u00c1 NOVA DESTINA\u00c7\u00c3O AO USO DE IM\u00d3VEL P\u00daBLICO, CONFORME ESPECIFICA."}, {"id": "1041", "ano": "2009", "numero": "57", "tipo__sigla": "PLE", "tipo__descricao": "PROJETO DE LEI DO EXECUTIVO", "autoria": "Affonso Portugal Guimar\u00e3es, Edson Basso", "texto_original": "http://sapl.campolargo.pr.leg.br/media/./sapl/public/materialegislativa/2009/1041/1041_texto_integral.pdf", "ementa": "AUTORIZA O PODER EXECUTIVO DO MUNIC\u00cdPIO DE CAMPO LARGO, A REDUZIR PERCENTUALMENTE O VALOR DOS ENCARGOS FINANCEIROS PARA O PAGAMENTO DE TRIBUTOS EM ATRASO E CONCEDER PARCELAMENTO NA FORMA EM QUE ESPECIFICA."}, {"id": "1057", "ano": "2009", "numero": "58", "tipo__sigla": "PLE", "tipo__descricao": "PROJETO DE LEI DO EXECUTIVO", "autoria": "Affonso Portugal Guimar\u00e3es, Edson Basso", "texto_original": "http://sapl.campolargo.pr.leg.br/media/./sapl/public/materialegislativa/2009/1057/1057_texto_integral.pdf", "ementa": "AUTORIZA O PODER P\u00daBLICO MUNICIPAL A REALIZA\u00c7\u00c3O DE TRANSFER\u00caNCIA VOLUNT\u00c1RIA \u00c0 ASSOCIA\u00c7\u00c3O BIBI MEIRELES - LAR M\u00c3E DE MISERIC\u00d3RDIA, CONFORME ESPECIFICA."}, {"id": "1086", "ano": "2009", "numero": "59", "tipo__sigla": "PLE", "tipo__descricao": "PROJETO DE LEI DO EXECUTIVO", "autoria": "Affonso Portugal Guimar\u00e3es, Edson Basso", "texto_original": "http://sapl.campolargo.pr.leg.br/media/./sapl/public/materialegislativa/2009/1086/1086_texto_integral.pdf", "ementa": "DISP\u00d5E SOBRE AS RESTRI\u00c7\u00d5ES AO USO DE PRODUTOS FUM\u00cdGENOS NO MUNIC\u00cdPIO DE CAMPO LARGO."}, {"id": "1062", "ano": "2009", "numero": "60", "tipo__sigla": "PLE", "tipo__descricao": "PROJETO DE LEI DO EXECUTIVO", "autoria": "Affonso Portugal Guimar\u00e3es, Edson Basso", "texto_original": "http://sapl.campolargo.pr.leg.br/media/./sapl/public/materialegislativa/2009/1062/1062_texto_integral.pdf", "ementa": "ABRE CR\u00c9DITO ADICIONAL SUPLEMENTAR NO OR\u00c7AMENTO DO MUNIC\u00cdPIO DE CAMPO LARGO, PARA O EXERC\u00cdCIO DE 2009."}, {"id": "1064", "ano": "2009", "numero": "61", "tipo__sigla": "PLE", "tipo__descricao": "PROJETO DE LEI DO EXECUTIVO", "autoria": "Affonso Portugal Guimar\u00e3es, Edson Basso", "texto_original": "http://sapl.campolargo.pr.leg.br/media/./sapl/public/materialegislativa/2009/1064/1064_texto_integral.pdf", "ementa": "DISP\u00d5E SOBRE A COMPATIBILIZA\u00c7\u00c3O DO PLANO PLURIANUAL DO MUNIC\u00cdPIO DE CAMPO LARGO, PARA O QUADRI\u00caNIO DE 2010 A 2013, CONFORME ESPECIFICA."}, {"id": "1065", "ano": "2009", "numero": "62", "tipo__sigla": "PLE", "tipo__descricao": "PROJETO DE LEI DO EXECUTIVO", "autoria": "Affonso Portugal Guimar\u00e3es, Edson Basso", "texto_original": "http://sapl.campolargo.pr.leg.br/media/./sapl/public/materialegislativa/2009/1065/1065_texto_integral.pdf", "ementa": "DISP\u00d5E SOBRE A COMPATIBILIZA\u00c7\u00c3O DA LEI DE DIRETRIZES OR\u00c7AMENT\u00c1RIAS, CONFORME ESPECIFICA."}, {"id": "1066", "ano": "2009", "numero": "63", "tipo__sigla": "PLE", "tipo__descricao": "PROJETO DE LEI DO EXECUTIVO", "autoria": "Affonso Portugal Guimar\u00e3es, Edson Basso", "texto_original": "http://sapl.campolargo.pr.leg.br/media/", "ementa": "ESTIMA A RECEITA E FIXA A DESPESA DO MUNIC\u00cdPIO DE CAMPO LARGO PARA O EXERC\u00cdCIO FINANCEIRO DE 2010."}, {"id": "1067", "ano": "2009", "numero": "64", "tipo__sigla": "PLE", "tipo__descricao": "PROJETO DE LEI DO EXECUTIVO", "autoria": "Affonso Portugal Guimar\u00e3es, Edson Basso", "texto_original": "http://sapl.campolargo.pr.leg.br/media/./sapl/public/materialegislativa/2009/1067/1067_texto_integral.pdf", "ementa": "AUTORIZA O PODER EXECUTIVO MUNICIPAL DE CAMPO LARGO A CONCORDAR COM A TRANSFER\u00caNCIA DE BEM IM\u00d3VEL OUTORGADO, ATRAV\u00c9S DE DOA\u00c7\u00c3O \u00c0 POSTES CAVAN S/A, PARA AS EMPRESAS PROC\u00d3PIO EMBALAGENS LTDA E BLOCAUS PR\u00c9-FABRICADOS LTDA, CONFORME ESPECIFICA."}, {"id": "1075", "ano": "2009", "numero": "65", "tipo__sigla": "PLE", "tipo__descricao": "PROJETO DE LEI DO EXECUTIVO", "autoria": "Affonso Portugal Guimar\u00e3es, Edson Basso", "texto_original": "http://sapl.campolargo.pr.leg.br/media/./sapl/public/materialegislativa/2009/1075/1075_texto_integral.pdf", "ementa": "AUTORIZA O PODER EXECUTIVO A EFETUAR ABERTURA DE CR\u00c9DITO ADICIONAL ESPECIAL NO OR\u00c7AMENTO DO MUNIC\u00cdPIO DE CAMPO LARGO, PARA O EXERC\u00cdCIO DE 2009."}, {"id": "1085", "ano": "2009", "numero": "66", "tipo__sigla": "PLE", "tipo__descricao": "PROJETO DE LEI DO EXECUTIVO", "autoria": "Affonso Portugal Guimar\u00e3es, Edson Basso", "texto_original": "http://sapl.campolargo.pr.leg.br/media/./sapl/public/materialegislativa/2009/1085/1085_texto_integral.pdf", "ementa": "AUTORIZA A REMISS\u00c3O DE D\u00c9BITOS TRIBUT\u00c1RIOS, NA FORMA QUE ESPECIFICA."}, {"id": "1094", "ano": "2009", "numero": "67", "tipo__sigla": "PLE", "tipo__descricao": "PROJETO DE LEI DO EXECUTIVO", "autoria": "Affonso Portugal Guimar\u00e3es, Edson Basso", "texto_original": "http://sapl.campolargo.pr.leg.br/media/./sapl/public/materialegislativa/2009/1094/1094_texto_integral.pdf", "ementa": "\"DISP\u00d5E SOBRE DESAFETA\u00c7\u00c3O DE \u00c1REA P\u00daBLICA MUNICIPAL E AUTORIZA O PODER P\u00daBLICO MUNICIPAL A DOAR \u00c1REA DE TERRENO URBANO PARA A ORDEM DOS ADVOGADOS DO BRASIL - SECCIONAL DO PARAN\u00c1 - OAB/PR - SUBSE\u00c7\u00c3O CAMPO LARGO, CONFORME ESPECIFICA E D\u00c1 OUTRAS PROVID\u00caNCIAS."}, {"id": "1123", "ano": "2009", "numero": "68", "tipo__sigla": "PLE", "tipo__descricao": "PROJETO DE LEI DO EXECUTIVO", "autoria": "Affonso Portugal Guimar\u00e3es, Edson Basso", "texto_original": "http://sapl.campolargo.pr.leg.br/media/./sapl/public/materialegislativa/2009/1123/1123_texto_integral.pdf", "ementa": "D\u00c1 NOVA REDA\u00c7\u00c3O AO ART. 25 DA LEI 1610/02, ALTERANDO A VINCULA\u00c7\u00c3O DO FUNDO DO IDOSO DA SECRETARIA DE FINAN\u00c7AS E OR\u00c7AMENTO PARA A SECRETARIA DE ASSIST\u00caNCIA SOCIAL."}, {"id": "1124", "ano": "2009", "numero": "69", "tipo__sigla": "PLE", "tipo__descricao": "PROJETO DE LEI DO EXECUTIVO", "autoria": "Affonso Portugal Guimar\u00e3es, Edson Basso", "texto_original": "http://sapl.campolargo.pr.leg.br/media/./sapl/public/materialegislativa/2009/1124/1124_texto_integral.pdf", "ementa": "D\u00c1 NOVA REDA\u00c7\u00c3O AO ARTIGO 2\u00ba E REVOGA O ARTIGO 3\u00ba DA LEI 2129/09."}, {"id": "1141", "ano": "2009", "numero": "70", "tipo__sigla": "PLE", "tipo__descricao": "PROJETO DE LEI DO EXECUTIVO", "autoria": "Affonso Portugal Guimar\u00e3es, Edson Basso", "texto_original": "http://sapl.campolargo.pr.leg.br/media/./sapl/public/materialegislativa/2009/1141/1141_texto_integral.pdf", "ementa": "D\u00c1 NOVA REDA\u00c7\u00c3O AO ARTIGO 6\u00ba DA LEI N\u00ba 1.829/2005."}, {"id": "1142", "ano": "2009", "numero": "71", "tipo__sigla": "PLE", "tipo__descricao": "PROJETO DE LEI DO EXECUTIVO", "autoria": "Affonso Portugal Guimar\u00e3es, Edson Basso", "texto_original": "http://sapl.campolargo.pr.leg.br/media/./sapl/public/materialegislativa/2009/1142/1142_texto_integral.pdf", "ementa": "AUTORIZA O PODER EXECUTIVO A EFETUAR  A ABERTRA DE CR\u00c9DITO ADICIONAL SUPLEMENTAR NO OR\u00c7AMENTO DO MUNIC\u00cdPIO DE CAMPO LARGO, PARA O EXERC\u00cdCIO DE 2009."}, {"id": "1143", "ano": "2009", "numero": "72", "tipo__sigla": "PLE", "tipo__descricao": "PROJETO DE LEI DO EXECUTIVO", "autoria": "Affonso Portugal Guimar\u00e3es, Edson Basso", "texto_original": "http://sapl.campolargo.pr.leg.br/media/./sapl/public/materialegislativa/2009/1143/1143_texto_integral.pdf", "ementa": "AUTORIZA O PODER EXECUTIVO A EFETUAR A ABERTURA DE CR\u00c9DITO ADICIONAL ESPECIAL NO OR\u00c7AMENTO DO MUNIC\u00cdPIO DE CAMPO LARGO, PARA O EXERC\u00cdCIO DE 2009."}, {"id": "1144", "ano": "2009", "numero": "73", "tipo__sigla": "PLE", "tipo__descricao": "PROJETO DE LEI DO EXECUTIVO", "autoria": "Affonso Portugal Guimar\u00e3es, Edson Basso", "texto_original": "http://sapl.campolargo.pr.leg.br/media/./sapl/public/materialegislativa/2009/1144/1144_texto_integral.pdf", "ementa": "ACRESCENTA FUN\u00c7\u00c3O GRATIFICADA NO ANEXO XI DO ARTIGO 11\u00ba DA LEI N\u00ba 1988/07, QUE ALTEROU DISPOSITIVOS DA LEI N\u00ba 1.200/96, CONFORME ESPECIFICA."}, {"id": "1164", "ano": "2009", "numero": "74", "tipo__sigla": "PLE", "tipo__descricao": "PROJETO DE LEI DO EXECUTIVO", "autoria": "Affonso Portugal Guimar\u00e3es, Edson Basso", "texto_original": "http://sapl.campolargo.pr.leg.br/media/./sapl/public/materialegislativa/2009/1164/1164_texto_integral.pdf", "ementa": "AUTORIZA O PODER EXECUTIVO MUNICIPAL DE CAMPO LARGO EFETUAR O DISTRATO DO CONTRATO DE CONCESS\u00c3O DE DIREITO REAL DE USO ESTABELECIDO EM FAVOR DA SOCIEDADE EDUCACIONAL PINGO DE GENTHE E CELEBRAR TRANSA\u00c7\u00c3O A FIM DE INDENIZAR AS BENFEITORIAS."}, {"id": "1171", "ano": "2009", "numero": "75", "tipo__sigla": "PLE", "tipo__descricao": "PROJETO DE LEI DO EXECUTIVO", "autoria": "Affonso Portugal Guimar\u00e3es, Edson Basso", "texto_original": "http://sapl.campolargo.pr.leg.br/media/./sapl/public/materialegislativa/2009/1171/1171_texto_integral.pdf", "ementa": "DISP\u00d5E SOBRE A COMPATIBILIZA\u00c7\u00c3O DO PLANO PLURIANUAL DO MUNIC\u00cdPIO DE CAMPO LARGO, PARA O QUADRI\u00caNIO DE 2010 A 2013, CONFORME ESPECIFICA."}, {"id": "1172", "ano": "2009", "numero": "76", "tipo__sigla": "PLE", "tipo__descricao": "PROJETO DE LEI DO EXECUTIVO", "autoria": "Affonso Portugal Guimar\u00e3es, Edson Basso", "texto_original": "http://sapl.campolargo.pr.leg.br/media/./sapl/public/materialegislativa/2009/1172/1172_texto_integral.pdf", "ementa": "DISP\u00d5E SOBRE A COMPATIBILIZA\u00c7\u00c3O DA LEI DE DIRETRIZES OR\u00c7AMENT\u00c1RIAS, CONFORME ESPECIFICA."}, {"id": "1170", "ano": "2009", "numero": "77", "tipo__sigla": "PLE", "tipo__descricao": "PROJETO DE LEI DO EXECUTIVO", "autoria": "Affonso Portugal Guimar\u00e3es, Edson Basso", "texto_original": "http://sapl.campolargo.pr.leg.br/media/./sapl/public/materialegislativa/2009/1170/1170_texto_integral.pdf", "ementa": "ALTERA REDA\u00c7\u00c3O DO ARTIGO 1\u00ba DA LEI N\u00ba 1.274/97 E A REDA\u00c7\u00c3O DO ARTIGO 1\u00ba DA LEI N\u00ba 1.425/99, CONFORME ESPECIFICA."}, {"id": "1176", "ano": "2009", "numero": "78", "tipo__sigla": "PLE", "tipo__descricao": "PROJETO DE LEI DO EXECUTIVO", "autoria": "Affonso Portugal Guimar\u00e3es, Edson Basso", "texto_original": "http://sapl.campolargo.pr.leg.br/media/./sapl/public/materialegislativa/2009/1176/1176_texto_integral.pdf", "ementa": "TORNA PROIBIDO O USO DE MOTOCICLETAS COMO VE\u00cdCULO DE TRANSPORTE DE PASSAGEIROS NA \u00c1REA DO MUNIC\u00cdPIO DE CAMPO LARGO."}, {"id": "533", "ano": "2009", "numero": "1", "tipo__sigla": "PLL", "tipo__descricao": "PROJETO DE LEI DO LEGISLATIVO", "autoria": "LUCIR MARCHIORI", "texto_original": "http://sapl.campolargo.pr.leg.br/media/./sapl/public/materialegislativa/2009/533/533_texto_integral.pdf", "ementa": "DECLARA DE UTILIDADE P\u00daBLICA MUNICIPAL A ASSOCIA\u00c7\u00c3O CASCUDO CLUBE DE PESCA, CONFORME ESPECIFICA."}, {"id": "534", "ano": "2009", "numero": "2", "tipo__sigla": "PLL", "tipo__descricao": "PROJETO DE LEI DO LEGISLATIVO", "autoria": "JOSLEY   ANDRADE", "texto_original": "http://sapl.campolargo.pr.leg.br/media/./sapl/public/materialegislativa/2009/534/534_texto_integral.pdf", "ementa": "DECLARA DE UTILIDADE P\u00daBLICA MUNICIPAL A ASSOCIA\u00c7\u00c3O DE MORADORES DO SANTA CRUZ, CONFORME ESPECIFICA."}, {"id": "535", "ano": "2009", "numero": "3", "tipo__sigla": "PLL", "tipo__descricao": "PROJETO DE LEI DO LEGISLATIVO", "autoria": "DARCI ANDREASSA", "texto_original": "http://sapl.campolargo.pr.leg.br/media/./sapl/public/materialegislativa/2009/535/535_texto_integral.pdf", "ementa": "D\u00c1 DENOMINA\u00c7\u00c3O AO EST\u00c1DIO MUNICIPAL AROLDO COLTRO, LOCALIZADO NO JARDIM MELYANE, CONFORME ESPECIFICA."}, {"id": "607", "ano": "2009", "numero": "4", "tipo__sigla": "PLL", "tipo__descricao": "PROJETO DE LEI DO LEGISLATIVO", "autoria": "LUCIR MARCHIORI", "texto_original": "http://sapl.campolargo.pr.leg.br/media/./sapl/public/materialegislativa/2009/607/607_texto_integral.pdf", "ementa": "D\u00c1 DENOMINA\u00c7\u00c3O AO NOVO EDIF\u00cdCIO DA C\u00c2MARA MUNICIPAL DE CAMPO LARGO, CONFORME ESPECIFICA."}, {"id": "980", "ano": "2009", "numero": "5", "tipo__sigla": "PLL", "tipo__descricao": "PROJETO DE LEI DO LEGISLATIVO", "autoria": "JORGE JULIO", "texto_original": "http://sapl.campolargo.pr.leg.br/media/./sapl/public/materialegislativa/2009/980/980_texto_integral.pdf", "ementa": "D\u00c1 DENOMINA\u00c7\u00c3O A ESTRADA THOMAZ LITZA, AINDA N\u00c3O DENOMINDA, LOCALIZADA NA COL\u00d4NIA DOM PEDRO II, CONFORME ESPECIFICA."}, {"id": "1048", "ano": "2009", "numero": "6", "tipo__sigla": "PLL", "tipo__descricao": "PROJETO DE LEI DO LEGISLATIVO", "autoria": "DIRCEU MOCELIN", "texto_original": "http://sapl.campolargo.pr.leg.br/media/./sapl/public/materialegislativa/2009/1048/1048_texto_integral.pdf", "ementa": "D\u00c1 DENOMINA\u00c7\u00c3O A RUA JO\u00c3O CHIKORA, AINDA N\u00c3O DENOMINADA, LOCALIZADA NO BAIRRO RONDINHA, CONFORME ESPECIFICA."}, {"id": "1047", "ano": "2009", "numero": "7", "tipo__sigla": "PLL", "tipo__descricao": "PROJETO DE LEI DO LEGISLATIVO", "autoria": "JORGE JULIO", "texto_original": "http://sapl.campolargo.pr.leg.br/media/./sapl/public/materialegislativa/2009/1047/1047_texto_integral.pdf", "ementa": "D\u00c1 DENOMINA\u00c7\u00c3O A RUA TANGAR\u00c1, NO BAIRRO NOSSA SENHORA DO PILAR, AINDA N\u00c3O DENOMINADA, CONFORME ESPECIFICA."}, {"id": "674", "ano": "2009", "numero": "8", "tipo__sigla": "PLL", "tipo__descricao": "PROJETO DE LEI DO LEGISLATIVO", "autoria": "DARCI ANDREASSA", "texto_original": "http://sapl.campolargo.pr.leg.br/media/./sapl/public/materialegislativa/2009/674/674_texto_integral.pdf", "ementa": "DENOMINA A RUA NATHALIO ZANIN, VILA DE LOURDES, AINDA N\u00c3O DENOMINADA, CONFORME ESPECIFICA."}, {"id": "717", "ano": "2009", "numero": "9", "tipo__sigla": "PLL", "tipo__descricao": "PROJETO DE LEI DO LEGISLATIVO", "autoria": "JORGE JULIO", "texto_original": "http://sapl.campolargo.pr.leg.br/media/./sapl/public/materialegislativa/2009/717/717_texto_integral.pdf", "ementa": "DECLARA DE UTILIDADE P\u00daBLICA MUNICIPAL A ASSOCIA\u00c7\u00c3O DOS MORADORES DA TAQUARINHA DOS FLORIPAS, \u00c1RVORE ALTA, BAIRRO DOS VIEIRAS E BAIRRO DOS GON\u00c7ALVES, CONFORME ESPECIFICA."}, {"id": "776", "ano": "2009", "numero": "10", "tipo__sigla": "PLL", "tipo__descricao": "PROJETO DE LEI DO LEGISLATIVO", "autoria": "LUCIR MARCHIORI", "texto_original": "http://sapl.campolargo.pr.leg.br/media/./sapl/public/materialegislativa/2009/776/776_texto_integral.pdf", "ementa": "AUTORIZA O PODER EXECUTIVO A CRIAR O PROGRAMA DE PR\u00c1TICAS INTEGRATIVAS E COMPLEMENTARES NO SISTEMA \u00daNICO DE SA\u00daDE NO MUN\u00cdCIPIO DE CAMPO LARGO E D\u00c1 OUTRAS PROVID\u00caNCIAS."}, {"id": "806", "ano": "2009", "numero": "11", "tipo__sigla": "PLL", "tipo__descricao": "PROJETO DE LEI DO LEGISLATIVO", "autoria": "JORGE JULIO", "texto_original": "http://sapl.campolargo.pr.leg.br/media/./sapl/public/materialegislativa/2009/806/806_texto_integral.pdf", "ementa": "DENOMINA A RUA JO\u00c3O FISZT, \u00c1GUAS CLARAS."}, {"id": "805", "ano": "2009", "numero": "12", "tipo__sigla": "PLL", "tipo__descricao": "PROJETO DE LEI DO LEGISLATIVO", "autoria": "JORGE JULIO", "texto_original": "http://sapl.campolargo.pr.leg.br/media/./sapl/public/materialegislativa/2009/805/805_texto_integral.pdf", "ementa": "DENOMINA A ESTRADA ANTONIO BORGES LOVATTO, AINDA N\u00c3O DENOMINADA, LOCALIZADA NO DISTRITO DE BATEIAS."}, {"id": "822", "ano": "2009", "numero": "13", "tipo__sigla": "PLL", "tipo__descricao": "PROJETO DE LEI DO LEGISLATIVO", "autoria": "NELSON DE SOUZA", "texto_original": "http://sapl.campolargo.pr.leg.br/media/./sapl/public/materialegislativa/2009/822/822_texto_integral.pdf", "ementa": "DECLARA DE UTILIDADE P\u00daBLICA MUNICIPAL A ASVOCAL - A\u00c7\u00c3O SOCIAL VOLUNT\u00c1RIA DE CAMPO LARGO."}, {"id": "852", "ano": "2009", "numero": "14", "tipo__sigla": "PLL", "tipo__descricao": "PROJETO DE LEI DO LEGISLATIVO", "autoria": "NELSON DE SOUZA", "texto_original": "http://sapl.campolargo.pr.leg.br/media/./sapl/public/materialegislativa/2009/852/852_texto_integral.pdf", "ementa": "DECLARA DE UTILIDADE P\u00daBLICA MUNICIPAL A ASSOCIA\u00c7\u00c3O DE PAIS E MESTRES DA ESCOLA MUNICIPAL LUIZ JULIO, ENSINO PR\u00c9 ESCOLAR E DE 1\u00ba GRAU."}, {"id": "892", "ano": "2009", "numero": "15", "tipo__sigla": "PLL", "tipo__descricao": "PROJETO DE LEI DO LEGISLATIVO", "autoria": "DIRCEU MOCELIN", "texto_original": "http://sapl.campolargo.pr.leg.br/media/./sapl/public/materialegislativa/2009/892/892_texto_integral.pdf", "ementa": "INSTITUI O DIA DO PROERD - PROGRAMA EDUCACIONAL DE RESIST\u00caNCIA AS DROGAS, NO MUNIC\u00cdPIO DE CAMPO LARGO."}, {"id": "955", "ano": "2009", "numero": "16", "tipo__sigla": "PLL", "tipo__descricao": "PROJETO DE LEI DO LEGISLATIVO", "autoria": "NELSON DE SOUZA", "texto_original": "http://sapl.campolargo.pr.leg.br/media/./sapl/public/materialegislativa/2009/955/955_texto_integral.pdf", "ementa": "D\u00c1 DENOMINA\u00c7\u00c3O A RUA FREI JO\u00c3O CRIS\u00d3STOMO ARNS, LOCALIZADA NO BAIRRO TIMBOTUVA, AINDA N\u00c3O DENOMINADA, CONFORME ESPECIFICA."}, {"id": "956", "ano": "2009", "numero": "17", "tipo__sigla": "PLL", "tipo__descricao": "PROJETO DE LEI DO LEGISLATIVO", "autoria": "SERGIO SCHMIDT", "texto_original": "http://sapl.campolargo.pr.leg.br/media/./sapl/public/materialegislativa/2009/956/956_texto_integral.pdf", "ementa": "D\u00c1 DENOMINA\u00c7\u00c3O A RUA LEONILDES MASSOQUETTO, AINDA N\u00c3O DENOMINADA, NO BAIRRO RONDINHA."}, {"id": "962", "ano": "2009", "numero": "18", "tipo__sigla": "PLL", "tipo__descricao": "PROJETO DE LEI DO LEGISLATIVO", "autoria": "DARCI ANDREASSA", "texto_original": "http://sapl.campolargo.pr.leg.br/media/./sapl/public/materialegislativa/2009/962/962_texto_integral.pdf", "ementa": "REVOGA A LEI MUNICIPAL N\u00ba1939/07, CONFORME ESPECIFICA."}, {"id": "966", "ano": "2009", "numero": "19", "tipo__sigla": "PLL", "tipo__descricao": "PROJETO DE LEI DO LEGISLATIVO", "autoria": "LUCIR MARCHIORI", "texto_original": "http://sapl.campolargo.pr.leg.br/media/./sapl/public/materialegislativa/2009/966/966_texto_integral.pdf", "ementa": "DENOMINA COMO \"ESTRADA DA LAGOA GRANDE\", A VIA SEM DENOMINA\u00c7\u00c3O NO BAIRRO OURO VERDE, CONFORME ESPECIFICA."}, {"id": "1007", "ano": "2009", "numero": "20", "tipo__sigla": "PLL", "tipo__descricao": "PROJETO DE LEI DO LEGISLATIVO", "autoria": "JOSLEY   ANDRADE", "texto_original": "http://sapl.campolargo.pr.leg.br/media/./sapl/public/materialegislativa/2009/1007/1007_texto_integral.pdf", "ementa": "D\u00c1 DENOMINA\u00c7\u00c3O A RUA RODOLFO PERUSSOLO, LOCALIZADA NO LOTEAMENTO MONSENHOR FRANCISCO GORSKI, AINDA N\u00c3O DENOMINADA, CONFORME ESPECIFICA."}, {"id": "1029", "ano": "2009", "numero": "21", "tipo__sigla": "PLL", "tipo__descricao": "PROJETO DE LEI DO LEGISLATIVO", "autoria": "LUCIR MARCHIORI", "texto_original": "http://sapl.campolargo.pr.leg.br/media/./sapl/public/materialegislativa/2009/1029/1029_texto_integral.pdf", "ementa": "DECLARA DE UTILIDADE P\u00daBLICA MUNICIPAL A ASSOCIA\u00c7\u00c3O DOS CONTABILISTAS DE CAMPO LARGO, CONFORME ESPECIFICA."}, {"id": "1026", "ano": "2009", "numero": "22", "tipo__sigla": "PLL", "tipo__descricao": "PROJETO DE LEI DO LEGISLATIVO", "autoria": "LINDAMIR IVANOSKI", "texto_original": "http://sapl.campolargo.pr.leg.br/media/./sapl/public/materialegislativa/2009/1026/1026_texto_integral.pdf", "ementa": "DENOMINA LUIZ EMANOEL KUSTER, A SALA DE ACERVO CULTURAL DA CASA DA CULTURA JOS\u00c9 ANTONIO PUPPI, DO MUNIC\u00cdPIO DE CAMPO LARGO."}, {"id": "1038", "ano": "2009", "numero": "23", "tipo__sigla": "PLL", "tipo__descricao": "PROJETO DE LEI DO LEGISLATIVO", "autoria": "JOSLEY   ANDRADE", "texto_original": "http://sapl.campolargo.pr.leg.br/media/", "ementa": "DENOMINA TRAVESSA ROMEU IVO CAVALLI, AINDA N\u00c3O DENOMINADA, CONFORME ESPECIFICA."}, {"id": "1093", "ano": "2009", "numero": "24", "tipo__sigla": "PLL", "tipo__descricao": "PROJETO DE LEI DO LEGISLATIVO", "autoria": "", "texto_original": "http://sapl.campolargo.pr.leg.br/media/./sapl/public/materialegislativa/2009/1093/1093_texto_integral.pdf", "ementa": "\"D\u00c1 DENOMINA\u00c7\u00c3O DE \"TRAVESSA CAMILO STOCO\", NO BAIRRO PARA\u00cdSO MINERAL."}, {"id": "1165", "ano": "2009", "numero": "26", "tipo__sigla": "PLL", "tipo__descricao": "PROJETO DE LEI DO LEGISLATIVO", "autoria": "JOSLEY   ANDRADE", "texto_original": "http://sapl.campolargo.pr.leg.br/media/", "ementa": "DENOMINA RUA THERESA ANDREASSA, NO LOTEAMENTO ITAQUI DE CIMA."}, {"id": "851", "ano": "2009", "numero": "430", "tipo__sigla": "PLL", "tipo__descricao": "PROJETO DE LEI DO LEGISLATIVO", "autoria": "NELSON DE SOUZA", "texto_original": "http://sapl.campolargo.pr.leg.br/media/", "ementa": "DECLARA DE UTILIDADE P\u00daBLICA MUNICIPAL A ASSOCIA\u00c7\u00c3O DE PAIS E MESTRES DA ESCOLA MUNICIPAL LUIZ JULIO, ENSINO PR\u00c9 ESCOLAR E DE 1\u00ba GRAU."}, {"id": "924", "ano": "2009", "numero": "1", "tipo__sigla": "PR", "tipo__descricao": "PROJETO DE RESOLU\u00c7\u00c3O", "autoria": "SERGIO SCHMIDT", "texto_original": "http://sapl.campolargo.pr.leg.br/media/", "ementa": "INSTITUI MODIFICA\u00c7\u00d5ES NO REGIMENTO INTERNO DA C\u00c2MARA MUNICIPAL DE VEREADORES COMO FORMA DE DAR CONHECIMENTO PR\u00c9VIO E PRAZO M\u00cdNIMO PARA MANIFESTA\u00c7\u00c3O DOS EDIS COM RELA\u00c7\u00c3O A PROJETOS DE QUALQUER NATUREZA SUJEITOS A VOTA\u00c7\u00c3O."}, {"id": "930", "ano": "2009", "numero": "2", "tipo__sigla": "PR", "tipo__descricao": "PROJETO DE RESOLU\u00c7\u00c3O", "autoria": "SERGIO SCHMIDT", "texto_original": "http://sapl.campolargo.pr.leg.br/media/", "ementa": "CONCEDE REAJUSTE AOS SERVIDORES P\u00daBLICOS EST\u00c1VEIS DA C\u00c2MARA MUNICIPAL DE CAMPO LARGO, CONFORME ESPECIFICA. "}, {"id": "979", "ano": "2009", "numero": "3", "tipo__sigla": "PR", "tipo__descricao": "PROJETO DE RESOLU\u00c7\u00c3O", "autoria": "SERGIO SCHMIDT", "texto_original": "http://sapl.campolargo.pr.leg.br/media/", "ementa": "D\u00c1 PROVIMENTO AO RECURSO INOMINADO CONSTANTE DO PROCESSO ADMINISTRATIVO N\u00ba537/09, PARA DECLARAR A NULIDADE DA SESS\u00c3O LEGISLATIVA  REALIZADA NO DIA 24.08.09, DA C\u00c2MARA MUNICIPAL DE CAMPO LARGO."}, {"id": "985", "ano": "2009", "numero": "4", "tipo__sigla": "PR", "tipo__descricao": "PROJETO DE RESOLU\u00c7\u00c3O", "autoria": "Mesa Executiva", "texto_original": "http://sapl.campolargo.pr.leg.br/media/", "ementa": "CRIA CARGOS E VAGAS NO PLANO DE CARGOS E VENCIMENTOS DA C\u00c2MARA MUNICIPAL DE CAMPO LARGO, CONFORME ESPECIFICA."}, {"id": "1071", "ano": "2009", "numero": "5", "tipo__sigla": "PR", "tipo__descricao": "PROJETO DE RESOLU\u00c7\u00c3O", "autoria": "CELSINHO A\u00c7OUGUEIRO., DARCI ANDREASSA, DIRCEU MOCELIN, JORGE JULIO, JOSLEY   ANDRADE, LINDAMIR IVANOSKI, LUCIR MARCHIORI, NELSON DE SOUZA, SANDRA MARCON, SERGIO SCHMIDT, WILSON ANDRADE", "texto_original": "http://sapl.campolargo.pr.leg.br/media/", "ementa": "ALTERA O ARTIGO 103, DO REGIMENTO INTERNO DA C\u00c2MARA MUNICIPAL DE CAMPO LARGO, CONFORME ESPECIFICA."}, {"id": "1169", "ano": "2009", "numero": "6", "tipo__sigla": "PR", "tipo__descricao": "PROJETO DE RESOLU\u00c7\u00c3O", "autoria": "Mesa Executiva", "texto_original": "http://sapl.campolargo.pr.leg.br/media/", "ementa": "ABRE CR\u00c9DITO SUPLEMENTAR NO OR\u00c7AMENTO VIGENTE DE 2009."}, {"id": "1111", "ano": "2009", "numero": "1", "tipo__sigla": "REQ", "tipo__descricao": "REQUERIMENTO", "autoria": "", "texto_original": "http://sapl.campolargo.pr.leg.br/media/", "ementa": "DASDASDASDASDASD"}, {"id": "446", "ano": "2009", "numero": "2", "tipo__sigla": "REQ", "tipo__descricao": "REQUERIMENTO", "autoria": "DIRCEU MOCELIN, LUCIR MARCHIORI, SANDRA MARCON, SERGIO SCHMIDT", "texto_original": "http://sapl.campolargo.pr.leg.br/media/./sapl/public/materialegislativa/2009/446/446_texto_integral.pdf", "ementa": "POSTO DE SA\u00daDE NO BAIRRO S\u00c3O JER\u00d4NIMO."}, {"id": "447", "ano": "2009", "numero": "3", "tipo__sigla": "REQ", "tipo__descricao": "REQUERIMENTO", "autoria": "DIRCEU MOCELIN, LUCIR MARCHIORI, SANDRA MARCON, SERGIO SCHMIDT", "texto_original": "http://sapl.campolargo.pr.leg.br/media/./sapl/public/materialegislativa/2009/447/447_texto_integral.pdf", "ementa": "CRECHE NO BAIRRO FERRARI."}, {"id": "448", "ano": "2009", "numero": "4", "tipo__sigla": "REQ", "tipo__descricao": "REQUERIMENTO", "autoria": "SANDRA MARCON, DIRCEU MOCELIN, Lucir Marchiori", "texto_original": "http://sapl.campolargo.pr.leg.br/media/./sapl/public/materialegislativa/2009/448/448_texto_integral.pdf", "ementa": "PAVIMENTA\u00c7\u00c3O NAS RUAS DOS LOTEAMENTOS S\u00c3O JER\u00d4NIMO E SAAD."}, {"id": "449", "ano": "2009", "numero": "5", "tipo__sigla": "REQ", "tipo__descricao": "REQUERIMENTO", "autoria": "SANDRA MARCON", "texto_original": "http://sapl.campolargo.pr.leg.br/media/./sapl/public/materialegislativa/2009/449/449_texto_integral.pdf", "ementa": "PAVIMENTA\u00c7\u00c3O NAS RUAS JOS\u00c9 ARNALDO COSMO E A RUA PAULO ABDALA, NO BAIRRO FERRARI."}, {"id": "450", "ano": "2009", "numero": "6", "tipo__sigla": "REQ", "tipo__descricao": "REQUERIMENTO", "autoria": "SANDRA MARCON", "texto_original": "http://sapl.campolargo.pr.leg.br/media/./sapl/public/materialegislativa/2009/450/450_texto_integral.pdf", "ementa": "POSTO DE SA\u00daDE NO FERRARI."}, {"id": "451", "ano": "2009", "numero": "7", "tipo__sigla": "REQ", "tipo__descricao": "REQUERIMENTO", "autoria": "SANDRA MARCON", "texto_original": "http://sapl.campolargo.pr.leg.br/media/./sapl/public/materialegislativa/2009/451/451_texto_integral.pdf", "ementa": "CANALIZA\u00c7\u00c3O DO C\u00d3RREGO QUE PASSA ATR\u00c1S DA ESCOLA MUNICIPAL PROFESSORA ROS\u00c1LIA ANDRADE REMONATO, FERRARI."}, {"id": "452", "ano": "2009", "numero": "8", "tipo__sigla": "REQ", "tipo__descricao": "REQUERIMENTO", "autoria": "SANDRA MARCON", "texto_original": "http://sapl.campolargo.pr.leg.br/media/./sapl/public/materialegislativa/2009/452/452_texto_integral.pdf", "ementa": "PAVIMENTA\u00c7\u00c3O NA RUA JO\u00c3O GASPARETO NETO, BAIRRO FAZENDINHA."}, {"id": "453", "ano": "2009", "numero": "9", "tipo__sigla": "REQ", "tipo__descricao": "REQUERIMENTO", "autoria": "CELSINHO A\u00c7OUGUEIRO.", "texto_original": "http://sapl.campolargo.pr.leg.br/media/./sapl/public/materialegislativa/2009/453/453_texto_integral.pdf", "ementa": "TRANSFER\u00caNCIA DO ROLO COMPACTADOR A VAPOR - MARIA FUMA\u00c7A, PARA A PRA\u00c7A GET\u00daLIO VARGAS. "}, {"id": "454", "ano": "2009", "numero": "10", "tipo__sigla": "REQ", "tipo__descricao": "REQUERIMENTO", "autoria": "LINDAMIR IVANOSKI", "texto_original": "http://sapl.campolargo.pr.leg.br/media/./sapl/public/materialegislativa/2009/454/454_texto_integral.pdf", "ementa": "LOMBADAS OU REDUTOR DE VELOCIDADE NA AVENIDA DOS EXPEDICION\u00c1RIOS."}, {"id": "455", "ano": "2009", "numero": "11", "tipo__sigla": "REQ", "tipo__descricao": "REQUERIMENTO", "autoria": "LINDAMIR IVANOSKI", "texto_original": "http://sapl.campolargo.pr.leg.br/media/./sapl/public/materialegislativa/2009/455/455_texto_integral.pdf", "ementa": "AGENDAMENTO POR TELEFONE PARA CONSULTAS E EXAMES DOS PACIENTES DO NIS III, POSTO DE SA\u00daDE CENTRAL, E DEMAIS POSTOS DE SA\u00daDE."}, {"id": "456", "ano": "2009", "numero": "12", "tipo__sigla": "REQ", "tipo__descricao": "REQUERIMENTO", "autoria": "DARCI ANDREASSA", "texto_original": "http://sapl.campolargo.pr.leg.br/media/./sapl/public/materialegislativa/2009/456/456_texto_integral.pdf", "ementa": "CRECHE S\u00c3O JER\u00d4NIMO."}, {"id": "457", "ano": "2009", "numero": "14", "tipo__sigla": "REQ", "tipo__descricao": "REQUERIMENTO", "autoria": "DARCI ANDREASSA", "texto_original": "http://sapl.campolargo.pr.leg.br/media/./sapl/public/materialegislativa/2009/457/457_texto_integral.pdf", "ementa": "LIMPEZA E REVITALIZA\u00c7\u00c3O DO RIO QUE PASSA PELO JARDIM IARA."}, {"id": "480", "ano": "2009", "numero": "15", "tipo__sigla": "REQ", "tipo__descricao": "REQUERIMENTO", "autoria": "DARCI ANDREASSA", "texto_original": "http://sapl.campolargo.pr.leg.br/media/./sapl/public/materialegislativa/2009/480/480_texto_integral.pdf", "ementa": "LIMPEZA E REVITALIZA\u00c7\u00c3O DO RIO PEDREIRA."}, {"id": "458", "ano": "2009", "numero": "16", "tipo__sigla": "REQ", "tipo__descricao": "REQUERIMENTO", "autoria": "DARCI ANDREASSA", "texto_original": "http://sapl.campolargo.pr.leg.br/media/./sapl/public/materialegislativa/2009/458/458_texto_integral.pdf", "ementa": "LIMPEZA E REVITALIZA\u00c7\u00c3O DO RIO QUE PASSA PELO JARDIM SOCIAL."}, {"id": "459", "ano": "2009", "numero": "17", "tipo__sigla": "REQ", "tipo__descricao": "REQUERIMENTO", "autoria": "DARCI ANDREASSA", "texto_original": "http://sapl.campolargo.pr.leg.br/media/./sapl/public/materialegislativa/2009/459/459_texto_integral.pdf", "ementa": "LIMPEZA E REVITALIZA\u00c7\u00c3O DO RIO QUE PASSA PELO BAIRRO FERRARI."}, {"id": "460", "ano": "2009", "numero": "18", "tipo__sigla": "REQ", "tipo__descricao": "REQUERIMENTO", "autoria": "DARCI ANDREASSA", "texto_original": "http://sapl.campolargo.pr.leg.br/media/./sapl/public/materialegislativa/2009/460/460_texto_integral.pdf", "ementa": "PAVIMENTAR AS RUAS REMANESCENTES DO JARDIM IARA E LEAL."}, {"id": "461", "ano": "2009", "numero": "19", "tipo__sigla": "REQ", "tipo__descricao": "REQUERIMENTO", "autoria": "DARCI ANDREASSA", "texto_original": "http://sapl.campolargo.pr.leg.br/media/./sapl/public/materialegislativa/2009/461/461_texto_integral.pdf", "ementa": "PAVIMENTAR AS RUAS DO LOTEAMENTO RIVABEM I E II, E DO LOTEAMENTO ANDREASSA."}, {"id": "462", "ano": "2009", "numero": "20", "tipo__sigla": "REQ", "tipo__descricao": "REQUERIMENTO", "autoria": "DARCI ANDREASSA", "texto_original": "http://sapl.campolargo.pr.leg.br/media/./sapl/public/materialegislativa/2009/462/462_texto_integral.pdf", "ementa": "PAVIMENTAR AS RUAS REMANESCENTES DO JARDIM PADRE ANCHIETA E IT\u00c1LIA."}, {"id": "463", "ano": "2009", "numero": "21", "tipo__sigla": "REQ", "tipo__descricao": "REQUERIMENTO", "autoria": "DARCI ANDREASSA", "texto_original": "http://sapl.campolargo.pr.leg.br/media/./sapl/public/materialegislativa/2009/463/463_texto_integral.pdf", "ementa": "PAVIMENTAR AS RUAS REMANESCENTES DO LOTEAMENTO MIRANDA E LISE."}, {"id": "464", "ano": "2009", "numero": "22", "tipo__sigla": "REQ", "tipo__descricao": "REQUERIMENTO", "autoria": "SERGIO SCHMIDT", "texto_original": "http://sapl.campolargo.pr.leg.br/media/./sapl/public/materialegislativa/2009/464/464_texto_integral.pdf", "ementa": "PAVIMENTA\u00c7\u00c3O ASF\u00c1LTICA NA MARGINAL PARALELA A RODOVIA BR 277, QUE LIGA OS BAIRROS BOM JESUS E ITAQUI."}, {"id": "465", "ano": "2009", "numero": "23", "tipo__sigla": "REQ", "tipo__descricao": "REQUERIMENTO", "autoria": "SERGIO SCHMIDT", "texto_original": "http://sapl.campolargo.pr.leg.br/media/./sapl/public/materialegislativa/2009/465/465_texto_integral.pdf", "ementa": "PAVIMENTA\u00c7\u00c3O ASF\u00c1LTICA NA RUA SALATIEL GASPARINO FERREIRA, ITAQUI."}, {"id": "466", "ano": "2009", "numero": "24", "tipo__sigla": "REQ", "tipo__descricao": "REQUERIMENTO", "autoria": "SERGIO SCHMIDT", "texto_original": "http://sapl.campolargo.pr.leg.br/media/./sapl/public/materialegislativa/2009/466/466_texto_integral.pdf", "ementa": "CRECHE NO JARDIM ITAQUI."}, {"id": "467", "ano": "2009", "numero": "25", "tipo__sigla": "REQ", "tipo__descricao": "REQUERIMENTO", "autoria": "SERGIO SCHMIDT", "texto_original": "http://sapl.campolargo.pr.leg.br/media/./sapl/public/materialegislativa/2009/467/467_texto_integral.pdf", "ementa": "CRECHE EM BATEIAS."}, {"id": "468", "ano": "2009", "numero": "26", "tipo__sigla": "REQ", "tipo__descricao": "REQUERIMENTO", "autoria": "SERGIO SCHMIDT", "texto_original": "http://sapl.campolargo.pr.leg.br/media/", "ementa": "RECAPEAMENTO ASF\u00c1LTICO NA ESTRADA DOM RODRIGO QUE LIGA OS BAIRROS BOM JESUS E ITAQUI."}, {"id": "469", "ano": "2009", "numero": "27", "tipo__sigla": "REQ", "tipo__descricao": "REQUERIMENTO", "autoria": "WILSON ANDRADE", "texto_original": "http://sapl.campolargo.pr.leg.br/media/./sapl/public/materialegislativa/2009/469/469_texto_integral.pdf", "ementa": "REDUTORES DE VELOCIDADE E PLACAS INDICATIVAS DE \u00c1REA ESCOLAR NA RUI BARBOSA, NAS PROXIMIDADES DA ESCOLA CONSTRUTIVA E DO COL\u00c9GIO CENECISTA PRESIDENTE KENEDY."}, {"id": "470", "ano": "2009", "numero": "29", "tipo__sigla": "REQ", "tipo__descricao": "REQUERIMENTO", "autoria": "SERGIO SCHMIDT", "texto_original": "http://sapl.campolargo.pr.leg.br/media/./sapl/public/materialegislativa/2009/470/470_texto_integral.pdf", "ementa": "LIMPEZA, DRENAGEM E REVITALIZA\u00c7\u00c3O DO RIO ITAQUI."}, {"id": "471", "ano": "2009", "numero": "30", "tipo__sigla": "REQ", "tipo__descricao": "REQUERIMENTO", "autoria": "DARCI ANDREASSA", "texto_original": "http://sapl.campolargo.pr.leg.br/media/./sapl/public/materialegislativa/2009/471/471_texto_integral.pdf", "ementa": "PAVIMENTAR AS RUAS REMANESCENTES DO LOTEAMENTO BIEDA."}, {"id": "472", "ano": "2009", "numero": "31", "tipo__sigla": "REQ", "tipo__descricao": "REQUERIMENTO", "autoria": "DARCI ANDREASSA", "texto_original": "http://sapl.campolargo.pr.leg.br/media/./sapl/public/materialegislativa/2009/472/472_texto_integral.pdf", "ementa": "REVITALIZAR A MARGINAL AIRTON SENNA, PROMOVENDO ARBORIZA\u00c7\u00c3O, OPERA\u00c7\u00c3O TAPA BURACOS, MANUTEN\u00c7\u00c3O DA ILUMINA\u00c7\u00c3O P\u00daBLICA."}, {"id": "487", "ano": "2009", "numero": "32", "tipo__sigla": "REQ", "tipo__descricao": "REQUERIMENTO", "autoria": "DARCI ANDREASSA", "texto_original": "http://sapl.campolargo.pr.leg.br/media/./sapl/public/materialegislativa/2009/487/487_texto_integral.pdf", "ementa": "PAVIMENTAR AS RUAS DO ITAQUI DE CIMA."}, {"id": "486", "ano": "2009", "numero": "33", "tipo__sigla": "REQ", "tipo__descricao": "REQUERIMENTO", "autoria": "DARCI ANDREASSA, DIRCEU MOCELIN", "texto_original": "http://sapl.campolargo.pr.leg.br/media/./sapl/public/materialegislativa/2009/486/486_texto_integral.pdf", "ementa": "REVITALIZAR A RUA CAETANO MUNHOZ DA ROCHA E EMA TANER DE ANDRADE, PROMOVENDO A RECAPEAMENTO ASF\u00c1LTICO, ARBORIZA\u00c7\u00c3O, MANUTEN\u00c7\u00c3O DA ILUMINA\u00c7\u00c3O P\u00daBLICA."}, {"id": "473", "ano": "2009", "numero": "39", "tipo__sigla": "REQ", "tipo__descricao": "REQUERIMENTO", "autoria": "LINDAMIR IVANOSKI", "texto_original": "http://sapl.campolargo.pr.leg.br/media/./sapl/public/materialegislativa/2009/473/473_texto_integral.pdf", "ementa": "SEM\u00c1FORO NA ESQUINA DAS RUAS AVENIDA CENTEN\u00c1RIO COM A RUA GON\u00c7ALVES DIAS."}, {"id": "474", "ano": "2009", "numero": "40", "tipo__sigla": "REQ", "tipo__descricao": "REQUERIMENTO", "autoria": "JOSLEY   ANDRADE", "texto_original": "http://sapl.campolargo.pr.leg.br/media/./sapl/public/materialegislativa/2009/474/474_texto_integral.pdf", "ementa": "PATROLAMENTO E ENSAIBRAMENTO DA ESTRADA DOS CORDEIROS, NA LOCALIDADE DO CANTAGALO, AT\u00c9 O DAVI MINEIRO."}, {"id": "475", "ano": "2009", "numero": "41", "tipo__sigla": "REQ", "tipo__descricao": "REQUERIMENTO", "autoria": "JOSLEY   ANDRADE", "texto_original": "http://sapl.campolargo.pr.leg.br/media/./sapl/public/materialegislativa/2009/475/475_texto_integral.pdf", "ementa": "MELHORIAS NA REDE DE ILUMINA\u00c7\u00c3O P\u00daBLICA NA ESTRADA PRINCIPAL DO DISTRITO DE BATEIAS."}, {"id": "476", "ano": "2009", "numero": "42", "tipo__sigla": "REQ", "tipo__descricao": "REQUERIMENTO", "autoria": "JOSLEY   ANDRADE", "texto_original": "http://sapl.campolargo.pr.leg.br/media/./sapl/public/materialegislativa/2009/476/476_texto_integral.pdf", "ementa": "PATROLAMENTO, ENSAIBRAMENTO E COLOCA\u00c7\u00c3O DE MANILHAS NAS RUAS ATR\u00c1S DA ESCOLA NICOLAU MORAES DE CASTRO, NO DISTRITO DE S\u00c3O SILVESTRE."}, {"id": "477", "ano": "2009", "numero": "43", "tipo__sigla": "REQ", "tipo__descricao": "REQUERIMENTO", "autoria": "LUCIR MARCHIORI", "texto_original": "http://sapl.campolargo.pr.leg.br/media/./sapl/public/materialegislativa/2009/477/477_texto_integral.pdf", "ementa": "REVESTIMENTO ASF\u00c1LTICO NA AVENIDA CANAL, BEM COMO LIMPEZA DO CANAL DO RIO CAMBU\u00cd. "}, {"id": "478", "ano": "2009", "numero": "44", "tipo__sigla": "REQ", "tipo__descricao": "REQUERIMENTO", "autoria": "LUCIR MARCHIORI", "texto_original": "http://sapl.campolargo.pr.leg.br/media/./sapl/public/materialegislativa/2009/478/478_texto_integral.pdf", "ementa": "REVESTIMENTO ASF\u00c1LTICO NA ESTRADA DA COL\u00d4NIA ANTONIO REBOU\u00c7AS."}, {"id": "479", "ano": "2009", "numero": "45", "tipo__sigla": "REQ", "tipo__descricao": "REQUERIMENTO", "autoria": "LUCIR MARCHIORI", "texto_original": "http://sapl.campolargo.pr.leg.br/media/./sapl/public/materialegislativa/2009/479/479_texto_integral.pdf", "ementa": "REFORMAS NA ESCOLA MUNICIPAL LUIZ RIVABEM, NO ITAMBEZINHO."}, {"id": "481", "ano": "2009", "numero": "46", "tipo__sigla": "REQ", "tipo__descricao": "REQUERIMENTO", "autoria": "DARCI ANDREASSA", "texto_original": "http://sapl.campolargo.pr.leg.br/media/./sapl/public/materialegislativa/2009/481/481_texto_integral.pdf", "ementa": "REVITALIZAR A AVENIDA LUIZ RIVABEM."}, {"id": "482", "ano": "2009", "numero": "47", "tipo__sigla": "REQ", "tipo__descricao": "REQUERIMENTO", "autoria": "DARCI ANDREASSA", "texto_original": "http://sapl.campolargo.pr.leg.br/media/./sapl/public/materialegislativa/2009/482/482_texto_integral.pdf", "ementa": "PAVIMENTAR AS RUAS REMANESCENTES DA VILA GL\u00d3RIA E JARDIM ESMERALDA."}, {"id": "483", "ano": "2009", "numero": "48", "tipo__sigla": "REQ", "tipo__descricao": "REQUERIMENTO", "autoria": "DARCI ANDREASSA", "texto_original": "http://sapl.campolargo.pr.leg.br/media/./sapl/public/materialegislativa/2009/483/483_texto_integral.pdf", "ementa": "REMODELAR, INSTALAR PARQUINHO INFANTIL E UMA QUADRA CERCADA COM TELA NA PRA\u00c7A OTMAR GERSTER, NA VILA ELIZABETH."}, {"id": "485", "ano": "2009", "numero": "50", "tipo__sigla": "REQ", "tipo__descricao": "REQUERIMENTO", "autoria": "JOSLEY   ANDRADE", "texto_original": "http://sapl.campolargo.pr.leg.br/media/./sapl/public/materialegislativa/2009/485/485_texto_integral.pdf", "ementa": "PAVIMENTA\u00c7\u00c3O ASF\u00c1LTICA NA RUA EUCL\u00cdDES DE ANDRADE, ENTRE MIGUEL ARCANGELO ROSSA AT\u00c9 A ESTRADA DO CERNE."}, {"id": "488", "ano": "2009", "numero": "51", "tipo__sigla": "REQ", "tipo__descricao": "REQUERIMENTO", "autoria": "DARCI ANDREASSA", "texto_original": "http://sapl.campolargo.pr.leg.br/media/./sapl/public/materialegislativa/2009/488/488_texto_integral.pdf", "ementa": "COBERTURA ASF\u00c1LTICA SOBRE PEDRAS IRREGULARES DO CONJUNTO HABITACIONAL JOAQUIM CELESTINO FERREIRA E JARDIM ITABOA."}, {"id": "489", "ano": "2009", "numero": "52", "tipo__sigla": "REQ", "tipo__descricao": "REQUERIMENTO", "autoria": "DARCI ANDREASSA", "texto_original": "http://sapl.campolargo.pr.leg.br/media/./sapl/public/materialegislativa/2009/489/489_texto_integral.pdf", "ementa": "PAVIMENTAR A RUA QUE MARGEIA A LAGOA GRANDE E TERMINA NA RUA CAETANO MUNHOZ DA ROCHA, NO BAIRRO OURO VERDE."}, {"id": "497", "ano": "2009", "numero": "53", "tipo__sigla": "REQ", "tipo__descricao": "REQUERIMENTO", "autoria": "DIRCEU MOCELIN, SERGIO SCHMIDT", "texto_original": "http://sapl.campolargo.pr.leg.br/media/./sapl/public/materialegislativa/2009/497/497_texto_integral.pdf", "ementa": "TELEFONE P\u00daBLICO NA LOCALIDADE DO PINHEIRINHO, EM FRENTE A UNIDADE DE SA\u00daDE"}, {"id": "498", "ano": "2009", "numero": "54", "tipo__sigla": "REQ", "tipo__descricao": "REQUERIMENTO", "autoria": "DIRCEU MOCELIN, SANDRA MARCON", "texto_original": "http://sapl.campolargo.pr.leg.br/media/./sapl/public/materialegislativa/2009/498/498_texto_integral.pdf", "ementa": "RECAPEAMENTO E COLOCA\u00c7\u00c3O DE REDUTORES DE VELOCIDADE NA RUA ALCEB\u00cdADES AFFONSO GUIMAR\u00c3ES, NO JARDIM S\u00c3O VICENTE."}, {"id": "499", "ano": "2009", "numero": "55", "tipo__sigla": "REQ", "tipo__descricao": "REQUERIMENTO", "autoria": "SERGIO SCHMIDT", "texto_original": "http://sapl.campolargo.pr.leg.br/media/./sapl/public/materialegislativa/2009/499/499_texto_integral.pdf", "ementa": "REABERTURA DO CEPAG NA LOCALIDADE DE S\u00c3O SILVESTRE E S\u00c3O PEDRO."}, {"id": "501", "ano": "2009", "numero": "58", "tipo__sigla": "REQ", "tipo__descricao": "REQUERIMENTO", "autoria": "NELSON DE SOUZA", "texto_original": "http://sapl.campolargo.pr.leg.br/media/./sapl/public/materialegislativa/2009/501/501_texto_integral.pdf", "ementa": "ASFALTO EM TODAS AS RUAS DA VILA BOM JARDIM, NO DISTRITO DE FERRARIA."}, {"id": "502", "ano": "2009", "numero": "59", "tipo__sigla": "REQ", "tipo__descricao": "REQUERIMENTO", "autoria": "NELSON DE SOUZA", "texto_original": "http://sapl.campolargo.pr.leg.br/media/./sapl/public/materialegislativa/2009/502/502_texto_integral.pdf", "ementa": "ASFALTO EM TODAS AS RUAS DA VILA DONA FINA, NO DISTRITO DE FERRARIA."}, {"id": "503", "ano": "2009", "numero": "60", "tipo__sigla": "REQ", "tipo__descricao": "REQUERIMENTO", "autoria": "NELSON DE SOUZA", "texto_original": "http://sapl.campolargo.pr.leg.br/media/./sapl/public/materialegislativa/2009/503/503_texto_integral.pdf", "ementa": "ASFALTO EM TODAS AS RUAS DA VILA GILCY, NO DISTRITO DE FERRARIA."}, {"id": "504", "ano": "2009", "numero": "61", "tipo__sigla": "REQ", "tipo__descricao": "REQUERIMENTO", "autoria": "NELSON DE SOUZA", "texto_original": "http://sapl.campolargo.pr.leg.br/media/./sapl/public/materialegislativa/2009/504/504_texto_integral.pdf", "ementa": "ASFALTO EM TODAS AS RUAS DA VILA D\u00c9IA, NO DISTRITO DE FERRARIA."}, {"id": "505", "ano": "2009", "numero": "62", "tipo__sigla": "REQ", "tipo__descricao": "REQUERIMENTO", "autoria": "NELSON DE SOUZA", "texto_original": "http://sapl.campolargo.pr.leg.br/media/./sapl/public/materialegislativa/2009/505/505_texto_integral.pdf", "ementa": "ASFALTO EM TODAS AS RUAS DA VILA TORRES I, NO DISTRITO DE FERRARIA."}, {"id": "506", "ano": "2009", "numero": "63", "tipo__sigla": "REQ", "tipo__descricao": "REQUERIMENTO", "autoria": "NELSON DE SOUZA", "texto_original": "http://sapl.campolargo.pr.leg.br/media/./sapl/public/materialegislativa/2009/506/506_texto_integral.pdf", "ementa": "ASFALTO EM TODAS AS RUAS DA VILA TORRES II, NO DISTRITO DE FERRARIA."}, {"id": "507", "ano": "2009", "numero": "64", "tipo__sigla": "REQ", "tipo__descricao": "REQUERIMENTO", "autoria": "NELSON DE SOUZA", "texto_original": "http://sapl.campolargo.pr.leg.br/media/./sapl/public/materialegislativa/2009/507/507_texto_integral.pdf", "ementa": "ASFALTO EM TODAS AS RUAS DA VILA BOA VISTA, NO DISTRITO DE FERRARIA."}, {"id": "508", "ano": "2009", "numero": "65", "tipo__sigla": "REQ", "tipo__descricao": "REQUERIMENTO", "autoria": "NELSON DE SOUZA", "texto_original": "http://sapl.campolargo.pr.leg.br/media/./sapl/public/materialegislativa/2009/508/508_texto_integral.pdf", "ementa": "ASFALTO EM TODAS AS RUAS DA VILA BOLINETE, NO DISTRITO DE FERRARIA."}, {"id": "509", "ano": "2009", "numero": "66", "tipo__sigla": "REQ", "tipo__descricao": "REQUERIMENTO", "autoria": "NELSON DE SOUZA", "texto_original": "http://sapl.campolargo.pr.leg.br/media/./sapl/public/materialegislativa/2009/509/509_texto_integral.pdf", "ementa": "ASFALTO EM TODAS AS RUAS DA VILA DAVI ANTONIO, NO DISTRITO DE FERRARIA."}, {"id": "510", "ano": "2009", "numero": "67", "tipo__sigla": "REQ", "tipo__descricao": "REQUERIMENTO", "autoria": "NELSON DE SOUZA", "texto_original": "http://sapl.campolargo.pr.leg.br/media/./sapl/public/materialegislativa/2009/510/510_texto_integral.pdf", "ementa": "ASFALTO EM TODAS AS RUAS DA VILA MEDIANEIRA, NO DISTRITO DE FERRARIA."}, {"id": "511", "ano": "2009", "numero": "68", "tipo__sigla": "REQ", "tipo__descricao": "REQUERIMENTO", "autoria": "NELSON DE SOUZA", "texto_original": "http://sapl.campolargo.pr.leg.br/media/./sapl/public/materialegislativa/2009/511/511_texto_integral.pdf", "ementa": "ASFALTO EM TODAS AS RUAS DA VILA TIMBOTUVA, NO DISTRITO DE FERRARIA."}, {"id": "512", "ano": "2009", "numero": "69", "tipo__sigla": "REQ", "tipo__descricao": "REQUERIMENTO", "autoria": "NELSON DE SOUZA", "texto_original": "http://sapl.campolargo.pr.leg.br/media/./sapl/public/materialegislativa/2009/512/512_texto_integral.pdf", "ementa": "ASFALTO EM TODAS AS RUAS DA VILA CARATUVA, NO DISTRITO DE FERRARIA."}, {"id": "513", "ano": "2009", "numero": "70", "tipo__sigla": "REQ", "tipo__descricao": "REQUERIMENTO", "autoria": "NELSON DE SOUZA", "texto_original": "http://sapl.campolargo.pr.leg.br/media/./sapl/public/materialegislativa/2009/513/513_texto_integral.pdf", "ementa": "ASFALTO EM TODAS AS RUAS DA VILA S\u00c3O LUIZ, NO DISTRITO DE FERRARIA."}, {"id": "514", "ano": "2009", "numero": "71", "tipo__sigla": "REQ", "tipo__descricao": "REQUERIMENTO", "autoria": "NELSON DE SOUZA", "texto_original": "http://sapl.campolargo.pr.leg.br/media/./sapl/public/materialegislativa/2009/514/514_texto_integral.pdf", "ementa": "ASFALTO EM TODAS AS RUAS DO JARDIM RONDINHA, NO DISTRITO DE FERRARIA."}, {"id": "515", "ano": "2009", "numero": "72", "tipo__sigla": "REQ", "tipo__descricao": "REQUERIMENTO", "autoria": "NELSON DE SOUZA", "texto_original": "http://sapl.campolargo.pr.leg.br/media/./sapl/public/materialegislativa/2009/515/515_texto_integral.pdf", "ementa": "ASFALTO EM TODAS AS RUAS DA VILA NELI, NO DISTRITO DE FERRARIA."}, {"id": "516", "ano": "2009", "numero": "73", "tipo__sigla": "REQ", "tipo__descricao": "REQUERIMENTO", "autoria": "NELSON DE SOUZA", "texto_original": "http://sapl.campolargo.pr.leg.br/media/./sapl/public/materialegislativa/2009/516/516_texto_integral.pdf", "ementa": "ASFALTO EM TODAS AS RUAS DO JARDIM C\u00c9U AZUL, NO BAIRRO ITAQUI."}, {"id": "517", "ano": "2009", "numero": "74", "tipo__sigla": "REQ", "tipo__descricao": "REQUERIMENTO", "autoria": "NELSON DE SOUZA", "texto_original": "http://sapl.campolargo.pr.leg.br/media/./sapl/public/materialegislativa/2009/517/517_texto_integral.pdf", "ementa": "ASFALTO EM TODAS AS RUAS DO JARDIM MELYANE, NO BAIRRO ITAQUI."}, {"id": "518", "ano": "2009", "numero": "75", "tipo__sigla": "REQ", "tipo__descricao": "REQUERIMENTO", "autoria": "NELSON DE SOUZA", "texto_original": "http://sapl.campolargo.pr.leg.br/media/./sapl/public/materialegislativa/2009/518/518_texto_integral.pdf", "ementa": "ASFALTO EM TODAS AS RUAS DO JARDIM HABITALAR, NO BAIRRO ITAQUI."}, {"id": "519", "ano": "2009", "numero": "76", "tipo__sigla": "REQ", "tipo__descricao": "REQUERIMENTO", "autoria": "NELSON DE SOUZA", "texto_original": "http://sapl.campolargo.pr.leg.br/media/./sapl/public/materialegislativa/2009/519/519_texto_integral.pdf", "ementa": "ASFALTO EM TODAS AS RUAS DO JARDIM NOVO HORIZONTE, NO BAIRRO ITAQUI."}, {"id": "520", "ano": "2009", "numero": "77", "tipo__sigla": "REQ", "tipo__descricao": "REQUERIMENTO", "autoria": "NELSON DE SOUZA", "texto_original": "http://sapl.campolargo.pr.leg.br/media/./sapl/public/materialegislativa/2009/520/520_texto_integral.pdf", "ementa": "ASFALTO EM TODAS AS RUAS DO CAMPO DO MEIO, BAIRRO ITAQUI."}, {"id": "521", "ano": "2009", "numero": "78", "tipo__sigla": "REQ", "tipo__descricao": "REQUERIMENTO", "autoria": "NELSON DE SOUZA", "texto_original": "http://sapl.campolargo.pr.leg.br/media/", "ementa": "ASFALTO EM TODAS AS RUAS DO LOTEAMENTO CRISTO REI, NO BAIRRO ITAQUI."}, {"id": "522", "ano": "2009", "numero": "79", "tipo__sigla": "REQ", "tipo__descricao": "REQUERIMENTO", "autoria": "NELSON DE SOUZA", "texto_original": "http://sapl.campolargo.pr.leg.br/media/", "ementa": "ASFALTO EM TODAS AS RUAS DO LOTEAMENTO NOVA TRENTO, NO BAIRRO ITAQUI."}, {"id": "523", "ano": "2009", "numero": "80", "tipo__sigla": "REQ", "tipo__descricao": "REQUERIMENTO", "autoria": "NELSON DE SOUZA", "texto_original": "http://sapl.campolargo.pr.leg.br/media/./sapl/public/materialegislativa/2009/523/523_texto_integral.pdf", "ementa": "MANUTEN\u00c7\u00c3O DO ASFALTO DA RUA ARAPONGAS, DONA FINA."}, {"id": "524", "ano": "2009", "numero": "84", "tipo__sigla": "REQ", "tipo__descricao": "REQUERIMENTO", "autoria": "Lucir Marchiori, DIRCEU MOCELIN, SANDRA MARCON, WILSON ANDRADE", "texto_original": "http://sapl.campolargo.pr.leg.br/media/./sapl/public/materialegislativa/2009/524/524_texto_integral.pdf", "ementa": "C\u00c2MERA PARA MONITORAMENTO DE IMAGENS NA RUA COMENDADOR MARIANO TORRES, ESQUINA COM A RUA JER\u00d4NIMO DURSKI, AO LADO DO PARQUE DA LAGOA."}, {"id": "525", "ano": "2009", "numero": "85", "tipo__sigla": "REQ", "tipo__descricao": "REQUERIMENTO", "autoria": "JOSLEY   ANDRADE", "texto_original": "http://sapl.campolargo.pr.leg.br/media/./sapl/public/materialegislativa/2009/525/525_texto_integral.pdf", "ementa": "PAVIMENTA\u00c7\u00c3O ASF\u00c1LTICA COM IN\u00cdCIO NO FINAL DA AVENIDA TRITEC, AT\u00c9 O ASFALTO DA FAZENDINHA EM FRENTE AO MERCADO SABIN."}, {"id": "526", "ano": "2009", "numero": "86", "tipo__sigla": "REQ", "tipo__descricao": "REQUERIMENTO", "autoria": "JOSLEY   ANDRADE", "texto_original": "http://sapl.campolargo.pr.leg.br/media/", "ementa": "RAMPAS DE ACESSO PARA PORTADORES DE NECESSIDADES ESPECIAIS NA CASA DA CULTURA E NO MUSEU MUNICIPAL."}, {"id": "527", "ano": "2009", "numero": "87", "tipo__sigla": "REQ", "tipo__descricao": "REQUERIMENTO", "autoria": "JOSLEY   ANDRADE", "texto_original": "http://sapl.campolargo.pr.leg.br/media/./sapl/public/materialegislativa/2009/527/527_texto_integral.pdf", "ementa": "PAVIMENTA\u00c7\u00c3O ASF\u00c1LTICA NA RUA ANGONIO GITIKOSKI, BAIRRO BOTIATUVA."}, {"id": "528", "ano": "2009", "numero": "88", "tipo__sigla": "REQ", "tipo__descricao": "REQUERIMENTO", "autoria": "DARCI ANDREASSA", "texto_original": "http://sapl.campolargo.pr.leg.br/media/./sapl/public/materialegislativa/2009/528/528_texto_integral.pdf", "ementa": "POSTO DE SA\u00daDE NO JARDIM SOCIAL."}, {"id": "529", "ano": "2009", "numero": "89", "tipo__sigla": "REQ", "tipo__descricao": "REQUERIMENTO", "autoria": "WILSON ANDRADE", "texto_original": "http://sapl.campolargo.pr.leg.br/media/./sapl/public/materialegislativa/2009/529/529_texto_integral.pdf", "ementa": "SUGEST\u00c3O A COCEL PARA DOA\u00c7\u00c3O DE SUCATAS PARA ENTIDADES ASSISTENCIAIS DE CAMPO LARGO."}, {"id": "530", "ano": "2009", "numero": "90", "tipo__sigla": "REQ", "tipo__descricao": "REQUERIMENTO", "autoria": "DIRCEU MOCELIN", "texto_original": "http://sapl.campolargo.pr.leg.br/media/./sapl/public/materialegislativa/2009/530/530_texto_integral.pdf", "ementa": "TROCA DE L\u00c2MPADAS DOS POSTES DA ESTRADA MATO GROSSO."}, {"id": "531", "ano": "2009", "numero": "91", "tipo__sigla": "REQ", "tipo__descricao": "REQUERIMENTO", "autoria": "CELSINHO A\u00c7OUGUEIRO.", "texto_original": "http://sapl.campolargo.pr.leg.br/media/./sapl/public/materialegislativa/2009/531/531_texto_integral.pdf", "ementa": "CONSTRU\u00c7\u00c3O DE MUROS ALTOS, COLOCA\u00c7\u00c3O DE CFTV E DISPOSI\u00c7\u00c3O DA GUARDA MUNICIPAL, NOS HOR\u00c1RIOS DE ENTRADA E SA\u00cdDA DO CAIC."}, {"id": "532", "ano": "2009", "numero": "92", "tipo__sigla": "REQ", "tipo__descricao": "REQUERIMENTO", "autoria": "LINDAMIR IVANOSKI, SANDRA MARCON", "texto_original": "http://sapl.campolargo.pr.leg.br/media/./sapl/public/materialegislativa/2009/532/532_texto_integral.pdf", "ementa": "CRECHE PARA O BAIRRO PART\u00caNOPE."}, {"id": "536", "ano": "2009", "numero": "93", "tipo__sigla": "REQ", "tipo__descricao": "REQUERIMENTO", "autoria": "SANDRA MARCON", "texto_original": "http://sapl.campolargo.pr.leg.br/media/./sapl/public/materialegislativa/2009/536/536_texto_integral.pdf", "ementa": "LOCAL PARA UM ALBERGUE."}, {"id": "538", "ano": "2009", "numero": "94", "tipo__sigla": "REQ", "tipo__descricao": "REQUERIMENTO", "autoria": "LINDAMIR IVANOSKI", "texto_original": "http://sapl.campolargo.pr.leg.br/media/./sapl/public/materialegislativa/2009/538/538_texto_integral.pdf", "ementa": "OF\u00cdCIOS AO SR. MICHEL TEMER - PRESIDENTE DA C\u00c2MARA DE DEPUTADOS E AO SENADOR PAULO PAIM, PARA APROVA\u00c7\u00c3O DOS PROJETOS 3.299/08 E 4.434/08. ( APOSENTADORIAS)"}, {"id": "539", "ano": "2009", "numero": "95", "tipo__sigla": "REQ", "tipo__descricao": "REQUERIMENTO", "autoria": "NELSON DE SOUZA", "texto_original": "http://sapl.campolargo.pr.leg.br/media/./sapl/public/materialegislativa/2009/539/539_texto_integral.pdf", "ementa": "UNIDADE DE COLETA DE SANGUE PARA DOADORES NO MUNIC\u00cdPIO."}, {"id": "540", "ano": "2009", "numero": "96", "tipo__sigla": "REQ", "tipo__descricao": "REQUERIMENTO", "autoria": "NELSON DE SOUZA", "texto_original": "http://sapl.campolargo.pr.leg.br/media/./sapl/public/materialegislativa/2009/540/540_texto_integral.pdf", "ementa": "REGULARIZA\u00c7\u00c3O DAS \u00c1REAS OCUPADAS SITUADAS NO JARDIM MELYANE, BAIRRO ITAQUI."}, {"id": "541", "ano": "2009", "numero": "97", "tipo__sigla": "REQ", "tipo__descricao": "REQUERIMENTO", "autoria": "NELSON DE SOUZA", "texto_original": "http://sapl.campolargo.pr.leg.br/media/./sapl/public/materialegislativa/2009/541/541_texto_integral.pdf", "ementa": "REGULARIZA\u00c7\u00c3O DAS \u00c1REAS OCUPADAS NO JARDIM ESMERALDA, BAIRRO ITAQUI."}, {"id": "542", "ano": "2009", "numero": "98", "tipo__sigla": "REQ", "tipo__descricao": "REQUERIMENTO", "autoria": "NELSON DE SOUZA", "texto_original": "http://sapl.campolargo.pr.leg.br/media/./sapl/public/materialegislativa/2009/542/542_texto_integral.pdf", "ementa": "ASFALTO EM TODAS AS RUAS DA VILA SANTA ANGELA, BAIRRO FERRARIA."}, {"id": "543", "ano": "2009", "numero": "99", "tipo__sigla": "REQ", "tipo__descricao": "REQUERIMENTO", "autoria": "NELSON DE SOUZA", "texto_original": "http://sapl.campolargo.pr.leg.br/media/./sapl/public/materialegislativa/2009/543/543_texto_integral.pdf", "ementa": "ASFALTO EM TODAS AS RUAS DA VILA S\u00c3O LUCAS, BAIRRO FERRARIA."}, {"id": "544", "ano": "2009", "numero": "100", "tipo__sigla": "REQ", "tipo__descricao": "REQUERIMENTO", "autoria": "NELSON DE SOUZA", "texto_original": "http://sapl.campolargo.pr.leg.br/media/./sapl/public/materialegislativa/2009/544/544_texto_integral.pdf", "ementa": "ASFALTO EM TODAS AS RUAS DA VILA KELLY CRISTINA, NO BAIRRO FERRARIA."}, {"id": "545", "ano": "2009", "numero": "101", "tipo__sigla": "REQ", "tipo__descricao": "REQUERIMENTO", "autoria": "JOSLEY   ANDRADE, DIRCEU MOCELIN", "texto_original": "http://sapl.campolargo.pr.leg.br/media/./sapl/public/materialegislativa/2009/545/545_texto_integral.pdf", "ementa": "CONSTRU\u00c7\u00c3O DE BANHEIROS P\u00daBLICOS NO CENTRO DA CIDADE."}, {"id": "546", "ano": "2009", "numero": "102", "tipo__sigla": "REQ", "tipo__descricao": "REQUERIMENTO", "autoria": "DIRCEU MOCELIN, DARCI ANDREASSA", "texto_original": "http://sapl.campolargo.pr.leg.br/media/./sapl/public/materialegislativa/2009/546/546_texto_integral.pdf", "ementa": "PAVIMENTA\u00c7\u00c3O ASF\u00c1LTICA  NA RUA S\u00c3O BENEDITO, NA REGI\u00c3O DO SALGADINHO."}, {"id": "548", "ano": "2009", "numero": "104", "tipo__sigla": "REQ", "tipo__descricao": "REQUERIMENTO", "autoria": "JOSLEY   ANDRADE", "texto_original": "http://sapl.campolargo.pr.leg.br/media/./sapl/public/materialegislativa/2009/548/548_texto_integral.pdf", "ementa": "CONSTRU\u00c7\u00c3O DE PRA\u00c7A P\u00daBLICA NA BIFURCA\u00c7\u00c3O DA ESTRADA DO CERNE PR-090, COM A RUA OURO FINO."}, {"id": "549", "ano": "2009", "numero": "105", "tipo__sigla": "REQ", "tipo__descricao": "REQUERIMENTO", "autoria": "JOSLEY   ANDRADE", "texto_original": "http://sapl.campolargo.pr.leg.br/media/./sapl/public/materialegislativa/2009/549/549_texto_integral.pdf", "ementa": "REDUTORES DE VELOCIDADE MAIS EFICIENTE NO IN\u00cdCIO DO BAIRRO DOM PEDRO, PERTO DA METAL\u00daRGICA GANS."}, {"id": "2825", "ano": "2009", "numero": "106", "tipo__sigla": "REQ", "tipo__descricao": "REQUERIMENTO", "autoria": "DARCI ANDREASSA", "texto_original": "http://sapl.campolargo.pr.leg.br/media/./sapl/public/materialegislativa/2009/2825/2825_texto_integral.pdf", "ementa": "REFORMA E REVITALIZA\u00c7\u00c3O DAS CANCHAS POLIESPORTIVAS DOS LOTEAMENTOS SANTA RITA E MORADIAS BOM JESUS."}, {"id": "551", "ano": "2009", "numero": "107", "tipo__sigla": "REQ", "tipo__descricao": "REQUERIMENTO", "autoria": "DARCI ANDREASSA", "texto_original": "http://sapl.campolargo.pr.leg.br/media/./sapl/public/materialegislativa/2009/551/551_texto_integral.pdf", "ementa": "ASFALTAMENTO EM TODAS AS RUAS DO LOTEAMENTO TR\u00caS RIOS."}, {"id": "554", "ano": "2009", "numero": "108", "tipo__sigla": "REQ", "tipo__descricao": "REQUERIMENTO", "autoria": "DARCI ANDREASSA", "texto_original": "http://sapl.campolargo.pr.leg.br/media/./sapl/public/materialegislativa/2009/554/554_texto_integral.pdf", "ementa": "ASFALTAMENTO NA RUAS DAS AC\u00c1CIAS, QUE LIGA O JARDIM DAS AC\u00c1CIAS AO JARDIM DAS CAM\u00c9LIAS."}, {"id": "552", "ano": "2009", "numero": "109", "tipo__sigla": "REQ", "tipo__descricao": "REQUERIMENTO", "autoria": "JOSLEY   ANDRADE", "texto_original": "http://sapl.campolargo.pr.leg.br/media/./sapl/public/materialegislativa/2009/552/552_texto_integral.pdf", "ementa": "PO\u00c7O ARTESIANO PARA A COMUNIDADE DA IGREJA DE MONTES CLAROS."}, {"id": "553", "ano": "2009", "numero": "110", "tipo__sigla": "REQ", "tipo__descricao": "REQUERIMENTO", "autoria": "JOSLEY   ANDRADE", "texto_original": "http://sapl.campolargo.pr.leg.br/media/./sapl/public/materialegislativa/2009/553/553_texto_integral.pdf", "ementa": "REDUTORES DE VELOCIDADE MAIS EFICIENTES NA RUA AMAZ\u00cdLIO LAVAL, NO BAIRRO PART\u00caNOPE."}, {"id": "555", "ano": "2009", "numero": "111", "tipo__sigla": "REQ", "tipo__descricao": "REQUERIMENTO", "autoria": "DARCI ANDREASSA", "texto_original": "http://sapl.campolargo.pr.leg.br/media/./sapl/public/materialegislativa/2009/555/555_texto_integral.pdf", "ementa": "PAVIMENTA\u00c7\u00c3O ASF\u00c1LTICA NAS RUAS DA COL\u00d4NIA BALBINO CUNHA, CONHECIDA COMO COL\u00d4NIA CAMPINA."}, {"id": "557", "ano": "2009", "numero": "114", "tipo__sigla": "REQ", "tipo__descricao": "REQUERIMENTO", "autoria": "NELSON DE SOUZA", "texto_original": "http://sapl.campolargo.pr.leg.br/media/./sapl/public/materialegislativa/2009/557/557_texto_integral.pdf", "ementa": "LEVANTAMENTO DAS \u00c1REAS DE OCUPA\u00c7\u00c3O NO BAIRRO FERRARIA."}, {"id": "558", "ano": "2009", "numero": "115", "tipo__sigla": "REQ", "tipo__descricao": "REQUERIMENTO", "autoria": "NELSON DE SOUZA", "texto_original": "http://sapl.campolargo.pr.leg.br/media/./sapl/public/materialegislativa/2009/558/558_texto_integral.pdf", "ementa": "MANUTEN\u00c7\u00c3O DO ASFALTO DAS RUAS DO LOTEAMENTO NOVA TRENTO I."}, {"id": "559", "ano": "2009", "numero": "116", "tipo__sigla": "REQ", "tipo__descricao": "REQUERIMENTO", "autoria": "NELSON DE SOUZA", "texto_original": "http://sapl.campolargo.pr.leg.br/media/./sapl/public/materialegislativa/2009/559/559_texto_integral.pdf", "ementa": "ASFALTO NAS RUAS REMANESCENTES DO LOTEAMENTO NOVA TRENTO II."}, {"id": "560", "ano": "2009", "numero": "117", "tipo__sigla": "REQ", "tipo__descricao": "REQUERIMENTO", "autoria": "NELSON DE SOUZA", "texto_original": "http://sapl.campolargo.pr.leg.br/media/./sapl/public/materialegislativa/2009/560/560_texto_integral.pdf", "ementa": "LEGALIZA\u00c7\u00c3O DAS \u00c1REAS DE OCUPA\u00c7\u00c3O DO JARDIM S\u00c3O LUCAS, DISTRITO DE FERRARIA."}, {"id": "561", "ano": "2009", "numero": "118", "tipo__sigla": "REQ", "tipo__descricao": "REQUERIMENTO", "autoria": "NELSON DE SOUZA", "texto_original": "http://sapl.campolargo.pr.leg.br/media/./sapl/public/materialegislativa/2009/561/561_texto_integral.pdf", "ementa": "LEGALIZA\u00c7\u00c3O DAS \u00c1REAS DE OCUPA\u00c7\u00c3O DO JARDIM KELLY CRISTINA, DISTRITO DE FERRARIA."}, {"id": "562", "ano": "2009", "numero": "119", "tipo__sigla": "REQ", "tipo__descricao": "REQUERIMENTO", "autoria": "NELSON DE SOUZA", "texto_original": "http://sapl.campolargo.pr.leg.br/media/./sapl/public/materialegislativa/2009/562/562_texto_integral.pdf", "ementa": "LEGALIZA\u00c7\u00c3O DAS \u00c1REAS DE OCUPA\u00c7\u00c3O DO JARDIM SANTA ANGELA, DISTRITO DE FERRARIA."}, {"id": "563", "ano": "2009", "numero": "120", "tipo__sigla": "REQ", "tipo__descricao": "REQUERIMENTO", "autoria": "NELSON DE SOUZA", "texto_original": "http://sapl.campolargo.pr.leg.br/media/./sapl/public/materialegislativa/2009/563/563_texto_integral.pdf", "ementa": "LEGALIZA\u00c7\u00c3O DAS \u00c1REAS DE OCUPA\u00c7\u00c3O DA VILA TORRES II, QUADRA 19, DISTRITO DE FERRARIA."}, {"id": "564", "ano": "2009", "numero": "121", "tipo__sigla": "REQ", "tipo__descricao": "REQUERIMENTO", "autoria": "NELSON DE SOUZA", "texto_original": "http://sapl.campolargo.pr.leg.br/media/./sapl/public/materialegislativa/2009/564/564_texto_integral.pdf", "ementa": "LEGALIZA\u00c7\u00c3O DAS \u00c1REAS DE OCUPA\u00c7\u00c3O DA VILA BOM JARDIM, DISTRITO DE FERRARIA."}, {"id": "565", "ano": "2009", "numero": "122", "tipo__sigla": "REQ", "tipo__descricao": "REQUERIMENTO", "autoria": "NELSON DE SOUZA", "texto_original": "http://sapl.campolargo.pr.leg.br/media/./sapl/public/materialegislativa/2009/565/565_texto_integral.pdf", "ementa": "LEGALIZA\u00c7\u00c3O DAS \u00c1REAS DE OCUPA\u00c7\u00c3O DA VILA DONA FINA, DISTRITO DE FERRARIA."}, {"id": "566", "ano": "2009", "numero": "123", "tipo__sigla": "REQ", "tipo__descricao": "REQUERIMENTO", "autoria": "NELSON DE SOUZA", "texto_original": "http://sapl.campolargo.pr.leg.br/media/./sapl/public/materialegislativa/2009/566/566_texto_integral.pdf", "ementa": "LEGALIZA\u00c7\u00c3O DAS \u00c1REAS DE OCUPA\u00c7\u00c3O DA VILA GILCY, DISTRITO DE FERRARIA."}, {"id": "567", "ano": "2009", "numero": "124", "tipo__sigla": "REQ", "tipo__descricao": "REQUERIMENTO", "autoria": "NELSON DE SOUZA", "texto_original": "http://sapl.campolargo.pr.leg.br/media/./sapl/public/materialegislativa/2009/567/567_texto_integral.pdf", "ementa": "LEGALIZA\u00c7\u00c3O DAS \u00c1REAS DE OCUPA\u00c7\u00c3O DA VILA D\u00c9IA, DISTRITO DE FERRARIA."}, {"id": "568", "ano": "2009", "numero": "126", "tipo__sigla": "REQ", "tipo__descricao": "REQUERIMENTO", "autoria": "NELSON DE SOUZA", "texto_original": "http://sapl.campolargo.pr.leg.br/media/./sapl/public/materialegislativa/2009/568/568_texto_integral.pdf", "ementa": "LEGALIZA\u00c7\u00c3O DAS \u00c1REAS OCUPADAS VILA GL\u00d3RIA."}, {"id": "569", "ano": "2009", "numero": "127", "tipo__sigla": "REQ", "tipo__descricao": "REQUERIMENTO", "autoria": "JOSLEY   ANDRADE", "texto_original": "http://sapl.campolargo.pr.leg.br/media/./sapl/public/materialegislativa/2009/569/569_texto_integral.pdf", "ementa": "PATROLAMENTO E ENSAIBRAMENTO DA ESTRADA DE BOA VISTA AT\u00c9 SETE SALTO DE BAIXO."}, {"id": "570", "ano": "2009", "numero": "128", "tipo__sigla": "REQ", "tipo__descricao": "REQUERIMENTO", "autoria": "JOSLEY   ANDRADE", "texto_original": "http://sapl.campolargo.pr.leg.br/media/./sapl/public/materialegislativa/2009/570/570_texto_integral.pdf", "ementa": "ENSAIBRAMENTO E PATROLAMENTO TR\u00caS C\u00d3RREGOS E S\u00c3O SILVESTRE."}, {"id": "571", "ano": "2009", "numero": "129", "tipo__sigla": "REQ", "tipo__descricao": "REQUERIMENTO", "autoria": "JOSLEY   ANDRADE", "texto_original": "http://sapl.campolargo.pr.leg.br/media/./sapl/public/materialegislativa/2009/571/571_texto_integral.pdf", "ementa": "USO DA TRIBUNA LIVRE PARA O SR. FRANCISCO ZANIN - ACICLA."}, {"id": "572", "ano": "2009", "numero": "130", "tipo__sigla": "REQ", "tipo__descricao": "REQUERIMENTO", "autoria": "SERGIO SCHMIDT, DARCI ANDREASSA", "texto_original": "http://sapl.campolargo.pr.leg.br/media/./sapl/public/materialegislativa/2009/572/572_texto_integral.pdf", "ementa": "RECAPEAMENTO ASF\u00c1LTICO, CONSTRU\u00c7\u00c3O DE PASSEIO, CICLOVIA E ARBORIZA\u00c7\u00c3O NA ESTRADA DOM RODRIGO, QUE LIGA OS BAIRROS BOM JESUS E ITAQUI."}, {"id": "573", "ano": "2009", "numero": "131", "tipo__sigla": "REQ", "tipo__descricao": "REQUERIMENTO", "autoria": "SERGIO SCHMIDT", "texto_original": "http://sapl.campolargo.pr.leg.br/media/./sapl/public/materialegislativa/2009/573/573_texto_integral.pdf", "ementa": "CONSTRU\u00c7\u00c3O DE REFEIT\u00d3RIO NA ESCOLA LUIZA GON\u00c7ALVES MONTEIRO, BATEIAS."}, {"id": "574", "ano": "2009", "numero": "132", "tipo__sigla": "REQ", "tipo__descricao": "REQUERIMENTO", "autoria": "SERGIO SCHMIDT", "texto_original": "http://sapl.campolargo.pr.leg.br/media/./sapl/public/materialegislativa/2009/574/574_texto_integral.pdf", "ementa": "OPERA\u00c7\u00c3O TAPA BURACOS NA RUA DOMINGUES PEREIRA, JARDIM BUSMAYER."}, {"id": "575", "ano": "2009", "numero": "133", "tipo__sigla": "REQ", "tipo__descricao": "REQUERIMENTO", "autoria": "LUCIR MARCHIORI", "texto_original": "http://sapl.campolargo.pr.leg.br/media/./sapl/public/materialegislativa/2009/575/575_texto_integral.pdf", "ementa": "REDUTORES DE VELOCIDADE NA AVENIDA PADRE NATAL PIGATO, PR\u00d3XIMO AO N\u00ba 120."}, {"id": "576", "ano": "2009", "numero": "134", "tipo__sigla": "REQ", "tipo__descricao": "REQUERIMENTO", "autoria": "LUCIR MARCHIORI, LINDAMIR IVANOSKI, SANDRA MARCON", "texto_original": "http://sapl.campolargo.pr.leg.br/media/./sapl/public/materialegislativa/2009/576/576_texto_integral.pdf", "ementa": "COLOCA\u00c7\u00c3O DE LAJOTAS, BANCOS, LUMIN\u00c1RIAS E AJARDINAMENTO NA PRA\u00c7A 8 DE MAR\u00c7O, NO FERRARI."}, {"id": "577", "ano": "2009", "numero": "135", "tipo__sigla": "REQ", "tipo__descricao": "REQUERIMENTO", "autoria": "JOSLEY   ANDRADE", "texto_original": "http://sapl.campolargo.pr.leg.br/media/./sapl/public/materialegislativa/2009/577/577_texto_integral.pdf", "ementa": "CRECHE NO LOTEAMENTO MONSENHOR FRANCISCO GORSKI."}, {"id": "578", "ano": "2009", "numero": "136", "tipo__sigla": "REQ", "tipo__descricao": "REQUERIMENTO", "autoria": "JOSLEY   ANDRADE", "texto_original": "http://sapl.campolargo.pr.leg.br/media/./sapl/public/materialegislativa/2009/578/578_texto_integral.pdf", "ementa": "PATROLAR ESTRADAS VICINAIS DA COL\u00d4NIA BALBINO CUNHA."}, {"id": "579", "ano": "2009", "numero": "137", "tipo__sigla": "REQ", "tipo__descricao": "REQUERIMENTO", "autoria": "SERGIO SCHMIDT", "texto_original": "http://sapl.campolargo.pr.leg.br/media/./sapl/public/materialegislativa/2009/579/579_texto_integral.pdf", "ementa": "LOMBADA NA ESTRADA DO TAQUARAL, EM FRENTE A PROPRIEDADE DO SR. ANTONIO MOZUCH."}, {"id": "581", "ano": "2009", "numero": "138", "tipo__sigla": "REQ", "tipo__descricao": "REQUERIMENTO", "autoria": "DIRCEU MOCELIN", "texto_original": "http://sapl.campolargo.pr.leg.br/media/./sapl/public/materialegislativa/2009/581/581_texto_integral.pdf", "ementa": "CORTE DE GALHOS DE \u00c1RVORES DO TERMINAL RODOVI\u00c1RIO."}, {"id": "582", "ano": "2009", "numero": "139", "tipo__sigla": "REQ", "tipo__descricao": "REQUERIMENTO", "autoria": "DARCI ANDREASSA", "texto_original": "http://sapl.campolargo.pr.leg.br/media/./sapl/public/materialegislativa/2009/582/582_texto_integral.pdf", "ementa": "REESTRUTURA\u00c7\u00c3O DA PRACINHA EXISTENTE NA RUA VIT\u00d3RIO BUCK, NO BOM JESUS."}, {"id": "583", "ano": "2009", "numero": "140", "tipo__sigla": "REQ", "tipo__descricao": "REQUERIMENTO", "autoria": "DARCI ANDREASSA", "texto_original": "http://sapl.campolargo.pr.leg.br/media/./sapl/public/materialegislativa/2009/583/583_texto_integral.pdf", "ementa": "PASSEIO NA RUA WALDEMAR LEO BRAGA, JARDIM SOCIAL- ELV\u00cdDIA."}, {"id": "584", "ano": "2009", "numero": "141", "tipo__sigla": "REQ", "tipo__descricao": "REQUERIMENTO", "autoria": "DARCI ANDREASSA", "texto_original": "http://sapl.campolargo.pr.leg.br/media/./sapl/public/materialegislativa/2009/584/584_texto_integral.pdf", "ementa": "CONTINUA\u00c7\u00c3O DA PAVIMENTA\u00c7\u00c3O ASF\u00c1LTICA NA ESTRADA DOM RODRIGO AT\u00c9 A PR 423."}, {"id": "585", "ano": "2009", "numero": "142", "tipo__sigla": "REQ", "tipo__descricao": "REQUERIMENTO", "autoria": "DARCI ANDREASSA", "texto_original": "http://sapl.campolargo.pr.leg.br/media/./sapl/public/materialegislativa/2009/585/585_texto_integral.pdf", "ementa": "CANCHA POLIESPORTIVA NO LOTEAMENTO S\u00c3O VICENTE."}, {"id": "586", "ano": "2009", "numero": "143", "tipo__sigla": "REQ", "tipo__descricao": "REQUERIMENTO", "autoria": "DARCI ANDREASSA", "texto_original": "http://sapl.campolargo.pr.leg.br/media/./sapl/public/materialegislativa/2009/586/586_texto_integral.pdf", "ementa": "PAVIMENTA\u00c7\u00c3O ASF\u00c1LTICA NA RUA LAUDIVINA DA PIEDADE CAVALIN, VIA QUE INICIA NA AVENIDA DAS TORRES E FINDA NA CAPELA DO DIVINO ESP\u00cdRITO SANTO, NO JARDIM SOCIAL."}, {"id": "587", "ano": "2009", "numero": "144", "tipo__sigla": "REQ", "tipo__descricao": "REQUERIMENTO", "autoria": "NELSON DE SOUZA", "texto_original": "http://sapl.campolargo.pr.leg.br/media/", "ementa": "RECAPEAMENTO NOS TRECHOS REMANESCENTES DA RUA MATO GROSSO, DISTRITO DE FERRARIA."}, {"id": "588", "ano": "2009", "numero": "145", "tipo__sigla": "REQ", "tipo__descricao": "REQUERIMENTO", "autoria": "DARCI ANDREASSA", "texto_original": "http://sapl.campolargo.pr.leg.br/media/./sapl/public/materialegislativa/2009/588/588_texto_integral.pdf", "ementa": "QUE SEJA EXECUTADO PELA GUARDA MUNICIPAL AS OPERA\u00c7\u00d5ES DE ORIENTA\u00c7\u00c3O DE TR\u00c1FEGO DEFRONTE A ESCOLA REINO DA LOUCINHA E COL\u00c9GIO SAGRADA FAM\u00cdLIA."}, {"id": "589", "ano": "2009", "numero": "146", "tipo__sigla": "REQ", "tipo__descricao": "REQUERIMENTO", "autoria": "DARCI ANDREASSA", "texto_original": "http://sapl.campolargo.pr.leg.br/media/./sapl/public/materialegislativa/2009/589/589_texto_integral.pdf", "ementa": "ALARGADA A RUA QUINTINO BOCAI\u00daVA, NO TRECHO DA PRA\u00c7A DEFRONTE DO MERCADO S\u00c3O JOS\u00c9, NA VILA BANC\u00c1RIA."}, {"id": "590", "ano": "2009", "numero": "147", "tipo__sigla": "REQ", "tipo__descricao": "REQUERIMENTO", "autoria": "DARCI ANDREASSA", "texto_original": "http://sapl.campolargo.pr.leg.br/media/./sapl/public/materialegislativa/2009/590/590_texto_integral.pdf", "ementa": "AMPLIA\u00c7\u00c3O DOS PONTOS DE ISEN\u00c7\u00c3O PARA ENTREGA E APANHA DE ESCOLARES NA \u00c1REA DAS ESCOLAS REINO DA LOUCINHA E COL\u00c9GIO SAGRADA FAM\u00cdLIA."}, {"id": "591", "ano": "2009", "numero": "148", "tipo__sigla": "REQ", "tipo__descricao": "REQUERIMENTO", "autoria": "DIRCEU MOCELIN, JOSLEY   ANDRADE", "texto_original": "http://sapl.campolargo.pr.leg.br/media/./sapl/public/materialegislativa/2009/591/591_texto_integral.pdf", "ementa": "PO\u00c7O ARTESIANO NA LOCALIDADE DA TAQUARINHA, ESTRADA PRINCIPAL DO SANTA CRUZ."}, {"id": "592", "ano": "2009", "numero": "149", "tipo__sigla": "REQ", "tipo__descricao": "REQUERIMENTO", "autoria": "Lucir Marchiori, DIRCEU MOCELIN, SANDRA MARCON, WILSON ANDRADE", "texto_original": "http://sapl.campolargo.pr.leg.br/media/./sapl/public/materialegislativa/2009/592/592_texto_integral.pdf", "ementa": "REVESTIMENTO COM PARALELEP\u00cdPEDOS NA RUA PADRE OT\u00c1VIO DOS SANTOS, NO BAIRRO OURO VERDE."}, {"id": "593", "ano": "2009", "numero": "151", "tipo__sigla": "REQ", "tipo__descricao": "REQUERIMENTO", "autoria": "NELSON DE SOUZA", "texto_original": "http://sapl.campolargo.pr.leg.br/media/./sapl/public/materialegislativa/2009/593/593_texto_integral.pdf", "ementa": "RECAPEAMENTO DA RUA MATO GROSSO, NO TRECHO DA VILA KELLY CRISTINA AT\u00c9 O CARATUVA, NO DISTRITO DE FERRARIA."}, {"id": "594", "ano": "2009", "numero": "152", "tipo__sigla": "REQ", "tipo__descricao": "REQUERIMENTO", "autoria": "NELSON DE SOUZA", "texto_original": "http://sapl.campolargo.pr.leg.br/media/./sapl/public/materialegislativa/2009/594/594_texto_integral.pdf", "ementa": "SINALIZA\u00c7\u00c3O EM TODA A EXTENS\u00c3O DA RUA MATO GROSSO."}, {"id": "595", "ano": "2009", "numero": "153", "tipo__sigla": "REQ", "tipo__descricao": "REQUERIMENTO", "autoria": "SERGIO SCHMIDT", "texto_original": "http://sapl.campolargo.pr.leg.br/media/./sapl/public/materialegislativa/2009/595/595_texto_integral.pdf", "ementa": "REDUTOR DE VELOCIDADE NA RUA VICENTE GOBOR, PR\u00d3XIMO AO N\u00ba520, NO BAIRRO SANTA RITA."}, {"id": "596", "ano": "2009", "numero": "154", "tipo__sigla": "REQ", "tipo__descricao": "REQUERIMENTO", "autoria": "SERGIO SCHMIDT", "texto_original": "http://sapl.campolargo.pr.leg.br/media/./sapl/public/materialegislativa/2009/596/596_texto_integral.pdf", "ementa": "COBERTURA ASF\u00c1LTICA SOBRE AS PEDRAS IRREGULARES NAS RUAS: GENEROSO MARQUES, ROCHA POMBO, JO\u00c3O BATISTA VALL\u00d5ES, JO\u00c3O PESSOA, EMILIANO PERNETA."}, {"id": "597", "ano": "2009", "numero": "155", "tipo__sigla": "REQ", "tipo__descricao": "REQUERIMENTO", "autoria": "JORGE JULIO", "texto_original": "http://sapl.campolargo.pr.leg.br/media/./sapl/public/materialegislativa/2009/597/597_texto_integral.pdf", "ementa": "PAVIMENTA\u00c7\u00c3O ASF\u00c1LTICA RUAS DO LOTEAMENTO SKRZPIETZ, NO BAIRRO ITAQUI."}, {"id": "598", "ano": "2009", "numero": "156", "tipo__sigla": "REQ", "tipo__descricao": "REQUERIMENTO", "autoria": "JORGE JULIO", "texto_original": "http://sapl.campolargo.pr.leg.br/media/./sapl/public/materialegislativa/2009/598/598_texto_integral.pdf", "ementa": "PAVIMENTA\u00c7\u00c3O ASF\u00c1LTICA NA RUA VICENTE NALEPA, DESDE A VILA DOM PEDRO II AT\u00c9 A COL\u00d4NIA DOM PEDRO."}, {"id": "599", "ano": "2009", "numero": "157", "tipo__sigla": "REQ", "tipo__descricao": "REQUERIMENTO", "autoria": "JORGE JULIO", "texto_original": "http://sapl.campolargo.pr.leg.br/media/./sapl/public/materialegislativa/2009/599/599_texto_integral.pdf", "ementa": "PLANT\u00c3O M\u00c9DICO  24 HORAS NA UNIDADE DE SA\u00daDE DE TR\u00caS C\u00d3RREGOS."}, {"id": "600", "ano": "2009", "numero": "158", "tipo__sigla": "REQ", "tipo__descricao": "REQUERIMENTO", "autoria": "JORGE JULIO", "texto_original": "http://sapl.campolargo.pr.leg.br/media/./sapl/public/materialegislativa/2009/600/600_texto_integral.pdf", "ementa": "DESTACAMENTO DA POL\u00cdCIA MILITAR NOS DISTRITOS DE TR\u00caS C\u00d3RREGOS E DE S\u00c3O SILVESTRE."}, {"id": "601", "ano": "2009", "numero": "159", "tipo__sigla": "REQ", "tipo__descricao": "REQUERIMENTO", "autoria": "LINDAMIR IVANOSKI", "texto_original": "http://sapl.campolargo.pr.leg.br/media/", "ementa": "MUDAN\u00c7A DE LOCAL DA FEIRA DO PRODUTOR AGR\u00cdCOLA, QUE ACONTECE  AOS S\u00c1BADOS NA RUA CORONEL C\u00c9SAR TORRES, AO LADO DO CEMIT\u00c9RIO."}, {"id": "602", "ano": "2009", "numero": "160", "tipo__sigla": "REQ", "tipo__descricao": "REQUERIMENTO", "autoria": "LINDAMIR IVANOSKI", "texto_original": "http://sapl.campolargo.pr.leg.br/media/./sapl/public/materialegislativa/2009/602/602_texto_integral.pdf", "ementa": "FISCALIZA\u00c7\u00c3O RIGOROSA A RESPEITO DO CUMPRIMENTO DA LEI N\u00ba 1.823/05."}, {"id": "603", "ano": "2009", "numero": "161", "tipo__sigla": "REQ", "tipo__descricao": "REQUERIMENTO", "autoria": "JORGE JULIO", "texto_original": "http://sapl.campolargo.pr.leg.br/media/./sapl/public/materialegislativa/2009/603/603_texto_integral.pdf", "ementa": "OPERA\u00c7\u00c3O TAPA-BURACOS NA RUA LUDOVICO SIKORA, NO DISTRITO DE FERRARIA."}, {"id": "604", "ano": "2009", "numero": "162", "tipo__sigla": "REQ", "tipo__descricao": "REQUERIMENTO", "autoria": "DIRCEU MOCELIN", "texto_original": "http://sapl.campolargo.pr.leg.br/media/./sapl/public/materialegislativa/2009/604/604_texto_integral.pdf", "ementa": "PATROLAMENTO E ENSAIBRAMENTO NAS ESTRADAS DA TAQUARINHA, \u00c1RVORE ALTA, TAQUARA DOS PIRES, GEADA, BARREIRO, JACU\u00cd E PALMITAL DOS PRETOS."}, {"id": "605", "ano": "2009", "numero": "163", "tipo__sigla": "REQ", "tipo__descricao": "REQUERIMENTO", "autoria": "DIRCEU MOCELIN", "texto_original": "http://sapl.campolargo.pr.leg.br/media/./sapl/public/materialegislativa/2009/605/605_texto_integral.pdf", "ementa": "RETORNO DO M\u00c9DICO PARA A LOCALIDADE DO ITAMBEZINHO."}, {"id": "606", "ano": "2009", "numero": "164", "tipo__sigla": "REQ", "tipo__descricao": "REQUERIMENTO", "autoria": "DIRCEU MOCELIN", "texto_original": "http://sapl.campolargo.pr.leg.br/media/./sapl/public/materialegislativa/2009/606/606_texto_integral.pdf", "ementa": "PATROLAMENTO E ENSAIBRAMENTO NAS ESTRADAS DO ITAMBEZINHO E VARGEDO."}, {"id": "608", "ano": "2009", "numero": "165", "tipo__sigla": "REQ", "tipo__descricao": "REQUERIMENTO", "autoria": "JOSLEY   ANDRADE", "texto_original": "http://sapl.campolargo.pr.leg.br/media/./sapl/public/materialegislativa/2009/608/608_texto_integral.pdf", "ementa": "ABERTURA COM PAVIMENTA\u00c7\u00c3O DO PROLONGAMENTO DA RUA OSWALDO CRUZ, ATRAVESSANDO A CH\u00c1CARA DO SR. FERNANDO TH\u00c1, AT\u00c9 A RUA JOAQUIM RIBAS DE ANDRADE."}, {"id": "609", "ano": "2009", "numero": "166", "tipo__sigla": "REQ", "tipo__descricao": "REQUERIMENTO", "autoria": "JOSLEY   ANDRADE", "texto_original": "http://sapl.campolargo.pr.leg.br/media/./sapl/public/materialegislativa/2009/609/609_texto_integral.pdf", "ementa": "CONSTRU\u00c7\u00c3O DE MARGINAL DOS DOIS LADOS DA BR 277, SENTIDO ITAQUI A RONDINHA."}, {"id": "610", "ano": "2009", "numero": "167", "tipo__sigla": "REQ", "tipo__descricao": "REQUERIMENTO", "autoria": "JOSLEY   ANDRADE", "texto_original": "http://sapl.campolargo.pr.leg.br/media/./sapl/public/materialegislativa/2009/610/610_texto_integral.pdf", "ementa": "RETORNO DO CAMINH\u00c3O QUE RECOLHE ENTULHOS NO CENTRO E NOS BAIRROS."}, {"id": "611", "ano": "2009", "numero": "168", "tipo__sigla": "REQ", "tipo__descricao": "REQUERIMENTO", "autoria": "JOSLEY   ANDRADE", "texto_original": "http://sapl.campolargo.pr.leg.br/media/./sapl/public/materialegislativa/2009/611/611_texto_integral.pdf", "ementa": "LIMPEZA E DESOBSTRU\u00c7\u00c3O DOS BUEIROS DA RUA CEC\u00cdLIA MARTINI PUPPI, ESQUINA COM A QUINTINO BOCAI\u00daVA."}, {"id": "612", "ano": "2009", "numero": "169", "tipo__sigla": "REQ", "tipo__descricao": "REQUERIMENTO", "autoria": "JOSLEY   ANDRADE", "texto_original": "http://sapl.campolargo.pr.leg.br/media/./sapl/public/materialegislativa/2009/612/612_texto_integral.pdf", "ementa": "ABERTURA COM PAVIMENTA\u00c7\u00c3O DA RUA SANTOS DUMONT, INICIANDO NA RUA RUI BARBOSA AT\u00c9 A AVENIDA CLOT\u00c1RIO PORTUGAL."}, {"id": "613", "ano": "2009", "numero": "170", "tipo__sigla": "REQ", "tipo__descricao": "REQUERIMENTO", "autoria": "CELSINHO A\u00c7OUGUEIRO.", "texto_original": "http://sapl.campolargo.pr.leg.br/media/./sapl/public/materialegislativa/2009/613/613_texto_integral.pdf", "ementa": "AUMENTO DO N\u00daMERO DE CONSULTAS M\u00c9DICAS POR DIA NO POSTO DO CAIC - \u00c1GUAS CLARAS."}, {"id": "614", "ano": "2009", "numero": "171", "tipo__sigla": "REQ", "tipo__descricao": "REQUERIMENTO", "autoria": "CELSINHO A\u00c7OUGUEIRO.", "texto_original": "http://sapl.campolargo.pr.leg.br/media/./sapl/public/materialegislativa/2009/614/614_texto_integral.pdf", "ementa": "ABERTURA DO POSTO DE SA\u00daDE DO CAIC \u00c0S 6H00."}, {"id": "615", "ano": "2009", "numero": "172", "tipo__sigla": "REQ", "tipo__descricao": "REQUERIMENTO", "autoria": "SANDRA MARCON", "texto_original": "http://sapl.campolargo.pr.leg.br/media/./sapl/public/materialegislativa/2009/615/615_texto_integral.pdf", "ementa": "CUMPRIMENTO DA LEI N\u00ba1.833/05, QUE TRATA DA POL\u00cdTICA MUNICIPAL DE ATEN\u00c7\u00c3O AO DEFICIENTE."}, {"id": "616", "ano": "2009", "numero": "173", "tipo__sigla": "REQ", "tipo__descricao": "REQUERIMENTO", "autoria": "NELSON DE SOUZA", "texto_original": "http://sapl.campolargo.pr.leg.br/media/./sapl/public/materialegislativa/2009/616/616_texto_integral.pdf", "ementa": "CAL\u00c7AMENTO, CICLOVIA, ARBORIZA\u00c7\u00c3O E RECAPEAMENTO EM TODA A EXTENS\u00c3O DA RUA FRITZ ERWIN SCHMIDT, NO ITAQUI."}, {"id": "617", "ano": "2009", "numero": "174", "tipo__sigla": "REQ", "tipo__descricao": "REQUERIMENTO", "autoria": "NELSON DE SOUZA", "texto_original": "http://sapl.campolargo.pr.leg.br/media/./sapl/public/materialegislativa/2009/617/617_texto_integral.pdf", "ementa": "REVIS\u00c3O DO CONTRATO COM A EMPRESA QUE EXPLORA O ESTAR, PARA SEREM ISENTADAS AS MOTOCICLETAS DO PAGAMENTO DESTA TAXA DE ESTACIONAMENTO."}, {"id": "618", "ano": "2009", "numero": "175", "tipo__sigla": "REQ", "tipo__descricao": "REQUERIMENTO", "autoria": "NELSON DE SOUZA", "texto_original": "http://sapl.campolargo.pr.leg.br/media/./sapl/public/materialegislativa/2009/618/618_texto_integral.pdf", "ementa": "REVITALIZA\u00c7\u00c3O DA RUA ARAPONGAS, COM RECAPEAMENTO, CAL\u00c7ADAS, CICLOVIA E CAPTA\u00c7\u00c3O PARA \u00c1GUA FLUVIAL."}, {"id": "619", "ano": "2009", "numero": "176", "tipo__sigla": "REQ", "tipo__descricao": "REQUERIMENTO", "autoria": "DARCI ANDREASSA", "texto_original": "http://sapl.campolargo.pr.leg.br/media/./sapl/public/materialegislativa/2009/619/619_texto_integral.pdf", "ementa": "PAVIMENTAR A CONTINUIDADE DA AVENIDA JOS\u00c9 DE PAIVA VIDAL, AT\u00c9 A RUA ALCEB\u00cdADES AFFONSO GUIMAR\u00c3ES."}, {"id": "620", "ano": "2009", "numero": "177", "tipo__sigla": "REQ", "tipo__descricao": "REQUERIMENTO", "autoria": "NELSON DE SOUZA", "texto_original": "http://sapl.campolargo.pr.leg.br/media/./sapl/public/materialegislativa/2009/620/620_texto_integral.pdf", "ementa": "TRIBUNA LIVRE PARA O SR. PAULO JOS\u00c9 ZANETE, VICE-PRESIDENTE DO SINDICATO NACIONAL DOS APOSENTADOS."}, {"id": "621", "ano": "2009", "numero": "178", "tipo__sigla": "REQ", "tipo__descricao": "REQUERIMENTO", "autoria": "NELSON DE SOUZA, CELSINHO A\u00c7OUGUEIRO.", "texto_original": "http://sapl.campolargo.pr.leg.br/media/./sapl/public/materialegislativa/2009/621/621_texto_integral.pdf", "ementa": "ALARGAMENTO, CAL\u00c7AMENTO, CICLOVIA, CAPTA\u00c7\u00c3O PARA \u00c1GUA FLUVIAL E RECAPEAMENTO EM TODA A EXTENS\u00c3O DA RUA ANGELO ZANETTI."}, {"id": "623", "ano": "2009", "numero": "179", "tipo__sigla": "REQ", "tipo__descricao": "REQUERIMENTO", "autoria": "JORGE JULIO", "texto_original": "http://sapl.campolargo.pr.leg.br/media/./sapl/public/materialegislativa/2009/623/623_texto_integral.pdf", "ementa": "READEQUA\u00c7\u00c3O, PATROLAMENTO, ENSAIBRAMENTO, CONSTRU\u00c7\u00c3O DE BUEIROS NA RUA N\u00c3O DENOMINADA, NO BAIRRO VERDE VELHO, NO DISTRITO DE BATEIAS."}, {"id": "624", "ano": "2009", "numero": "180", "tipo__sigla": "REQ", "tipo__descricao": "REQUERIMENTO", "autoria": "JORGE JULIO", "texto_original": "http://sapl.campolargo.pr.leg.br/media/./sapl/public/materialegislativa/2009/624/624_texto_integral.pdf", "ementa": "MELHORIAS NA ILUMINA\u00c7\u00c3O P\u00daBLICA A RUA MONTE CLARO, NA COL\u00d4NIA REVIER, NO DISTRITO DE FERRARIA."}, {"id": "627", "ano": "2009", "numero": "183", "tipo__sigla": "REQ", "tipo__descricao": "REQUERIMENTO", "autoria": "LUCIR MARCHIORI", "texto_original": "http://sapl.campolargo.pr.leg.br/media/./sapl/public/materialegislativa/2009/627/627_texto_integral.pdf", "ementa": "MUDAN\u00c7AS NA COBRAN\u00c7A DO ESTAR."}, {"id": "628", "ano": "2009", "numero": "184", "tipo__sigla": "REQ", "tipo__descricao": "REQUERIMENTO", "autoria": "LUCIR MARCHIORI", "texto_original": "http://sapl.campolargo.pr.leg.br/media/", "ementa": "RECUPERA\u00c7\u00c3O DO ASFALTO NA RUA DEPUTADO ULYSSES GUIMAR\u00c3ES, NO JARDIM IT\u00c1LIA."}, {"id": "629", "ano": "2009", "numero": "185", "tipo__sigla": "REQ", "tipo__descricao": "REQUERIMENTO", "autoria": "JORGE JULIO", "texto_original": "http://sapl.campolargo.pr.leg.br/media/./sapl/public/materialegislativa/2009/629/629_texto_integral.pdf", "ementa": "POSTO DE AUTO ATENDIMENTO DA COCEL NA LOCALIDADE DE SANTA CRUZ, NO DISTRITO DE TR\u00caS C\u00d3RREGOS."}, {"id": "630", "ano": "2009", "numero": "187", "tipo__sigla": "REQ", "tipo__descricao": "REQUERIMENTO", "autoria": "DIRCEU MOCELIN", "texto_original": "http://sapl.campolargo.pr.leg.br/media/./sapl/public/materialegislativa/2009/630/630_texto_integral.pdf", "ementa": "PINTURA DA LOMBADA E CORTE DE GALHOS DE \u00c1RVORES NA RUA LUIZ RIVABEM, N\u00ba1237."}, {"id": "631", "ano": "2009", "numero": "188", "tipo__sigla": "REQ", "tipo__descricao": "REQUERIMENTO", "autoria": "DIRCEU MOCELIN", "texto_original": "http://sapl.campolargo.pr.leg.br/media/./sapl/public/materialegislativa/2009/631/631_texto_integral.pdf", "ementa": "SEJAM FECHADOS OS TR\u00caS PO\u00c7OS NO FINAL DA RUA 19 DE DEZEMBRO."}, {"id": "632", "ano": "2009", "numero": "189", "tipo__sigla": "REQ", "tipo__descricao": "REQUERIMENTO", "autoria": "DARCI ANDREASSA", "texto_original": "http://sapl.campolargo.pr.leg.br/media/./sapl/public/materialegislativa/2009/632/632_texto_integral.pdf", "ementa": "PAVIMENTAR A CONTINUIDADE DA RUA BERNARDO GUERCHEWSKI AT\u00c9 A AVENIDA JOS\u00c9 DE PAIVA VIDAL."}, {"id": "634", "ano": "2009", "numero": "190", "tipo__sigla": "REQ", "tipo__descricao": "REQUERIMENTO", "autoria": "JOSLEY   ANDRADE", "texto_original": "http://sapl.campolargo.pr.leg.br/media/./sapl/public/materialegislativa/2009/634/634_texto_integral.pdf", "ementa": "PATRULHAMENTO POLICIAL NO LOTEAMENTO RAZERA."}, {"id": "635", "ano": "2009", "numero": "191", "tipo__sigla": "REQ", "tipo__descricao": "REQUERIMENTO", "autoria": "JOSLEY   ANDRADE, DARCI ANDREASSA", "texto_original": "http://sapl.campolargo.pr.leg.br/media/./sapl/public/materialegislativa/2009/635/635_texto_integral.pdf", "ementa": "PATRULHA MECANIZADA RURAL NAS ESTRADAS RURAIS DOS DISTRITOS DO INTERIOR DO MUNIC\u00cdPIO."}, {"id": "636", "ano": "2009", "numero": "192", "tipo__sigla": "REQ", "tipo__descricao": "REQUERIMENTO", "autoria": "NELSON DE SOUZA", "texto_original": "http://sapl.campolargo.pr.leg.br/media/./sapl/public/materialegislativa/2009/636/636_texto_integral.pdf", "ementa": "C\u00d3PIA DO PROCESSO LICITAT\u00d3RIO E DO CONTRATO DE PRESTA\u00c7\u00c3O DE SERVI\u00c7OS PARA A COLETA E DESPOSI\u00c7\u00c3O FINAL DE RES\u00cdDUOS S\u00d3LIDOS URBANOS."}, {"id": "637", "ano": "2009", "numero": "193", "tipo__sigla": "REQ", "tipo__descricao": "REQUERIMENTO", "autoria": "SERGIO SCHMIDT", "texto_original": "http://sapl.campolargo.pr.leg.br/media/./sapl/public/materialegislativa/2009/637/637_texto_integral.pdf", "ementa": "SUGEST\u00c3O PARA ALTERA\u00c7\u00c3O DA LEGISLA\u00c7\u00c3O MUNICIPAL PERTINENTE AO TRANSPORTE POR FRETAMENTO, BEM COMO AO TRANSPORTE ESCOLAR."}, {"id": "638", "ano": "2009", "numero": "194", "tipo__sigla": "REQ", "tipo__descricao": "REQUERIMENTO", "autoria": "JORGE JULIO", "texto_original": "http://sapl.campolargo.pr.leg.br/media/./sapl/public/materialegislativa/2009/638/638_texto_integral.pdf", "ementa": "REDE DE ESGOTO EM TODAS AS RUAS DA VILA DOM PEDRO II."}, {"id": "639", "ano": "2009", "numero": "195", "tipo__sigla": "REQ", "tipo__descricao": "REQUERIMENTO", "autoria": "JORGE JULIO", "texto_original": "http://sapl.campolargo.pr.leg.br/media/./sapl/public/materialegislativa/2009/639/639_texto_integral.pdf", "ementa": "ABERTURA DA RUA PEDRO CHIPIURA, NO CAMPO DO MEIO, ITAQUI."}, {"id": "640", "ano": "2009", "numero": "196", "tipo__sigla": "REQ", "tipo__descricao": "REQUERIMENTO", "autoria": "JORGE JULIO", "texto_original": "http://sapl.campolargo.pr.leg.br/media/./sapl/public/materialegislativa/2009/640/640_texto_integral.pdf", "ementa": "PAVIMENTA\u00c7\u00c3O ASF\u00c1LTICA NA RUA ARAUC\u00c1RIA, VILA DOM PEDRO."}, {"id": "641", "ano": "2009", "numero": "197", "tipo__sigla": "REQ", "tipo__descricao": "REQUERIMENTO", "autoria": "NELSON DE SOUZA, JORGE JULIO", "texto_original": "http://sapl.campolargo.pr.leg.br/media/./sapl/public/materialegislativa/2009/641/641_texto_integral.pdf", "ementa": "PROVID\u00caNCIAS SOBRE AS LIGA\u00c7\u00d5ES DE REDE DE ESGOTO JARDIM GUARANI."}, {"id": "642", "ano": "2009", "numero": "198", "tipo__sigla": "REQ", "tipo__descricao": "REQUERIMENTO", "autoria": "JORGE JULIO", "texto_original": "http://sapl.campolargo.pr.leg.br/media/./sapl/public/materialegislativa/2009/642/642_texto_integral.pdf", "ementa": "PAVIMENTA\u00c7\u00c3O ASF\u00c1LTICA NAS RUAS AMAZ\u00cdLIO LAVAL, PAULO BIANCO E FRANCISCO MARTAUS, NO PART\u00caNOPE E FLORESTAL."}, {"id": "643", "ano": "2009", "numero": "199", "tipo__sigla": "REQ", "tipo__descricao": "REQUERIMENTO", "autoria": "JORGE JULIO", "texto_original": "http://sapl.campolargo.pr.leg.br/media/./sapl/public/materialegislativa/2009/643/643_texto_integral.pdf", "ementa": "LIMPEZA E MANUTEN\u00c7\u00c3O DA CANCHA DE ESPORTES DO CONJUNTO HABITACIONAL ABRANCHES GUIMAR\u00c3ES - POPULAR VELHA."}, {"id": "644", "ano": "2009", "numero": "200", "tipo__sigla": "REQ", "tipo__descricao": "REQUERIMENTO", "autoria": "JORGE JULIO", "texto_original": "http://sapl.campolargo.pr.leg.br/media/./sapl/public/materialegislativa/2009/644/644_texto_integral.pdf", "ementa": "CONSTRU\u00c7\u00c3O DE PONTE PARA FACILITAR LIGA\u00c7\u00c3O DA RUA JO\u00c3O PESSOA."}, {"id": "645", "ano": "2009", "numero": "202", "tipo__sigla": "REQ", "tipo__descricao": "REQUERIMENTO", "autoria": "NELSON DE SOUZA", "texto_original": "http://sapl.campolargo.pr.leg.br/media/./sapl/public/materialegislativa/2009/645/645_texto_integral.pdf", "ementa": "PAVIMENTA\u00c7\u00c3O ASF\u00c1LTICA RUAS DO LOTEAMENTO MONSENHOR FRANCISCO GORSKI."}, {"id": "646", "ano": "2009", "numero": "203", "tipo__sigla": "REQ", "tipo__descricao": "REQUERIMENTO", "autoria": "NELSON DE SOUZA", "texto_original": "http://sapl.campolargo.pr.leg.br/media/./sapl/public/materialegislativa/2009/646/646_texto_integral.pdf", "ementa": "DOIS CARRINHOS PARA O TRANSPORTE DAS URNAS FUNER\u00c1RIAS, UMA PARA O CEMIT\u00c9RIO CENTRAL E OUTRA PARA O CEMIT\u00c9RIO SANTA ANGELO."}, {"id": "647", "ano": "2009", "numero": "204", "tipo__sigla": "REQ", "tipo__descricao": "REQUERIMENTO", "autoria": "NELSON DE SOUZA", "texto_original": "http://sapl.campolargo.pr.leg.br/media/./sapl/public/materialegislativa/2009/647/647_texto_integral.pdf", "ementa": "PATROLAMENTO E ENSAIBRAMENTO NAS RUAS DO LOTEAMENTO MONSENHOR FRANCISCO GORSKI."}, {"id": "648", "ano": "2009", "numero": "205", "tipo__sigla": "REQ", "tipo__descricao": "REQUERIMENTO", "autoria": "JOSLEY   ANDRADE", "texto_original": "http://sapl.campolargo.pr.leg.br/media/./sapl/public/materialegislativa/2009/648/648_texto_integral.pdf", "ementa": "PO\u00c7O ARTESIANO NA LOCALIDADE DE PALMITAL DE S\u00c3O SILVESTRE, E NO DISTRITO DE TR\u00caS C\u00d3RREGOS."}, {"id": "649", "ano": "2009", "numero": "206", "tipo__sigla": "REQ", "tipo__descricao": "REQUERIMENTO", "autoria": "JOSLEY   ANDRADE", "texto_original": "http://sapl.campolargo.pr.leg.br/media/./sapl/public/materialegislativa/2009/649/649_texto_integral.pdf", "ementa": "TELEFONE P\u00daBLICO NA ESTRADA DO CERNE KM 70, LAGEADO, EM FRENTE AO MERCADO MARTINS."}, {"id": "650", "ano": "2009", "numero": "207", "tipo__sigla": "REQ", "tipo__descricao": "REQUERIMENTO", "autoria": "JOSLEY   ANDRADE", "texto_original": "http://sapl.campolargo.pr.leg.br/media/./sapl/public/materialegislativa/2009/650/650_texto_integral.pdf", "ementa": "TELEFONE P\u00daBLICO NA LOCALIDADE DOS BATISTA, PR\u00d3XIMO A CASA DO AGRICULTOR."}, {"id": "652", "ano": "2009", "numero": "211", "tipo__sigla": "REQ", "tipo__descricao": "REQUERIMENTO", "autoria": "LUCIR MARCHIORI, DIRCEU MOCELIN, LINDAMIR IVANOSKI, SANDRA MARCON", "texto_original": "http://sapl.campolargo.pr.leg.br/media/./sapl/public/materialegislativa/2009/652/652_texto_integral.pdf", "ementa": "INSTALA\u00c7\u00c3O DE BOMBA DE ABASTECIMENTO DE COMBUST\u00cdVEL, NO DISTRITO DE TR\u00caS C\u00d3RREGOS."}, {"id": "653", "ano": "2009", "numero": "214", "tipo__sigla": "REQ", "tipo__descricao": "REQUERIMENTO", "autoria": "SERGIO SCHMIDT", "texto_original": "http://sapl.campolargo.pr.leg.br/media/./sapl/public/materialegislativa/2009/653/653_texto_integral.pdf", "ementa": "USO DA TRIBUNA LIVRE PARA O SR. JULIANO CASTAGNOLI, PRESIDENTE DO SINDICATO DOS SERVIDORES P\u00daBLICOS DA ADMINISTRA\u00c7\u00c3O DIRETA."}, {"id": "654", "ano": "2009", "numero": "215", "tipo__sigla": "REQ", "tipo__descricao": "REQUERIMENTO", "autoria": "NELSON DE SOUZA", "texto_original": "http://sapl.campolargo.pr.leg.br/media/./sapl/public/materialegislativa/2009/654/654_texto_integral.pdf", "ementa": "RETIRADA A COBRAN\u00c7A DA TARIFA DE COLETA DE LIXO DAS CONTAS DE \u00c1GUA."}, {"id": "655", "ano": "2009", "numero": "218", "tipo__sigla": "REQ", "tipo__descricao": "REQUERIMENTO", "autoria": "JOSLEY   ANDRADE", "texto_original": "http://sapl.campolargo.pr.leg.br/media/./sapl/public/materialegislativa/2009/655/655_texto_integral.pdf", "ementa": "PAVIMENTA\u00c7\u00c3O COM PEDRAS, SINALIZA\u00c7\u00c3O E PAISAGISMO, EM FRENTE A ESCOLA AUGUSTO PIRES DE PAULA."}, {"id": "656", "ano": "2009", "numero": "219", "tipo__sigla": "REQ", "tipo__descricao": "REQUERIMENTO", "autoria": "JOSLEY   ANDRADE", "texto_original": "http://sapl.campolargo.pr.leg.br/media/./sapl/public/materialegislativa/2009/656/656_texto_integral.pdf", "ementa": "PAVIMENTA\u00c7\u00c3O COM PEDRAS, SINALIZA\u00c7\u00c3O E PAISAGISMO EM FRENTE A ESCOLA NICOLAU MORAES DE CASTRO."}, {"id": "657", "ano": "2009", "numero": "220", "tipo__sigla": "REQ", "tipo__descricao": "REQUERIMENTO", "autoria": "LINDAMIR IVANOSKI", "texto_original": "http://sapl.campolargo.pr.leg.br/media/./sapl/public/materialegislativa/2009/657/657_texto_integral.pdf", "ementa": "USO DA TRIBUNA LIVRE PARA O SR. GUSTAVO PAMPLONA, SECRETARIA MUNICIPAL DE DESENVOLVIMENTO URBANO."}, {"id": "658", "ano": "2009", "numero": "223", "tipo__sigla": "REQ", "tipo__descricao": "REQUERIMENTO", "autoria": "DARCI ANDREASSA", "texto_original": "http://sapl.campolargo.pr.leg.br/media/./sapl/public/materialegislativa/2009/658/658_texto_integral.pdf", "ementa": "PAVIMENTAR A RUA ANDR\u00c9 SARNICK, ENTRE A AVENIDA DOS EXPEDICION\u00c1RIOS E A AVENIDA JOS\u00c9 DE PAIVA VIDAL."}, {"id": "659", "ano": "2009", "numero": "224", "tipo__sigla": "REQ", "tipo__descricao": "REQUERIMENTO", "autoria": "DARCI ANDREASSA", "texto_original": "http://sapl.campolargo.pr.leg.br/media/./sapl/public/materialegislativa/2009/659/659_texto_integral.pdf", "ementa": "PAVIMENTAR AS RUAS QUE AINDA N\u00c3O FORAM ASFALTADAS DO LOTEAMENTO SCHIAVON/RIVABEM."}, {"id": "662", "ano": "2009", "numero": "228", "tipo__sigla": "REQ", "tipo__descricao": "REQUERIMENTO", "autoria": "SERGIO SCHMIDT", "texto_original": "http://sapl.campolargo.pr.leg.br/media/./sapl/public/materialegislativa/2009/662/662_texto_integral.pdf", "ementa": "GUARDI\u00c3O 24 HORAS NO TERMINAL URBANO."}, {"id": "664", "ano": "2009", "numero": "231", "tipo__sigla": "REQ", "tipo__descricao": "REQUERIMENTO", "autoria": "DARCI ANDREASSA", "texto_original": "http://sapl.campolargo.pr.leg.br/media/./sapl/public/materialegislativa/2009/664/664_texto_integral.pdf", "ementa": "DUAS LOMBADAS EM FRENTE A ESCOLA LUIZ RIVABEM, NO ITAMBEZINHO."}, {"id": "665", "ano": "2009", "numero": "232", "tipo__sigla": "REQ", "tipo__descricao": "REQUERIMENTO", "autoria": "NELSON DE SOUZA", "texto_original": "http://sapl.campolargo.pr.leg.br/media/./sapl/public/materialegislativa/2009/665/665_texto_integral.pdf", "ementa": "CRECHE VILA GL\u00d3RIA."}, {"id": "666", "ano": "2009", "numero": "233", "tipo__sigla": "REQ", "tipo__descricao": "REQUERIMENTO", "autoria": "NELSON DE SOUZA", "texto_original": "http://sapl.campolargo.pr.leg.br/media/./sapl/public/materialegislativa/2009/666/666_texto_integral.pdf", "ementa": "COMPRA DE TERRENO NO DISTRITO DA FERRARIA, PARA QUE O GOVERNO DO ESTADO POSSA EXECUTAR A CONSTRU\u00c7\u00c3O DO CENTRO DA JUVENTUDE."}, {"id": "667", "ano": "2009", "numero": "234", "tipo__sigla": "REQ", "tipo__descricao": "REQUERIMENTO", "autoria": "NELSON DE SOUZA", "texto_original": "http://sapl.campolargo.pr.leg.br/media/./sapl/public/materialegislativa/2009/667/667_texto_integral.pdf", "ementa": "CONCESS\u00c3O DE TERRENO NO DISTRITO DA FERRARIA, PARA QUE O GOVERNO DO ESTADO POSSA EXECUTAR A CONSTRU\u00c7\u00c3O DA ESCOLA ESTADUAL GERALDINA DA MOTA."}, {"id": "668", "ano": "2009", "numero": "235", "tipo__sigla": "REQ", "tipo__descricao": "REQUERIMENTO", "autoria": "JORGE JULIO", "texto_original": "http://sapl.campolargo.pr.leg.br/media/./sapl/public/materialegislativa/2009/668/668_texto_integral.pdf", "ementa": "CAIXA ELETR\u00d4NICO DA CAIXA ECON\u00d4MICA FEDERAL NOS DISTRITOS DE S\u00c3O SILVESTRE E TR\u00caS C\u00d3RREGOS."}, {"id": "669", "ano": "2009", "numero": "236", "tipo__sigla": "REQ", "tipo__descricao": "REQUERIMENTO", "autoria": "JORGE JULIO", "texto_original": "http://sapl.campolargo.pr.leg.br/media/./sapl/public/materialegislativa/2009/669/669_texto_integral.pdf", "ementa": "PATROLAMENTO E ENSAIBRAMENTO NA ESTRADA DA LAVRA, BAIRRO FLORESTAL, DISTRITO DE TR\u00caS C\u00d3RREGOS."}, {"id": "670", "ano": "2009", "numero": "237", "tipo__sigla": "REQ", "tipo__descricao": "REQUERIMENTO", "autoria": "JORGE JULIO", "texto_original": "http://sapl.campolargo.pr.leg.br/media/./sapl/public/materialegislativa/2009/670/670_texto_integral.pdf", "ementa": "PAVIMENTA\u00c7\u00c3O ASF\u00c1LTICA DE TODAS AS RUAS DO LOTEAMENTO SABIM."}, {"id": "673", "ano": "2009", "numero": "239", "tipo__sigla": "REQ", "tipo__descricao": "REQUERIMENTO", "autoria": "NELSON DE SOUZA", "texto_original": "http://sapl.campolargo.pr.leg.br/media/./sapl/public/materialegislativa/2009/673/673_texto_integral.pdf", "ementa": "USO DA TRIBUNA LIVRE PARA O SR. AMIR ALEXANDRE CAMPOS, PROPRIET\u00c1RIO DA EMPRESA TRANSPISO."}, {"id": "677", "ano": "2009", "numero": "243", "tipo__sigla": "REQ", "tipo__descricao": "REQUERIMENTO", "autoria": "JOSLEY   ANDRADE", "texto_original": "http://sapl.campolargo.pr.leg.br/media/./sapl/public/materialegislativa/2009/677/677_texto_integral.pdf", "ementa": "PARCERIA DO EXECUTIVO E ACICLA PARA FABRICA\u00c7\u00c3O DE PLACAS INDICATIVAS."}, {"id": "678", "ano": "2009", "numero": "244", "tipo__sigla": "REQ", "tipo__descricao": "REQUERIMENTO", "autoria": "JOSLEY   ANDRADE", "texto_original": "http://sapl.campolargo.pr.leg.br/media/./sapl/public/materialegislativa/2009/678/678_texto_integral.pdf", "ementa": "97 PLACAS PARA AS RUAS DO DISTRITO DE BATEIAS."}, {"id": "680", "ano": "2009", "numero": "245", "tipo__sigla": "REQ", "tipo__descricao": "REQUERIMENTO", "autoria": "NELSON DE SOUZA", "texto_original": "http://sapl.campolargo.pr.leg.br/media/./sapl/public/materialegislativa/2009/680/680_texto_integral.pdf", "ementa": "INCLUS\u00c3O DO PROJETO DE SANEAMENTO DO BOA VISTA."}, {"id": "681", "ano": "2009", "numero": "246", "tipo__sigla": "REQ", "tipo__descricao": "REQUERIMENTO", "autoria": "NELSON DE SOUZA", "texto_original": "http://sapl.campolargo.pr.leg.br/media/./sapl/public/materialegislativa/2009/681/681_texto_integral.pdf", "ementa": "AUDI\u00caNCIA P\u00daBLICA COM OS ENVOLVIDOS NA QUEST\u00c3O DO ACESSO DA TRANSPISO."}, {"id": "682", "ano": "2009", "numero": "247", "tipo__sigla": "REQ", "tipo__descricao": "REQUERIMENTO", "autoria": "NELSON DE SOUZA", "texto_original": "http://sapl.campolargo.pr.leg.br/media/./sapl/public/materialegislativa/2009/682/682_texto_integral.pdf", "ementa": "COBERTURAS PARA OS PONTOS DE \u00d4NIBUS EM TODA A EXTENS\u00c3O DA RUA MATO GROSSO E RUA ARAPONGAS, DISTRITO DE FERRARIA."}, {"id": "683", "ano": "2009", "numero": "248", "tipo__sigla": "REQ", "tipo__descricao": "REQUERIMENTO", "autoria": "NELSON DE SOUZA", "texto_original": "http://sapl.campolargo.pr.leg.br/media/./sapl/public/materialegislativa/2009/683/683_texto_integral.pdf", "ementa": "ESTUDOS ENTRE RODONORTE E EXECUTIVO MUNICIPAL, NO SENTIDO DE REGULARIZA\u00c7\u00c3O DE TODAS AS VIAS DE ACESSO A RODOVIA BR 277."}, {"id": "684", "ano": "2009", "numero": "249", "tipo__sigla": "REQ", "tipo__descricao": "REQUERIMENTO", "autoria": "WILSON ANDRADE", "texto_original": "http://sapl.campolargo.pr.leg.br/media/./sapl/public/materialegislativa/2009/684/684_texto_integral.pdf", "ementa": "USO DA TRIBUNA LIVRE PARA O SR. SANTOS OLIVATTI - PRESIDENTE DA ASSOCIA\u00c7\u00c3O DE MORADORES DO BAIRRO S\u00c3O FRANCISCO DE ASSIS E VILA SILKA, SOBRE AS OBRAS DA EMPRESA TRANSPISO."}, {"id": "685", "ano": "2009", "numero": "251", "tipo__sigla": "REQ", "tipo__descricao": "REQUERIMENTO", "autoria": "JOSLEY   ANDRADE", "texto_original": "http://sapl.campolargo.pr.leg.br/media/./sapl/public/materialegislativa/2009/685/685_texto_integral.pdf", "ementa": "RECUOS DE \u00d4NIBUS EM AMBOS OS LADOS EM TODA A EXTENS\u00c3O DA ESTRADA DA ON\u00c7A, NO DISTRITO DE BATEIAS."}, {"id": "686", "ano": "2009", "numero": "252", "tipo__sigla": "REQ", "tipo__descricao": "REQUERIMENTO", "autoria": "JOSLEY   ANDRADE", "texto_original": "http://sapl.campolargo.pr.leg.br/media/./sapl/public/materialegislativa/2009/686/686_texto_integral.pdf", "ementa": "RECUOS PARA OS \u00d4NIBUS DE AMBOS OS LADOS EM TODA A EXTENS\u00c3O DA PR510, ATUAL ESTRADA DE BATEIAS."}, {"id": "687", "ano": "2009", "numero": "257", "tipo__sigla": "REQ", "tipo__descricao": "REQUERIMENTO", "autoria": "JOSLEY   ANDRADE", "texto_original": "http://sapl.campolargo.pr.leg.br/media/./sapl/public/materialegislativa/2009/687/687_texto_integral.pdf", "ementa": "ACOSTAMENTO DE AMBOS OS LADOS EM TODA A EXTENS\u00c3O DA ESTRADA DA ON\u00c7A NO DISTRITO DE BATEIAS."}, {"id": "688", "ano": "2009", "numero": "258", "tipo__sigla": "REQ", "tipo__descricao": "REQUERIMENTO", "autoria": "JOSLEY   ANDRADE", "texto_original": "http://sapl.campolargo.pr.leg.br/media/./sapl/public/materialegislativa/2009/688/688_texto_integral.pdf", "ementa": "ACOSTAMENTO DE AMBOS OS LADOS EM TODA A EXTENS\u00c3O DA PR-510, ATUAL ESTRADA DE BATEIAS."}, {"id": "689", "ano": "2009", "numero": "259", "tipo__sigla": "REQ", "tipo__descricao": "REQUERIMENTO", "autoria": "DARCI ANDREASSA", "texto_original": "http://sapl.campolargo.pr.leg.br/media/./sapl/public/materialegislativa/2009/689/689_texto_integral.pdf", "ementa": "PAVIMENTA\u00c7\u00c3O ASF\u00c1LTICA NA RUA SATURNINO RAMOS MACHADO, NO LOTEAMENTO BUSMAYER."}, {"id": "690", "ano": "2009", "numero": "260", "tipo__sigla": "REQ", "tipo__descricao": "REQUERIMENTO", "autoria": "DARCI ANDREASSA", "texto_original": "http://sapl.campolargo.pr.leg.br/media/./sapl/public/materialegislativa/2009/690/690_texto_integral.pdf", "ementa": "PAVIMENTA\u00c7\u00c3O ASF\u00c1LTICA NAS RUAS ANTONIO STOCO E ANGELA MAGAT\u00c3O STOCO, NO LOTEAMENTO BUSMAYER."}, {"id": "722", "ano": "2009", "numero": "261", "tipo__sigla": "REQ", "tipo__descricao": "REQUERIMENTO", "autoria": "DARCI ANDREASSA", "texto_original": "http://sapl.campolargo.pr.leg.br/media/./sapl/public/materialegislativa/2009/722/722_texto_integral.pdf", "ementa": "PAVIMENTA\u00c7\u00c3O ASF\u00c1LTICA NA RUA UNI\u00c3O DA VIT\u00d3RIA, NO JARDIM SOCIAL."}, {"id": "691", "ano": "2009", "numero": "262", "tipo__sigla": "REQ", "tipo__descricao": "REQUERIMENTO", "autoria": "DARCI ANDREASSA", "texto_original": "http://sapl.campolargo.pr.leg.br/media/./sapl/public/materialegislativa/2009/691/691_texto_integral.pdf", "ementa": "RESTAURAR A PAVIMENTA\u00c7\u00c3O ASF\u00c1LTICA NA RUA VADECO KRUPA, NO LOTEAMENTO BUSMAYER."}, {"id": "692", "ano": "2009", "numero": "263", "tipo__sigla": "REQ", "tipo__descricao": "REQUERIMENTO", "autoria": "DARCI ANDREASSA", "texto_original": "http://sapl.campolargo.pr.leg.br/media/./sapl/public/materialegislativa/2009/692/692_texto_integral.pdf", "ementa": "ABERTURA DE RUA LIGANDO OS LOTEAMENTOS TR\u00caS RIOS AO MONSENHOR FRANCISCO GORSKI."}, {"id": "693", "ano": "2009", "numero": "264", "tipo__sigla": "REQ", "tipo__descricao": "REQUERIMENTO", "autoria": "DARCI ANDREASSA", "texto_original": "http://sapl.campolargo.pr.leg.br/media/./sapl/public/materialegislativa/2009/693/693_texto_integral.pdf", "ementa": "PAVIMENTA\u00c7\u00c3O ASF\u00c1LTICA NAS RUAS REMANSCENTES DO LOTEAMENTO S\u00c3O FRANCISCO."}, {"id": "694", "ano": "2009", "numero": "265", "tipo__sigla": "REQ", "tipo__descricao": "REQUERIMENTO", "autoria": "LUCIR MARCHIORI, DIRCEU MOCELIN, LINDAMIR IVANOSKI, SANDRA MARCON", "texto_original": "http://sapl.campolargo.pr.leg.br/media/./sapl/public/materialegislativa/2009/694/694_texto_integral.pdf", "ementa": "LIMPEZA NAS RUAS DOS BAIRROS: FERRARI, OURO VERDE I E II, OURO PRETO, S\u00c3O JER\u00d4NIMO E JARDIM BUSMAYER."}, {"id": "695", "ano": "2009", "numero": "266", "tipo__sigla": "REQ", "tipo__descricao": "REQUERIMENTO", "autoria": "LUCIR MARCHIORI, DIRCEU MOCELIN, LINDAMIR IVANOSKI, SANDRA MARCON", "texto_original": "http://sapl.campolargo.pr.leg.br/media/./sapl/public/materialegislativa/2009/695/695_texto_integral.pdf", "ementa": "LIMPEZA NAS RUAS CENTRAIS DA CIDADE."}, {"id": "696", "ano": "2009", "numero": "267", "tipo__sigla": "REQ", "tipo__descricao": "REQUERIMENTO", "autoria": "LUCIR MARCHIORI", "texto_original": "http://sapl.campolargo.pr.leg.br/media/./sapl/public/materialegislativa/2009/696/696_texto_integral.pdf", "ementa": "REVESTIMENTO ASF\u00c1LTICO RUAS JO\u00c3O FLORINDO ZANETTI E CONSTANTINO MAROCHI, DESDE O BAIRRO OURO VERDE AT\u00c9 O JARDIM BUSMAYER."}, {"id": "697", "ano": "2009", "numero": "268", "tipo__sigla": "REQ", "tipo__descricao": "REQUERIMENTO", "autoria": "Lucir Marchiori, SANDRA MARCON", "texto_original": "http://sapl.campolargo.pr.leg.br/media/./sapl/public/materialegislativa/2009/697/697_texto_integral.pdf", "ementa": "REDUTORES DE VELOCIDADE E SINALIZA\u00c7\u00c3O NA RUA JOS\u00c9 LUNARDON, NO FERRARI."}, {"id": "698", "ano": "2009", "numero": "269", "tipo__sigla": "REQ", "tipo__descricao": "REQUERIMENTO", "autoria": "LUCIR MARCHIORI", "texto_original": "http://sapl.campolargo.pr.leg.br/media/./sapl/public/materialegislativa/2009/698/698_texto_integral.pdf", "ementa": "REVESTIMENTO ASF\u00c1LTICO NA RUA VISCONDE DE TAUNAY, NO BAIRRO OURO VERDE."}, {"id": "699", "ano": "2009", "numero": "270", "tipo__sigla": "REQ", "tipo__descricao": "REQUERIMENTO", "autoria": "LINDAMIR IVANOSKI", "texto_original": "http://sapl.campolargo.pr.leg.br/media/", "ementa": "IMEDIATO CUMPRIMENTO A EXPROPRIA\u00c7\u00c3O NOTICIADA NO DECRETO N\u00ba 144/03."}, {"id": "700", "ano": "2009", "numero": "271", "tipo__sigla": "REQ", "tipo__descricao": "REQUERIMENTO", "autoria": "LINDAMIR IVANOSKI", "texto_original": "http://sapl.campolargo.pr.leg.br/media/./sapl/public/materialegislativa/2009/700/700_texto_integral.pdf", "ementa": "C\u00c2MERA PARA MONITORAMENTO DE IMAGENS, NA PRA\u00c7A JO\u00c3O ANTONIO DA COSTA - PRA\u00c7A DO COL\u00c9GIO SAGRADA FAM\u00cdLIA."}, {"id": "701", "ano": "2009", "numero": "272", "tipo__sigla": "REQ", "tipo__descricao": "REQUERIMENTO", "autoria": "NELSON DE SOUZA", "texto_original": "http://sapl.campolargo.pr.leg.br/media/./sapl/public/materialegislativa/2009/701/701_texto_integral.pdf", "ementa": "TELEFONE P\u00daBLICO JUNTO AO POSTO DE SA\u00daDE DA FERRARIA."}, {"id": "707", "ano": "2009", "numero": "274", "tipo__sigla": "REQ", "tipo__descricao": "REQUERIMENTO", "autoria": "DIRCEU MOCELIN", "texto_original": "http://sapl.campolargo.pr.leg.br/media/./sapl/public/materialegislativa/2009/707/707_texto_integral.pdf", "ementa": "REDUTOR DE VELOCIDADE NA RUA SERAFIM AMUR FERREIRA DO AMARAL, PR\u00d3XIMO A CRECHE DED\u00c9 MOCELIN, NO JARDIM SOCIAL."}, {"id": "708", "ano": "2009", "numero": "275", "tipo__sigla": "REQ", "tipo__descricao": "REQUERIMENTO", "autoria": "DIRCEU MOCELIN", "texto_original": "http://sapl.campolargo.pr.leg.br/media/./sapl/public/materialegislativa/2009/708/708_texto_integral.pdf", "ementa": "TELEFONE P\u00daBLICO EM FRENTE A MERCERIA DO DARLEI, NA LOCALIDADE DO TAQUARINHA DE CIMA."}, {"id": "709", "ano": "2009", "numero": "276", "tipo__sigla": "REQ", "tipo__descricao": "REQUERIMENTO", "autoria": "DIRCEU MOCELIN", "texto_original": "http://sapl.campolargo.pr.leg.br/media/./sapl/public/materialegislativa/2009/709/709_texto_integral.pdf", "ementa": "PO\u00c7O ARTESIANO NA REGI\u00c3O DA TAQUARA DE CIMA, NO BAIRRO DOS CALARINDOS."}, {"id": "713", "ano": "2009", "numero": "277", "tipo__sigla": "REQ", "tipo__descricao": "REQUERIMENTO", "autoria": "JORGE JULIO", "texto_original": "http://sapl.campolargo.pr.leg.br/media/./sapl/public/materialegislativa/2009/713/713_texto_integral.pdf", "ementa": "PAVIMENTA\u00c7\u00c3O ASF\u00c1LTICA RUAS DO JARDIM GUARANI."}, {"id": "714", "ano": "2009", "numero": "278", "tipo__sigla": "REQ", "tipo__descricao": "REQUERIMENTO", "autoria": "JORGE JULIO", "texto_original": "http://sapl.campolargo.pr.leg.br/media/./sapl/public/materialegislativa/2009/714/714_texto_integral.pdf", "ementa": "PATROLAMENTO E ENSAIBRAMENTO BAIRRO PASA\u00daNA, DISTRITO DE FERRARIA."}, {"id": "715", "ano": "2009", "numero": "279", "tipo__sigla": "REQ", "tipo__descricao": "REQUERIMENTO", "autoria": "JORGE JULIO", "texto_original": "http://sapl.campolargo.pr.leg.br/media/./sapl/public/materialegislativa/2009/715/715_texto_integral.pdf", "ementa": "READEQUA\u00c7\u00c3O, PATROLAR E ENSAIBRAR, CONSTRUIR BUEIROS PARA \u00c1GUAS PLUVIAIS DAS ESTRADAS SECUND\u00c1RIAS DA ESTRADA DO CERNE, ENTRE OS KM 41 E 55."}, {"id": "716", "ano": "2009", "numero": "280", "tipo__sigla": "REQ", "tipo__descricao": "REQUERIMENTO", "autoria": "JORGE JULIO", "texto_original": "http://sapl.campolargo.pr.leg.br/media/./sapl/public/materialegislativa/2009/716/716_texto_integral.pdf", "ementa": "PAVIMENTA\u00c7\u00c3O ASF\u00c1LTICA EM TODAS AS RUAS DA VILA CONCEI\u00c7\u00c3O, DISTRITO DE FERRARIA."}, {"id": "710", "ano": "2009", "numero": "281", "tipo__sigla": "REQ", "tipo__descricao": "REQUERIMENTO", "autoria": "NELSON DE SOUZA", "texto_original": "http://sapl.campolargo.pr.leg.br/media/./sapl/public/materialegislativa/2009/710/710_texto_integral.pdf", "ementa": "REVITALIZA\u00c7\u00c3O E AMPLIA\u00c7\u00c3O DO P\u00c1TIO EXTERNO DA ESCOLA MUNICIPAL PADRE NATAL PIGATO."}, {"id": "711", "ano": "2009", "numero": "283", "tipo__sigla": "REQ", "tipo__descricao": "REQUERIMENTO", "autoria": "SANDRA MARCON", "texto_original": "http://sapl.campolargo.pr.leg.br/media/", "ementa": "ENVIO DE OF\u00cdCIO AO DEPUTADO ESTADUAL SR. NEY LEPREVOST, PARA QUE INTERCEDA JUNTO AO ESTADO PARA COLOCA\u00c7\u00c3O DE PLACAS DE ADVERT\u00caNCIA INDICANDO CIRCULA\u00c7\u00c3O DE M\u00c1QUINAS AGR\u00cdCOLAS EM TODA A EXTENS\u00c3O DA RODOVIA RAUL AZEVEDO DE MACEDO."}, {"id": "718", "ano": "2009", "numero": "285", "tipo__sigla": "REQ", "tipo__descricao": "REQUERIMENTO", "autoria": "SANDRA MARCON", "texto_original": "http://sapl.campolargo.pr.leg.br/media/./sapl/public/materialegislativa/2009/718/718_texto_integral.pdf", "ementa": "LINHA DE TRANSPORTE COLETIVO DE PASSAGEIROS PARA A RUA S\u00c3O BENEDITO, BAIRRO SALGADINHO."}, {"id": "719", "ano": "2009", "numero": "286", "tipo__sigla": "REQ", "tipo__descricao": "REQUERIMENTO", "autoria": "DARCI ANDREASSA", "texto_original": "http://sapl.campolargo.pr.leg.br/media/./sapl/public/materialegislativa/2009/719/719_texto_integral.pdf", "ementa": "PAVIMENTAR RUA JULIO BUBNIACK, BAIRRO VILA DE LOURDES."}, {"id": "723", "ano": "2009", "numero": "287", "tipo__sigla": "REQ", "tipo__descricao": "REQUERIMENTO", "autoria": "JOSLEY   ANDRADE", "texto_original": "http://sapl.campolargo.pr.leg.br/media/./sapl/public/materialegislativa/2009/723/723_texto_integral.pdf", "ementa": "IMPLANTA\u00c7\u00c3O DE BIODIGESTOR MUNICIPAL PARA APROVEITAMENTO DO LIXO DOM\u00c9STICO RECOLHIDO NO MUNIC\u00cdPIO."}, {"id": "724", "ano": "2009", "numero": "288", "tipo__sigla": "REQ", "tipo__descricao": "REQUERIMENTO", "autoria": "JOSLEY   ANDRADE", "texto_original": "http://sapl.campolargo.pr.leg.br/media/./sapl/public/materialegislativa/2009/724/724_texto_integral.pdf", "ementa": "ABERTURA DO PROLONGAMENTO DA RUA VER. ARLINDO CHEMIM, TRECHO ENTRE A AV. CLOT\u00c1RIO PORTUGAL E AVENIDA PADRE NATAL PIGATO."}, {"id": "725", "ano": "2009", "numero": "289", "tipo__sigla": "REQ", "tipo__descricao": "REQUERIMENTO", "autoria": "JOSLEY   ANDRADE", "texto_original": "http://sapl.campolargo.pr.leg.br/media/./sapl/public/materialegislativa/2009/725/725_texto_integral.pdf", "ementa": "PARA QUE NO HOR\u00c1RIO DA 06:00 \u00c0S 10:40 TODOS OS \u00d4NIBUS V\u00c3O AT\u00c9 O KM 37 - ESTRADA DO CERNE, O MESMO ACONTECENDO AP\u00d3S AS 18:00 HORAS"}, {"id": "726", "ano": "2009", "numero": "290", "tipo__sigla": "REQ", "tipo__descricao": "REQUERIMENTO", "autoria": "NELSON DE SOUZA", "texto_original": "http://sapl.campolargo.pr.leg.br/media/./sapl/public/materialegislativa/2009/726/726_texto_integral.pdf", "ementa": "RETORNO DO \u00d4NIBUS DO MERCADO POPULAR, PARA ATENDER A COMUNIDADE DO DISTRITO DE FERRARIA."}, {"id": "728", "ano": "2009", "numero": "292", "tipo__sigla": "REQ", "tipo__descricao": "REQUERIMENTO", "autoria": "NELSON DE SOUZA", "texto_original": "http://sapl.campolargo.pr.leg.br/media/", "ementa": "INFORMA\u00c7\u00d5ES DO LEGISLATIVO SOBRE FUNCION\u00c1RIOS LOTADOS NA C\u00c2MARA MUNICIPAL."}, {"id": "729", "ano": "2009", "numero": "293", "tipo__sigla": "REQ", "tipo__descricao": "REQUERIMENTO", "autoria": "JORGE JULIO", "texto_original": "http://sapl.campolargo.pr.leg.br/media/./sapl/public/materialegislativa/2009/729/729_texto_integral.pdf", "ementa": "REVITALIZA\u00c7\u00c3O DA RUA CEDROS, COM CAL\u00c7AMENTO, ALARGAMENTO, RECAPEAMENTO E LIGA\u00c7\u00c3O A RUA IP\u00ca, JARDIM GUARANI, DISTRITO DE FERRARIA."}, {"id": "730", "ano": "2009", "numero": "294", "tipo__sigla": "REQ", "tipo__descricao": "REQUERIMENTO", "autoria": "JORGE JULIO", "texto_original": "http://sapl.campolargo.pr.leg.br/media/./sapl/public/materialegislativa/2009/730/730_texto_integral.pdf", "ementa": "PAVIMENTA\u00c7\u00c3O ASF\u00c1LTICA NA CONTINUA\u00c7\u00c3O DA RUA ELVINO DE QUADROS, BEM COMO ALARGAMENTO E CONSTRU\u00c7\u00c3O DE CONTORNO, NO BAIRRO LAMBACK."}, {"id": "731", "ano": "2009", "numero": "295", "tipo__sigla": "REQ", "tipo__descricao": "REQUERIMENTO", "autoria": "JORGE JULIO", "texto_original": "http://sapl.campolargo.pr.leg.br/media/./sapl/public/materialegislativa/2009/731/731_texto_integral.pdf", "ementa": "AMPLIA\u00c7\u00c3O DO POSTO DE SA\u00daDE DE SANTA CRUZ, DISTRITO DE TR\u00caS C\u00d3RREGOS."}, {"id": "732", "ano": "2009", "numero": "298", "tipo__sigla": "REQ", "tipo__descricao": "REQUERIMENTO", "autoria": "SANDRA MARCON", "texto_original": "http://sapl.campolargo.pr.leg.br/media/./sapl/public/materialegislativa/2009/732/732_texto_integral.pdf", "ementa": "ENVIO DE OF\u00cdCIO AO DEPUTADO ESTADUAL SR. NEY LEPREVOST, PARA QUE INTERCEDA JUNTO AO ESTADO PARA COLOCA\u00c7\u00c3O DE PLACAS DE ADVERT\u00caNCIA INDICANDO CIRCULA\u00c7\u00c3O DE M\u00c1QUINAS AGR\u00cdCOLAS EM TODA A EXTENS\u00c3O DA RODOVIA RAUL AZEVEDO DE MACEDO."}, {"id": "733", "ano": "2009", "numero": "299", "tipo__sigla": "REQ", "tipo__descricao": "REQUERIMENTO", "autoria": "DARCI ANDREASSA", "texto_original": "http://sapl.campolargo.pr.leg.br/media/./sapl/public/materialegislativa/2009/733/733_texto_integral.pdf", "ementa": "MELHORIAS, TAIS COMO, LEVANTAMENTO DE PAREDES, CONFEC\u00c7\u00c3O DE VESTI\u00c1RIOS E BANHEIROS NO  GIN\u00c1SIO DE ESPORTES DA ESCOLA JOS\u00c9 ALEXANDRE S\u00c1VIO, JARDIM SOCIAL."}, {"id": "734", "ano": "2009", "numero": "300", "tipo__sigla": "REQ", "tipo__descricao": "REQUERIMENTO", "autoria": "JOSLEY   ANDRADE", "texto_original": "http://sapl.campolargo.pr.leg.br/media/./sapl/public/materialegislativa/2009/734/734_texto_integral.pdf", "ementa": "LIGA\u00c7\u00c3O DE \u00c1GUA E DE LUZ PARA AS PESSOAS QUE MORAM EM \u00c1REAS INVADIDAS A MAIS DE UM ANO."}, {"id": "735", "ano": "2009", "numero": "301", "tipo__sigla": "REQ", "tipo__descricao": "REQUERIMENTO", "autoria": "JOSLEY   ANDRADE", "texto_original": "http://sapl.campolargo.pr.leg.br/media/./sapl/public/materialegislativa/2009/735/735_texto_integral.pdf", "ementa": "INSTALA\u00c7\u00c3O DE PONTOS DE \u00d4NIBUS EM AMBOS OS LADOS DA AVENIDA LUIZ RIVABEM, JARDIM RIVABEM, BAIRRO BOM JESUS."}, {"id": "736", "ano": "2009", "numero": "302", "tipo__sigla": "REQ", "tipo__descricao": "REQUERIMENTO", "autoria": "JOSLEY   ANDRADE", "texto_original": "http://sapl.campolargo.pr.leg.br/media/./sapl/public/materialegislativa/2009/736/736_texto_integral.pdf", "ementa": "PATROLAMENTO, ENSAIBRAMENTO E RO\u00c7ADA NA ESTRADA DA BICA DA PEDRA, LOCALIZADA NO DISTRITO DE TR\u00caS C\u00d3RREGOS."}, {"id": "737", "ano": "2009", "numero": "303", "tipo__sigla": "REQ", "tipo__descricao": "REQUERIMENTO", "autoria": "NELSON DE SOUZA", "texto_original": "http://sapl.campolargo.pr.leg.br/media/./sapl/public/materialegislativa/2009/737/737_texto_integral.pdf", "ementa": "ILUMINA\u00c7\u00c3O NA QUADRA DA ESCOLA MUNICIPAL XV DE OUTUBRO."}, {"id": "738", "ano": "2009", "numero": "304", "tipo__sigla": "REQ", "tipo__descricao": "REQUERIMENTO", "autoria": "NELSON DE SOUZA", "texto_original": "http://sapl.campolargo.pr.leg.br/media/./sapl/public/materialegislativa/2009/738/738_texto_integral.pdf", "ementa": "REDE DE SANEAMENTO B\u00c1SICO NOS BAIRROS RIVABEM I E II."}, {"id": "739", "ano": "2009", "numero": "305", "tipo__sigla": "REQ", "tipo__descricao": "REQUERIMENTO", "autoria": "NELSON DE SOUZA", "texto_original": "http://sapl.campolargo.pr.leg.br/media/./sapl/public/materialegislativa/2009/739/739_texto_integral.pdf", "ementa": "INFORMA\u00c7\u00d5ES SOBRE O PLANEJAMENTO APROVADO PARA O RIVABEM I E RIVABEM II NO ANO DE 2009."}, {"id": "740", "ano": "2009", "numero": "306", "tipo__sigla": "REQ", "tipo__descricao": "REQUERIMENTO", "autoria": "NELSON DE SOUZA", "texto_original": "http://sapl.campolargo.pr.leg.br/media/./sapl/public/materialegislativa/2009/740/740_texto_integral.pdf", "ementa": "PARA QUE O EXECUTIVO INTERFIRA JUNTO AO GOVERNO DO ESTADO PARA PEDIR A CONSTRU\u00c7\u00c3O DO COL\u00c9GIO ESTADUAL CASEMIRO CARMO, BAIRRO RIVABEM."}, {"id": "742", "ano": "2009", "numero": "315", "tipo__sigla": "REQ", "tipo__descricao": "REQUERIMENTO", "autoria": "CELSINHO A\u00c7OUGUEIRO.", "texto_original": "http://sapl.campolargo.pr.leg.br/media/./sapl/public/materialegislativa/2009/742/742_texto_integral.pdf", "ementa": "COLETA DE LIXO NAS RUAS SEBASTI\u00c3O BORGES SAMPAIO E TEREZA GIONEDIS VIESSER, NO BAIRRO ITAQUI DE CIMA."}, {"id": "743", "ano": "2009", "numero": "316", "tipo__sigla": "REQ", "tipo__descricao": "REQUERIMENTO", "autoria": "CELSINHO A\u00c7OUGUEIRO.", "texto_original": "http://sapl.campolargo.pr.leg.br/media/./sapl/public/materialegislativa/2009/743/743_texto_integral.pdf", "ementa": "PATROLAMENTO E ALARGAMENTO DA RUA MARING\u00c1, BAIRRO RIVABEM I."}, {"id": "744", "ano": "2009", "numero": "317", "tipo__sigla": "REQ", "tipo__descricao": "REQUERIMENTO", "autoria": "SERGIO SCHMIDT", "texto_original": "http://sapl.campolargo.pr.leg.br/media/./sapl/public/materialegislativa/2009/744/744_texto_integral.pdf", "ementa": "AUMENTO DA CAPELA MORTU\u00c1RIA DO DISTRITO DE BATEIAS."}, {"id": "745", "ano": "2009", "numero": "318", "tipo__sigla": "REQ", "tipo__descricao": "REQUERIMENTO", "autoria": "LUCIR MARCHIORI", "texto_original": "http://sapl.campolargo.pr.leg.br/media/./sapl/public/materialegislativa/2009/745/745_texto_integral.pdf", "ementa": "AGILIZAR AS CONSULTAS COM ESPECIALISTAS E EXAMES QUE S\u00c3O ENCAMINHADOS PARA CURITIBA."}, {"id": "746", "ano": "2009", "numero": "319", "tipo__sigla": "REQ", "tipo__descricao": "REQUERIMENTO", "autoria": "Lucir Marchiori", "texto_original": "http://sapl.campolargo.pr.leg.br/media/./sapl/public/materialegislativa/2009/746/746_texto_integral.pdf", "ementa": "CONCESS\u00c3O DE ISEN\u00c7\u00c3O DE PAGAMENTO DO ESTAR, POR QUINZE MINUTOS, PARA OS VE\u00cdCULOS DE TAXISTAS, AUTORIZADOS PARA CIRCULAR EM NOSSA CIDADE DE ACORDO COM A LEI."}, {"id": "747", "ano": "2009", "numero": "320", "tipo__sigla": "REQ", "tipo__descricao": "REQUERIMENTO", "autoria": "LUCIR MARCHIORI", "texto_original": "http://sapl.campolargo.pr.leg.br/media/./sapl/public/materialegislativa/2009/747/747_texto_integral.pdf", "ementa": "REVESTIMENTO ASF\u00c1LTICO NA RUA DAS MARGARIDAS, NO BAIRRO ITABOA."}, {"id": "748", "ano": "2009", "numero": "321", "tipo__sigla": "REQ", "tipo__descricao": "REQUERIMENTO", "autoria": "DARCI ANDREASSA", "texto_original": "http://sapl.campolargo.pr.leg.br/media/./sapl/public/materialegislativa/2009/748/748_texto_integral.pdf", "ementa": "CONSTRU\u00c7\u00c3O DE VESTI\u00c1RIOS E SANIT\u00c1RIOS NO CAMPO MUNICIPAL DO JARDIM MELYANE."}, {"id": "749", "ano": "2009", "numero": "322", "tipo__sigla": "REQ", "tipo__descricao": "REQUERIMENTO", "autoria": "DARCI ANDREASSA", "texto_original": "http://sapl.campolargo.pr.leg.br/media/./sapl/public/materialegislativa/2009/749/749_texto_integral.pdf", "ementa": "INSTALA\u00c7\u00c3O DE UM CENTRO DA JUVENTUDE NO BAIRRO BOM JESUS, SUGERINDO-SE PARA TAL O TERRENO DO ANTIGO IBAMA."}, {"id": "750", "ano": "2009", "numero": "323", "tipo__sigla": "REQ", "tipo__descricao": "REQUERIMENTO", "autoria": "SANDRA MARCON, Lucir Marchiori", "texto_original": "http://sapl.campolargo.pr.leg.br/media/./sapl/public/materialegislativa/2009/750/750_texto_integral.pdf", "ementa": "FAIXAS DE SINALIZA\u00c7\u00c3O E PLACAS DE \"PARE\" NA RUA JOS\u00c9 DOMINGUES PEREIRA, ESQUINA COM A RUA JOS\u00c9 BR\u00cdGIDO DOS SANTOS, BAIRRO OURO VERDE."}, {"id": "751", "ano": "2009", "numero": "324", "tipo__sigla": "REQ", "tipo__descricao": "REQUERIMENTO", "autoria": "LUCIR MARCHIORI", "texto_original": "http://sapl.campolargo.pr.leg.br/media/./sapl/public/materialegislativa/2009/751/751_texto_integral.pdf", "ementa": "CANALIZA\u00c7\u00c3O DO ESGOTO NA RUA PINHEIROS, JARDIM GUARANI."}, {"id": "754", "ano": "2009", "numero": "325", "tipo__sigla": "REQ", "tipo__descricao": "REQUERIMENTO", "autoria": "NELSON DE SOUZA", "texto_original": "http://sapl.campolargo.pr.leg.br/media/./sapl/public/materialegislativa/2009/754/754_texto_integral.pdf", "ementa": "PARA QUE O SAL\u00c1RIO M\u00cdNIMO MUNICIPAL SEJA IGUAL AO SAL\u00c1RIO M\u00cdNIMO ESTADUAL."}, {"id": "755", "ano": "2009", "numero": "326", "tipo__sigla": "REQ", "tipo__descricao": "REQUERIMENTO", "autoria": "JORGE JULIO", "texto_original": "http://sapl.campolargo.pr.leg.br/media/./sapl/public/materialegislativa/2009/755/755_texto_integral.pdf", "ementa": "PARA QUE A LINHA DE  \u00d4NIBUS S\u00c3O SILVESTRE, PASSE A ATENDER A COMUNIDADE DE CONCEI\u00c7\u00c3O DOS FLORIANOS, DISTRITOS DE S\u00c3O SILVESTRE."}, {"id": "756", "ano": "2009", "numero": "327", "tipo__sigla": "REQ", "tipo__descricao": "REQUERIMENTO", "autoria": "JORGE JULIO", "texto_original": "http://sapl.campolargo.pr.leg.br/media/./sapl/public/materialegislativa/2009/756/756_texto_integral.pdf", "ementa": "CRECHE NA VILA DOM PEDR II, DISTRITO DE FERRARIA."}, {"id": "757", "ano": "2009", "numero": "328", "tipo__sigla": "REQ", "tipo__descricao": "REQUERIMENTO", "autoria": "JORGE JULIO", "texto_original": "http://sapl.campolargo.pr.leg.br/media/./sapl/public/materialegislativa/2009/757/757_texto_integral.pdf", "ementa": "EXTENS\u00c3O DO TRAJETO DA LINHA CAMPO LARGO BATEIAS, AT\u00c9 A LOCALIDADE DE QUEIMADAS, EM ALGUNS HOR\u00c1RIOS."}, {"id": "758", "ano": "2009", "numero": "330", "tipo__sigla": "REQ", "tipo__descricao": "REQUERIMENTO", "autoria": "JORGE JULIO", "texto_original": "http://sapl.campolargo.pr.leg.br/media/./sapl/public/materialegislativa/2009/758/758_texto_integral.pdf", "ementa": "CENTRAL DE ATENDIMENTO DA PREFEITURA MUNICIPAL NO DISTRITO DE BATEIAS."}, {"id": "760", "ano": "2009", "numero": "332", "tipo__sigla": "REQ", "tipo__descricao": "REQUERIMENTO", "autoria": "JOSLEY   ANDRADE", "texto_original": "http://sapl.campolargo.pr.leg.br/media/./sapl/public/materialegislativa/2009/760/760_texto_integral.pdf", "ementa": "INSTALADO EM TODOS OS SEM\u00c1FOROS, SINALIZADOR DE TEMPO PARA A PASSAGEM DE PEDESTRES."}, {"id": "761", "ano": "2009", "numero": "333", "tipo__sigla": "REQ", "tipo__descricao": "REQUERIMENTO", "autoria": "JOSLEY   ANDRADE", "texto_original": "http://sapl.campolargo.pr.leg.br/media/./sapl/public/materialegislativa/2009/761/761_texto_integral.pdf", "ementa": "PATROLAMENTO, ENSAIBRAMENTO E REFORMA DA PONTE QUE LIGA \u00c1RVORE ALTA, GEADA E BARREIRO."}, {"id": "762", "ano": "2009", "numero": "334", "tipo__sigla": "REQ", "tipo__descricao": "REQUERIMENTO", "autoria": "NELSON DE SOUZA", "texto_original": "http://sapl.campolargo.pr.leg.br/media/./sapl/public/materialegislativa/2009/762/762_texto_integral.pdf", "ementa": "PARA QUE A LINHA DE \u00d4NIBUSTIMBOTUVA PASSE A CONTEMPLAR OS MORADORES DO JARDIM RONDINHA, ATRAV\u00c9S DA RUA S\u00c3O CRIST\u00d3V\u00c3O."}, {"id": "763", "ano": "2009", "numero": "335", "tipo__sigla": "REQ", "tipo__descricao": "REQUERIMENTO", "autoria": "NELSON DE SOUZA", "texto_original": "http://sapl.campolargo.pr.leg.br/media/", "ementa": "INFORMA\u00c7\u00d5ES DE COMO DEVE PROCEDER AS COMISS\u00d5ES, QUANDO ELAS DEVEM SER OUVIDAS E QUANDO DEVEM DAR SEU PARECER."}, {"id": "765", "ano": "2009", "numero": "338", "tipo__sigla": "REQ", "tipo__descricao": "REQUERIMENTO", "autoria": "DARCI ANDREASSA, NELSON DE SOUZA", "texto_original": "http://sapl.campolargo.pr.leg.br/media/./sapl/public/materialegislativa/2009/765/765_texto_integral.pdf", "ementa": "TERMINAL URBANO NA FERRARIA."}, {"id": "766", "ano": "2009", "numero": "339", "tipo__sigla": "REQ", "tipo__descricao": "REQUERIMENTO", "autoria": "DARCI ANDREASSA, CELSINHO A\u00c7OUGUEIRO.", "texto_original": "http://sapl.campolargo.pr.leg.br/media/./sapl/public/materialegislativa/2009/766/766_texto_integral.pdf", "ementa": "TERMINAL URBANO NO BAIRRO DO ITAQUI."}, {"id": "767", "ano": "2009", "numero": "340", "tipo__sigla": "REQ", "tipo__descricao": "REQUERIMENTO", "autoria": "DARCI ANDREASSA", "texto_original": "http://sapl.campolargo.pr.leg.br/media/./sapl/public/materialegislativa/2009/767/767_texto_integral.pdf", "ementa": "REVITALIZAR A RUA ADEMAR DE BARROS, ENTRE A AVENIDA DOS EXPEDICION\u00c1RIOS E A BR 277, SENTIDO PONTA GROSSA - CURITIBA."}, {"id": "769", "ano": "2009", "numero": "341", "tipo__sigla": "REQ", "tipo__descricao": "REQUERIMENTO", "autoria": "DARCI ANDREASSA", "texto_original": "http://sapl.campolargo.pr.leg.br/media/./sapl/public/materialegislativa/2009/769/769_texto_integral.pdf", "ementa": "CONSTRUIR IM\u00d3VEL PR\u00d3PRIO PARA O POSTO DE SA\u00daDE DOS BAIRROS RIVABEM I E II."}, {"id": "770", "ano": "2009", "numero": "342", "tipo__sigla": "REQ", "tipo__descricao": "REQUERIMENTO", "autoria": "DIRCEU MOCELIN", "texto_original": "http://sapl.campolargo.pr.leg.br/media/./sapl/public/materialegislativa/2009/770/770_texto_integral.pdf", "ementa": "AMPLIA\u00c7\u00c3O DA \u00c1REA DE ESTACIONAMENTO DA PREFEITURA."}, {"id": "771", "ano": "2009", "numero": "343", "tipo__sigla": "REQ", "tipo__descricao": "REQUERIMENTO", "autoria": "DIRCEU MOCELIN", "texto_original": "http://sapl.campolargo.pr.leg.br/media/./sapl/public/materialegislativa/2009/771/771_texto_integral.pdf", "ementa": "CRECHE PARA O JARDIM S\u00c3O LUIZ, NO DISTRITO DE FERRARIA."}, {"id": "772", "ano": "2009", "numero": "344", "tipo__sigla": "REQ", "tipo__descricao": "REQUERIMENTO", "autoria": "DIRCEU MOCELIN", "texto_original": "http://sapl.campolargo.pr.leg.br/media/./sapl/public/materialegislativa/2009/772/772_texto_integral.pdf", "ementa": "ACOSTAMENTO COM 60 METROS DE DESACELERA\u00c7\u00c3O E ACELERA\u00c7\u00c3O NA BR 277, SENTIDO PONTA GROSSA, KM 18,5."}, {"id": "773", "ano": "2009", "numero": "345", "tipo__sigla": "REQ", "tipo__descricao": "REQUERIMENTO", "autoria": "DIRCEU MOCELIN", "texto_original": "http://sapl.campolargo.pr.leg.br/media/./sapl/public/materialegislativa/2009/773/773_texto_integral.pdf", "ementa": "MANILHAMENTO NA RUA BALDU\u00cdNO VIDAL, INICIANDO NA ESQUINA DA RUA JOS\u00c9 DOMINGUES PEREIRA AT\u00c9 O FINAL DA MESMA."}, {"id": "774", "ano": "2009", "numero": "346", "tipo__sigla": "REQ", "tipo__descricao": "REQUERIMENTO", "autoria": "DIRCEU MOCELIN", "texto_original": "http://sapl.campolargo.pr.leg.br/media/./sapl/public/materialegislativa/2009/774/774_texto_integral.pdf", "ementa": "ALARGAMENTO E CAL\u00c7AMENTO NA ESTRADA  DO TAQUARAL, DESDE A ESTRADA DA ITAMB\u00c9 AT\u00c9 A PONTE DO RIO TAQUARAL."}, {"id": "775", "ano": "2009", "numero": "347", "tipo__sigla": "REQ", "tipo__descricao": "REQUERIMENTO", "autoria": "DIRCEU MOCELIN", "texto_original": "http://sapl.campolargo.pr.leg.br/media/./sapl/public/materialegislativa/2009/775/775_texto_integral.pdf", "ementa": "AUMENTO EM 1.100 METROS NA LINHA FERRARI AT\u00c9 A MERCEARIA S\u00c3O JOS\u00c9, NA RUA CAETANO MUNHOZ DA ROCHA."}, {"id": "777", "ano": "2009", "numero": "349", "tipo__sigla": "REQ", "tipo__descricao": "REQUERIMENTO", "autoria": "JOSLEY   ANDRADE", "texto_original": "http://sapl.campolargo.pr.leg.br/media/./sapl/public/materialegislativa/2009/777/777_texto_integral.pdf", "ementa": "PONTOS DE \u00d4NIBUS NO LOTEAMENTO MORADIAS BOM JESUS, BEM COMO REFORMA NOS PONTOS J\u00c1 EXISTENTES."}, {"id": "778", "ano": "2009", "numero": "350", "tipo__sigla": "REQ", "tipo__descricao": "REQUERIMENTO", "autoria": "JOSLEY   ANDRADE", "texto_original": "http://sapl.campolargo.pr.leg.br/media/./sapl/public/materialegislativa/2009/778/778_texto_integral.pdf", "ementa": "UTILIZA\u00c7\u00c3O DE T\u00c9CNICA DE COMPOSTAGEM COM OS RES\u00cdDUOS RESULTANTES DOS CORTES DE GRAMAS E RO\u00c7ADAS DO MUNIC\u00cdPIO."}, {"id": "779", "ano": "2009", "numero": "351", "tipo__sigla": "REQ", "tipo__descricao": "REQUERIMENTO", "autoria": "SANDRA MARCON", "texto_original": "http://sapl.campolargo.pr.leg.br/media/./sapl/public/materialegislativa/2009/779/779_texto_integral.pdf", "ementa": "CONVIDAR PARA FAZER USO DE TRIBUNA LIVRE O SECRET\u00c1RIO MUNICIPAL DE SEGURAN\u00c7A P\u00daBLICA, SR. BENEDITO FACINI."}, {"id": "780", "ano": "2009", "numero": "352", "tipo__sigla": "REQ", "tipo__descricao": "REQUERIMENTO", "autoria": "JORGE JULIO", "texto_original": "http://sapl.campolargo.pr.leg.br/media/./sapl/public/materialegislativa/2009/780/780_texto_integral.pdf", "ementa": "COLOCA\u00c7\u00c3O DE MEIO-FIO, CONSTRU\u00c7\u00c3O DE CAL\u00c7ADAS E MANILHAMENTO NAS RUAS CORUMB\u00c1, EUFRATES E DOURADOS NA VILA DOM PEDRO II."}, {"id": "781", "ano": "2009", "numero": "353", "tipo__sigla": "REQ", "tipo__descricao": "REQUERIMENTO", "autoria": "JORGE JULIO", "texto_original": "http://sapl.campolargo.pr.leg.br/media/./sapl/public/materialegislativa/2009/781/781_texto_integral.pdf", "ementa": "CENTRAL DE ATENDIMENTO DA PREFEITURA MUNICIPAL NO DISTRITO DE TR\u00caS C\u00d3RREGOS."}, {"id": "782", "ano": "2009", "numero": "354", "tipo__sigla": "REQ", "tipo__descricao": "REQUERIMENTO", "autoria": "JORGE JULIO", "texto_original": "http://sapl.campolargo.pr.leg.br/media/./sapl/public/materialegislativa/2009/782/782_texto_integral.pdf", "ementa": "READEQUAR, PATROLAR, ENSAIBRAR  E CONSTRUIR BUEIROS NA LOCALIDADE DE CONCEI\u00c7\u00c3O DOS FLORIANOS, NO DISTRITO DE S\u00c3O SILVESTRE."}, {"id": "783", "ano": "2009", "numero": "355", "tipo__sigla": "REQ", "tipo__descricao": "REQUERIMENTO", "autoria": "JORGE JULIO", "texto_original": "http://sapl.campolargo.pr.leg.br/media/./sapl/public/materialegislativa/2009/783/783_texto_integral.pdf", "ementa": "OPERA\u00c7\u00c3O TAPA-BURACOS EM TODAS AS RUAS DO JARDIM GUARANI, PRIORIZANDO AS RUAS TARUM\u00c3 E PALMEIRAS, NO DISTRITO DE FERRARIA."}, {"id": "784", "ano": "2009", "numero": "356", "tipo__sigla": "REQ", "tipo__descricao": "REQUERIMENTO", "autoria": "JORGE JULIO, DARCI ANDREASSA", "texto_original": "http://sapl.campolargo.pr.leg.br/media/./sapl/public/materialegislativa/2009/784/784_texto_integral.pdf", "ementa": "PAVIMENTA\u00c7\u00c3O ASF\u00c1LTICA NAS RUAS REMANESCENTES DOS BAIRROS: CERCADINHO, POMP\u00c9IA E SANTO ONOFRE, NO DISTRITO DE FERRARIA."}, {"id": "785", "ano": "2009", "numero": "357", "tipo__sigla": "REQ", "tipo__descricao": "REQUERIMENTO", "autoria": "JORGE JULIO, DARCI ANDREASSA", "texto_original": "http://sapl.campolargo.pr.leg.br/media/./sapl/public/materialegislativa/2009/785/785_texto_integral.pdf", "ementa": "CONSTRU\u00c7\u00c3O DE DOIS CAMPOS DE FUTEBOL, UM PARA O DISTRITO DE TR\u00caS C\u00d3RREGOS E O OUTRO PARA O DISTRITO DE S\u00c3O SILVESTRE."}, {"id": "786", "ano": "2009", "numero": "358", "tipo__sigla": "REQ", "tipo__descricao": "REQUERIMENTO", "autoria": "NELSON DE SOUZA", "texto_original": "http://sapl.campolargo.pr.leg.br/media/./sapl/public/materialegislativa/2009/786/786_texto_integral.pdf", "ementa": "RECOLOCA\u00c7\u00c3O DE AREIA DE QUALIDADE NA CANCHA DO JARDIM RONDINHA."}, {"id": "787", "ano": "2009", "numero": "359", "tipo__sigla": "REQ", "tipo__descricao": "REQUERIMENTO", "autoria": "NELSON DE SOUZA", "texto_original": "http://sapl.campolargo.pr.leg.br/media/./sapl/public/materialegislativa/2009/787/787_texto_integral.pdf", "ementa": "AMPLIA\u00c7\u00c3O DA CRECHE MARIA DE JESUS FERREIRA, JARDIM RONDINHA."}, {"id": "788", "ano": "2009", "numero": "360", "tipo__sigla": "REQ", "tipo__descricao": "REQUERIMENTO", "autoria": "NELSON DE SOUZA", "texto_original": "http://sapl.campolargo.pr.leg.br/media/./sapl/public/materialegislativa/2009/788/788_texto_integral.pdf", "ementa": "CONSTRU\u00c7\u00c3O DE NOVA CRECHE NA VILA GILCY, DISTRITO DE FERRARIA."}, {"id": "789", "ano": "2009", "numero": "361", "tipo__sigla": "REQ", "tipo__descricao": "REQUERIMENTO", "autoria": "NELSON DE SOUZA", "texto_original": "http://sapl.campolargo.pr.leg.br/media/./sapl/public/materialegislativa/2009/789/789_texto_integral.pdf", "ementa": "REDE DE SANEAMENTO B\u00c1SICO PARA O JARDIM RONDINHA."}, {"id": "790", "ano": "2009", "numero": "362", "tipo__sigla": "REQ", "tipo__descricao": "REQUERIMENTO", "autoria": "LUCIR MARCHIORI", "texto_original": "http://sapl.campolargo.pr.leg.br/media/./sapl/public/materialegislativa/2009/790/790_texto_integral.pdf", "ementa": "REPAROS URGENTES NAS RUAS HUMBERTO BARONI E LUIZ FIRST, NO BAIRRO SANTO ANDR\u00c9, BEM COMO MELHORIAS NA ILUMINA\u00c7\u00c3O P\u00daBLICA."}, {"id": "791", "ano": "2009", "numero": "363", "tipo__sigla": "REQ", "tipo__descricao": "REQUERIMENTO", "autoria": "LUCIR MARCHIORI", "texto_original": "http://sapl.campolargo.pr.leg.br/media/./sapl/public/materialegislativa/2009/791/791_texto_integral.pdf", "ementa": "REDUTORES DE VELOCIDADE NA RUA XV DE NOVEMBRO EM FRENTE A ESCOLA MUNICIPAL CARLOS DRUMOND DE ANDRADE."}, {"id": "794", "ano": "2009", "numero": "373", "tipo__sigla": "REQ", "tipo__descricao": "REQUERIMENTO", "autoria": "LUCIR MARCHIORI", "texto_original": "http://sapl.campolargo.pr.leg.br/media/./sapl/public/materialegislativa/2009/794/794_texto_integral.pdf", "ementa": "REDUTOR DE VELOCIDADE NA RUA JOS\u00c9 DE PAIVA VIDAL, ENTRE OS N\u00daMEROS 1320 AO 1380, NO BAIRRO SANTA TEREZINHA."}, {"id": "795", "ano": "2009", "numero": "374", "tipo__sigla": "REQ", "tipo__descricao": "REQUERIMENTO", "autoria": "LUCIR MARCHIORI", "texto_original": "http://sapl.campolargo.pr.leg.br/media/./sapl/public/materialegislativa/2009/795/795_texto_integral.pdf", "ementa": "DISPONIBILIZADO LOCAL PARA DESPEJO DE RES\u00cdDUOS S\u00d3LIDOS DA CONSTRU\u00c7\u00c3O CIVIL."}, {"id": "796", "ano": "2009", "numero": "375", "tipo__sigla": "REQ", "tipo__descricao": "REQUERIMENTO", "autoria": "LUCIR MARCHIORI", "texto_original": "http://sapl.campolargo.pr.leg.br/media/./sapl/public/materialegislativa/2009/796/796_texto_integral.pdf", "ementa": "CAMINH\u00c3O EQUIPADO PARA RECOLHER RES\u00cdDUOS DE ESGOTO (LIMPA FOSSA), PARA OS MORADORES QUE NECESSITEM DE TAL SERVI\u00c7O."}, {"id": "797", "ano": "2009", "numero": "377", "tipo__sigla": "REQ", "tipo__descricao": "REQUERIMENTO", "autoria": "JOSLEY   ANDRADE", "texto_original": "http://sapl.campolargo.pr.leg.br/media/./sapl/public/materialegislativa/2009/797/797_texto_integral.pdf", "ementa": "LOMBADA NA AVENIDA PADRE ALCIDES ZANELA, PR\u00d3XIMO A BANCA REINALDIN."}, {"id": "798", "ano": "2009", "numero": "378", "tipo__sigla": "REQ", "tipo__descricao": "REQUERIMENTO", "autoria": "JOSLEY   ANDRADE", "texto_original": "http://sapl.campolargo.pr.leg.br/media/./sapl/public/materialegislativa/2009/798/798_texto_integral.pdf", "ementa": "PATROLAMENTO E ENSAIBRAMENTO DA ESTRADA DO RIO BONITO, ITAMBEZINHO."}, {"id": "801", "ano": "2009", "numero": "380", "tipo__sigla": "REQ", "tipo__descricao": "REQUERIMENTO", "autoria": "JORGE JULIO", "texto_original": "http://sapl.campolargo.pr.leg.br/media/./sapl/public/materialegislativa/2009/801/801_texto_integral.pdf", "ementa": "PONTO DE \u00d4NIBUS COM COBERTURA NA RUA INDEPEND\u00caNCIA, NO LOTEAMENTO IARA."}, {"id": "802", "ano": "2009", "numero": "381", "tipo__sigla": "REQ", "tipo__descricao": "REQUERIMENTO", "autoria": "JORGE JULIO", "texto_original": "http://sapl.campolargo.pr.leg.br/media/./sapl/public/materialegislativa/2009/802/802_texto_integral.pdf", "ementa": "PARA QUE A LINHA DE \u00d4NIBUS QUE ATENDE OS LOTEAMENTOS, RONDINHA, S\u00c3O LUIZ, POMP\u00c9IA E CERCADINHO, PASSE A ATENDER A VILA CONCEI\u00c7\u00c3O, O JARDIM GUARANI E A VILA DOM PEDRO II."}, {"id": "803", "ano": "2009", "numero": "382", "tipo__sigla": "REQ", "tipo__descricao": "REQUERIMENTO", "autoria": "JORGE JULIO", "texto_original": "http://sapl.campolargo.pr.leg.br/media/./sapl/public/materialegislativa/2009/803/803_texto_integral.pdf", "ementa": "ABERTURA DE RUA, LIGANDO A RUA PRESIDENTE EURICO GASPAR DUTRA A RUA PRUDENTE DE MORAES, NO DISTRITO DE FERRARIA."}, {"id": "804", "ano": "2009", "numero": "383", "tipo__sigla": "REQ", "tipo__descricao": "REQUERIMENTO", "autoria": "SANDRA MARCON, LINDAMIR IVANOSKI, SERGIO SCHMIDT", "texto_original": "http://sapl.campolargo.pr.leg.br/media/./sapl/public/materialegislativa/2009/804/804_texto_integral.pdf", "ementa": "CONVITE PARA O SECRET\u00c1RIO MUNICIPAL DE SA\u00daDE, DR. LUCIANO ULTRAMARI WERNER, FAZER USO DA TRIBUNA LIVRE."}, {"id": "807", "ano": "2009", "numero": "385", "tipo__sigla": "REQ", "tipo__descricao": "REQUERIMENTO", "autoria": "SERGIO SCHMIDT, DIRCEU MOCELIN", "texto_original": "http://sapl.campolargo.pr.leg.br/media/./sapl/public/materialegislativa/2009/807/807_texto_integral.pdf", "ementa": "REFORMAS E INSTALA\u00c7\u00c3O DE ILUMINA\u00c7\u00c3O NO CAMPO DE FUTEBOL EXISTENTES NA LOCALIDADE DE S\u00c3O PEDRO."}, {"id": "808", "ano": "2009", "numero": "386", "tipo__sigla": "REQ", "tipo__descricao": "REQUERIMENTO", "autoria": "DARCI ANDREASSA", "texto_original": "http://sapl.campolargo.pr.leg.br/media/./sapl/public/materialegislativa/2009/808/808_texto_integral.pdf", "ementa": "INSTALA\u00c7\u00c3O DE TELEFONE P\u00daBLICO NA RUA JOAQUIM RIBAS DE ANDRADE, N\u00ba 1.137, NA VILA SOLENE, EM FRENTE A IGREJA COMUNH\u00c3O CRIST\u00c3  ABBA."}, {"id": "809", "ano": "2009", "numero": "387", "tipo__sigla": "REQ", "tipo__descricao": "REQUERIMENTO", "autoria": "DIRCEU MOCELIN, SERGIO SCHMIDT", "texto_original": "http://sapl.campolargo.pr.leg.br/media/./sapl/public/materialegislativa/2009/809/809_texto_integral.pdf", "ementa": "AMPLIA\u00c7\u00c3O DO POSTO DE SA\u00daDE DE S\u00c3O PEDRO."}, {"id": "810", "ano": "2009", "numero": "388", "tipo__sigla": "REQ", "tipo__descricao": "REQUERIMENTO", "autoria": "DIRCEU MOCELIN", "texto_original": "http://sapl.campolargo.pr.leg.br/media/./sapl/public/materialegislativa/2009/810/810_texto_integral.pdf", "ementa": "CRIA\u00c7\u00c3O DE COOPERATIVA DOS CORTADORES DE PEDRAS DO INTERIOR DO MUNIC\u00cdPIO."}, {"id": "811", "ano": "2009", "numero": "389", "tipo__sigla": "REQ", "tipo__descricao": "REQUERIMENTO", "autoria": "DIRCEU MOCELIN", "texto_original": "http://sapl.campolargo.pr.leg.br/media/./sapl/public/materialegislativa/2009/811/811_texto_integral.pdf", "ementa": "CONSTRU\u00c7\u00c3O DE PONTE, MATA BURRO, SAIBRAMENTO E BUEIRO NA LOCALIDADE DE INVERNADA DOS CASTROS, ESTRADA DO CERNE, KM 71."}, {"id": "812", "ano": "2009", "numero": "390", "tipo__sigla": "REQ", "tipo__descricao": "REQUERIMENTO", "autoria": "LUCIR MARCHIORI", "texto_original": "http://sapl.campolargo.pr.leg.br/media/./sapl/public/materialegislativa/2009/812/812_texto_integral.pdf", "ementa": "QUE SEJA MELHORADO OS SERVI\u00c7OS DE LIMPEZA E MANUTEN\u00c7\u00c3O DO CEMIT\u00c9RIO MUNICIPAL."}, {"id": "813", "ano": "2009", "numero": "391", "tipo__sigla": "REQ", "tipo__descricao": "REQUERIMENTO", "autoria": "LUCIR MARCHIORI", "texto_original": "http://sapl.campolargo.pr.leg.br/media/./sapl/public/materialegislativa/2009/813/813_texto_integral.pdf", "ementa": "REVITALIZA\u00c7\u00c3O DA PRA\u00c7A ADOLFO VAZ DA SILVA."}, {"id": "815", "ano": "2009", "numero": "393", "tipo__sigla": "REQ", "tipo__descricao": "REQUERIMENTO", "autoria": "DARCI ANDREASSA", "texto_original": "http://sapl.campolargo.pr.leg.br/media/./sapl/public/materialegislativa/2009/815/815_texto_integral.pdf", "ementa": "CONTINUIDADE NA PAVIMENTA\u00c7\u00c3O ASF\u00c1LTICA NA RUA PADRE ALCIDES ZANELLA, NA LOCALIDADE DA RONDINHA, AT\u00c9 QUE ALCANCE A ENTRADA DO JARDIM RONDINHA."}, {"id": "816", "ano": "2009", "numero": "394", "tipo__sigla": "REQ", "tipo__descricao": "REQUERIMENTO", "autoria": "DARCI ANDREASSA", "texto_original": "http://sapl.campolargo.pr.leg.br/media/./sapl/public/materialegislativa/2009/816/816_texto_integral.pdf", "ementa": "GIN\u00c1SIO DE ESPORTES NO CONJUNTO HABITACIONAL JOAQUIM CELESTINO FERREIRA, POPULARES NOVAS."}, {"id": "817", "ano": "2009", "numero": "395", "tipo__sigla": "REQ", "tipo__descricao": "REQUERIMENTO", "autoria": "CELSINHO A\u00c7OUGUEIRO., DARCI ANDREASSA", "texto_original": "http://sapl.campolargo.pr.leg.br/media/./sapl/public/materialegislativa/2009/817/817_texto_integral.pdf", "ementa": "CONSTRU\u00c7\u00c3O DE PONTE NA RUA CARMEM MIRANDA, VILA OTTO."}, {"id": "818", "ano": "2009", "numero": "396", "tipo__sigla": "REQ", "tipo__descricao": "REQUERIMENTO", "autoria": "CELSINHO A\u00c7OUGUEIRO.", "texto_original": "http://sapl.campolargo.pr.leg.br/media/./sapl/public/materialegislativa/2009/818/818_texto_integral.pdf", "ementa": "CONSTRU\u00c7\u00c3O DE PONTO DE \u00d4NIBUS NA RUA SEBASTI\u00c3O ALVES, EM FRENTE AO N\u00ba60 E 506."}, {"id": "819", "ano": "2009", "numero": "398", "tipo__sigla": "REQ", "tipo__descricao": "REQUERIMENTO", "autoria": "CELSINHO A\u00c7OUGUEIRO.", "texto_original": "http://sapl.campolargo.pr.leg.br/media/./sapl/public/materialegislativa/2009/819/819_texto_integral.pdf", "ementa": "REFORMA DOS PONTOS DE \u00d4NIBUS NA RUA ANGELO ZANETTI, AO LADO DO N\u00ba 15 E EM FRENTE AO N\u00ba 187."}, {"id": "820", "ano": "2009", "numero": "399", "tipo__sigla": "REQ", "tipo__descricao": "REQUERIMENTO", "autoria": "CELSINHO A\u00c7OUGUEIRO.", "texto_original": "http://sapl.campolargo.pr.leg.br/media/./sapl/public/materialegislativa/2009/820/820_texto_integral.pdf", "ementa": "MUDAN\u00c7A DO PONTO DE \u00d4NIBUS NA RUA DOM RODRIGO, MAIS PR\u00d3XIMO AO N\u00ba 122."}, {"id": "821", "ano": "2009", "numero": "400", "tipo__sigla": "REQ", "tipo__descricao": "REQUERIMENTO", "autoria": "LINDAMIR IVANOSKI", "texto_original": "http://sapl.campolargo.pr.leg.br/media/./sapl/public/materialegislativa/2009/821/821_texto_integral.pdf", "ementa": "COBERTURA ASF\u00c1LTICA SOBRE AS PEDRAS IRREGULARES DA RUA DOMINGOS CAVALI, NO TRECHO ENTRE AS RUAS JO\u00c3O PESSOA E JO\u00c3O BATISTA VALL\u00d5ES."}, {"id": "823", "ano": "2009", "numero": "402", "tipo__sigla": "REQ", "tipo__descricao": "REQUERIMENTO", "autoria": "SANDRA MARCON", "texto_original": "http://sapl.campolargo.pr.leg.br/media/./sapl/public/materialegislativa/2009/823/823_texto_integral.pdf", "ementa": "\u00c1REA DE LAZER ENTRE A ESCOLA MUNICIPAL LUIZA GON\u00c7ALVES MONTEIRO E O POSTO DE SA\u00daDE NO DISTRITO DE BATEIAS."}, {"id": "824", "ano": "2009", "numero": "403", "tipo__sigla": "REQ", "tipo__descricao": "REQUERIMENTO", "autoria": "SANDRA MARCON", "texto_original": "http://sapl.campolargo.pr.leg.br/media/./sapl/public/materialegislativa/2009/824/824_texto_integral.pdf", "ementa": "MELHORIA NO HOR\u00c1RIO DE ATENDIMENTO NO POSTO DE SA\u00daDE DO DISTRITO DE BATEIAS."}, {"id": "825", "ano": "2009", "numero": "405", "tipo__sigla": "REQ", "tipo__descricao": "REQUERIMENTO", "autoria": "LINDAMIR IVANOSKI", "texto_original": "http://sapl.campolargo.pr.leg.br/media/./sapl/public/materialegislativa/2009/825/825_texto_integral.pdf", "ementa": "LOMBADAS OU REDUTOR DE VELOCIDADE NA RUA RUI BARBOSA, ENTRE A RUA JO\u00c3O ZORECK E A RUA JO\u00c3O MARCHOVSCZ."}, {"id": "826", "ano": "2009", "numero": "406", "tipo__sigla": "REQ", "tipo__descricao": "REQUERIMENTO", "autoria": "DARCI ANDREASSA", "texto_original": "http://sapl.campolargo.pr.leg.br/media/./sapl/public/materialegislativa/2009/826/826_texto_integral.pdf", "ementa": "PATROLAMENTO, ENSAIBRAMENTO E MELHORIAS DO ESCOAMENTO DE \u00c1GUAS NO B\u00caCO BARAUSSE, NA LOCALIDADE DE S\u00c3O CAETANO."}, {"id": "827", "ano": "2009", "numero": "407", "tipo__sigla": "REQ", "tipo__descricao": "REQUERIMENTO", "autoria": "LUCIR MARCHIORI", "texto_original": "http://sapl.campolargo.pr.leg.br/media/./sapl/public/materialegislativa/2009/827/827_texto_integral.pdf", "ementa": "MANUTEN\u00c7\u00c3O E COLOCA\u00c7\u00c3O DE SAIBRO NA AVENIDA DIR\u00c7O RIBAS, ANTIGA ESTRADA DA RATADA."}, {"id": "828", "ano": "2009", "numero": "408", "tipo__sigla": "REQ", "tipo__descricao": "REQUERIMENTO", "autoria": "LUCIR MARCHIORI", "texto_original": "http://sapl.campolargo.pr.leg.br/media/./sapl/public/materialegislativa/2009/828/828_texto_integral.pdf", "ementa": "REVIS\u00c3O DOS N\u00daMEROS RESIDENCIAIS DAS RUAS DOS BAIRROS OURO VERDE, OURO VERDE I, JARDIM BUSMAYER E PARA\u00cdSO MINERAL, ESPECIALMENTE AS RUAS TRANSVERSAIS A AVENIDA CAETANO MUNHOZ DA ROCHA."}, {"id": "829", "ano": "2009", "numero": "409", "tipo__sigla": "REQ", "tipo__descricao": "REQUERIMENTO", "autoria": "LUCIR MARCHIORI", "texto_original": "http://sapl.campolargo.pr.leg.br/media/./sapl/public/materialegislativa/2009/829/829_texto_integral.pdf", "ementa": "REVIS\u00c3O E COLOCA\u00c7\u00c3O DE PLACAS INDICATIVAS COM OS NOMES DAS RUAS DO CENTRO DA CIDADE, BEM COMO PLACAS COM INDICA\u00c7\u00c3O PARA OS BAIRROS E ACESSOS AS RODOVIAS PARA SA\u00cdDA E ACESSO AS CIDADES VIZINHAS."}, {"id": "830", "ano": "2009", "numero": "410", "tipo__sigla": "REQ", "tipo__descricao": "REQUERIMENTO", "autoria": "NELSON DE SOUZA", "texto_original": "http://sapl.campolargo.pr.leg.br/media/./sapl/public/materialegislativa/2009/830/830_texto_integral.pdf", "ementa": "PINTURA DE FAIXAS DE PEDESTRES NO ANEL CENTRAL DE NOSSA CIDADE."}, {"id": "831", "ano": "2009", "numero": "411", "tipo__sigla": "REQ", "tipo__descricao": "REQUERIMENTO", "autoria": "NELSON DE SOUZA", "texto_original": "http://sapl.campolargo.pr.leg.br/media/./sapl/public/materialegislativa/2009/831/831_texto_integral.pdf", "ementa": "DOIS PONTOS DE \u00d4NIBUS EM FRENTE A ESCOLA MUNICIPAL LUIZ J\u00daLIO, NO DISTRITO DE FERRARIA."}, {"id": "832", "ano": "2009", "numero": "412", "tipo__sigla": "REQ", "tipo__descricao": "REQUERIMENTO", "autoria": "NELSON DE SOUZA", "texto_original": "http://sapl.campolargo.pr.leg.br/media/./sapl/public/materialegislativa/2009/832/832_texto_integral.pdf", "ementa": "PATROLAMENTO E ENSAIBRAMENTO DA RUA JOS\u00c9 ROMPKOWSKI, NO PASSA\u00daNA, DISTRITO DA FERRARIA."}, {"id": "833", "ano": "2009", "numero": "413", "tipo__sigla": "REQ", "tipo__descricao": "REQUERIMENTO", "autoria": "NELSON DE SOUZA", "texto_original": "http://sapl.campolargo.pr.leg.br/media/./sapl/public/materialegislativa/2009/833/833_texto_integral.pdf", "ementa": "BANHEIROS QU\u00cdMICOS PARA OS COMERCIANTES DA FEIRA NOTURNA DA PRA\u00c7A GET\u00daLIO VARGAS."}, {"id": "834", "ano": "2009", "numero": "414", "tipo__sigla": "REQ", "tipo__descricao": "REQUERIMENTO", "autoria": "JOSLEY   ANDRADE", "texto_original": "http://sapl.campolargo.pr.leg.br/media/./sapl/public/materialegislativa/2009/834/834_texto_integral.pdf", "ementa": "T\u00c9CNICOS AGR\u00cdCOLAS PARA QUE ENSINEM OS ALUNOS DAS ESCOLAS AUGUSTO PIRES DE PAULA, EM TR\u00caS C\u00d3RREGOS, NICOLAU MORAES DE CASTRO, EM S\u00c3O SILVESTRE, LUIZ RIVABEM, NO ITAMBEZINHO, T\u00c9CNICAS AGR\u00cdCOLAS E CRIA\u00c7\u00c3O DE ANIMAIS DOM\u00c9STICOS."}, {"id": "835", "ano": "2009", "numero": "415", "tipo__sigla": "REQ", "tipo__descricao": "REQUERIMENTO", "autoria": "JOSLEY   ANDRADE", "texto_original": "http://sapl.campolargo.pr.leg.br/media/./sapl/public/materialegislativa/2009/835/835_texto_integral.pdf", "ementa": "PARA QUE O EXECUTIVO ESTABELE\u00c7A AS NEGOCIA\u00c7\u00d5ES QUE SE FIZEREM NECESS\u00c1RIAS, COM O TRIBUNAL DE JUSTI\u00c7A DO ESTADO DO PARAN\u00c1, O JUIZ DE DIREITO DO FORO REGIONAL DE CAMPO LARGO E OS TITULARES DOS CART\u00d3RIOS DE REGISTROS CIVIL DESTA COMARCA, PARA QUE SEJA FORMALIZADO TERMO DE AJUSTE DE PROCEDIMENTOS ADMINISTRATIVOS, PARA QUE SEJA MELHORADO O SISTEMA DE REGISTRO DE \u00d3BITOS NESTA MUNICIPALIDADE."}, {"id": "838", "ano": "2009", "numero": "416", "tipo__sigla": "REQ", "tipo__descricao": "REQUERIMENTO", "autoria": "LUCIR MARCHIORI", "texto_original": "http://sapl.campolargo.pr.leg.br/media/./sapl/public/materialegislativa/2009/838/838_texto_integral.pdf", "ementa": "ENSAIBRAMENTO DA RUA JO\u00c3O DE ANDRADE, ITAQUI DE CIMA."}, {"id": "839", "ano": "2009", "numero": "417", "tipo__sigla": "REQ", "tipo__descricao": "REQUERIMENTO", "autoria": "WILSON ANDRADE", "texto_original": "http://sapl.campolargo.pr.leg.br/media/./sapl/public/materialegislativa/2009/839/839_texto_integral.pdf", "ementa": "USO DA TRIBUNA LIVRE PARA O SR. RICARDO TEMPEL MESQUITA, ARQUITETO, ESTUDIOSO NA \u00c1REA DE ACESSIBILIDADE."}, {"id": "837", "ano": "2009", "numero": "418", "tipo__sigla": "REQ", "tipo__descricao": "REQUERIMENTO", "autoria": "JORGE JULIO", "texto_original": "http://sapl.campolargo.pr.leg.br/media/./sapl/public/materialegislativa/2009/837/837_texto_integral.pdf", "ementa": "LIXEIRAS NA UNIDADE DE SA\u00daDE DO JARDIM GUARANI, DISTRITO DE FERRARIA."}, {"id": "836", "ano": "2009", "numero": "419", "tipo__sigla": "REQ", "tipo__descricao": "REQUERIMENTO", "autoria": "JORGE JULIO", "texto_original": "http://sapl.campolargo.pr.leg.br/media/./sapl/public/materialegislativa/2009/836/836_texto_integral.pdf", "ementa": "SUBSTITUI\u00c7\u00c3O DAS TELAS POR MUROS EM TODO O P\u00c1TIO DAS ESCOLAS NICOLAU MORAES DE CASTRO E PROFESSOR ALO\u00cdSIO, NO DISTRITO DE S\u00c3O SILVESTRE."}, {"id": "840", "ano": "2009", "numero": "420", "tipo__sigla": "REQ", "tipo__descricao": "REQUERIMENTO", "autoria": "JORGE JULIO", "texto_original": "http://sapl.campolargo.pr.leg.br/media/./sapl/public/materialegislativa/2009/840/840_texto_integral.pdf", "ementa": "CONSTRU\u00c7\u00c3O DE ESTA\u00c7\u00c3O TUBO DO LIGEIRINHO CAMPO LARGO NO JARDIM GUARANI, DISTRITO DE FERRARIA."}, {"id": "841", "ano": "2009", "numero": "421", "tipo__sigla": "REQ", "tipo__descricao": "REQUERIMENTO", "autoria": "JORGE JULIO", "texto_original": "http://sapl.campolargo.pr.leg.br/media/./sapl/public/materialegislativa/2009/841/841_texto_integral.pdf", "ementa": "RECUPERAR E INSTALAR NOVOS PONTOS NA LINHA TIMBOTUVA-ESTRADA NOVA."}, {"id": "842", "ano": "2009", "numero": "422", "tipo__sigla": "REQ", "tipo__descricao": "REQUERIMENTO", "autoria": "JORGE JULIO", "texto_original": "http://sapl.campolargo.pr.leg.br/media/./sapl/public/materialegislativa/2009/842/842_texto_integral.pdf", "ementa": "REDUTOR DE VELOCIDADE NA RUA BRASIL\u00c9IA, PR\u00d3XIMO AO N\u00ba222 E AO N\u00ba 53, NA VILA DOM PEDRO II, DISTRITO DE FERRARIA."}, {"id": "843", "ano": "2009", "numero": "423", "tipo__sigla": "REQ", "tipo__descricao": "REQUERIMENTO", "autoria": "NELSON DE SOUZA", "texto_original": "http://sapl.campolargo.pr.leg.br/media/./sapl/public/materialegislativa/2009/843/843_texto_integral.pdf", "ementa": "IMPLANTA\u00c7\u00c3O DA FEIRA DO COLONO E  ARTES\u00c3O DO DISTRITO DA  FERRARIA."}, {"id": "844", "ano": "2009", "numero": "424", "tipo__sigla": "REQ", "tipo__descricao": "REQUERIMENTO", "autoria": "NELSON DE SOUZA", "texto_original": "http://sapl.campolargo.pr.leg.br/media/./sapl/public/materialegislativa/2009/844/844_texto_integral.pdf", "ementa": "PARA QUE O \u00d4NIBUS ESCOLAR DA LINHA PASSA\u00daNA, FA\u00c7A SEU TRAJETO INICIANDO PELA RUA JOS\u00c9 ROMPKOWSKI, DANDO CONTINUIDADE AT\u00c9 O FINAL DA MESMA."}, {"id": "845", "ano": "2009", "numero": "425", "tipo__sigla": "REQ", "tipo__descricao": "REQUERIMENTO", "autoria": "NELSON DE SOUZA", "texto_original": "http://sapl.campolargo.pr.leg.br/media/./sapl/public/materialegislativa/2009/845/845_texto_integral.pdf", "ementa": "CUMPRIMENTO DA LEI N\u00ba10098/00, A QUAL FALA DA ACESSIBILIDADE DOS DEFICIENTES F\u00cdSICOS, NOS CEMIT\u00c9RIOS MUNICIPAL E SANTO ANGELO."}, {"id": "850", "ano": "2009", "numero": "429", "tipo__sigla": "REQ", "tipo__descricao": "REQUERIMENTO", "autoria": "LINDAMIR IVANOSKI, SANDRA MARCON", "texto_original": "http://sapl.campolargo.pr.leg.br/media/./sapl/public/materialegislativa/2009/850/850_texto_integral.pdf", "ementa": "PARA QUE A SECRETARIA  DE SA\u00daDE ADQUIRA UM APARELHO IMPEDANCI\u00d4METRO."}, {"id": "853", "ano": "2009", "numero": "431", "tipo__sigla": "REQ", "tipo__descricao": "REQUERIMENTO", "autoria": "LUCIR MARCHIORI", "texto_original": "http://sapl.campolargo.pr.leg.br/media/./sapl/public/materialegislativa/2009/853/853_texto_integral.pdf", "ementa": "MANUTEN\u00c7\u00c3O, REPARA\u00c7\u00c3O E REVITALIZA\u00c7\u00c3O DA PRA\u00c7A ROMANO ZANLORENZI."}, {"id": "854", "ano": "2009", "numero": "432", "tipo__sigla": "REQ", "tipo__descricao": "REQUERIMENTO", "autoria": "LUCIR MARCHIORI", "texto_original": "http://sapl.campolargo.pr.leg.br/media/./sapl/public/materialegislativa/2009/854/854_texto_integral.pdf", "ementa": "IMPLANTAR EM CAMPO LARGO A CASA LAR DO DEFICIENTE \u00d3RF\u00c3O."}, {"id": "855", "ano": "2009", "numero": "433", "tipo__sigla": "REQ", "tipo__descricao": "REQUERIMENTO", "autoria": "LUCIR MARCHIORI", "texto_original": "http://sapl.campolargo.pr.leg.br/media/./sapl/public/materialegislativa/2009/855/855_texto_integral.pdf", "ementa": "IMPLANTAR CART\u00d5ES DO ESTAR COM DUAS HORAS DE DURA\u00c7\u00c3O."}, {"id": "856", "ano": "2009", "numero": "434", "tipo__sigla": "REQ", "tipo__descricao": "REQUERIMENTO", "autoria": "NELSON DE SOUZA", "texto_original": "http://sapl.campolargo.pr.leg.br/media/./sapl/public/materialegislativa/2009/856/856_texto_integral.pdf", "ementa": "CONGRATULA\u00c7\u00d5ES E APLAUSOS PARA A FEMOCLAN, PELA COMEMORA\u00c7\u00c3O DE SEUS 23 ANOS."}, {"id": "857", "ano": "2009", "numero": "435", "tipo__sigla": "REQ", "tipo__descricao": "REQUERIMENTO", "autoria": "DARCI ANDREASSA", "texto_original": "http://sapl.campolargo.pr.leg.br/media/./sapl/public/materialegislativa/2009/857/857_texto_integral.pdf", "ementa": "REDUTORES DE VELOCIDADE NA RUA BENEDITO SOARES PINTO, NAS PROXIMIDADES DO RIO PEDREIRA."}, {"id": "858", "ano": "2009", "numero": "436", "tipo__sigla": "REQ", "tipo__descricao": "REQUERIMENTO", "autoria": "JOSLEY   ANDRADE", "texto_original": "http://sapl.campolargo.pr.leg.br/media/./sapl/public/materialegislativa/2009/858/858_texto_integral.pdf", "ementa": "TELEFONE CELULAR RURAL NA ESCOLA NICOLAU MORAES DE CASTRO, DISTRITO DE S\u00c3O SILVESTRE."}, {"id": "859", "ano": "2009", "numero": "437", "tipo__sigla": "REQ", "tipo__descricao": "REQUERIMENTO", "autoria": "NELSON DE SOUZA", "texto_original": "http://sapl.campolargo.pr.leg.br/media/", "ementa": "MUDAN\u00c7AS NO ART. 100 DO REGIMENTO INTERNO."}, {"id": "861", "ano": "2009", "numero": "438", "tipo__sigla": "REQ", "tipo__descricao": "REQUERIMENTO", "autoria": "NELSON DE SOUZA", "texto_original": "http://sapl.campolargo.pr.leg.br/media/./sapl/public/materialegislativa/2009/861/861_texto_integral.pdf", "ementa": "PARA QUE ESTA CASA DE LEIS INCLUA OS PROJETOS DE LEIS COM SEUS RESPECTIVOS PARECERES DAS COMISS\u00d5ES JUNTO AO SITE DA C\u00c2MARA."}, {"id": "863", "ano": "2009", "numero": "439", "tipo__sigla": "REQ", "tipo__descricao": "REQUERIMENTO", "autoria": "DARCI ANDREASSA", "texto_original": "http://sapl.campolargo.pr.leg.br/media/./sapl/public/materialegislativa/2009/863/863_texto_integral.pdf", "ementa": "REESTRUTURA\u00c7\u00c3O DA PAVIMENTA\u00c7\u00c3O DA RUA CAETANO MUNHOZ DA ROCHA, NO TRECHO COMPREENDIDO ENTRE A BR 277(SENTIDO CURITIBA-PONTA GROSSA), AT\u00c9 O SEU FINAL."}, {"id": "862", "ano": "2009", "numero": "440", "tipo__sigla": "REQ", "tipo__descricao": "REQUERIMENTO", "autoria": "DARCI ANDREASSA", "texto_original": "http://sapl.campolargo.pr.leg.br/media/./sapl/public/materialegislativa/2009/862/862_texto_integral.pdf", "ementa": "RECAPEAMENTO ASF\u00c1LTICO NA RUA WALDEMAR LEO BRAGA, NO JARDIM SOCIAL."}, {"id": "864", "ano": "2009", "numero": "441", "tipo__sigla": "REQ", "tipo__descricao": "REQUERIMENTO", "autoria": "JOSLEY   ANDRADE", "texto_original": "http://sapl.campolargo.pr.leg.br/media/./sapl/public/materialegislativa/2009/864/864_texto_integral.pdf", "ementa": "INSTITUIR NO \u00c2MBITO DA ADMINISTRA\u00c7\u00c3O P\u00daBLICA, PROGRAMA DE REFINANCIAMENTO DE D\u00c9BITOS TRIBUT\u00c1RIOS - REFIS, ABRANGENDO CR\u00c9DITOS TRIBUT\u00c1RIOS VENCIDOS, INSCRITOS EM D\u00cdVIDA ATIVA, AJUIZADOS OU N\u00c3O."}, {"id": "865", "ano": "2009", "numero": "442", "tipo__sigla": "REQ", "tipo__descricao": "REQUERIMENTO", "autoria": "LUCIR MARCHIORI", "texto_original": "http://sapl.campolargo.pr.leg.br/media/./sapl/public/materialegislativa/2009/865/865_texto_integral.pdf", "ementa": "INFORMA\u00c7\u00d5ES JUNTO A SANEPAR SOBRE A FALTA DE \u00c1GUA NO CONJUNTO HABITACIONAL \u00c1GUAS CLARAS."}, {"id": "866", "ano": "2009", "numero": "443", "tipo__sigla": "REQ", "tipo__descricao": "REQUERIMENTO", "autoria": "LUCIR MARCHIORI", "texto_original": "http://sapl.campolargo.pr.leg.br/media/./sapl/public/materialegislativa/2009/866/866_texto_integral.pdf", "ementa": "RETIRADA DE ANIMAIS DOM\u00c9STICOS (CACHORROS) DAS RUAS, PRA\u00c7AS E DEMAIS LOCAIS P\u00daBLICOS."}, {"id": "867", "ano": "2009", "numero": "444", "tipo__sigla": "REQ", "tipo__descricao": "REQUERIMENTO", "autoria": "LUCIR MARCHIORI", "texto_original": "http://sapl.campolargo.pr.leg.br/media/./sapl/public/materialegislativa/2009/867/867_texto_integral.pdf", "ementa": "INFORMA\u00c7\u00d5ES SOBRE A SOLICITA\u00c7\u00c3O DE INSTALA\u00c7\u00c3O DE SANEAMENTO B\u00c1SICO E PAVIMENTA\u00c7\u00c3O INTERNA E EXTERNA, REFERENTE AO PROTOCOLO 5.244, REQUERIDO PELO SR. VALDIR RODRIGUES DE SOUZA."}, {"id": "868", "ano": "2009", "numero": "445", "tipo__sigla": "REQ", "tipo__descricao": "REQUERIMENTO", "autoria": "LUCIR MARCHIORI", "texto_original": "http://sapl.campolargo.pr.leg.br/media/./sapl/public/materialegislativa/2009/868/868_texto_integral.pdf", "ementa": "IMPLANTA\u00c7\u00c3O DE REDE DE \u00c1GUA TRATADA EM TODA A LOCALIDADE DA COL\u00d4NIA CAMPINA."}, {"id": "869", "ano": "2009", "numero": "446", "tipo__sigla": "REQ", "tipo__descricao": "REQUERIMENTO", "autoria": "DIRCEU MOCELIN, NELSON DE SOUZA", "texto_original": "http://sapl.campolargo.pr.leg.br/media/./sapl/public/materialegislativa/2009/869/869_texto_integral.pdf", "ementa": "ABERTURA DE MARGINAL LIGANDO O JARDIM RONDINHA A ESTRADA MATO GROSSO (CARATUVA)."}, {"id": "870", "ano": "2009", "numero": "447", "tipo__sigla": "REQ", "tipo__descricao": "REQUERIMENTO", "autoria": "DIRCEU MOCELIN, LINDAMIR IVANOSKI, LUCIR MARCHIORI, NELSON DE SOUZA, SANDRA MARCON, SERGIO SCHMIDT", "texto_original": "http://sapl.campolargo.pr.leg.br/media/./sapl/public/materialegislativa/2009/870/870_texto_integral.pdf", "ementa": "CONSERTO DOS TRATORES AGR\u00cdCOLAS."}, {"id": "871", "ano": "2009", "numero": "449", "tipo__sigla": "REQ", "tipo__descricao": "REQUERIMENTO", "autoria": "SANDRA MARCON", "texto_original": "http://sapl.campolargo.pr.leg.br/media/./sapl/public/materialegislativa/2009/871/871_texto_integral.pdf", "ementa": "TELEFONE P\u00daBLICO NA LOCALIDADE DO RETIRINHO, PR\u00d3XIMO A IGREJA DE S\u00c3O FRANCISCO DE ASSIS, NO DISTRITO DE BATEIAS."}, {"id": "873", "ano": "2009", "numero": "450", "tipo__sigla": "REQ", "tipo__descricao": "REQUERIMENTO", "autoria": "JORGE JULIO", "texto_original": "http://sapl.campolargo.pr.leg.br/media/./sapl/public/materialegislativa/2009/873/873_texto_integral.pdf", "ementa": "ILUMINA\u00c7\u00c3O E TELAS DE PROTE\u00c7\u00c3O NA CANCHA DE ESPORTES DO JARDIM TROPICAL."}, {"id": "874", "ano": "2009", "numero": "451", "tipo__sigla": "REQ", "tipo__descricao": "REQUERIMENTO", "autoria": "JORGE JULIO", "texto_original": "http://sapl.campolargo.pr.leg.br/media/./sapl/public/materialegislativa/2009/874/874_texto_integral.pdf", "ementa": "REDUTOR DE VELOCIDADE NA RUA ANTONIO GABARDO J\u00daNIOR, PR\u00d3XIMO AO CONJUNTO \u00c1GUAS CLARAS."}, {"id": "875", "ano": "2009", "numero": "452", "tipo__sigla": "REQ", "tipo__descricao": "REQUERIMENTO", "autoria": "JORGE JULIO", "texto_original": "http://sapl.campolargo.pr.leg.br/media/./sapl/public/materialegislativa/2009/875/875_texto_integral.pdf", "ementa": "DESAPROPRIA\u00c7\u00c3O DE UM TERRENO LOCALIZADO NA ESQUINA DA RUA DOURADOS COM BRASIL\u00c9IA, NA VILA DOM PEDRO II, DISTRITO DE FERRARIA, PARA CONSTRU\u00c7\u00c3O DE UMA CRECHE E UM PARQUINHO."}, {"id": "876", "ano": "2009", "numero": "453", "tipo__sigla": "REQ", "tipo__descricao": "REQUERIMENTO", "autoria": "JORGE JULIO", "texto_original": "http://sapl.campolargo.pr.leg.br/media/./sapl/public/materialegislativa/2009/876/876_texto_integral.pdf", "ementa": "CRECHE PARA ATENDER OS BAIRROS SUSANA, JARDIM DAS AC\u00c1CIAS, JARDIM CAM\u00c9LIAS E TR\u00caS RIOS."}, {"id": "877", "ano": "2009", "numero": "454", "tipo__sigla": "REQ", "tipo__descricao": "REQUERIMENTO", "autoria": "JORGE JULIO", "texto_original": "http://sapl.campolargo.pr.leg.br/media/./sapl/public/materialegislativa/2009/877/877_texto_integral.pdf", "ementa": "IMPLANTAR BEBEDOUROS DE \u00c1GUA EM TODOAS AS UNIDADE DE SA\u00daDE DO MUNIC\u00cdPIO."}, {"id": "883", "ano": "2009", "numero": "459", "tipo__sigla": "REQ", "tipo__descricao": "REQUERIMENTO", "autoria": "LINDAMIR IVANOSKI", "texto_original": "http://sapl.campolargo.pr.leg.br/media/", "ementa": "COLOCA\u00c7\u00c3O DE ABRIGOS NOS PONTOS DE \u00d4NIBUS NA AVENIDA DOS EXPEDICON\u00c1RIOS."}, {"id": "884", "ano": "2009", "numero": "460", "tipo__sigla": "REQ", "tipo__descricao": "REQUERIMENTO", "autoria": "LINDAMIR IVANOSKI", "texto_original": "http://sapl.campolargo.pr.leg.br/media/", "ementa": "USO DA TRIBUNA LIVRE PARA UM REPRESENTANTE DA SECRETARIA MUNICIPAL DE DESENVOLVIMENTO URBANO, PARA DISCORRER SOBRE A ALTERA\u00c7\u00c3O DA REDA\u00c7\u00c3O QUE DISP\u00d5E SOBRE A ZONA INDUSTRIAL DOS ANEXOS AO MAPA DE ZONEAMENTO, BEM COMO SOBRE A INCOMPATIBILIDADE DE ENDERE\u00c7OS ENTRE CADASTRAMENTO DA PREFEITURA E CADASTRO DOS CORREIOS."}, {"id": "885", "ano": "2009", "numero": "461", "tipo__sigla": "REQ", "tipo__descricao": "REQUERIMENTO", "autoria": "JOSLEY   ANDRADE", "texto_original": "http://sapl.campolargo.pr.leg.br/media/", "ementa": "CONSTRU\u00c7\u00c3O DE PONTOS DE TAXI PADRONIZADOS PARA OS TAXISTAS."}, {"id": "886", "ano": "2009", "numero": "462", "tipo__sigla": "REQ", "tipo__descricao": "REQUERIMENTO", "autoria": "JOSLEY   ANDRADE", "texto_original": "http://sapl.campolargo.pr.leg.br/media/", "ementa": "PROJETO PARA A COLETA E DESTINO FINAL DE RES\u00cdDUOS PERIGOSOS NO MUNIC\u00cdPIO, (EMBALAGENS DE INSETICIDAS, PESTICIDAS, PILHAS E BATERIAS DE CELULAR)"}, {"id": "887", "ano": "2009", "numero": "463", "tipo__sigla": "REQ", "tipo__descricao": "REQUERIMENTO", "autoria": "CELSINHO A\u00c7OUGUEIRO.", "texto_original": "http://sapl.campolargo.pr.leg.br/media/", "ementa": "DEMARCA\u00c7\u00c3O DA QUILOMETRAGEM, BEM COMO DO C\u00d3DIGO DE ENDERE\u00c7AMENTO POSTAL NA ESTRADA DA FAXINA, LOCALIDADE DO TAQUARAL."}, {"id": "888", "ano": "2009", "numero": "465", "tipo__sigla": "REQ", "tipo__descricao": "REQUERIMENTO", "autoria": "LINDAMIR IVANOSKI", "texto_original": "http://sapl.campolargo.pr.leg.br/media/", "ementa": "REVITALIZA\u00c7\u00c3O DO CORETO DA PRA\u00c7A AT\u00cdLIO DE ALMEIDA BARBOSA."}, {"id": "889", "ano": "2009", "numero": "466", "tipo__sigla": "REQ", "tipo__descricao": "REQUERIMENTO", "autoria": "LUCIR MARCHIORI", "texto_original": "http://sapl.campolargo.pr.leg.br/media/./sapl/public/materialegislativa/2009/889/889_texto_integral.pdf", "ementa": "REDE DE ESGOTO NA RUA AUGUSTO MOCELIN, NO LOTEAMENTO FERRARI."}, {"id": "890", "ano": "2009", "numero": "467", "tipo__sigla": "REQ", "tipo__descricao": "REQUERIMENTO", "autoria": "LUCIR MARCHIORI", "texto_original": "http://sapl.campolargo.pr.leg.br/media/./sapl/public/materialegislativa/2009/890/890_texto_integral.pdf", "ementa": "REDE DE ESGOTO NA RUA ULISSES GUIMAR\u00c3ES, NO JARDIM IT\u00c1LIA."}, {"id": "891", "ano": "2009", "numero": "468", "tipo__sigla": "REQ", "tipo__descricao": "REQUERIMENTO", "autoria": "JOSLEY   ANDRADE, DARCI ANDREASSA", "texto_original": "http://sapl.campolargo.pr.leg.br/media/", "ementa": "TRIBUNA LIVRE PARA O DR. GILDO PIRES, DIRETOR ADMINISTRATIVO DA RODONORTE, ONDE EXPLANAR\u00c1 A RESPEITO DOS SERVI\u00c7OS QUE SER\u00c3O DISPONIBILIZADOS NA BR 277, DENTRO DO MUNIC\u00cdPIO DE CAMPO LARGO."}, {"id": "893", "ano": "2009", "numero": "470", "tipo__sigla": "REQ", "tipo__descricao": "REQUERIMENTO", "autoria": "LUCIR MARCHIORI", "texto_original": "http://sapl.campolargo.pr.leg.br/media/./sapl/public/materialegislativa/2009/893/893_texto_integral.pdf", "ementa": "IMPLANTA\u00c7\u00c3O DE CURSOS T\u00c9CNICOS E PROFISSIONALIZANTES  GRATUITOS."}, {"id": "894", "ano": "2009", "numero": "471", "tipo__sigla": "REQ", "tipo__descricao": "REQUERIMENTO", "autoria": "LUCIR MARCHIORI", "texto_original": "http://sapl.campolargo.pr.leg.br/media/./sapl/public/materialegislativa/2009/894/894_texto_integral.pdf", "ementa": "IMPLANTA\u00c7\u00c3O DE SALA DO CONTABILISTA JUNTO A PREFEITURA MUNICIPAL."}, {"id": "895", "ano": "2009", "numero": "472", "tipo__sigla": "REQ", "tipo__descricao": "REQUERIMENTO", "autoria": "LUCIR MARCHIORI", "texto_original": "http://sapl.campolargo.pr.leg.br/media/./sapl/public/materialegislativa/2009/895/895_texto_integral.pdf", "ementa": "ALTERA\u00c7\u00c3O DO ESPA\u00c7O DESTINADO A CARGA E DESCARGA DO LADO DIREITO PARA O LADO ESQUERDO DA RUA DOM PEDRO II, EM FRENTE AO N\u00ba 935."}, {"id": "896", "ano": "2009", "numero": "473", "tipo__sigla": "REQ", "tipo__descricao": "REQUERIMENTO", "autoria": "DARCI ANDREASSA", "texto_original": "http://sapl.campolargo.pr.leg.br/media/", "ementa": "DESAPROPRIAR UMA \u00c1REA NO BAIRRO ITAQUI DE CIMA, COM A FINALIDADE DE INSTALAR UM CAMPO DE FUTEBOL."}, {"id": "899", "ano": "2009", "numero": "474", "tipo__sigla": "REQ", "tipo__descricao": "REQUERIMENTO", "autoria": "JORGE JULIO", "texto_original": "http://sapl.campolargo.pr.leg.br/media/", "ementa": "REDE DE \u00c1GUA TRATADA DA SANEPAR E ESGOTO NO PASSA\u00daNA E ABRANG\u00caNCIAS."}, {"id": "900", "ano": "2009", "numero": "475", "tipo__sigla": "REQ", "tipo__descricao": "REQUERIMENTO", "autoria": "JORGE JULIO", "texto_original": "http://sapl.campolargo.pr.leg.br/media/", "ementa": "EXTENS\u00c3O DE REDE DE \u00c1GUA NA RUA SEM DENOMINA\u00c7\u00c3O, N\u00ba 100,  NO BAIRRO \u00c1GUAS CLARAS."}, {"id": "901", "ano": "2009", "numero": "476", "tipo__sigla": "REQ", "tipo__descricao": "REQUERIMENTO", "autoria": "JORGE JULIO", "texto_original": "http://sapl.campolargo.pr.leg.br/media/", "ementa": "IMPLANTA\u00c7\u00c3O DO PROJETO \"JUSTI\u00c7A NO BAIRRO\", NA REGI\u00c3O DE TR\u00caS C\u00d3RREGOS."}, {"id": "902", "ano": "2009", "numero": "477", "tipo__sigla": "REQ", "tipo__descricao": "REQUERIMENTO", "autoria": "NELSON DE SOUZA", "texto_original": "http://sapl.campolargo.pr.leg.br/media/./sapl/public/materialegislativa/2009/902/902_texto_integral.pdf", "ementa": "PARA QUE A COCEL ABAIXE O PRE\u00c7O DA TARIFA DE ENERGIA EL\u00c9TRICA NA PRETENS\u00c3O DE SE IGUALAR AO PRE\u00c7O DA TARIFA DA COPEL."}, {"id": "903", "ano": "2009", "numero": "478", "tipo__sigla": "REQ", "tipo__descricao": "REQUERIMENTO", "autoria": "SERGIO SCHMIDT", "texto_original": "http://sapl.campolargo.pr.leg.br/media/", "ementa": "USO DA TRIBUNA LIVRE PARA O DIRETOR PRESIDENTE DA COCEL - SR. UDO SCHMIDT NETO, ACOMPANHADO DO SR. EDSON BASSO, NESTA OCASI\u00c3O COMO REPRESENTANTE DO ACIONISTA MAJORIT\u00c1RIO DESTA COMPANHIA, PARA QUE POSSAM SER FEITOS ESCLARECIMENTOS A RESPEITO DO PROCESSO DE REAJUSTE DE ENERGIA EL\u00c9TRICA."}, {"id": "906", "ano": "2009", "numero": "481", "tipo__sigla": "REQ", "tipo__descricao": "REQUERIMENTO", "autoria": "SANDRA MARCON", "texto_original": "http://sapl.campolargo.pr.leg.br/media/./sapl/public/materialegislativa/2009/906/906_texto_integral.pdf", "ementa": "PINTAR FAIXAS DE SINALIZA\u00c7\u00c3O NA ESTRADA COL\u00d4NIA CRISTINA, PR\u00d3XIMO AO BAIRRO PART\u00caNOPE."}, {"id": "907", "ano": "2009", "numero": "482", "tipo__sigla": "REQ", "tipo__descricao": "REQUERIMENTO", "autoria": "NELSON DE SOUZA", "texto_original": "http://sapl.campolargo.pr.leg.br/media/./sapl/public/materialegislativa/2009/907/907_texto_integral.pdf", "ementa": "C\u00d3PIA DO CONTRATO ENTRE PREFEITURA E EMPRESAS REOMAR CONSTRU\u00c7\u00c3O CIVIL E EMPREENDIMENTOS, VIA VENETO CONSTRUTORA DE OBRAS LTDA, AL\u00c9M DOS RESPECTIVOS VALORES PAGOS AT\u00c9 A DATA DE HOJE."}, {"id": "908", "ano": "2009", "numero": "483", "tipo__sigla": "REQ", "tipo__descricao": "REQUERIMENTO", "autoria": "NELSON DE SOUZA", "texto_original": "http://sapl.campolargo.pr.leg.br/media/./sapl/public/materialegislativa/2009/908/908_texto_integral.pdf", "ementa": "COLOCAR BALAN\u00c7AS PARA PESAGEM DE CRIAN\u00c7AS DE COLO E REC\u00c9M NASCIDOS NOS \u00d4NIBUS DE SA\u00daDE QUE ATENDEM OS BAIRROS DE NOSSA CIDADE."}, {"id": "909", "ano": "2009", "numero": "484", "tipo__sigla": "REQ", "tipo__descricao": "REQUERIMENTO", "autoria": "NELSON DE SOUZA", "texto_original": "http://sapl.campolargo.pr.leg.br/media/./sapl/public/materialegislativa/2009/909/909_texto_integral.pdf", "ementa": "CONFEC\u00c7\u00c3O DE CERTIFICADO DE PARABENIZA\u00c7\u00c3O A FEMOCLAM, EM COMEMORA\u00c7\u00c3O AOS SEUS 23 ANOS DE SERVI\u00c7OS A COMUNIDADE."}, {"id": "910", "ano": "2009", "numero": "485", "tipo__sigla": "REQ", "tipo__descricao": "REQUERIMENTO", "autoria": "JOSLEY   ANDRADE", "texto_original": "http://sapl.campolargo.pr.leg.br/media/./sapl/public/materialegislativa/2009/910/910_texto_integral.pdf", "ementa": "INSTALA\u00c7\u00c3O DE RESTAURANTE ECON\u00d4MICO VIA LICITA\u00c7\u00c3O, DENTRO DA PREFEITURA MUNICIPAL."}, {"id": "911", "ano": "2009", "numero": "486", "tipo__sigla": "REQ", "tipo__descricao": "REQUERIMENTO", "autoria": "JOSLEY   ANDRADE", "texto_original": "http://sapl.campolargo.pr.leg.br/media/./sapl/public/materialegislativa/2009/911/911_texto_integral.pdf", "ementa": "INSTALA\u00c7\u00c3O DE PLACAS INDICATIVAS NO CENTRO DA CIDADE PARA O TR\u00c1FEGO DE CAMINH\u00d5ES."}, {"id": "912", "ano": "2009", "numero": "487", "tipo__sigla": "REQ", "tipo__descricao": "REQUERIMENTO", "autoria": "JOSLEY   ANDRADE", "texto_original": "http://sapl.campolargo.pr.leg.br/media/./sapl/public/materialegislativa/2009/912/912_texto_integral.pdf", "ementa": "INSTALA\u00c7\u00c3O DE PLACAS INDICATIVAS DE TONELADAS PERMITIDAS POR VE\u00cdCULO DE CARGA, EM PONTES DO INTERIOR DESTE MUNIC\u00cdPIO."}, {"id": "921", "ano": "2009", "numero": "496", "tipo__sigla": "REQ", "tipo__descricao": "REQUERIMENTO", "autoria": "NELSON DE SOUZA", "texto_original": "http://sapl.campolargo.pr.leg.br/media/./sapl/public/materialegislativa/2009/921/921_texto_integral.pdf", "ementa": "CONSTRU\u00c7\u00c3O DE UMA QUADRA ESPORTIVA COBERTA NA REGI\u00c3O DO PART\u00caNOPE."}, {"id": "922", "ano": "2009", "numero": "497", "tipo__sigla": "REQ", "tipo__descricao": "REQUERIMENTO", "autoria": "NELSON DE SOUZA", "texto_original": "http://sapl.campolargo.pr.leg.br/media/./sapl/public/materialegislativa/2009/922/922_texto_integral.pdf", "ementa": "QUADRA ESPORTIVA COBERTA NA REGI\u00c3O DE BATEIAS."}, {"id": "925", "ano": "2009", "numero": "499", "tipo__sigla": "REQ", "tipo__descricao": "REQUERIMENTO", "autoria": "LUCIR MARCHIORI, LINDAMIR IVANOSKI", "texto_original": "http://sapl.campolargo.pr.leg.br/media/./sapl/public/materialegislativa/2009/925/925_texto_integral.pdf", "ementa": "VOTOS DE CONGRATULA\u00c7\u00d5ES E AGRADECIMENTO COMO HOMENAGEM DESTE PODER PELA SUA NOMEA\u00c7\u00c3O COMO BISPO DA DIOCESE DE APUCARANA."}, {"id": "927", "ano": "2009", "numero": "501", "tipo__sigla": "REQ", "tipo__descricao": "REQUERIMENTO", "autoria": "LINDAMIR IVANOSKI", "texto_original": "http://sapl.campolargo.pr.leg.br/media/./sapl/public/materialegislativa/2009/927/927_texto_integral.pdf", "ementa": "COLOCA\u00c7\u00c3O DE ABRIGOS NOS PONTOS DE \u00d4NIBUS EM TODO O TRAJETO DA AVENIDA DOS EXPEDICION\u00c1RIOS."}, {"id": "928", "ano": "2009", "numero": "502", "tipo__sigla": "REQ", "tipo__descricao": "REQUERIMENTO", "autoria": "LINDAMIR IVANOSKI", "texto_original": "http://sapl.campolargo.pr.leg.br/media/./sapl/public/materialegislativa/2009/928/928_texto_integral.pdf", "ementa": "USO DA TRIBUNA LIVRE PARA UM REPRESENTANTE DA SECRETARIA MUNICIPAL DE DESENVOLVIMENTO URBANO, PARA DISCORRER SOBRE A ALTERA\u00c7\u00c3O DA ZONA INDUSTRIAL - PROJETO DE LEI N\u00ba 12/09, BEM COMO EXPLANAR A RESPEITO DA INCOMPATIBILIDADE DE ENDERE\u00c7OS."}, {"id": "929", "ano": "2009", "numero": "503", "tipo__sigla": "REQ", "tipo__descricao": "REQUERIMENTO", "autoria": "LINDAMIR IVANOSKI", "texto_original": "http://sapl.campolargo.pr.leg.br/media/./sapl/public/materialegislativa/2009/929/929_texto_integral.pdf", "ementa": "REVITALIZA\u00c7\u00c3O DO CORETO DA PRA\u00c7A AT\u00cdLIO DE ALMEIDA BARBOSA."}, {"id": "934", "ano": "2009", "numero": "507", "tipo__sigla": "REQ", "tipo__descricao": "REQUERIMENTO", "autoria": "JOSLEY   ANDRADE", "texto_original": "http://sapl.campolargo.pr.leg.br/media/./sapl/public/materialegislativa/2009/934/934_texto_integral.pdf", "ementa": "IMPLANTAR PROGRAMA CIDADE DIGITAL NO MUNIC\u00cdPIO DE CAMPO LARGO."}, {"id": "935", "ano": "2009", "numero": "508", "tipo__sigla": "REQ", "tipo__descricao": "REQUERIMENTO", "autoria": "CELSINHO A\u00c7OUGUEIRO.", "texto_original": "http://sapl.campolargo.pr.leg.br/media/./sapl/public/materialegislativa/2009/935/935_texto_integral.pdf", "ementa": "TRIBUNA LIVRE PARA O SR. ALEXANDRE CEZAR - PRESIDENTE DA ASSOCIA\u00c7\u00c3O DA COMUNIDADE AFRO-BRASILEIRA DE CAMPO LARGO."}, {"id": "936", "ano": "2009", "numero": "509", "tipo__sigla": "REQ", "tipo__descricao": "REQUERIMENTO", "autoria": "CELSINHO A\u00c7OUGUEIRO.", "texto_original": "http://sapl.campolargo.pr.leg.br/media/./sapl/public/materialegislativa/2009/936/936_texto_integral.pdf", "ementa": "DEMARCA\u00c7\u00c3O DE KILOMETRAGEM, BEM COMO DO C\u00d3DIGO DE ENDERE\u00c7AMENTO POSTAL NA ESTRADA DA FAXINA, TAQUARAL."}, {"id": "937", "ano": "2009", "numero": "510", "tipo__sigla": "REQ", "tipo__descricao": "REQUERIMENTO", "autoria": "DARCI ANDREASSA", "texto_original": "http://sapl.campolargo.pr.leg.br/media/./sapl/public/materialegislativa/2009/937/937_texto_integral.pdf", "ementa": "DESAPROPRIAR \u00c1REA NO ITAQUI DE CIMA, PARA INSTALAR CAMPO DE FUTEBOL."}, {"id": "939", "ano": "2009", "numero": "512", "tipo__sigla": "REQ", "tipo__descricao": "REQUERIMENTO", "autoria": "NELSON DE SOUZA", "texto_original": "http://sapl.campolargo.pr.leg.br/media/./sapl/public/materialegislativa/2009/939/939_texto_integral.pdf", "ementa": "INFORMA\u00c7\u00d5ES SOBRE QUANTAS PESSOAS RECEBEM REM\u00c9DIO CONTROLADO, ONDE RESIDEM E QUAL O VALOR GASTO COM CADA PESSOA."}, {"id": "940", "ano": "2009", "numero": "513", "tipo__sigla": "REQ", "tipo__descricao": "REQUERIMENTO", "autoria": "NELSON DE SOUZA", "texto_original": "http://sapl.campolargo.pr.leg.br/media/./sapl/public/materialegislativa/2009/940/940_texto_integral.pdf", "ementa": "OPERA\u00c7\u00c3O TAPA BURACO NA RUA MATO GROSSO, DISTRITO DE FERRARIA."}, {"id": "942", "ano": "2009", "numero": "515", "tipo__sigla": "REQ", "tipo__descricao": "REQUERIMENTO", "autoria": "JOSLEY   ANDRADE", "texto_original": "http://sapl.campolargo.pr.leg.br/media/./sapl/public/materialegislativa/2009/942/942_texto_integral.pdf", "ementa": "CONSTRU\u00c7\u00c3O DE CABECEIRA, SINALIZA\u00c7\u00c3O E LATERAIS DE PROTE\u00c7\u00c3O DA PONTE NO IN\u00cdCIO DA COL\u00d4NIA BALBINO CUNHA."}, {"id": "943", "ano": "2009", "numero": "516", "tipo__sigla": "REQ", "tipo__descricao": "REQUERIMENTO", "autoria": "JOSLEY   ANDRADE", "texto_original": "http://sapl.campolargo.pr.leg.br/media/./sapl/public/materialegislativa/2009/943/943_texto_integral.pdf", "ementa": "SEM\u00c1FORO NA AVENIDA PADRE NATAL PIGATO DE FRENTE A ENTRADA DA PREFEITURA MUNICIPAL."}, {"id": "944", "ano": "2009", "numero": "517", "tipo__sigla": "REQ", "tipo__descricao": "REQUERIMENTO", "autoria": "JOSLEY   ANDRADE, DARCI ANDREASSA", "texto_original": "http://sapl.campolargo.pr.leg.br/media/./sapl/public/materialegislativa/2009/944/944_texto_integral.pdf", "ementa": "USO DA TRIBUNA LIVRE PARA O DR. GILDO PIRES, DIRETOR ADMINISTRATIVO DA RODONORTE, PARA DISCORRER SOBRE OS SERVI\u00c7OS QUE SER\u00c3O DISPONIBILIZADOS NA BR 277, DENTRO DO MUNIC\u00cdPIO DE CAMPO LARGO."}, {"id": "945", "ano": "2009", "numero": "518", "tipo__sigla": "REQ", "tipo__descricao": "REQUERIMENTO", "autoria": "JOSLEY   ANDRADE, LINDAMIR IVANOSKI, SANDRA MARCON", "texto_original": "http://sapl.campolargo.pr.leg.br/media/./sapl/public/materialegislativa/2009/945/945_texto_integral.pdf", "ementa": "AUMENTO DO CONTINGENTE MILITAR NO MUNIC\u00cdPIO DE CAMPO LARGO."}, {"id": "947", "ano": "2009", "numero": "520", "tipo__sigla": "REQ", "tipo__descricao": "REQUERIMENTO", "autoria": "NELSON DE SOUZA", "texto_original": "http://sapl.campolargo.pr.leg.br/media/./sapl/public/materialegislativa/2009/947/947_texto_integral.pdf", "ementa": "SEM\u00c1FORO PARA VE\u00cdCULOS E PEDESTRES NO CRUZAMENTO ENTRE AS RUAS GON\u00c7ALVES DIAS E MARECHAL DEODORO."}, {"id": "949", "ano": "2009", "numero": "521", "tipo__sigla": "REQ", "tipo__descricao": "REQUERIMENTO", "autoria": "NELSON DE SOUZA", "texto_original": "http://sapl.campolargo.pr.leg.br/media/./sapl/public/materialegislativa/2009/949/949_texto_integral.pdf", "ementa": "FOTOC\u00d3PIAS DOS PROJETOS DE ENGENHARIA REFERENTES A AVENIDA DOS EXPEDICION\u00c1RIOS, VIA VENEZA E AVENIDA ADEMAR DE BARROS."}, {"id": "950", "ano": "2009", "numero": "522", "tipo__sigla": "REQ", "tipo__descricao": "REQUERIMENTO", "autoria": "NELSON DE SOUZA", "texto_original": "http://sapl.campolargo.pr.leg.br/media/./sapl/public/materialegislativa/2009/950/950_texto_integral.pdf", "ementa": "INFORMA\u00c7\u00d5ES REFERENTES AO CONTRATO DAS RUAS: JO\u00c3O BATISTA VALL\u00d5ES, DOMINGOS CORDEIRO E LOTEAMENTO NOVA TRENTO I."}, {"id": "951", "ano": "2009", "numero": "523", "tipo__sigla": "REQ", "tipo__descricao": "REQUERIMENTO", "autoria": "NELSON DE SOUZA", "texto_original": "http://sapl.campolargo.pr.leg.br/media/./sapl/public/materialegislativa/2009/951/951_texto_integral.pdf", "ementa": "PALESTRAS NAS ESCOLAS PARA OS PROFESSORES PARA ALERTAREM SOBRE O NOVO V\u00cdRUS DA GRIPE H1N1."}, {"id": "952", "ano": "2009", "numero": "524", "tipo__sigla": "REQ", "tipo__descricao": "REQUERIMENTO", "autoria": "NELSON DE SOUZA", "texto_original": "http://sapl.campolargo.pr.leg.br/media/./sapl/public/materialegislativa/2009/952/952_texto_integral.pdf", "ementa": "INFORMA\u00c7\u00d5ES SOBRE OBRAS DA RUA MATO GROSSO, REFERENTES AO CONTRATO DE ESPECIFICA\u00c7\u00d5ES, VOLUME CBUQ."}, {"id": "959", "ano": "2009", "numero": "529", "tipo__sigla": "REQ", "tipo__descricao": "REQUERIMENTO", "autoria": "DARCI ANDREASSA", "texto_original": "http://sapl.campolargo.pr.leg.br/media/./sapl/public/materialegislativa/2009/959/959_texto_integral.pdf", "ementa": "TELEFONE P\u00daBLICO NA ESTRADA DO ALTO FOG\u00c3O, NA LOCALIDADE DE FAZENDINHA, PR\u00d3XIMO AO BAR DINIZ."}, {"id": "960", "ano": "2009", "numero": "530", "tipo__sigla": "REQ", "tipo__descricao": "REQUERIMENTO", "autoria": "JOSLEY   ANDRADE", "texto_original": "http://sapl.campolargo.pr.leg.br/media/./sapl/public/materialegislativa/2009/960/960_texto_integral.pdf", "ementa": "IMPLANTA\u00c7\u00c3O DE RESTAURANTE ECON\u00d4MICO DE R$ 1,00 POR PESSOA."}, {"id": "961", "ano": "2009", "numero": "531", "tipo__sigla": "REQ", "tipo__descricao": "REQUERIMENTO", "autoria": "JOSLEY   ANDRADE", "texto_original": "http://sapl.campolargo.pr.leg.br/media/./sapl/public/materialegislativa/2009/961/961_texto_integral.pdf", "ementa": "INSTALA\u00c7\u00c3O DE REDUTORES DE VELOCIDADE NA ESTRADA DE BATEIAS - PR-510, ATUAL RUA ANTONIO BASSO, ENTRE O POSTO BASSO AT\u00c9 O TREVO COM A ESTRADA DO CERNE PR-90. ACOMPANHADO DE ABAIXO-ASSINADO."}, {"id": "963", "ano": "2009", "numero": "534", "tipo__sigla": "REQ", "tipo__descricao": "REQUERIMENTO", "autoria": "LUCIR MARCHIORI, SANDRA MARCON", "texto_original": "http://sapl.campolargo.pr.leg.br/media/./sapl/public/materialegislativa/2009/963/963_texto_integral.pdf", "ementa": "REPAROS NA RUA JO\u00c3O BATISTA VALL\u00d5ES, ESQUINA COM A RUA SANTOS DUMONT."}, {"id": "964", "ano": "2009", "numero": "535", "tipo__sigla": "REQ", "tipo__descricao": "REQUERIMENTO", "autoria": "LUCIR MARCHIORI, SANDRA MARCON", "texto_original": "http://sapl.campolargo.pr.leg.br/media/./sapl/public/materialegislativa/2009/964/964_texto_integral.pdf", "ementa": "CONSERTO DO AFUNDAMENTO DA CAL\u00c7ADA NA RUA JOAQUIM RIBAS DE ANDRADE, ESQUINA COM A RUA RUI BARBOSA."}, {"id": "965", "ano": "2009", "numero": "536", "tipo__sigla": "REQ", "tipo__descricao": "REQUERIMENTO", "autoria": "LINDAMIR IVANOSKI", "texto_original": "http://sapl.campolargo.pr.leg.br/media/./sapl/public/materialegislativa/2009/965/965_texto_integral.pdf", "ementa": "PARA QUE O EXECUTIVO SANCIONE LEI QUE PROIBA O FUMO EM RECINTOS FECHADOS DA CIDADE."}, {"id": "967", "ano": "2009", "numero": "542", "tipo__sigla": "REQ", "tipo__descricao": "REQUERIMENTO", "autoria": "NELSON DE SOUZA", "texto_original": "http://sapl.campolargo.pr.leg.br/media/./sapl/public/materialegislativa/2009/967/967_texto_integral.pdf", "ementa": "FOTOC\u00d3PIAS DO PROJETO DE PAVIMENTA\u00c7\u00c3O ASF\u00c1LTICA REALIZADA PELA EMPRESA REOMAR CONSTRU\u00c7\u00c3O CIVIL E EMPREENDIMENTOS NA VILA DONA FINA, DISTRITO DE FERRARIA."}, {"id": "968", "ano": "2009", "numero": "543", "tipo__sigla": "REQ", "tipo__descricao": "REQUERIMENTO", "autoria": "NELSON DE SOUZA", "texto_original": "http://sapl.campolargo.pr.leg.br/media/", "ementa": "C\u00d3PIA DAS FITAS DAS SESS\u00d5ES ORDIN\u00c1RIAS E EXTRAORDIN\u00c1RIAS QUE SER\u00c3O REALIZADAS DURANTE O PER\u00cdODO DE 08-09-09 AT\u00c9 A \u00daLTIMA SESS\u00c3O DE 2009."}, {"id": "973", "ano": "2009", "numero": "549", "tipo__sigla": "REQ", "tipo__descricao": "REQUERIMENTO", "autoria": "NELSON DE SOUZA", "texto_original": "http://sapl.campolargo.pr.leg.br/media/./sapl/public/materialegislativa/2009/973/973_texto_integral.pdf", "ementa": "LIGA\u00c7\u00c3O ENTRE AS RUAS ALFREDO CASTRO LOCALIZADA NA NOVA TRENTO I COM A RUA BERNARDINO BASSANI LOCALIZADA NO MORADIAS BOM JESUS."}, {"id": "974", "ano": "2009", "numero": "550", "tipo__sigla": "REQ", "tipo__descricao": "REQUERIMENTO", "autoria": "DARCI ANDREASSA", "texto_original": "http://sapl.campolargo.pr.leg.br/media/./sapl/public/materialegislativa/2009/974/974_texto_integral.pdf", "ementa": "DIPLOMA EM HOMENAGEM AO 1\u00ba. SARGENTO DE INFANTARIA DO EX\u00c9RCITO BRASILEIRO, SR. NILSON DOS SANTOS."}, {"id": "975", "ano": "2009", "numero": "551", "tipo__sigla": "REQ", "tipo__descricao": "REQUERIMENTO", "autoria": "WILSON ANDRADE", "texto_original": "http://sapl.campolargo.pr.leg.br/media/./sapl/public/materialegislativa/2009/975/975_texto_integral.pdf", "ementa": "REVESTIMENTO ASF\u00c1LTICO SOBRE OS PARALELEP\u00cdPEDOS NOS PONTOS DE MAIOR RISCO DE ACIDENTES NA RUA ALCEB\u00cdADES AFONSO GUIMAR\u00c3ES E ESTUDOS PARA REVITALIZA\u00c7\u00c3O E ALARGAMENTO DA MESMA."}, {"id": "976", "ano": "2009", "numero": "552", "tipo__sigla": "REQ", "tipo__descricao": "REQUERIMENTO", "autoria": "NELSON DE SOUZA", "texto_original": "http://sapl.campolargo.pr.leg.br/media/./sapl/public/materialegislativa/2009/976/976_texto_integral.pdf", "ementa": "TRIBUNA LIVRE PARA A SRA. M\u00c1RCIA TOTENE, PRESIDENTE DO SINDICATO DOS MAGIST\u00c9RIOS DE CAMPO LARGO."}, {"id": "983", "ano": "2009", "numero": "556", "tipo__sigla": "REQ", "tipo__descricao": "REQUERIMENTO", "autoria": "DIRCEU MOCELIN", "texto_original": "http://sapl.campolargo.pr.leg.br/media/./sapl/public/materialegislativa/2009/983/983_texto_integral.pdf", "ementa": "ALARGAMENTO E ILUMINA\u00c7\u00c3O P\u00daBLICA NA RUA MARIA APARECIDA DE OLIVEIRA."}, {"id": "982", "ano": "2009", "numero": "557", "tipo__sigla": "REQ", "tipo__descricao": "REQUERIMENTO", "autoria": "DIRCEU MOCELIN", "texto_original": "http://sapl.campolargo.pr.leg.br/media/./sapl/public/materialegislativa/2009/982/982_texto_integral.pdf", "ementa": "PO\u00c7O ARTESIANO NA ESTRADA DO RETIRO S\u00cdTIO DO MATO."}, {"id": "981", "ano": "2009", "numero": "558", "tipo__sigla": "REQ", "tipo__descricao": "REQUERIMENTO", "autoria": "DIRCEU MOCELIN", "texto_original": "http://sapl.campolargo.pr.leg.br/media/./sapl/public/materialegislativa/2009/981/981_texto_integral.pdf", "ementa": "PROJETO JUNTO \u00c0 RODONORTE PARA QUE SEJA ALARGADA EM DOIS METROS A MARGINAL AYRTON SENNA COM IN\u00cdCIO NA RUA EMA TANNER DE ANDRADE AT\u00c9 O RETORNO PARA O CENTRO DA CIDADE."}, {"id": "988", "ano": "2009", "numero": "561", "tipo__sigla": "REQ", "tipo__descricao": "REQUERIMENTO", "autoria": "DARCI ANDREASSA", "texto_original": "http://sapl.campolargo.pr.leg.br/media/./sapl/public/materialegislativa/2009/988/988_texto_integral.pdf", "ementa": "PAVIMENTA\u00c7\u00c3O ASF\u00c1LTICA NA CONTINUA\u00c7\u00c3O DA RUA MONSENHOR ALOISIO DOMANSKI AT\u00c9 O SEU FINAL."}, {"id": "987", "ano": "2009", "numero": "562", "tipo__sigla": "REQ", "tipo__descricao": "REQUERIMENTO", "autoria": "DARCI ANDREASSA", "texto_original": "http://sapl.campolargo.pr.leg.br/media/./sapl/public/materialegislativa/2009/987/987_texto_integral.pdf", "ementa": "TRIBUNA LIVRE PARA O 1\u00baSARGENTO DE INFANTARIA DO EX\u00c9RCITO BRASILEIRO, SR. NILSON DOS SANTOS."}, {"id": "989", "ano": "2009", "numero": "569", "tipo__sigla": "REQ", "tipo__descricao": "REQUERIMENTO", "autoria": "LUCIR MARCHIORI, SANDRA MARCON", "texto_original": "http://sapl.campolargo.pr.leg.br/media/./sapl/public/materialegislativa/2009/989/989_texto_integral.pdf", "ementa": "OPERA\u00c7\u00c3O TAPA BURACOS NAS RUAS DO BAIRRO OURO VERDE."}, {"id": "990", "ano": "2009", "numero": "570", "tipo__sigla": "REQ", "tipo__descricao": "REQUERIMENTO", "autoria": "LUCIR MARCHIORI, SANDRA MARCON", "texto_original": "http://sapl.campolargo.pr.leg.br/media/./sapl/public/materialegislativa/2009/990/990_texto_integral.pdf", "ementa": "OPERA\u00c7\u00c3O TAPA BURACOS NA RUA JOS\u00c9 LUNARDON, NO LOTEAMENTO FERRARI."}, {"id": "991", "ano": "2009", "numero": "571", "tipo__sigla": "REQ", "tipo__descricao": "REQUERIMENTO", "autoria": "SANDRA MARCON", "texto_original": "http://sapl.campolargo.pr.leg.br/media/./sapl/public/materialegislativa/2009/991/991_texto_integral.pdf", "ementa": "INSTALA\u00c7\u00c3O DE ABASTECIMENTO COMUNIT\u00c1RIO PARA OS AGRICULTORES DA REGI\u00c3O DO MONTE CLARO, BAIRRO FAZENDINHA."}, {"id": "1001", "ano": "2009", "numero": "572", "tipo__sigla": "REQ", "tipo__descricao": "REQUERIMENTO", "autoria": "JOSLEY   ANDRADE", "texto_original": "http://sapl.campolargo.pr.leg.br/media/./sapl/public/materialegislativa/2009/1001/1001_texto_integral.pdf", "ementa": "IMPLANTA\u00c7\u00c3O DO NATAL LUZ NO DISTRITO DE BATEIAS, SANTA CRUZ, TR\u00caS C\u00d3RREGOS E S\u00c3O SILVESTRE."}, {"id": "994", "ano": "2009", "numero": "573", "tipo__sigla": "REQ", "tipo__descricao": "REQUERIMENTO", "autoria": "LUCIR MARCHIORI", "texto_original": "http://sapl.campolargo.pr.leg.br/media/./sapl/public/materialegislativa/2009/994/994_texto_integral.pdf", "ementa": "REVITALIZA\u00c7\u00c3O E AJARDINAMENTO AO LADO DO VIADUTO DA RONDINHA NO LOCAL ONDE CONSTAM OS DIZERES QUE IDENTIFICAM A CIDADE DE CAMPO LARGO."}, {"id": "996", "ano": "2009", "numero": "574", "tipo__sigla": "REQ", "tipo__descricao": "REQUERIMENTO", "autoria": "LUCIR MARCHIORI", "texto_original": "http://sapl.campolargo.pr.leg.br/media/./sapl/public/materialegislativa/2009/996/996_texto_integral.pdf", "ementa": "REVITALIZA\u00c7\u00c3O DO MONUMENTO DO III MIL\u00caNIO NA RONDINHA."}, {"id": "995", "ano": "2009", "numero": "575", "tipo__sigla": "REQ", "tipo__descricao": "REQUERIMENTO", "autoria": "LUCIR MARCHIORI", "texto_original": "http://sapl.campolargo.pr.leg.br/media/./sapl/public/materialegislativa/2009/995/995_texto_integral.pdf", "ementa": "SOLICITAR AO PODER P\u00daBLICO MUNICIPAL PARA QUE INTERCEDA JUNTO AO GOVERNO DO ESTADO, PARA QUE EFETUE REPAROS NA RODOVIA PR 423 QUE LIGA O ITAQUI , NESTA CIDADE."}, {"id": "997", "ano": "2009", "numero": "578", "tipo__sigla": "REQ", "tipo__descricao": "REQUERIMENTO", "autoria": "JOSLEY   ANDRADE, LINDAMIR IVANOSKI, SANDRA MARCON", "texto_original": "http://sapl.campolargo.pr.leg.br/media/./sapl/public/materialegislativa/2009/997/997_texto_integral.pdf", "ementa": "CONV\u00caNIO COM A PREFEITURA MUNICIPAL DE CURITIBA EM CONJUNTO COM O PODER EXECUTIVO CAMPOLARGUENSE PARA A IMPLANTA\u00c7\u00c3O DO ARMAZ\u00c9M DA FAM\u00cdLIA."}, {"id": "1006", "ano": "2009", "numero": "580", "tipo__sigla": "REQ", "tipo__descricao": "REQUERIMENTO", "autoria": "JOSLEY   ANDRADE, DIRCEU MOCELIN", "texto_original": "http://sapl.campolargo.pr.leg.br/media/./sapl/public/materialegislativa/2009/1006/1006_texto_integral.pdf", "ementa": "M\u00c9DICO VETERIN\u00c1RIO PARA A COLETA DE SANGUE DE ANIMAIS DO MUNIC\u00cdPIO DE CAMPO LARGO, PARA O PROCESSAMENTO DE EXAMES LABORATORIAIS PARA A IDENTIFICA\u00c7\u00c3O DE ANEMIAS E OUTRAS DOEN\u00c7AS."}, {"id": "1005", "ano": "2009", "numero": "581", "tipo__sigla": "REQ", "tipo__descricao": "REQUERIMENTO", "autoria": "SANDRA MARCON", "texto_original": "http://sapl.campolargo.pr.leg.br/media/./sapl/public/materialegislativa/2009/1005/1005_texto_integral.pdf", "ementa": "PINTURA NAS LOMBADAS DA RUA JO\u00c3O BATISTA VAL\u00d5ES,CENTRO."}, {"id": "1003", "ano": "2009", "numero": "582", "tipo__sigla": "REQ", "tipo__descricao": "REQUERIMENTO", "autoria": "NELSON DE SOUZA", "texto_original": "http://sapl.campolargo.pr.leg.br/media/./sapl/public/materialegislativa/2009/1003/1003_texto_integral.pdf", "ementa": "ENVIO DE OF\u00cdCIO AOS CORREIOS PARA QUE SEJA FEITA ENTREGA DE CORRESPOND\u00caNCIAS NAS RESID\u00caNCIAS LOCALIZADAS NA RUA DAS HORT\u00caNCIAS, NA COL\u00d4NIA RIVIER, DISTRITO DE FERRARIA."}, {"id": "1004", "ano": "2009", "numero": "583", "tipo__sigla": "REQ", "tipo__descricao": "REQUERIMENTO", "autoria": "NELSON DE SOUZA", "texto_original": "http://sapl.campolargo.pr.leg.br/media/./sapl/public/materialegislativa/2009/1004/1004_texto_integral.pdf", "ementa": "OPERA\u00c7\u00c3O TAPA BURACOS NA RUA JO\u00c3O GIONEDIS NA LOCALIDADE DE BOM JESUS."}, {"id": "1002", "ano": "2009", "numero": "584", "tipo__sigla": "REQ", "tipo__descricao": "REQUERIMENTO", "autoria": "NELSON DE SOUZA", "texto_original": "http://sapl.campolargo.pr.leg.br/media/", "ementa": "INFORMA\u00c7\u00d5ES SOBRE FUNCION\u00c1RIOS CONTRATADOS PELA ADESOBRAS QUE PRESTAM SERVI\u00c7O PARA O MUNIC\u00cdPIO DE CAMPO LARGO."}, {"id": "1009", "ano": "2009", "numero": "587", "tipo__sigla": "REQ", "tipo__descricao": "REQUERIMENTO", "autoria": "DARCI ANDREASSA", "texto_original": "http://sapl.campolargo.pr.leg.br/media/./sapl/public/materialegislativa/2009/1009/1009_texto_integral.pdf", "ementa": "CONSTRU\u00c7\u00c3O DE BUEIRO PARA MELHOR ESCOAMENTO DO C\u00d3RREGO QUE CRUZA A RUA JO\u00c3O GIONEDIS, NO BAIRRO BOM JESUS."}, {"id": "1010", "ano": "2009", "numero": "588", "tipo__sigla": "REQ", "tipo__descricao": "REQUERIMENTO", "autoria": "LUCIR MARCHIORI", "texto_original": "http://sapl.campolargo.pr.leg.br/media/./sapl/public/materialegislativa/2009/1010/1010_texto_integral.pdf", "ementa": "REPAROS NA RUA ALDEIA FRANCISCANA, BEM COMO PASSEIO PARA PEDESTRES E COLOCA\u00c7\u00c3O DE PLACAS DE IDENTIFICA\u00c7\u00c3O."}, {"id": "1011", "ano": "2009", "numero": "589", "tipo__sigla": "REQ", "tipo__descricao": "REQUERIMENTO", "autoria": "LUCIR MARCHIORI", "texto_original": "http://sapl.campolargo.pr.leg.br/media/./sapl/public/materialegislativa/2009/1011/1011_texto_integral.pdf", "ementa": "PATROLAMENTO E ENSAIBRAMENTO NA ESTRADA DA CAMPINA."}, {"id": "1012", "ano": "2009", "numero": "590", "tipo__sigla": "REQ", "tipo__descricao": "REQUERIMENTO", "autoria": "LUCIR MARCHIORI", "texto_original": "http://sapl.campolargo.pr.leg.br/media/./sapl/public/materialegislativa/2009/1012/1012_texto_integral.pdf", "ementa": "LOMBADA ELETR\u00d4NICA NA AVENIDA DOS EXPEDICION\u00c1RIOS, ESQUINA COM A RUA FRITZ ERWIN SCHMIDT."}, {"id": "1013", "ano": "2009", "numero": "591", "tipo__sigla": "REQ", "tipo__descricao": "REQUERIMENTO", "autoria": "LUCIR MARCHIORI, DIRCEU MOCELIN", "texto_original": "http://sapl.campolargo.pr.leg.br/media/./sapl/public/materialegislativa/2009/1013/1013_texto_integral.pdf", "ementa": "PATROLAMENTO E ENSAIBRAMENTO NA ESTRADA DO JACU\u00cd."}, {"id": "1014", "ano": "2009", "numero": "592", "tipo__sigla": "REQ", "tipo__descricao": "REQUERIMENTO", "autoria": "JOSLEY   ANDRADE", "texto_original": "http://sapl.campolargo.pr.leg.br/media/./sapl/public/materialegislativa/2009/1014/1014_texto_integral.pdf", "ementa": "LOCAL DEFINITIVO E COBERTO PARA A FEIRA DO AGRICULTOR."}, {"id": "1015", "ano": "2009", "numero": "593", "tipo__sigla": "REQ", "tipo__descricao": "REQUERIMENTO", "autoria": "JOSLEY   ANDRADE", "texto_original": "http://sapl.campolargo.pr.leg.br/media/./sapl/public/materialegislativa/2009/1015/1015_texto_integral.pdf", "ementa": "TRANSPORTE DE ALUNOS QUE EST\u00c3O CURSANDO FACULDADE QUE RESIDEM NOS DISTRITOS DE S\u00c3O SILVESTRE E TR\u00caS C\u00d3RREGOS."}, {"id": "1016", "ano": "2009", "numero": "594", "tipo__sigla": "REQ", "tipo__descricao": "REQUERIMENTO", "autoria": "JOSLEY   ANDRADE", "texto_original": "http://sapl.campolargo.pr.leg.br/media/", "ementa": "CAIXA ELETR\u00d4NICO DO BANCO DO BRASIL PARA O NOVO PR\u00c9DIO DA C\u00c2MARA MUNICIPAL DE CAMPO LARGO."}, {"id": "1017", "ano": "2009", "numero": "595", "tipo__sigla": "REQ", "tipo__descricao": "REQUERIMENTO", "autoria": "JOSLEY   ANDRADE", "texto_original": "http://sapl.campolargo.pr.leg.br/media/./sapl/public/materialegislativa/2009/1017/1017_texto_integral.pdf", "ementa": "INTEGRA\u00c7\u00c3O DOS \u00d4NIBUS ENTRE A CIDADE DE CURITIBA E TODOS OS BAIRROS DE CAMPO LARGO."}, {"id": "1018", "ano": "2009", "numero": "596", "tipo__sigla": "REQ", "tipo__descricao": "REQUERIMENTO", "autoria": "NELSON DE SOUZA", "texto_original": "http://sapl.campolargo.pr.leg.br/media/./sapl/public/materialegislativa/2009/1018/1018_texto_integral.pdf", "ementa": "C\u00d3PIAS DE TODOS OS EXTRATOS CONTRATUAIS REFERENTES AOS IM\u00d3VEIS LOCADOS POR ESTE MUNIC\u00cdPIO DESDE JANEIRO DE 2009 AT\u00c9 A PRESENTE DATA."}, {"id": "1019", "ano": "2009", "numero": "597", "tipo__sigla": "REQ", "tipo__descricao": "REQUERIMENTO", "autoria": "NELSON DE SOUZA", "texto_original": "http://sapl.campolargo.pr.leg.br/media/./sapl/public/materialegislativa/2009/1019/1019_texto_integral.pdf", "ementa": "INFORMA\u00c7\u00d5ES SOBRE AS RUAS XV DE NOVEMBRO, XAVIER DA SILVA E ROCHA POMBO, REFERENTES A METRAGEM QUADRADA, QUANTIDADE DE CBUQ E ESPESSURA CONTRATADA E PAGA."}, {"id": "1030", "ano": "2009", "numero": "602", "tipo__sigla": "REQ", "tipo__descricao": "REQUERIMENTO", "autoria": "DARCI ANDREASSA", "texto_original": "http://sapl.campolargo.pr.leg.br/media/./sapl/public/materialegislativa/2009/1030/1030_texto_integral.pdf", "ementa": "DESAPROPRIAR \u00c1REA NAS PROXIMIDADES DO COL\u00c9GIO BOM JESUS DA ALDEIA, PARA CONSTRU\u00c7\u00c3O DE UM CAMPO DE FUTEBOL."}, {"id": "1027", "ano": "2009", "numero": "604", "tipo__sigla": "REQ", "tipo__descricao": "REQUERIMENTO", "autoria": "JOSLEY   ANDRADE", "texto_original": "http://sapl.campolargo.pr.leg.br/media/./sapl/public/materialegislativa/2009/1027/1027_texto_integral.pdf", "ementa": "PATROLAMENTO E ENSAIBRAMENTO, INICIO BR 277, SITO RUA JO\u00c3O BERTOJA CIRCUNDANDO A RUA BATISTA SABIM, NO LOTEAMENTO ITAQUI DE CIMA."}, {"id": "1031", "ano": "2009", "numero": "607", "tipo__sigla": "REQ", "tipo__descricao": "REQUERIMENTO", "autoria": "NELSON DE SOUZA", "texto_original": "http://sapl.campolargo.pr.leg.br/media/./sapl/public/materialegislativa/2009/1031/1031_texto_integral.pdf", "ementa": "INSTALA\u00c7\u00c3O DE ILUMINA\u00c7\u00c3O P\u00daBLICA NA RUA DOMINGOS PUPPI, PR\u00d3XIMO \u00c0 ESCOLA MUNICIPAL LUIZ JULIO, DISTRITO DE FERRARIA."}, {"id": "1032", "ano": "2009", "numero": "608", "tipo__sigla": "REQ", "tipo__descricao": "REQUERIMENTO", "autoria": "SERGIO SCHMIDT", "texto_original": "http://sapl.campolargo.pr.leg.br/media/./sapl/public/materialegislativa/2009/1032/1032_texto_integral.pdf", "ementa": "OPERA\u00c7\u00c3O TAPA BURACOS EM TODAS AS RUAS DO BAIRRO ITAQUI."}, {"id": "1033", "ano": "2009", "numero": "609", "tipo__sigla": "REQ", "tipo__descricao": "REQUERIMENTO", "autoria": "DARCI ANDREASSA", "texto_original": "http://sapl.campolargo.pr.leg.br/media/./sapl/public/materialegislativa/2009/1033/1033_texto_integral.pdf", "ementa": "REDE DE ILUMINA\u00c7\u00c3O P\u00daBLICA NA RUA AFONSO ROBERBACK."}, {"id": "1042", "ano": "2009", "numero": "612", "tipo__sigla": "REQ", "tipo__descricao": "REQUERIMENTO", "autoria": "DARCI ANDREASSA", "texto_original": "http://sapl.campolargo.pr.leg.br/media/./sapl/public/materialegislativa/2009/1042/1042_texto_integral.pdf", "ementa": "REFORMA E ILUMINA\u00c7\u00c3O NO CAMPO JO\u00c3O GASPARETO ZAVATTI, TAMB\u00c9M CONHECIDO COMO ABI,  NO JARDIM BELA VISTA,BAIRRO ITAQUI."}, {"id": "1043", "ano": "2009", "numero": "613", "tipo__sigla": "REQ", "tipo__descricao": "REQUERIMENTO", "autoria": "DARCI ANDREASSA", "texto_original": "http://sapl.campolargo.pr.leg.br/media/./sapl/public/materialegislativa/2009/1043/1043_texto_integral.pdf", "ementa": "REVITALIZA\u00c7\u00c3O COM COBERTURA ASF\u00c1LTICA  E ARBORIZA\u00c7\u00c3O NA RUA ROMUALDO PORTUGAL, EM TODA A SUA EXTENS\u00c3O, COMPREENDENDO O TRECHO ENTRE A BR 277 E A RUA ROCHA POMBO."}, {"id": "1044", "ano": "2009", "numero": "614", "tipo__sigla": "REQ", "tipo__descricao": "REQUERIMENTO", "autoria": "DARCI ANDREASSA", "texto_original": "http://sapl.campolargo.pr.leg.br/media/./sapl/public/materialegislativa/2009/1044/1044_texto_integral.pdf", "ementa": "REVITALIZA\u00c7\u00c3O COM CONTRU\u00c7\u00c3O DE ACOSTAMENTO, NA RUA JO\u00c3O STUKAS, BAIRRO BOTIATUVA, DESDE O SEU IN\u00cdCIO AT\u00c9 A PR 423."}, {"id": "1045", "ano": "2009", "numero": "615", "tipo__sigla": "REQ", "tipo__descricao": "REQUERIMENTO", "autoria": "DARCI ANDREASSA", "texto_original": "http://sapl.campolargo.pr.leg.br/media/./sapl/public/materialegislativa/2009/1045/1045_texto_integral.pdf", "ementa": "REVITALIZA\u00c7\u00c3O COM COBERTURA ASF\u00c1LTICA, ARBORIZA\u00c7\u00c3O, PASSEIO E CICLOVIA, NA AVENIDA BOM JESUS, EM TODA A SUA EXTENS\u00c3O."}, {"id": "1040", "ano": "2009", "numero": "617", "tipo__sigla": "REQ", "tipo__descricao": "REQUERIMENTO", "autoria": "LUCIR MARCHIORI", "texto_original": "http://sapl.campolargo.pr.leg.br/media/./sapl/public/materialegislativa/2009/1040/1040_texto_integral.pdf", "ementa": "MUDAN\u00c7AS E MELHORIAS PARA O PROCON."}, {"id": "1039", "ano": "2009", "numero": "618", "tipo__sigla": "REQ", "tipo__descricao": "REQUERIMENTO", "autoria": "NELSON DE SOUZA", "texto_original": "http://sapl.campolargo.pr.leg.br/media/./sapl/public/materialegislativa/2009/1039/1039_texto_integral.pdf", "ementa": "INSTALA\u00c7\u00c3O DE ELEVADORES PARA CADEIRANTES NAS ESTA\u00c7\u00d5ES TUBO DO LIGEIRINHO DE NOSSA CIDADE."}, {"id": "1046", "ano": "2009", "numero": "619", "tipo__sigla": "REQ", "tipo__descricao": "REQUERIMENTO", "autoria": "NELSON DE SOUZA", "texto_original": "http://sapl.campolargo.pr.leg.br/media/./sapl/public/materialegislativa/2009/1046/1046_texto_integral.pdf", "ementa": "SINALIZA\u00c7\u00c3O NA RUA MATO GROSSO, NAS PROXIMIDADES DA PONTE DO PASSA\u00daNA, ALERTANDO OS MOTORISTAS SOBRE A PONTE, E COLOCA\u00c7\u00c3O DE DEFENSAS (GUARDRAIL), NAS LATERAIS DA PONTE."}, {"id": "1049", "ano": "2009", "numero": "621", "tipo__sigla": "REQ", "tipo__descricao": "REQUERIMENTO", "autoria": "DARCI ANDREASSA", "texto_original": "http://sapl.campolargo.pr.leg.br/media/./sapl/public/materialegislativa/2009/1049/1049_texto_integral.pdf", "ementa": "PONTO DE \u00d4NIBUS COM COBERTURA NA RUA CABRAL, N\u00ba. 40, BAIRRO S\u00c3O VICENTE."}, {"id": "1051", "ano": "2009", "numero": "623", "tipo__sigla": "REQ", "tipo__descricao": "REQUERIMENTO", "autoria": "DARCI ANDREASSA", "texto_original": "http://sapl.campolargo.pr.leg.br/media/./sapl/public/materialegislativa/2009/1051/1051_texto_integral.pdf", "ementa": "ARBORIZA\u00c7\u00c3O NA \u00c1REA DE PRESERVA\u00c7\u00c3O EXISTENTE NA LATERAL DA RUA BERNARDO GUERCHEVSKI, NO JARDIM DAS AM\u00c9RICAS."}, {"id": "1052", "ano": "2009", "numero": "624", "tipo__sigla": "REQ", "tipo__descricao": "REQUERIMENTO", "autoria": "JOSLEY   ANDRADE", "texto_original": "http://sapl.campolargo.pr.leg.br/media/./sapl/public/materialegislativa/2009/1052/1052_texto_integral.pdf", "ementa": "PSICOL\u00d3GO(A) PARA O POSTO DE SA\u00daDE DO DISTRITO DE BATEIAS."}, {"id": "1053", "ano": "2009", "numero": "625", "tipo__sigla": "REQ", "tipo__descricao": "REQUERIMENTO", "autoria": "JOSLEY   ANDRADE", "texto_original": "http://sapl.campolargo.pr.leg.br/media/./sapl/public/materialegislativa/2009/1053/1053_texto_integral.pdf", "ementa": "PLANT\u00c3O ODONTOL\u00d3GICO NO CENTRO M\u00c9DICO DE CAMPO LARGO."}, {"id": "1054", "ano": "2009", "numero": "626", "tipo__sigla": "REQ", "tipo__descricao": "REQUERIMENTO", "autoria": "SANDRA MARCON", "texto_original": "http://sapl.campolargo.pr.leg.br/media/./sapl/public/materialegislativa/2009/1054/1054_texto_integral.pdf", "ementa": "ABRIGO PARA PONTO DE \u00d4NIBUS NA AVENIDA BOM JESUS, AO LADO DA CAPELA MORTU\u00c1RIA SANTO \u00c2NGELO, BAIRRO BOM JESUS."}, {"id": "1055", "ano": "2009", "numero": "627", "tipo__sigla": "REQ", "tipo__descricao": "REQUERIMENTO", "autoria": "SANDRA MARCON", "texto_original": "http://sapl.campolargo.pr.leg.br/media/./sapl/public/materialegislativa/2009/1055/1055_texto_integral.pdf", "ementa": "ABRIGO PARA PONTO DE \u00d4NIBUS NA RUA OLAVO BILAC, JARDIM BUSMAYER, PR\u00d3XIMO AO N\u00ba. 856."}, {"id": "1056", "ano": "2009", "numero": "628", "tipo__sigla": "REQ", "tipo__descricao": "REQUERIMENTO", "autoria": "LUCIR MARCHIORI", "texto_original": "http://sapl.campolargo.pr.leg.br/media/./sapl/public/materialegislativa/2009/1056/1056_texto_integral.pdf", "ementa": "MANUTEN\u00c7\u00c3O E REPARA\u00c7\u00c3O DAS INSTALA\u00c7\u00d5ES DA VILA OL\u00cdMPICA ANTONIO LACERDA BRAGA."}, {"id": "1058", "ano": "2009", "numero": "630", "tipo__sigla": "REQ", "tipo__descricao": "REQUERIMENTO", "autoria": "JOSLEY   ANDRADE", "texto_original": "http://sapl.campolargo.pr.leg.br/media/./sapl/public/materialegislativa/2009/1058/1058_texto_integral.pdf", "ementa": "PATRULHAMENTO DA POL\u00cdCIA MILITAR EM TODA A REGI\u00c3O DE SANTA CRUZ, DISTRITO DE TR\u00caS C\u00d3RREGOS."}, {"id": "1059", "ano": "2009", "numero": "631", "tipo__sigla": "REQ", "tipo__descricao": "REQUERIMENTO", "autoria": "JOSLEY   ANDRADE", "texto_original": "http://sapl.campolargo.pr.leg.br/media/./sapl/public/materialegislativa/2009/1059/1059_texto_integral.pdf", "ementa": "PAVIMENTA\u00c7\u00c3O ASF\u00c1LTICA NA RUA JOIL ANTONIO BASSO, DISTRITO DE BATEIAS."}, {"id": "1060", "ano": "2009", "numero": "632", "tipo__sigla": "REQ", "tipo__descricao": "REQUERIMENTO", "autoria": "JOSLEY   ANDRADE", "texto_original": "http://sapl.campolargo.pr.leg.br/media/./sapl/public/materialegislativa/2009/1060/1060_texto_integral.pdf", "ementa": "CAIXA ELETR\u00d4NICO DA CAIXA ECON\u00d4MICA FEDERAL NO NOVO PR\u00c9DIO DA C\u00c2MARA MUNICIPAL."}, {"id": "1061", "ano": "2009", "numero": "633", "tipo__sigla": "REQ", "tipo__descricao": "REQUERIMENTO", "autoria": "DARCI ANDREASSA", "texto_original": "http://sapl.campolargo.pr.leg.br/media/./sapl/public/materialegislativa/2009/1061/1061_texto_integral.pdf", "ementa": "READEQUA\u00c7\u00c3O DO CRUZAMENTO ENTRE A ADEMAR DE BARROS E A RODOVIA BR 277 COM ELIMINA\u00c7\u00c3O DA ROTAT\u00d3RIA E OTIMIZA\u00c7\u00c3O DO USO DO SEM\u00c1FORO."}, {"id": "1068", "ano": "2009", "numero": "639", "tipo__sigla": "REQ", "tipo__descricao": "REQUERIMENTO", "autoria": "LUCIR MARCHIORI", "texto_original": "http://sapl.campolargo.pr.leg.br/media/./sapl/public/materialegislativa/2009/1068/1068_texto_integral.pdf", "ementa": "INFORMA\u00c7\u00d5ES DO EXECUTIVO,  A RESPEITO DOS VALORES PAGOS A T\u00cdTULO DE ISSQN, DESDE JANEIRO AT\u00c9 OUTUBRO DE 2009, PELA EMPRESA GERENCIADORA DO ESTAR - CAIU\u00c1."}, {"id": "1069", "ano": "2009", "numero": "640", "tipo__sigla": "REQ", "tipo__descricao": "REQUERIMENTO", "autoria": "LUCIR MARCHIORI", "texto_original": "http://sapl.campolargo.pr.leg.br/media/./sapl/public/materialegislativa/2009/1069/1069_texto_integral.pdf", "ementa": "PASSARELA NA RODOVIA BR 277, KM 112, NA RONDINHA."}, {"id": "1070", "ano": "2009", "numero": "641", "tipo__sigla": "REQ", "tipo__descricao": "REQUERIMENTO", "autoria": "NELSON DE SOUZA", "texto_original": "http://sapl.campolargo.pr.leg.br/media/./sapl/public/materialegislativa/2009/1070/1070_texto_integral.pdf", "ementa": "TOLDO NA ENTRADA DO CMEI MENINO DEUS, DISTRITO DE FERRARIA."}, {"id": "1072", "ano": "2009", "numero": "644", "tipo__sigla": "REQ", "tipo__descricao": "REQUERIMENTO", "autoria": "DARCI ANDREASSA", "texto_original": "http://sapl.campolargo.pr.leg.br/media/./sapl/public/materialegislativa/2009/1072/1072_texto_integral.pdf", "ementa": "REVITALIZA\u00c7\u00c3O EM TODAS AS RUAS DO CONJUNTO HABITACIONAL \u00c1GUAS CLARAS, COM CAMADA ASF\u00c1LTICA, PASSEIOS E ARBORIZA\u00c7\u00c3O."}, {"id": "1074", "ano": "2009", "numero": "646", "tipo__sigla": "REQ", "tipo__descricao": "REQUERIMENTO", "autoria": "DARCI ANDREASSA", "texto_original": "http://sapl.campolargo.pr.leg.br/media/./sapl/public/materialegislativa/2009/1074/1074_texto_integral.pdf", "ementa": "ROTAT\u00d3RIA E MELHOR SINALIZA\u00c7\u00c3O NA RUA TENENTE VAZ DA SILVA MIRANDA, ESQUINA COM A ESTRADA DA COL\u00d4NIA CRISTINA, NO CONJUNTO HABITACIONAL JOAQUIM CELESTINO FERREIRA."}, {"id": "1082", "ano": "2009", "numero": "648", "tipo__sigla": "REQ", "tipo__descricao": "REQUERIMENTO", "autoria": "NELSON DE SOUZA", "texto_original": "http://sapl.campolargo.pr.leg.br/media/./sapl/public/materialegislativa/2009/1082/1082_texto_integral.pdf", "ementa": "PARA QUE O PODER EXECUTIVO JUNTAMENTE COM O MINIST\u00c9RIO P\u00daBLICO ENTRE COM PEDIDO JUNTO \u00c0 RODONORTE PARA QUE ABRA TODOS OS ACESSOS DE NOSSAS VIAS P\u00daBLICAS QUE CORTAM A BR 277, FECHADAS PELA MESMA."}, {"id": "1081", "ano": "2009", "numero": "649", "tipo__sigla": "REQ", "tipo__descricao": "REQUERIMENTO", "autoria": "NELSON DE SOUZA", "texto_original": "http://sapl.campolargo.pr.leg.br/media/./sapl/public/materialegislativa/2009/1081/1081_texto_integral.pdf", "ementa": "CICLOVIA  E CAL\u00c7AMENTO COMPARTILHADO NA RUA MATO GROSSO, DISTRITO DE FERRARIA, COM IN\u00cdCIO NA SANTA \u00c2NGELA E T\u00c9RMINO NO PASSA\u00daNA."}, {"id": "1080", "ano": "2009", "numero": "650", "tipo__sigla": "REQ", "tipo__descricao": "REQUERIMENTO", "autoria": "NELSON DE SOUZA", "texto_original": "http://sapl.campolargo.pr.leg.br/media/./sapl/public/materialegislativa/2009/1080/1080_texto_integral.pdf", "ementa": "EXTENS\u00c3O DA COBERTURA DO POSTO DE SA\u00daDE DO DISTRITO DE FERRARIA."}, {"id": "1079", "ano": "2009", "numero": "651", "tipo__sigla": "REQ", "tipo__descricao": "REQUERIMENTO", "autoria": "NELSON DE SOUZA", "texto_original": "http://sapl.campolargo.pr.leg.br/media/./sapl/public/materialegislativa/2009/1079/1079_texto_integral.pdf", "ementa": "INFORMA\u00c7\u00d5ES SOBRE O ASFALTO DA AVENIDA DOS EXPEDICION\u00c1RIOS, COM C\u00d3PIA DO CONTRATO, INFORMA\u00c7\u00d5ES REFERENTES A TEMPO DE GARANTIA, CUSTO E EMPRESA QUE REALIZOU A OBRA."}, {"id": "1078", "ano": "2009", "numero": "653", "tipo__sigla": "REQ", "tipo__descricao": "REQUERIMENTO", "autoria": "JOSLEY   ANDRADE", "texto_original": "http://sapl.campolargo.pr.leg.br/media/./sapl/public/materialegislativa/2009/1078/1078_texto_integral.pdf", "ementa": "OPERA\u00c7\u00c3O TAPA BURACOS NA RUA JOS\u00c9 DE PAIVA VIDAL AT\u00c9 AS MORADIAS BOM JESUS."}, {"id": "1077", "ano": "2009", "numero": "654", "tipo__sigla": "REQ", "tipo__descricao": "REQUERIMENTO", "autoria": "JOSLEY   ANDRADE", "texto_original": "http://sapl.campolargo.pr.leg.br/media/./sapl/public/materialegislativa/2009/1077/1077_texto_integral.pdf", "ementa": "TELEFONE P\u00daBLICO NA ESTRADA PRINCIPAL DE SANTA CRUZ, EM FRENTE AO BAR E MERCEARIA DO OSLOIR."}, {"id": "1076", "ano": "2009", "numero": "655", "tipo__sigla": "REQ", "tipo__descricao": "REQUERIMENTO", "autoria": "SANDRA MARCON", "texto_original": "http://sapl.campolargo.pr.leg.br/media/./sapl/public/materialegislativa/2009/1076/1076_texto_integral.pdf", "ementa": "MANUTEN\u00c7\u00d5ES E MELHORIAS NO TELHADO DA CAPELA MORTU\u00c1RIA MUNICIPAL."}, {"id": "1083", "ano": "2009", "numero": "656", "tipo__sigla": "REQ", "tipo__descricao": "REQUERIMENTO", "autoria": "SANDRA MARCON", "texto_original": "http://sapl.campolargo.pr.leg.br/media/./sapl/public/materialegislativa/2009/1083/1083_texto_integral.pdf", "ementa": "ABRIGO PARA PONTO DE \u00d4NIBUS NO \u00daLTIMO E PEN\u00daLTIMO PONTO DA LINHA ITAQUI DE CIMA (VILA NOVA)."}, {"id": "1117", "ano": "2009", "numero": "659", "tipo__sigla": "REQ", "tipo__descricao": "REQUERIMENTO", "autoria": "DARCI ANDREASSA", "texto_original": "http://sapl.campolargo.pr.leg.br/media/./sapl/public/materialegislativa/2009/1117/1117_texto_integral.pdf", "ementa": "REDUTORES DUPLOS DE VELOCIDADE NAS RUAS COL\u00d4NIA CRISTINA, ESQUINA COM LOURIVAL PORTELA DE BRITO, NOS DOSI SENTIDOS E TAMB\u00c9M NA LOURIVAL PORTELA DE BRITO, ONDE FINDA NA RUA COL\u00d4NIA CRISTINA."}, {"id": "1116", "ano": "2009", "numero": "660", "tipo__sigla": "REQ", "tipo__descricao": "REQUERIMENTO", "autoria": "DIRCEU MOCELIN", "texto_original": "http://sapl.campolargo.pr.leg.br/media/./sapl/public/materialegislativa/2009/1116/1116_texto_integral.pdf", "ementa": "INSTALA\u00c7\u00c3O DE UM PABI DENTRO DO CIRETRAN QUE FICA AO LADO DA DELEGACIA, NA RUA JOANIM STROPARO."}, {"id": "1088", "ano": "2009", "numero": "662", "tipo__sigla": "REQ", "tipo__descricao": "REQUERIMENTO", "autoria": "DARCI ANDREASSA", "texto_original": "http://sapl.campolargo.pr.leg.br/media/./sapl/public/materialegislativa/2009/1088/1088_texto_integral.pdf", "ementa": "IMPLANTA\u00c7\u00c3O DE ILHA PARA PEDESTRES NA SA\u00cdDA DA PASSARELA QUE LIGA OS BAIRROS BOM JESUS E RIVABEM."}, {"id": "1087", "ano": "2009", "numero": "664", "tipo__sigla": "REQ", "tipo__descricao": "REQUERIMENTO", "autoria": "NELSON DE SOUZA", "texto_original": "http://sapl.campolargo.pr.leg.br/media/./sapl/public/materialegislativa/2009/1087/1087_texto_integral.pdf", "ementa": "INFORMA\u00c7\u00d5ES DO EXECUTIVO-SECRETARIA DE MEIO AMBIENTE, A RESPEITO DO PROJETO DE LEI N\u00ba 64/09."}, {"id": "1112", "ano": "2009", "numero": "666", "tipo__sigla": "REQ", "tipo__descricao": "REQUERIMENTO", "autoria": "DIRCEU MOCELIN", "texto_original": "http://sapl.campolargo.pr.leg.br/media/./sapl/public/materialegislativa/2009/1112/1112_texto_integral.pdf", "ementa": "CONSTRU\u00c7\u00c3O DE LOMBADAS NA RUA MARIANO TORRES, N\u00ba300, BAIRRO OURO VERDE."}, {"id": "1113", "ano": "2009", "numero": "667", "tipo__sigla": "REQ", "tipo__descricao": "REQUERIMENTO", "autoria": "DIRCEU MOCELIN", "texto_original": "http://sapl.campolargo.pr.leg.br/media/", "ementa": "CONSTRU\u00c7\u00c3O DE BRITADOR EM PARCERIA COM A EMPRESA ITAMB\u00c9."}, {"id": "1097", "ano": "2009", "numero": "668", "tipo__sigla": "REQ", "tipo__descricao": "REQUERIMENTO", "autoria": "JOSLEY   ANDRADE", "texto_original": "http://sapl.campolargo.pr.leg.br/media/./sapl/public/materialegislativa/2009/1097/1097_texto_integral.pdf", "ementa": "EXTENS\u00c3O DA COLETA DE LIXO DA TAQUARINHA AT\u00c9 MAIS OU MENOS 2 KM, NA ESTRADA DE SANTA CRUZ, DISTRITO DE TR\u00caS C\u00d3RREGOS."}, {"id": "1098", "ano": "2009", "numero": "672", "tipo__sigla": "REQ", "tipo__descricao": "REQUERIMENTO", "autoria": "DIRCEU MOCELIN", "texto_original": "http://sapl.campolargo.pr.leg.br/media/./sapl/public/materialegislativa/2009/1098/1098_texto_integral.pdf", "ementa": "SUGEST\u00c3O \u00c0 COCEL PRA QUE SE COLOQUE MENSAGEM NAS FATURAS DE ENERGIA EL\u00c9TRICA, SOLICITANDO AOS CONSUMIDORES QUE COMUNIQUEM A EMPRESA QUANDO ALGUM PONTO DE ILUMINA\u00c7\u00c3O P\u00daBLICA APRESENTAR DEFEITO E PERMANECER ACESO DURANTE O DIA."}, {"id": "1099", "ano": "2009", "numero": "673", "tipo__sigla": "REQ", "tipo__descricao": "REQUERIMENTO", "autoria": "DIRCEU MOCELIN", "texto_original": "http://sapl.campolargo.pr.leg.br/media/./sapl/public/materialegislativa/2009/1099/1099_texto_integral.pdf", "ementa": "ILUMINA\u00c7\u00c3O NA COBERTURA DO GIN\u00c1SIO, CONSTRU\u00c7\u00c3O DE NOVA QUADRA, COLOCA\u00c7\u00c3O DE TABELAS DE BASQUETE E INSTALA\u00c7\u00c3O DE REDE PARA V\u00d4LEI NO COL\u00c9GIO MUNICIPAL ALBINA GRIGOLETTI VINHESKI."}, {"id": "1100", "ano": "2009", "numero": "674", "tipo__sigla": "REQ", "tipo__descricao": "REQUERIMENTO", "autoria": "LUCIR MARCHIORI", "texto_original": "http://sapl.campolargo.pr.leg.br/media/./sapl/public/materialegislativa/2009/1100/1100_texto_integral.pdf", "ementa": "PAVIMENTA\u00c7\u00c3O ASF\u00c1LTICA NAS RUAS SANTOS DUMONT E JOS\u00c9 BONIF\u00c1CIO, VILA BANC\u00c1RIA."}, {"id": "1101", "ano": "2009", "numero": "675", "tipo__sigla": "REQ", "tipo__descricao": "REQUERIMENTO", "autoria": "LUCIR MARCHIORI", "texto_original": "http://sapl.campolargo.pr.leg.br/media/./sapl/public/materialegislativa/2009/1101/1101_texto_integral.pdf", "ementa": "OPERA\u00c7\u00c3O TAPA BURACOS NAS RUAS GENEROSO MARQUES E JOS\u00c9 SOARES PINTO."}, {"id": "1102", "ano": "2009", "numero": "676", "tipo__sigla": "REQ", "tipo__descricao": "REQUERIMENTO", "autoria": "LUCIR MARCHIORI", "texto_original": "http://sapl.campolargo.pr.leg.br/media/./sapl/public/materialegislativa/2009/1102/1102_texto_integral.pdf", "ementa": "LIMPEZA DO LIX\u00c3O EXISTENTE ENTRE AS RUAS DIOGO ANDRADE DE BELO E PADRE ALBERTO ROGACHESKI NO CONJUNTO HABITACIONAL JOAQUIM CELESTINO FERREIRA (POPULARES NOVAS)."}, {"id": "1103", "ano": "2009", "numero": "677", "tipo__sigla": "REQ", "tipo__descricao": "REQUERIMENTO", "autoria": "LUCIR MARCHIORI", "texto_original": "http://sapl.campolargo.pr.leg.br/media/./sapl/public/materialegislativa/2009/1103/1103_texto_integral.pdf", "ementa": "ABERTURA DA RUA QUE D\u00c1 CONTINUIDADE COM A RUA JOS\u00c9 BONIF\u00c1CIO, ESQUINA COM FELISBINO ANTONIO."}, {"id": "1104", "ano": "2009", "numero": "678", "tipo__sigla": "REQ", "tipo__descricao": "REQUERIMENTO", "autoria": "JOSLEY   ANDRADE", "texto_original": "http://sapl.campolargo.pr.leg.br/media/./sapl/public/materialegislativa/2009/1104/1104_texto_integral.pdf", "ementa": "SINALIZA\u00c7\u00c3O NAS RUAS QUE D\u00c3O ACESSO \u00c0S ESCOLAS: COL\u00c9GIO S\u00c3O MARCOS, CARLOS DRUMOND DE ANDRADE,  CLOT\u00c1RIO PORTUGAL, MACEDO SOARES E OTAL\u00cdPIO PEREIRA DE ANDRADE."}, {"id": "1106", "ano": "2009", "numero": "679", "tipo__sigla": "REQ", "tipo__descricao": "REQUERIMENTO", "autoria": "NELSON DE SOUZA", "texto_original": "http://sapl.campolargo.pr.leg.br/media/./sapl/public/materialegislativa/2009/1106/1106_texto_integral.pdf", "ementa": "PONTO DE \u00d4NIBUS COBERTO NO LOTEAMENTO MONSENHOR FRANCISCO GORSKI."}, {"id": "1105", "ano": "2009", "numero": "680", "tipo__sigla": "REQ", "tipo__descricao": "REQUERIMENTO", "autoria": "NELSON DE SOUZA", "texto_original": "http://sapl.campolargo.pr.leg.br/media/./sapl/public/materialegislativa/2009/1105/1105_texto_integral.pdf", "ementa": "PONTO DE \u00d4NIBUS COBERTO NO LOTEAMENTO IARA."}, {"id": "1096", "ano": "2009", "numero": "681", "tipo__sigla": "REQ", "tipo__descricao": "REQUERIMENTO", "autoria": "DARCI ANDREASSA", "texto_original": "http://sapl.campolargo.pr.leg.br/media/./sapl/public/materialegislativa/2009/1096/1096_texto_integral.pdf", "ementa": "ENVIO DE CONGRATULA\u00c7\u00d5ES \u00c0 EMPRESA INGRA PELOS SEUS 50 ANOS DE FUNCIONAMENTO."}, {"id": "1107", "ano": "2009", "numero": "682", "tipo__sigla": "REQ", "tipo__descricao": "REQUERIMENTO", "autoria": "LUCIR MARCHIORI", "texto_original": "http://sapl.campolargo.pr.leg.br/media/./sapl/public/materialegislativa/2009/1107/1107_texto_integral.pdf", "ementa": "REPAROS NA RUA LUIZ FEDALTO, LOTEAMENTO S\u00c3O FRANCISCO."}, {"id": "1192", "ano": "2009", "numero": "685", "tipo__sigla": "REQ", "tipo__descricao": "REQUERIMENTO", "autoria": "Affonso Portugal Guimar\u00e3es", "texto_original": "http://sapl.campolargo.pr.leg.br/media/", "ementa": "REMISS\u00c3O DE CR\u00c9DITO TRIBUT\u00c1RIO RELATIVO A CONTRIBUI\u00c7\u00c3O DE MELHORIA DE CONTRIBUINTES QUE COMPROVADAMENTE N\u00c3O POSSUAM CONDI\u00c7\u00d5ES ECON\u00d4MICAS."}, {"id": "1118", "ano": "2009", "numero": "686", "tipo__sigla": "REQ", "tipo__descricao": "REQUERIMENTO", "autoria": "LINDAMIR IVANOSKI", "texto_original": "http://sapl.campolargo.pr.leg.br/media/./sapl/public/materialegislativa/2009/1118/1118_texto_integral.pdf", "ementa": "LIMPEZA E CONSTRU\u00c7\u00c3O DE MURO DE CONTEN\u00c7\u00c3O DE PEDRAS E TELA NO RIO PEDREIRA."}, {"id": "1119", "ano": "2009", "numero": "687", "tipo__sigla": "REQ", "tipo__descricao": "REQUERIMENTO", "autoria": "DIRCEU MOCELIN", "texto_original": "http://sapl.campolargo.pr.leg.br/media/./sapl/public/materialegislativa/2009/1119/1119_texto_integral.pdf", "ementa": "TROCA DAS CER\u00c2MICAS, CONSERTO DOS VAZAMENTOS, PINTURA DA QUADRA DE ESPORTES DO COL\u00c9GIO AUGUSTO PIRES DE PAULA, NO DISTRITO DE TR\u00caS C\u00d3RREGOS."}, {"id": "1120", "ano": "2009", "numero": "688", "tipo__sigla": "REQ", "tipo__descricao": "REQUERIMENTO", "autoria": "DIRCEU MOCELIN", "texto_original": "http://sapl.campolargo.pr.leg.br/media/./sapl/public/materialegislativa/2009/1120/1120_texto_integral.pdf", "ementa": "RECOLOCA\u00c7\u00c3O DO PARQUE INFANTIL NO COL\u00c9GIO AUGUSTO PIRES DE PAULA."}, {"id": "1121", "ano": "2009", "numero": "689", "tipo__sigla": "REQ", "tipo__descricao": "REQUERIMENTO", "autoria": "DARCI ANDREASSA, LINDAMIR IVANOSKI", "texto_original": "http://sapl.campolargo.pr.leg.br/media/./sapl/public/materialegislativa/2009/1121/1121_texto_integral.pdf", "ementa": "SINCRONIZA\u00c7\u00c3O DOS SEM\u00c1FOROS DAS RUAS CENTEN\u00c1RIO E XAVIER DA SILVA, CENTRO."}, {"id": "1122", "ano": "2009", "numero": "690", "tipo__sigla": "REQ", "tipo__descricao": "REQUERIMENTO", "autoria": "DARCI ANDREASSA, Sergio Schimidt", "texto_original": "http://sapl.campolargo.pr.leg.br/media/./sapl/public/materialegislativa/2009/1122/1122_texto_integral.pdf", "ementa": "CONSTRU\u00c7\u00c3O DE UM NOVO CEMIT\u00c9RIO PARA O MUNIC\u00cdPIO."}, {"id": "1125", "ano": "2009", "numero": "694", "tipo__sigla": "REQ", "tipo__descricao": "REQUERIMENTO", "autoria": "CELSINHO A\u00c7OUGUEIRO., DARCI ANDREASSA, DIRCEU MOCELIN, JORGE JULIO, JOSLEY   ANDRADE, LINDAMIR IVANOSKI, LUCIR MARCHIORI, NELSON DE SOUZA, SANDRA MARCON, SERGIO SCHMIDT, WILSON ANDRADE", "texto_original": "http://sapl.campolargo.pr.leg.br/media/./sapl/public/materialegislativa/2009/1125/1125_texto_integral.pdf", "ementa": "CONSTRU\u00c7\u00c3O DE DOIS PORTAIS DE IDENTIFICA\u00c7\u00c3O DO MUNC\u00cdPIO NAS DUAS ENTRADAS DA CIDADE."}, {"id": "1127", "ano": "2009", "numero": "695", "tipo__sigla": "REQ", "tipo__descricao": "REQUERIMENTO", "autoria": "DIRCEU MOCELIN", "texto_original": "http://sapl.campolargo.pr.leg.br/media/./sapl/public/materialegislativa/2009/1127/1127_texto_integral.pdf", "ementa": "LIBERA\u00c7\u00c3O DO LOCAL QUE ERA UTILIZADO PELA TELEPAR PARA USO DO CMEI ANTONIO GABARDO JUNIOR."}, {"id": "1128", "ano": "2009", "numero": "696", "tipo__sigla": "REQ", "tipo__descricao": "REQUERIMENTO", "autoria": "DIRCEU MOCELIN", "texto_original": "http://sapl.campolargo.pr.leg.br/media/./sapl/public/materialegislativa/2009/1128/1128_texto_integral.pdf", "ementa": "PARA QUE SE ERGA O MURO DO CMEI ANTONIO GABARDO JUNIOR."}, {"id": "1129", "ano": "2009", "numero": "697", "tipo__sigla": "REQ", "tipo__descricao": "REQUERIMENTO", "autoria": "DIRCEU MOCELIN", "texto_original": "http://sapl.campolargo.pr.leg.br/media/./sapl/public/materialegislativa/2009/1129/1129_texto_integral.pdf", "ementa": "PINTURA COM TEMAS DE DESENHOS NAS PAREDES DO REFEIT\u00d3RIO DAS CRIAN\u00c7AS DO CMEI ANTONIO GABARDO JUNIOR."}, {"id": "1130", "ano": "2009", "numero": "698", "tipo__sigla": "REQ", "tipo__descricao": "REQUERIMENTO", "autoria": "JOSLEY   ANDRADE", "texto_original": "http://sapl.campolargo.pr.leg.br/media/./sapl/public/materialegislativa/2009/1130/1130_texto_integral.pdf", "ementa": "PAVIMENTA\u00c7\u00c3O ASF\u00c1LTICA NAS RUAS PEDRO RIVABEM, JO\u00c3O CECATTO E CORINA RIVABEM, NO LOTEAMENTO INDUSTRIAL RIVABEM."}, {"id": "1133", "ano": "2009", "numero": "699", "tipo__sigla": "REQ", "tipo__descricao": "REQUERIMENTO", "autoria": "NELSON DE SOUZA", "texto_original": "http://sapl.campolargo.pr.leg.br/media/./sapl/public/materialegislativa/2009/1133/1133_texto_integral.pdf", "ementa": "AMPLIA\u00c7\u00c3O DAS ESTA\u00c7\u00d5ES TUBO DO MUNIC\u00cdPIO, IMPLANTANDO SETOR DE DESEMBARQUE E EMBARQUE."}, {"id": "1132", "ano": "2009", "numero": "700", "tipo__sigla": "REQ", "tipo__descricao": "REQUERIMENTO", "autoria": "NELSON DE SOUZA", "texto_original": "http://sapl.campolargo.pr.leg.br/media/./sapl/public/materialegislativa/2009/1132/1132_texto_integral.pdf", "ementa": "IMPLANTAR UM BICICLET\u00c1RIO COBERTO AO LADO DO NOVO TERMINAL URBANO DE CAMPO LARGO."}, {"id": "1126", "ano": "2009", "numero": "701", "tipo__sigla": "REQ", "tipo__descricao": "REQUERIMENTO", "autoria": "NELSON DE SOUZA", "texto_original": "http://sapl.campolargo.pr.leg.br/media/./sapl/public/materialegislativa/2009/1126/1126_texto_integral.pdf", "ementa": "OPERA\u00c7\u00c3O TAPA BURACOS NAS RUAS DO LOTEAMENTO JARDIM CRISTO REI."}, {"id": "1131", "ano": "2009", "numero": "702", "tipo__sigla": "REQ", "tipo__descricao": "REQUERIMENTO", "autoria": "NELSON DE SOUZA", "texto_original": "http://sapl.campolargo.pr.leg.br/media/./sapl/public/materialegislativa/2009/1131/1131_texto_integral.pdf", "ementa": "PATROLAMENTO E ENSAIBRAMENTO NAS RUAS DA VILA TORRES I E II DISTRITO DE FERRARIA."}, {"id": "1135", "ano": "2009", "numero": "704", "tipo__sigla": "REQ", "tipo__descricao": "REQUERIMENTO", "autoria": "NELSON DE SOUZA", "texto_original": "http://sapl.campolargo.pr.leg.br/media/./sapl/public/materialegislativa/2009/1135/1135_texto_integral.pdf", "ementa": "CONSTRU\u00c7\u00c3O DE \u00c1REA DE LAZER NA RUA ARAPONGAS, ENTRE A RUA JO\u00c3O MOREIRA E ARAPONGAS NO DISTRITO DA FERRARIA."}, {"id": "1136", "ano": "2009", "numero": "705", "tipo__sigla": "REQ", "tipo__descricao": "REQUERIMENTO", "autoria": "CELSINHO A\u00c7OUGUEIRO.", "texto_original": "http://sapl.campolargo.pr.leg.br/media/./sapl/public/materialegislativa/2009/1136/1136_texto_integral.pdf", "ementa": "REMO\u00c7\u00c3O DO LIXO ACUMULADO E RO\u00c7ADA NA MARGEM DA RUA ANGELO ZANETTI, JARDIM BELA VISTA."}, {"id": "1149", "ano": "2009", "numero": "707", "tipo__sigla": "REQ", "tipo__descricao": "REQUERIMENTO", "autoria": "LUCIR MARCHIORI", "texto_original": "http://sapl.campolargo.pr.leg.br/media/./sapl/public/materialegislativa/2009/1149/1149_texto_integral.pdf", "ementa": "LIMPEZA NAS SARJETAS E AS BOCAS DE LOBO EM TODAS AS RUAS DOS BAIRROS OURO VERDE I, OURO VERDE II E OURO PRETO."}, {"id": "1150", "ano": "2009", "numero": "708", "tipo__sigla": "REQ", "tipo__descricao": "REQUERIMENTO", "autoria": "LUCIR MARCHIORI", "texto_original": "http://sapl.campolargo.pr.leg.br/media/./sapl/public/materialegislativa/2009/1150/1150_texto_integral.pdf", "ementa": "REFORMA DA CAPELA MORTU\u00c1RIA DO CEMIT\u00c9RIO SANTO \u00c2NGELO, BEM COMO TROCA DOS M\u00d3VEIS."}, {"id": "1145", "ano": "2009", "numero": "714", "tipo__sigla": "REQ", "tipo__descricao": "REQUERIMENTO", "autoria": "DIRCEU MOCELIN", "texto_original": "http://sapl.campolargo.pr.leg.br/media/./sapl/public/materialegislativa/2009/1145/1145_texto_integral.pdf", "ementa": "PATROLAMENTO E ENSAIBRAMENTO NAS ESTRADAS DO RETIRO AT\u00c9 O VARGEDO."}, {"id": "1146", "ano": "2009", "numero": "715", "tipo__sigla": "REQ", "tipo__descricao": "REQUERIMENTO", "autoria": "DIRCEU MOCELIN", "texto_original": "http://sapl.campolargo.pr.leg.br/media/./sapl/public/materialegislativa/2009/1146/1146_texto_integral.pdf", "ementa": "TOLDO DA ESCOLA AT\u00c9 A PORTARIA DO CMEI ANTONIO GABARDO JUNIOR, POPULAR NOVA."}, {"id": "1147", "ano": "2009", "numero": "717", "tipo__sigla": "REQ", "tipo__descricao": "REQUERIMENTO", "autoria": "DIRCEU MOCELIN", "texto_original": "http://sapl.campolargo.pr.leg.br/media/./sapl/public/materialegislativa/2009/1147/1147_texto_integral.pdf", "ementa": "QUE SEJA COLOCADO SAIBRO, PATROLADO E PASSADO O ROLO NA RUA JO\u00c3O PEDRO RAMOS, NO BAIRRO BOM JESUS."}, {"id": "1151", "ano": "2009", "numero": "718", "tipo__sigla": "REQ", "tipo__descricao": "REQUERIMENTO", "autoria": "DARCI ANDREASSA", "texto_original": "http://sapl.campolargo.pr.leg.br/media/./sapl/public/materialegislativa/2009/1151/1151_texto_integral.pdf", "ementa": "LIMPEZA NO TERRENO DA ESCOLA CARLOS DRUMMOND DE ANDRADE E ESTUDOS PARA POSS\u00cdVEL CAPTA\u00c7\u00c3O E REAPROVEITAMENTO DA \u00c1GUA DA FONTE QUE EXISTE NO LOCAL."}, {"id": "1148", "ano": "2009", "numero": "719", "tipo__sigla": "REQ", "tipo__descricao": "REQUERIMENTO", "autoria": "DIRCEU MOCELIN", "texto_original": "http://sapl.campolargo.pr.leg.br/media/./sapl/public/materialegislativa/2009/1148/1148_texto_integral.pdf", "ementa": "OPERA\u00c7\u00c3O TAPA BURACOS NA RUA EUCLIDES DE ANDRADE NO BAIRRO SANTA RITA."}, {"id": "1152", "ano": "2009", "numero": "720", "tipo__sigla": "REQ", "tipo__descricao": "REQUERIMENTO", "autoria": "LINDAMIR IVANOSKI", "texto_original": "http://sapl.campolargo.pr.leg.br/media/./sapl/public/materialegislativa/2009/1152/1152_texto_integral.pdf", "ementa": "QUE O PODER EXECUTIVO ELABORE E SANCIONE A LEI QUE DISPONHA SOBRE A PRESERVA\u00c7\u00c3O DO PATRIM\u00d4NIO HIST\u00d3RICO - ART\u00cdSTICO E NATURAL DO MUNIC\u00cdPIO DE CAMPO LARGO."}, {"id": "1153", "ano": "2009", "numero": "721", "tipo__sigla": "REQ", "tipo__descricao": "REQUERIMENTO", "autoria": "DIRCEU MOCELIN", "texto_original": "http://sapl.campolargo.pr.leg.br/media/./sapl/public/materialegislativa/2009/1153/1153_texto_integral.pdf", "ementa": "OPERA\u00c7\u00c3O TAPA-BURACOS NA RUA 6 DO BAIRRO S\u00c3O JO\u00c3O II."}, {"id": "1154", "ano": "2009", "numero": "722", "tipo__sigla": "REQ", "tipo__descricao": "REQUERIMENTO", "autoria": "JOSLEY   ANDRADE", "texto_original": "http://sapl.campolargo.pr.leg.br/media/./sapl/public/materialegislativa/2009/1154/1154_texto_integral.pdf", "ementa": "TELEFONE P\u00daBLICO NA LOCALIDADE DE GRAMADO GRANDE NA ESTRADA DO SINDICATO, EM FRENTE A CASA COMERCIAL MPS GACIETTI, NO DISTRITO DE TR\u00caS C\u00d3RREGOS."}, {"id": "1155", "ano": "2009", "numero": "723", "tipo__sigla": "REQ", "tipo__descricao": "REQUERIMENTO", "autoria": "DARCI ANDREASSA", "texto_original": "http://sapl.campolargo.pr.leg.br/media/./sapl/public/materialegislativa/2009/1155/1155_texto_integral.pdf", "ementa": "CRECHE PARA O BAIRRO BOM JESUS, PR\u00d3XIMO A CARLOS DRUMOND DE ANDRADE."}, {"id": "1156", "ano": "2009", "numero": "724", "tipo__sigla": "REQ", "tipo__descricao": "REQUERIMENTO", "autoria": "DARCI ANDREASSA, CELSINHO A\u00c7OUGUEIRO., Sergio Schimidt", "texto_original": "http://sapl.campolargo.pr.leg.br/media/./sapl/public/materialegislativa/2009/1156/1156_texto_integral.pdf", "ementa": "CRECHE NO BAIRRO ITAQUI, PR\u00d3XIMO A ESCOLA HANS ERNEST SCHMIDT."}, {"id": "1157", "ano": "2009", "numero": "725", "tipo__sigla": "REQ", "tipo__descricao": "REQUERIMENTO", "autoria": "DARCI ANDREASSA", "texto_original": "http://sapl.campolargo.pr.leg.br/media/./sapl/public/materialegislativa/2009/1157/1157_texto_integral.pdf", "ementa": "RECAPEAMENTO ASF\u00c1LTICO DA RUA AB\u00cdLIO MONTEIRO, NO BAIRRO BOM JESUS."}, {"id": "1158", "ano": "2009", "numero": "726", "tipo__sigla": "REQ", "tipo__descricao": "REQUERIMENTO", "autoria": "DARCI ANDREASSA", "texto_original": "http://sapl.campolargo.pr.leg.br/media/./sapl/public/materialegislativa/2009/1158/1158_texto_integral.pdf", "ementa": "ALARGAMENTO DA VIA E DIMINUI\u00c7\u00c3O DO PASSEIO NA RUA QUINTINO BOCAI\u00daVA NO TRECHO ENTRE AS RUAS ENGENHEIRO TOURINHO E JOANIN STROPARO."}, {"id": "1162", "ano": "2009", "numero": "728", "tipo__sigla": "REQ", "tipo__descricao": "REQUERIMENTO", "autoria": "Jorge Julio", "texto_original": "http://sapl.campolargo.pr.leg.br/media/./sapl/public/materialegislativa/2009/1162/1162_texto_integral.pdf", "ementa": "REPAROS NA ILUMINA\u00c7\u00c3O DA QUADRA POLIESPORTIVA DAS ESCOLAS PROFESSOR ALO\u00cdSIO E NICOLAU MORAIS DE CASTRO, DISTRITO DE S\u00c3O SILVESTRE."}, {"id": "1161", "ano": "2009", "numero": "729", "tipo__sigla": "REQ", "tipo__descricao": "REQUERIMENTO", "autoria": "Jorge Julio", "texto_original": "http://sapl.campolargo.pr.leg.br/media/./sapl/public/materialegislativa/2009/1161/1161_texto_integral.pdf", "ementa": "LIMPEZA E RO\u00c7ADA NA ESTRADA VICENTE NALEPA."}, {"id": "1160", "ano": "2009", "numero": "730", "tipo__sigla": "REQ", "tipo__descricao": "REQUERIMENTO", "autoria": "Jorge Julio", "texto_original": "http://sapl.campolargo.pr.leg.br/media/./sapl/public/materialegislativa/2009/1160/1160_texto_integral.pdf", "ementa": "REDUTOR DE VELOCIDADE NA RUA IVAIPOR\u00c3 NA VILA POMP\u00c9IA."}, {"id": "1159", "ano": "2009", "numero": "731", "tipo__sigla": "REQ", "tipo__descricao": "REQUERIMENTO", "autoria": "CELSINHO A\u00c7OUGUEIRO.", "texto_original": "http://sapl.campolargo.pr.leg.br/media/./sapl/public/materialegislativa/2009/1159/1159_texto_integral.pdf", "ementa": "REDUTORES DE VELOCIDADE NA AVENIDA VER. ARLINDO CHEMIN, EM FRENTE AO N\u00daMERO 574."}, {"id": "672", "ano": "2009", "numero": "2", "tipo__sigla": "TL", "tipo__descricao": "TRIBUNA LIVRE", "autoria": "NELSON DE SOUZA", "texto_original": "http://sapl.campolargo.pr.leg.br/media/", "ementa": "TRIBUNA LIVRE PARA O SR. PAULO JOS\u00c9 ZANETE, VICE-PRESIDENTE DO SINDICATO NACIONAL DOS APOSENTADOS."}, {"id": "752", "ano": "2009", "numero": "214", "tipo__sigla": "TL", "tipo__descricao": "TRIBUNA LIVRE", "autoria": "SERGIO SCHMIDT", "texto_original": "http://sapl.campolargo.pr.leg.br/media/", "ementa": "USO DA TRIBUNA LIVRE PARA O SR. JULIANO CASTAGNOLI, PRESIDENTE DO SINDICATO DOS SERVIDORES P\u00daBLICOS DA ADMINISTRA\u00c7\u00c3O DIRETA."}, {"id": "720", "ano": "2009", "numero": "220", "tipo__sigla": "TL", "tipo__descricao": "TRIBUNA LIVRE", "autoria": "LINDAMIR IVANOSKI", "texto_original": "http://sapl.campolargo.pr.leg.br/media/", "ementa": "USO DA TRIBUNA LIVRE PARA O SR. GUSTAVO PAMPLONA, REPRESENTANDO A SECRETARIA MUNICIPAL DE DESENVOLVIMENTO URBANO."}, {"id": "847", "ano": "2009", "numero": "351", "tipo__sigla": "TL", "tipo__descricao": "TRIBUNA LIVRE", "autoria": "SANDRA MARCON", "texto_original": "http://sapl.campolargo.pr.leg.br/media/", "ementa": "USO DA TRIBUNA LIVRE PARA O SR.BENEDITO FACINI - SECRET\u00c1RIO MUNICIPAL DE SEGURAN\u00c7A P\u00daBLICA."}, {"id": "897", "ano": "2009", "numero": "417", "tipo__sigla": "TL", "tipo__descricao": "TRIBUNA LIVRE", "autoria": "WILSON ANDRADE", "texto_original": "http://sapl.campolargo.pr.leg.br/media/", "ementa": "USO DA TRIBUNA LIVRE PARA O SR. RICARDO TEMPEL MESQUITA, ARQUITETO, ESTUDIOSO NA \u00c1REA DE ACESSIBILIDADE."}, {"id": "977", "ano": "2009", "numero": "468", "tipo__sigla": "TL", "tipo__descricao": "TRIBUNA LIVRE", "autoria": "JOSLEY   ANDRADE, DARCI ANDREASSA", "texto_original": "http://sapl.campolargo.pr.leg.br/media/", "ementa": "USO DA TRIBUNA LIVRE PARA O DR. GILDO PIRES - RODONORTE."}, {"id": "1114", "ano": "2009", "numero": "672", "tipo__sigla": "TL", "tipo__descricao": "TRIBUNA LIVRE", "autoria": "DIRCEU MOCELIN", "texto_original": "http://sapl.campolargo.pr.leg.br/media/", "ementa": "SUGEST\u00c3O \u00c0 COCEL PRA QUE SE COLOQUE MENSAGEM NAS FATURAS DE ENERGIA EL\u00c9TRICA, SOLICITANDO AOS CONSUMIDORES QUE COMUNIQUEM A EMPRESA QUANDO ALGUM PONTO DE ILUMINA\u00c7\u00c3O P\u00daBLICA APRESENTAR DEFEITO E PERMANECER ACESO DURANTE O DIA."}]}