{"headers": {"id": "ID", "ano": "Ano", "numero": "N\u00famero", "tipo__sigla": "Tipo de Mat\u00e9ria Legislativa/Sigla", "tipo__descricao": "Tipo de Mat\u00e9ria Legislativa/Descri\u00e7\u00e3o", "autoria": "Autorias", "texto_original": "Texto Original", "ementa": "Ementa"}, "results": [{"id": "15307", "ano": "2020", "numero": "1", "tipo__sigla": "AC", "tipo__descricao": "AC\u00d3RD\u00c3O", "autoria": "", "texto_original": "http://sapl.campolargo.pr.leg.br/media/sapl/public/materialegislativa/2020/15307/12.autos_151640-20_-_acordao_de_parecer_previo_-_432-20_-_s2c.pdf", "ementa": "ACORD\u00c3O DE PARECER PR\u00c9VIO N\u00ba 432/20, DE PRESTA\u00c7\u00c3O DE CONTAS DO MUNIC\u00cdPIO DE CAMPO LARGO, REFERENTE AO EXERC\u00cdCIO DE 2019."}, {"id": "15426", "ano": "2020", "numero": "1", "tipo__sigla": "ASP", "tipo__descricao": "ATA SESS\u00c3O PREPARAT\u00d3RIA", "autoria": "", "texto_original": "http://sapl.campolargo.pr.leg.br/media/sapl/public/materialegislativa/2020/15426/termo_de_entrega_de_diplomas_-_sessao_preparatoria_-_21-12-2020.pdf", "ementa": "ATA DA SESS\u00c3O PREPARAT\u00d3RIA - TERMO DE ENTREGA DE DOCUMENTOS"}, {"id": "14271", "ano": "2020", "numero": "1", "tipo__sigla": "ATA-E", "tipo__descricao": "ATA SESS\u00c3O EXTRAORDIN\u00c1RIA", "autoria": "JO\u00c3O D'\u00c1GUA", "texto_original": "http://sapl.campolargo.pr.leg.br/media/sapl/public/materialegislativa/2020/14271/ata_1a_sessao_extraordinaria_2020_2.pdf", "ementa": "ATA DA 1\u00aa SESS\u00c3O EXTRAORDIN\u00c1RIA REALIZADA NO DIA 22/01/2020."}, {"id": "14461", "ano": "2020", "numero": "2", "tipo__sigla": "ATA-E", "tipo__descricao": "ATA SESS\u00c3O EXTRAORDIN\u00c1RIA", "autoria": "JO\u00c3O D'\u00c1GUA", "texto_original": "http://sapl.campolargo.pr.leg.br/media/sapl/public/materialegislativa/2020/14461/ata_02a_sessao_extraordinaria_2020.pdf", "ementa": "ATA DA 2\u00aa SESS\u00c3O EXTRAORDIN\u00c1RIA ABERTA NO DIA 20/02/2020."}, {"id": "14463", "ano": "2020", "numero": "3", "tipo__sigla": "ATA-E", "tipo__descricao": "ATA SESS\u00c3O EXTRAORDIN\u00c1RIA", "autoria": "JO\u00c3O D'\u00c1GUA", "texto_original": "http://sapl.campolargo.pr.leg.br/media/sapl/public/materialegislativa/2020/14463/ata_da_3a_s.extra_-_26-02-2020.pdf", "ementa": "ATA DA 3\u00aa SESS\u00c3O EXTRAORDIN\u00c1RIA REALIZADA NO DIA 26/02/2020."}, {"id": "14905", "ano": "2020", "numero": "4", "tipo__sigla": "ATA-E", "tipo__descricao": "ATA SESS\u00c3O EXTRAORDIN\u00c1RIA", "autoria": "JO\u00c3O D'\u00c1GUA", "texto_original": "http://sapl.campolargo.pr.leg.br/media/sapl/public/materialegislativa/2020/14905/ata_4a_sessao_extraordinaria_2020.pdf", "ementa": "ATA DA 4\u00aa SESS\u00c3O EXTRAORDIN\u00c1RIA DO DIA 25/06/2020."}, {"id": "14912", "ano": "2020", "numero": "5", "tipo__sigla": "ATA-E", "tipo__descricao": "ATA SESS\u00c3O EXTRAORDIN\u00c1RIA", "autoria": "JO\u00c3O D'\u00c1GUA", "texto_original": "http://sapl.campolargo.pr.leg.br/media/sapl/public/materialegislativa/2020/14912/ata_5a_sessao_extraordinaria_2020.pdf", "ementa": "ATA DA 5\u00aa SESS\u00c3O EXTRAORDIN\u00c1RIA - 29/06/20"}, {"id": "14929", "ano": "2020", "numero": "6", "tipo__sigla": "ATA-E", "tipo__descricao": "ATA SESS\u00c3O EXTRAORDIN\u00c1RIA", "autoria": "JO\u00c3O D'\u00c1GUA", "texto_original": "http://sapl.campolargo.pr.leg.br/media/sapl/public/materialegislativa/2020/14929/ata_06a_sessao_extraordinaria_2020.pdf", "ementa": "ATA DA 6\u00aa SESS\u00c3O EXTRAORDIN\u00c1RIA DO DIA 02/07/2020."}, {"id": "15170", "ano": "2020", "numero": "7", "tipo__sigla": "ATA-E", "tipo__descricao": "ATA SESS\u00c3O EXTRAORDIN\u00c1RIA", "autoria": "JO\u00c3O D'\u00c1GUA", "texto_original": "http://sapl.campolargo.pr.leg.br/media/sapl/public/materialegislativa/2020/15170/ata_da_7a_sessao_extraordinaria_2020.pdf", "ementa": "ATA DA 07\u00aa SESS\u00c3O EXTRAORDIN\u00c1RIA DO DIA 16/09/2020."}, {"id": "15171", "ano": "2020", "numero": "8", "tipo__sigla": "ATA-E", "tipo__descricao": "ATA SESS\u00c3O EXTRAORDIN\u00c1RIA", "autoria": "JO\u00c3O D'\u00c1GUA", "texto_original": "http://sapl.campolargo.pr.leg.br/media/sapl/public/materialegislativa/2020/15171/ata_08a_sessao_extraordinaria_2020.pdf", "ementa": "ATA DA 08\u00aa SESS\u00c3O EXTRAORDIN\u00c1RIA DO DIA 21/09/2020."}, {"id": "15399", "ano": "2020", "numero": "9", "tipo__sigla": "ATA-E", "tipo__descricao": "ATA SESS\u00c3O EXTRAORDIN\u00c1RIA", "autoria": "JO\u00c3O D'\u00c1GUA", "texto_original": "http://sapl.campolargo.pr.leg.br/media/sapl/public/materialegislativa/2020/15399/ata_09a_sessao_extraordinaria_2020.pdf", "ementa": "ATA DA 09\u00aa SESS\u00c3O EXTRAORDIN\u00c1RIA DO DIA 30/11/2020."}, {"id": "14324", "ano": "2020", "numero": "1", "tipo__sigla": "ATA-O", "tipo__descricao": "ATA SESS\u00c3O ORDIN\u00c1RIA", "autoria": "JO\u00c3O D'\u00c1GUA", "texto_original": "http://sapl.campolargo.pr.leg.br/media/sapl/public/materialegislativa/2020/14324/ata_1a_sessao_ordinaria_2020.pdf", "ementa": "ATA DA 1\u00aa SESS\u00c3O ORDIN\u00c1RIA DO DIA 03/02/2020."}, {"id": "14372", "ano": "2020", "numero": "2", "tipo__sigla": "ATA-O", "tipo__descricao": "ATA SESS\u00c3O ORDIN\u00c1RIA", "autoria": "JO\u00c3O D'\u00c1GUA", "texto_original": "http://sapl.campolargo.pr.leg.br/media/sapl/public/materialegislativa/2020/14372/ata_2_-_10-02-20.pdf", "ementa": "ATA DA 2\u00aa SESS\u00c3O ORDIN\u00c1RIA REALIZADA NO DIA 10/02/2020."}, {"id": "14395", "ano": "2020", "numero": "3", "tipo__sigla": "ATA-O", "tipo__descricao": "ATA SESS\u00c3O ORDIN\u00c1RIA", "autoria": "JO\u00c3O D'\u00c1GUA", "texto_original": "http://sapl.campolargo.pr.leg.br/media/sapl/public/materialegislativa/2020/14395/ata_03a_sessao_ordinaria_2020.pdf", "ementa": "ATA DA 3\u00ba SESS\u00c3O ORDIN\u00c1RIA REALIZADA NO DIA 17/02/2020."}, {"id": "14464", "ano": "2020", "numero": "4", "tipo__sigla": "ATA-O", "tipo__descricao": "ATA SESS\u00c3O ORDIN\u00c1RIA", "autoria": "JO\u00c3O D'\u00c1GUA", "texto_original": "http://sapl.campolargo.pr.leg.br/media/sapl/public/materialegislativa/2020/14464/ata_4a_sessao_ordinaria_2020.pdf", "ementa": "ATA DA 4\u00aa SESS\u00c3O ORDIN\u00c1RIA DO DIA 27/02/2020."}, {"id": "14505", "ano": "2020", "numero": "5", "tipo__sigla": "ATA-O", "tipo__descricao": "ATA SESS\u00c3O ORDIN\u00c1RIA", "autoria": "JO\u00c3O D'\u00c1GUA", "texto_original": "http://sapl.campolargo.pr.leg.br/media/sapl/public/materialegislativa/2020/14505/ata_5a_sessao_ordinaria_2020.pdf", "ementa": "ATA DA 5\u00aa SESS\u00c3O ORDIN\u00c1RIA DO DIA 02/03/2020."}, {"id": "14535", "ano": "2020", "numero": "6", "tipo__sigla": "ATA-O", "tipo__descricao": "ATA SESS\u00c3O ORDIN\u00c1RIA", "autoria": "JO\u00c3O D'\u00c1GUA", "texto_original": "http://sapl.campolargo.pr.leg.br/media/sapl/public/materialegislativa/2020/14535/ata_6a_sessao_ordinaria_2020.pdf", "ementa": "ATA DA 6\u00ba SESS\u00c3O ORDIN\u00c1RIA REALIZADA NO DIA 09/03/2020."}, {"id": "14573", "ano": "2020", "numero": "7", "tipo__sigla": "ATA-O", "tipo__descricao": "ATA SESS\u00c3O ORDIN\u00c1RIA", "autoria": "JO\u00c3O D'\u00c1GUA", "texto_original": "http://sapl.campolargo.pr.leg.br/media/sapl/public/materialegislativa/2020/14573/ata_7a_sessao_ordinaria_2020.pdf", "ementa": "ATA DA 07\u00aa SESS\u00c3O ORDIN\u00c1RIA DO DIA 16/02/2020."}, {"id": "14628", "ano": "2020", "numero": "8", "tipo__sigla": "ATA-O", "tipo__descricao": "ATA SESS\u00c3O ORDIN\u00c1RIA", "autoria": "JO\u00c3O D'\u00c1GUA", "texto_original": "http://sapl.campolargo.pr.leg.br/media/sapl/public/materialegislativa/2020/14628/ata_08_sessao.pdf", "ementa": "ATA DA 8\u00b0 SESS\u00c3O ORDIN\u00c1RIA DE 23 DE MAR\u00c7O DE 2020."}, {"id": "14642", "ano": "2020", "numero": "9", "tipo__sigla": "ATA-O", "tipo__descricao": "ATA SESS\u00c3O ORDIN\u00c1RIA", "autoria": "JO\u00c3O D'\u00c1GUA", "texto_original": "http://sapl.campolargo.pr.leg.br/media/sapl/public/materialegislativa/2020/14642/ata_09_sessao.pdf", "ementa": "ATA DA 9\u00b0 SESS\u00c3O ORDIN\u00c1RIA - 22.04.2020."}, {"id": "14669", "ano": "2020", "numero": "10", "tipo__sigla": "ATA-O", "tipo__descricao": "ATA SESS\u00c3O ORDIN\u00c1RIA", "autoria": "JO\u00c3O D'\u00c1GUA", "texto_original": "http://sapl.campolargo.pr.leg.br/media/sapl/public/materialegislativa/2020/14669/ata_10a_sessao_ordinaria_2020.pdf", "ementa": "ATA DA 10\u00aa SESS\u00c3O ORDIN\u00c1RIA REALIZADA NO DIA 27/04/2020."}, {"id": "14697", "ano": "2020", "numero": "11", "tipo__sigla": "ATA-O", "tipo__descricao": "ATA SESS\u00c3O ORDIN\u00c1RIA", "autoria": "JO\u00c3O D'\u00c1GUA", "texto_original": "http://sapl.campolargo.pr.leg.br/media/sapl/public/materialegislativa/2020/14697/ata_11a_sessao_ordinaria_2020.pdf", "ementa": "ATA DA 11\u00aa SESS\u00c3O ORDIN\u00c1RIA DO DIA 04/05/2020."}, {"id": "14735", "ano": "2020", "numero": "12", "tipo__sigla": "ATA-O", "tipo__descricao": "ATA SESS\u00c3O ORDIN\u00c1RIA", "autoria": "JO\u00c3O D'\u00c1GUA", "texto_original": "http://sapl.campolargo.pr.leg.br/media/sapl/public/materialegislativa/2020/14735/ata_12a_sessao_ordinaria_de_2020.pdf", "ementa": "ATA DA 12\u00aa SESS\u00c3O ORDIN\u00c1RIA DO DIA 11/05/2020."}, {"id": "14761", "ano": "2020", "numero": "13", "tipo__sigla": "ATA-O", "tipo__descricao": "ATA SESS\u00c3O ORDIN\u00c1RIA", "autoria": "JO\u00c3O D'\u00c1GUA", "texto_original": "http://sapl.campolargo.pr.leg.br/media/sapl/public/materialegislativa/2020/14761/ata_13a_sessao_ordinaria_2020.pdf", "ementa": "ATA DA 13\u00aa SESS\u00c3O ORDIN\u00c1RIA REALIZADA NO DIA 22/05/2020."}, {"id": "14804", "ano": "2020", "numero": "14", "tipo__sigla": "ATA-O", "tipo__descricao": "ATA SESS\u00c3O ORDIN\u00c1RIA", "autoria": "JO\u00c3O D'\u00c1GUA", "texto_original": "http://sapl.campolargo.pr.leg.br/media/sapl/public/materialegislativa/2020/14804/ata_14a_sessao_ordinaria_de_2020.pdf", "ementa": "ATA DA 14\u00aa SESS\u00c3O ORDIN\u00c1RIA DO DIA 25/05/2020."}, {"id": "14832", "ano": "2020", "numero": "15", "tipo__sigla": "ATA-O", "tipo__descricao": "ATA SESS\u00c3O ORDIN\u00c1RIA", "autoria": "JO\u00c3O D'\u00c1GUA", "texto_original": "http://sapl.campolargo.pr.leg.br/media/sapl/public/materialegislativa/2020/14832/ata_15a_sessao_ordinaria_2020.pdf", "ementa": "ATA DA 15\u00aa SESS\u00c3O ORDIN\u00c1RIA DO DIA 01/06/2020."}, {"id": "14834", "ano": "2020", "numero": "16", "tipo__sigla": "ATA-O", "tipo__descricao": "ATA SESS\u00c3O ORDIN\u00c1RIA", "autoria": "JO\u00c3O D'\u00c1GUA", "texto_original": "http://sapl.campolargo.pr.leg.br/media/sapl/public/materialegislativa/2020/14834/ata_16a_sessao_ordinaria_2020.pdf", "ementa": "ATA DA 16\u00aa SESS\u00c3O ORDIN\u00c1RIA DO DIA 08/06/2020."}, {"id": "14899", "ano": "2020", "numero": "17", "tipo__sigla": "ATA-O", "tipo__descricao": "ATA SESS\u00c3O ORDIN\u00c1RIA", "autoria": "JO\u00c3O D'\u00c1GUA", "texto_original": "http://sapl.campolargo.pr.leg.br/media/sapl/public/materialegislativa/2020/14899/ata_17a_sessao_ordinaria_2020.pdf", "ementa": "ATA DA 17\u00aa SESS\u00c3O ORDIN\u00c1RIA DO DIA 15/06/2020."}, {"id": "14902", "ano": "2020", "numero": "18", "tipo__sigla": "ATA-O", "tipo__descricao": "ATA SESS\u00c3O ORDIN\u00c1RIA", "autoria": "JO\u00c3O D'\u00c1GUA", "texto_original": "http://sapl.campolargo.pr.leg.br/media/sapl/public/materialegislativa/2020/14902/ata_18a_sessao_ordinaria_2020.pdf", "ementa": "ATA DA 18\u00aa SESS\u00c3O ORDIN\u00c1RIA DO DIA 22/06/2020."}, {"id": "14993", "ano": "2020", "numero": "19", "tipo__sigla": "ATA-O", "tipo__descricao": "ATA SESS\u00c3O ORDIN\u00c1RIA", "autoria": "JO\u00c3O D'\u00c1GUA", "texto_original": "http://sapl.campolargo.pr.leg.br/media/sapl/public/materialegislativa/2020/14993/ata_19a_sessao_ordinaria_2020.pdf", "ementa": "ATA DA 19\u00aa SESS\u00c3O ORDIN\u00c1RIA DO DIA 06/07/2020."}, {"id": "15019", "ano": "2020", "numero": "20", "tipo__sigla": "ATA-O", "tipo__descricao": "ATA SESS\u00c3O ORDIN\u00c1RIA", "autoria": "JO\u00c3O D'\u00c1GUA", "texto_original": "http://sapl.campolargo.pr.leg.br/media/sapl/public/materialegislativa/2020/15019/ata_20a_sessao_ordinaria_2020.pdf", "ementa": "ATA DA 20\u00aa SESS\u00c3O ORDIN\u00c1RIA (03/08/2020)"}, {"id": "15046", "ano": "2020", "numero": "21", "tipo__sigla": "ATA-O", "tipo__descricao": "ATA SESS\u00c3O ORDIN\u00c1RIA", "autoria": "JO\u00c3O D'\u00c1GUA", "texto_original": "http://sapl.campolargo.pr.leg.br/media/sapl/public/materialegislativa/2020/15046/ata_21a_sessao_ordinaria_2020.pdf", "ementa": "ATA DA 21\u00ba SESS\u00c3O ORDIN\u00c1RIA"}, {"id": "15078", "ano": "2020", "numero": "22", "tipo__sigla": "ATA-O", "tipo__descricao": "ATA SESS\u00c3O ORDIN\u00c1RIA", "autoria": "JO\u00c3O D'\u00c1GUA", "texto_original": "http://sapl.campolargo.pr.leg.br/media/sapl/public/materialegislativa/2020/15078/ata_22a_sessao_ordinaria_2020.pdf", "ementa": "ATA DA 22\u00aa SESS\u00c3O ORDIN\u00c1RIA DO DIA 17/08/2020."}, {"id": "15120", "ano": "2020", "numero": "23", "tipo__sigla": "ATA-O", "tipo__descricao": "ATA SESS\u00c3O ORDIN\u00c1RIA", "autoria": "JO\u00c3O D'\u00c1GUA", "texto_original": "http://sapl.campolargo.pr.leg.br/media/sapl/public/materialegislativa/2020/15120/ata_23a_sessao_ordinaria_2020.pdf", "ementa": "ATA DA 23\u00ba SESS\u00c3O ORDIN\u00c1RIA DO DIA 24/08/2020."}, {"id": "15127", "ano": "2020", "numero": "24", "tipo__sigla": "ATA-O", "tipo__descricao": "ATA SESS\u00c3O ORDIN\u00c1RIA", "autoria": "JO\u00c3O D'\u00c1GUA", "texto_original": "http://sapl.campolargo.pr.leg.br/media/sapl/public/materialegislativa/2020/15127/ata_24a_sessao_ordinaria_2020.pdf", "ementa": "ATA DA 24\u00aa SESS\u00c3O ORDIN\u00c1RIA DO DIA 08/09/2020."}, {"id": "15132", "ano": "2020", "numero": "25", "tipo__sigla": "ATA-O", "tipo__descricao": "ATA SESS\u00c3O ORDIN\u00c1RIA", "autoria": "JO\u00c3O D'\u00c1GUA", "texto_original": "http://sapl.campolargo.pr.leg.br/media/sapl/public/materialegislativa/2020/15132/ata_25a_sessao_ordinaria_2020.pdf", "ementa": "ATA DA 25\u00aa SESS\u00c3O ORDIN\u00c1RIA DO DIA 14/09/2020."}, {"id": "15200", "ano": "2020", "numero": "26", "tipo__sigla": "ATA-O", "tipo__descricao": "ATA SESS\u00c3O ORDIN\u00c1RIA", "autoria": "JO\u00c3O D'\u00c1GUA", "texto_original": "http://sapl.campolargo.pr.leg.br/media/sapl/public/materialegislativa/2020/15200/ata_26a_sessao_ordinaria_2020.pdf", "ementa": "ATA DA 26\u00aa SESS\u00c3O ORDIN\u00c1RIA DO DIA 25/09/2020."}, {"id": "15227", "ano": "2020", "numero": "27", "tipo__sigla": "ATA-O", "tipo__descricao": "ATA SESS\u00c3O ORDIN\u00c1RIA", "autoria": "JO\u00c3O D'\u00c1GUA", "texto_original": "http://sapl.campolargo.pr.leg.br/media/sapl/public/materialegislativa/2020/15227/ata_27a_sessao_ordinaria_2020.pdf", "ementa": "ATA DA 27\u00aa SESS\u00c3O ORDIN\u00c1RIA DO DIA 28/09/2020."}, {"id": "15249", "ano": "2020", "numero": "28", "tipo__sigla": "ATA-O", "tipo__descricao": "ATA SESS\u00c3O ORDIN\u00c1RIA", "autoria": "JO\u00c3O D'\u00c1GUA", "texto_original": "http://sapl.campolargo.pr.leg.br/media/", "ementa": "ATA DA 29\u00aa SESS\u00c3O ORDIN\u00c1RIA DO DIA 05/10/2020"}, {"id": "15269", "ano": "2020", "numero": "29", "tipo__sigla": "ATA-O", "tipo__descricao": "ATA SESS\u00c3O ORDIN\u00c1RIA", "autoria": "JO\u00c3O D'\u00c1GUA", "texto_original": "http://sapl.campolargo.pr.leg.br/media/sapl/public/materialegislativa/2020/15269/ata_29a_sessao_ordinaria_2020.pdf", "ementa": "ATA DA 29\u00aa SESS\u00c3O ORDIN\u00c1RIA DE 2020. (REALIZADA NO DIA 13/10/2020)"}, {"id": "15296", "ano": "2020", "numero": "30", "tipo__sigla": "ATA-O", "tipo__descricao": "ATA SESS\u00c3O ORDIN\u00c1RIA", "autoria": "JO\u00c3O D'\u00c1GUA", "texto_original": "http://sapl.campolargo.pr.leg.br/media/sapl/public/materialegislativa/2020/15296/ata_30a_sessao_ordinaria_2020.pdf", "ementa": "ATA DA 30\u00aa SESS\u00c3O ORDIN\u00c1RIA DE 2020."}, {"id": "15318", "ano": "2020", "numero": "31", "tipo__sigla": "ATA-O", "tipo__descricao": "ATA SESS\u00c3O ORDIN\u00c1RIA", "autoria": "JO\u00c3O D'\u00c1GUA", "texto_original": "http://sapl.campolargo.pr.leg.br/media/sapl/public/materialegislativa/2020/15318/ata_31a_sessao_ordinaria_2020.pdf", "ementa": "ATA DA 31\u00aa SESS\u00c3O ORDIN\u00c1RIA DE 2020."}, {"id": "15345", "ano": "2020", "numero": "32", "tipo__sigla": "ATA-O", "tipo__descricao": "ATA SESS\u00c3O ORDIN\u00c1RIA", "autoria": "JO\u00c3O D'\u00c1GUA", "texto_original": "http://sapl.campolargo.pr.leg.br/media/sapl/public/materialegislativa/2020/15345/ata_32a_sessao_ordinaria_2020.pdf", "ementa": "ATA DA 32\u00ba SESS\u00c3O ORDIN\u00c1RIA DE 2020."}, {"id": "15370", "ano": "2020", "numero": "33", "tipo__sigla": "ATA-O", "tipo__descricao": "ATA SESS\u00c3O ORDIN\u00c1RIA", "autoria": "JO\u00c3O D'\u00c1GUA", "texto_original": "http://sapl.campolargo.pr.leg.br/media/sapl/public/materialegislativa/2020/15370/ata_33a_sessao_ordinaria_2020.pdf", "ementa": "ATA DA 33\u00aa SESS\u00c3O ORDIN\u00c1RIA REALIZADA NO DIA 09/11/2020."}, {"id": "15394", "ano": "2020", "numero": "34", "tipo__sigla": "ATA-O", "tipo__descricao": "ATA SESS\u00c3O ORDIN\u00c1RIA", "autoria": "JO\u00c3O D'\u00c1GUA", "texto_original": "http://sapl.campolargo.pr.leg.br/media/sapl/public/materialegislativa/2020/15394/ata_34a_sessao_ordinaria_2020.pdf", "ementa": "\"ATA DA 34\u00aa SESS\u00c3O ORDIN\u00c1RIA REALIZADA NO DIA 16/11/2020.\""}, {"id": "15397", "ano": "2020", "numero": "35", "tipo__sigla": "ATA-O", "tipo__descricao": "ATA SESS\u00c3O ORDIN\u00c1RIA", "autoria": "JO\u00c3O D'\u00c1GUA", "texto_original": "http://sapl.campolargo.pr.leg.br/media/sapl/public/materialegislativa/2020/15397/ata_35a_sessao_ordinaria_2020.pdf", "ementa": "ATA DA 35\u00aa SESS\u00c3O ORDIN\u00c1RIA DO DIA 23/11/2020."}, {"id": "15422", "ano": "2020", "numero": "36", "tipo__sigla": "ATA-O", "tipo__descricao": "ATA SESS\u00c3O ORDIN\u00c1RIA", "autoria": "BENTO VIDAL", "texto_original": "http://sapl.campolargo.pr.leg.br/media/sapl/public/materialegislativa/2020/15422/ata_36a_so_-_7-12.pdf", "ementa": "ATA DA 36\u00aa SESS\u00c3O ORDIN\u00c1RIA DO DIA 07/12/2020."}, {"id": "15425", "ano": "2020", "numero": "37", "tipo__sigla": "ATA-O", "tipo__descricao": "ATA SESS\u00c3O ORDIN\u00c1RIA", "autoria": "", "texto_original": "http://sapl.campolargo.pr.leg.br/media/sapl/public/materialegislativa/2020/15425/ata_37a_sessao_ordinaria_2020.pdf", "ementa": "ATA DA 37\u00aa SESS\u00c3O ORDIN\u00c1RIA DO DIA 14/12/2020."}, {"id": "15427", "ano": "2020", "numero": "38", "tipo__sigla": "ATA-O", "tipo__descricao": "ATA SESS\u00c3O ORDIN\u00c1RIA", "autoria": "JO\u00c3O D'\u00c1GUA", "texto_original": "http://sapl.campolargo.pr.leg.br/media/sapl/public/materialegislativa/2020/15427/ata_38a_sessao_ordinaria_2020.pdf", "ementa": "ATA DA 38\u00aa SESS\u00c3O ORDIN\u00c1RIA DO DIA 21/12/2020."}, {"id": "15253", "ano": "2020", "numero": "1", "tipo__sigla": "CONV", "tipo__descricao": "CONVOCA\u00c7\u00c3O", "autoria": "BETE DAMACENO", "texto_original": "http://sapl.campolargo.pr.leg.br/media/sapl/public/materialegislativa/2020/15253/1854.pdf", "ementa": "\"CONVOCA\u00c7\u00c3O PARA COMPARECER NESTA C\u00c2MARA MUNICIPAL O SECRET\u00c1RIO MUNICIPAL DE OBRAS VI\u00c1RIAS, NOS TERMOS DOS ARTIGOS 31, XVII DO REGIMENTO INTERNO E 39, XIII E XXII DA LEI ORG\u00c2NICA MUNICIPAL.\""}, {"id": "14390", "ano": "2020", "numero": "1", "tipo__sigla": "DN", "tipo__descricao": "DEN\u00daNCIA", "autoria": "", "texto_original": "http://sapl.campolargo.pr.leg.br/media/sapl/public/materialegislativa/2020/14390/1_328_2020_pg_02-14_abertura.pdf", "ementa": "SR. PROFESSOR AVANIR MASTEY, APRESENTA DEN\u00daNCIA CONTRA O SR. PREFEITO MARCELO PUPPI E O SR. VICE PREFEITO MAUR\u00cdCIO RIVABEM POR USO INDEVIDO DE MAQUINAS E EMPREITEIRAS QUE FAZIAM OBRA P\u00daBLICA, EM USO PARTICULAR BENEFICIANDO O PR\u00d3PRIO GESTOR."}, {"id": "15251", "ano": "2020", "numero": "2", "tipo__sigla": "DN", "tipo__descricao": "DEN\u00daNCIA", "autoria": "", "texto_original": "http://sapl.campolargo.pr.leg.br/media/sapl/public/materialegislativa/2020/15251/scan0002.pdf", "ementa": "\"REQUER A SUSPENS\u00c3O LIMINAR E A POSTERIOR CASSA\u00c7\u00c3O DO MANDATO DO VEREADOR GIOVANI MARCON PELA QUEBRA DE DECORO PARLAMENTAR CONFORME PARECER DA COMISS\u00c3O DE \u00c9TICA E ASSUNTOS ESPECIAIS.\""}, {"id": "14340", "ano": "2020", "numero": "1", "tipo__sigla": "ECOM", "tipo__descricao": "ELEI\u00c7\u00c3O DE COMISS\u00d5ES", "autoria": "", "texto_original": "http://sapl.campolargo.pr.leg.br/media/", "ementa": "Elei\u00e7\u00e3o dos membros das comiss\u00f5es permanente."}, {"id": "15085", "ano": "2020", "numero": "1", "tipo__sigla": "EMLDO", "tipo__descricao": "EMENDA LDO", "autoria": "BETE DAMACENO", "texto_original": "http://sapl.campolargo.pr.leg.br/media/sapl/public/materialegislativa/2020/15085/20200825091141935.pdf", "ementa": "EMENDA 01/20."}, {"id": "15133", "ano": "2020", "numero": "2", "tipo__sigla": "EMLDO", "tipo__descricao": "EMENDA LDO", "autoria": "TONINHO FERREIRA", "texto_original": "http://sapl.campolargo.pr.leg.br/media/sapl/public/materialegislativa/2020/15133/emenda_no02.pdf", "ementa": "EMENDA MODIFICATIVA E ADITIVA N\u00ba 02/2020 AO PROJETO DE LEI N\u00ba 45/2020 QUE \"DISP\u00d5E SOBRE A\u00c7\u00d5ES PRIORIT\u00c1RIAS DA ADMINISTRA\u00c7\u00c3O P\u00daBLICA MUNICIPAL, METAS E RISCOS FISCAIS, DIRETRIZES GERAIS PARA ELABORA\u00c7\u00c3O DA PROPOSTA OR\u00c7AMENT\u00c1RIA, NORMAS DE EXECU\u00c7\u00c3O FINANCEIRA A SEREM EXECUTADAS PELO MUNIC\u00cdPIO DE CAMPO LARGO NO EXERC\u00cdCIO DE 2021, E D\u00c1 OUTRAS PROVID\u00caNCIAS.\""}, {"id": "15134", "ano": "2020", "numero": "3", "tipo__sigla": "EMLDO", "tipo__descricao": "EMENDA LDO", "autoria": "TONINHO FERREIRA", "texto_original": "http://sapl.campolargo.pr.leg.br/media/sapl/public/materialegislativa/2020/15134/emenda_no_03.pdf", "ementa": "EMENDA MODIFICATIVA E ADITIVA N\u00ba 03/2020 AO PROJETO DE LEI N\u00ba 45/2020 QUE \"DISP\u00d5E SOBRE A\u00c7\u00d5ES PRIORIT\u00c1RIAS DA ADMINISTRA\u00c7\u00c3O P\u00daBLICA MUNICIPAL, METAS E RISCOS FISCAIS, DIRETRIZES GERAIS PARA ELABORA\u00c7\u00c3O DA PROPOSTA OR\u00c7AMENT\u00c1RIA, NORMAS DE EXECU\u00c7\u00c3O FINANCEIRA A SEREM EXECUTADAS PELO MUNIC\u00cdPIO DE CAMPO LARGO NO EXERC\u00cdCIO DE 2021, E D\u00c1 OUTRAS PROVID\u00caNCIAS.\""}, {"id": "15396", "ano": "2020", "numero": "1", "tipo__sigla": "EMLOA", "tipo__descricao": "EMENDA  LOA", "autoria": "BETE DAMACENO", "texto_original": "http://sapl.campolargo.pr.leg.br/media/sapl/public/materialegislativa/2020/15396/20201123130644598.pdf", "ementa": "EMENDA 01/2020 \u00c0 LEI OR\u00c7AMENT\u00c1RIA ANUAL."}, {"id": "15400", "ano": "2020", "numero": "2", "tipo__sigla": "EMLOA", "tipo__descricao": "EMENDA  LOA", "autoria": "BETE DAMACENO", "texto_original": "http://sapl.campolargo.pr.leg.br/media/sapl/public/materialegislativa/2020/15400/emenda_2_loa_2021.pdf", "ementa": "EMENDA SUPRESSIVA N\u00ba 02/2020 AO PROJETO DE LEI DO EXECUTIVO N\u00ba 61/2020, CUJA S\u00daMULA ESTIMA A RECEITA E FIXA A DESPESA DO MUNIC\u00cdPIO PARA O EXERC\u00cdCIO FINANCEIRO DE 2021."}, {"id": "15401", "ano": "2020", "numero": "3", "tipo__sigla": "EMLOA", "tipo__descricao": "EMENDA  LOA", "autoria": "BETE DAMACENO", "texto_original": "http://sapl.campolargo.pr.leg.br/media/sapl/public/materialegislativa/2020/15401/emenda_3_loa_2021.pdf", "ementa": "EMENDA ADITIVA N\u00ba 03/2020 AO PROJETO DE LEI DO EXECUTIVO N\u00ba 61/2020, CUJA S\u00daMULA ESTIMA A RECEITA E FIXA A DESPESA DO MUNIC\u00cdPIO PARA O EXERC\u00cdCIO FINANCEIRO DE 2021."}, {"id": "14285", "ano": "2020", "numero": "1", "tipo__sigla": "IND", "tipo__descricao": "INDICA\u00c7\u00c3O", "autoria": "CLEA OLIVEIRA, BETE DAMACENO", "texto_original": "http://sapl.campolargo.pr.leg.br/media/sapl/public/materialegislativa/2020/14285/01_20_texto_integral.pdf", "ementa": "PRO\u00cdBE A VENDA, MANUSEIO, UTILIZA\u00c7\u00c3O, QUEIMA E A SOLTURA DE FOGOS DE ESTAMPIDOS E ESTOURO, ASSIM COMO DE QUAISQUER ARTEFATOS PIROT\u00c9CNICOS DE EFEITO SONORO RUIDOSO NO MUNIC\u00cdPIO DE CAMPO LARGO, E D\u00c1 OUTRAS PROVID\u00caNCIAS."}, {"id": "14304", "ano": "2020", "numero": "2", "tipo__sigla": "IND", "tipo__descricao": "INDICA\u00c7\u00c3O", "autoria": "GIOVANI MARCON", "texto_original": "http://sapl.campolargo.pr.leg.br/media/sapl/public/materialegislativa/2020/14304/02_20_texto_integral.pdf", "ementa": "DISP\u00d5E SOBRE A FIXA\u00c7\u00c3O DE CARTAZES NAS DEPEND\u00caNCIAS DAS UNIDADES DE SA\u00daDE REFERENTE \u00c0 DESTINA\u00c7\u00c3O CORRETA DO LIXO."}, {"id": "14311", "ano": "2020", "numero": "3", "tipo__sigla": "IND", "tipo__descricao": "INDICA\u00c7\u00c3O", "autoria": "CLAIRTON ALEM\u00c3O", "texto_original": "http://sapl.campolargo.pr.leg.br/media/sapl/public/materialegislativa/2020/14311/1_208_2020_pg_01-02_indicacao_projeto_lei_03_20.pdf", "ementa": "ALTERA DISPOSITIVOS DA LEI 2347/2011 QUE INSTITUI O NOVO REGIME JUR\u00cdDICO \u00daNICO E DISP\u00d5E O NOVO ESTATUTO DOS SERVIDORES P\u00daBLICOS MUNICIPAIS DE CAMPO LARGO."}, {"id": "14337", "ano": "2020", "numero": "4", "tipo__sigla": "IND", "tipo__descricao": "INDICA\u00c7\u00c3O", "autoria": "CLEA OLIVEIRA", "texto_original": "http://sapl.campolargo.pr.leg.br/media/sapl/public/materialegislativa/2020/14337/1_213_2020_pg_01-06_indicacao_projeto_lei_04_20.pdf", "ementa": "AUTORIZA O PODER EXECUTIVO A CRIAR O \"PROGRAMA BOLSA ATLETA\" NO \u00c2MBITO DE MUNIC\u00cdPIO DE CAMPO LARGO, E D\u00c1 OUTRAS PROVID\u00caNCIAS."}, {"id": "14330", "ano": "2020", "numero": "5", "tipo__sigla": "IND", "tipo__descricao": "INDICA\u00c7\u00c3O", "autoria": "MARCIO BERALDO", "texto_original": "http://sapl.campolargo.pr.leg.br/media/sapl/public/materialegislativa/2020/14330/1_223_2020_pg_01-05_indicacao_projeto_lei_05_20.pdf", "ementa": "INSTITUI O FUNDO MUNICIPAL DE ESPORTE, LAZER E RECREA\u00c7\u00c3O NO MUNIC\u00cdPIO DE CAMPO LARGO, PARAN\u00c1, E D\u00c1 OUTRAS PROVID\u00caNCIAS."}, {"id": "14338", "ano": "2020", "numero": "6", "tipo__sigla": "IND", "tipo__descricao": "INDICA\u00c7\u00c3O", "autoria": "TADEU DE PAULA", "texto_original": "http://sapl.campolargo.pr.leg.br/media/sapl/public/materialegislativa/2020/14338/1_242_2020_pg_01-08_indicacao_projeto_lei_06_20.pdf", "ementa": "DISP\u00d5E SOBRE A CRIA\u00c7\u00c3O E REGULAMENTA\u00c7\u00c3O DOS PROGRAMAS DE FOMENTO A AGRICULTURA FAMILIAR NO MUNIC\u00cdPIO DE CAMPO LARGO E D\u00c1 OUTRAS PROVID\u00caNCIAS."}, {"id": "14385", "ano": "2020", "numero": "7", "tipo__sigla": "IND", "tipo__descricao": "INDICA\u00c7\u00c3O", "autoria": "JO\u00c3O D'\u00c1GUA", "texto_original": "http://sapl.campolargo.pr.leg.br/media/sapl/public/materialegislativa/2020/14385/07_20_texto_integral.pdf", "ementa": "\u201cFICA INSTITU\u00cdDO O PROGRAMA \u201cKIT LANCHE ALIMENTA\u00c7\u00c3O\u201d AO PACIENTE E ACOMPANHANTE TRANSPORTADOS PARA TRATAMENTO DE SA\u00daDE EM OUTROS MUNIC\u00cdPIOS E D\u00c1 OUTRAS PROVIDENCIAS\u201d"}, {"id": "14424", "ano": "2020", "numero": "8", "tipo__sigla": "IND", "tipo__descricao": "INDICA\u00c7\u00c3O", "autoria": "CLEA OLIVEIRA", "texto_original": "http://sapl.campolargo.pr.leg.br/media/sapl/public/materialegislativa/2020/14424/08_20_texto_integral.pdf", "ementa": "FICA CRIADO NO \u00c2MBITO DO MUNIC\u00cdPIO DE CAMPO LARGO, O CENTRO DIA PARA IDOSO, E D\u00c1 OUTRAS PROVID\u00caNCIAS."}, {"id": "14421", "ano": "2020", "numero": "9", "tipo__sigla": "IND", "tipo__descricao": "INDICA\u00c7\u00c3O", "autoria": "CLAIRTON ALEM\u00c3O", "texto_original": "http://sapl.campolargo.pr.leg.br/media/sapl/public/materialegislativa/2020/14421/09_20_texto_integral.pdf", "ementa": "DISP\u00d5E SOBRE A INSTALA\u00c7\u00c3O DE SISTEMA DE ECOBARREIRAS NA REDE HIDROGR\u00c1FICA NO MUNIC\u00cdPIO DE CAMPO LARGO, PARA CONTEN\u00c7\u00c3O DE RES\u00cdDUOS S\u00d3LIDOS EM RIACHOS, C\u00d3RREGOS, CANAIS E RIOS, E D\u00c1 OUTRAS PROVID\u00caNCIAS."}, {"id": "14540", "ano": "2020", "numero": "10", "tipo__sigla": "IND", "tipo__descricao": "INDICA\u00c7\u00c3O", "autoria": "TONINHO FERREIRA", "texto_original": "http://sapl.campolargo.pr.leg.br/media/sapl/public/materialegislativa/2020/14540/texto_integral_indicacao_10-2020.pdf", "ementa": "CRIA 1 (UM) DIA DE FOLGA AO M\u00caS AOS SERVIDORES LOTADOS NO INTERIOR DO MUNIC\u00cdPIO DE CAMPO LARGO - PR."}, {"id": "14549", "ano": "2020", "numero": "11", "tipo__sigla": "IND", "tipo__descricao": "INDICA\u00c7\u00c3O", "autoria": "GIOVANI MARCON", "texto_original": "http://sapl.campolargo.pr.leg.br/media/sapl/public/materialegislativa/2020/14549/11_20_texto_integral.pdf", "ementa": "DISP\u00d5E SOBRE A SEMANA DA ORIENTA\u00c7\u00c3O PROFISSIONAL PARA O PRIMEIRO EMPREGO, A SER REALIZADA ANUALMENTE NO MUNIC\u00cdPIO DE CAMPO LARGO, E D\u00c1 OUTRAS PROVID\u00caNCIAS."}, {"id": "14589", "ano": "2020", "numero": "12", "tipo__sigla": "IND", "tipo__descricao": "INDICA\u00c7\u00c3O", "autoria": "BENTO VIDAL, CLEA OLIVEIRA", "texto_original": "http://sapl.campolargo.pr.leg.br/media/sapl/public/materialegislativa/2020/14589/12_20_texto_integral.pdf", "ementa": "DISP\u00d5E SOBRE A CONSTRU\u00c7\u00c3O DE BANHEIROS P\u00daBLICOS NO MUNIC\u00cdPIO DE CAMPO LARGO, E D\u00c1 OUTRAS PROVID\u00caNCIAS."}, {"id": "14606", "ano": "2020", "numero": "13", "tipo__sigla": "IND", "tipo__descricao": "INDICA\u00c7\u00c3O", "autoria": "GIOVANI MARCON", "texto_original": "http://sapl.campolargo.pr.leg.br/media/sapl/public/materialegislativa/2020/14606/projeto_de_indicacao_dsitrib_mascaras.pdf", "ementa": "DISP\u00d5E SOBRE A OBRIGA\u00c7\u00c3O DE DISTRIBUI\u00c7\u00c3O DE M\u00c1SCARAS AOS MUN\u00cdCIPES, EM CASOS DE PANDEMIAS NO \u00c2MBITO DO MUNIC\u00cdPIO DE CAMPO LARGO."}, {"id": "14656", "ano": "2020", "numero": "14", "tipo__sigla": "IND", "tipo__descricao": "INDICA\u00c7\u00c3O", "autoria": "GIOVANI MARCON", "texto_original": "http://sapl.campolargo.pr.leg.br/media/sapl/public/materialegislativa/2020/14656/indicacao_projeto_de_lei_-_obrigatorio_o_abastecimento_de_agua.pdf", "ementa": "TORNA OBRIGAT\u00d3RIO O FORNECIMENTO DE \u00c1GUA POT\u00c1VEL PELAS RESPECTIVAS CONCESSION\u00c1RIAS, NA FORMA QUE ESPECIFICA."}, {"id": "14662", "ano": "2020", "numero": "15", "tipo__sigla": "IND", "tipo__descricao": "INDICA\u00c7\u00c3O", "autoria": "GIOVANI MARCON", "texto_original": "http://sapl.campolargo.pr.leg.br/media/sapl/public/materialegislativa/2020/14662/1_913_2020_pg01_abertura.pdf", "ementa": "DISP\u00d5E SOBRE O PAGAMENTO DE INSALUBRIDADE PARA OS PROFISSIONAIS DA \u00c1REA DA SA\u00daDE P\u00daBLICA NO MUNIC\u00cdPIO DE CAMPO LARGO, ENQUANTO DURAR OS EFEITOS DO ESTADO DE EMERG\u00caNCIA NACIONAL PELO COVID-19."}, {"id": "14726", "ano": "2020", "numero": "16", "tipo__sigla": "IND", "tipo__descricao": "INDICA\u00c7\u00c3O", "autoria": "GIOVANI MARCON", "texto_original": "http://sapl.campolargo.pr.leg.br/media/sapl/public/materialegislativa/2020/14726/16_20_texto_integral.pdf", "ementa": "INSTITUI MEDIDAS EMERGENCIAIS PARA PREVENIR E COMBATER O CORONAV\u00cdRUS, NO \u00c2MBITO DO MUNIC\u00cdPIO DE CAMPO LARGO, EM ESPECIAL PARA ATENDER A POPULA\u00c7\u00c3O EM SITUA\u00c7\u00c3O DE RUA."}, {"id": "14756", "ano": "2020", "numero": "17", "tipo__sigla": "IND", "tipo__descricao": "INDICA\u00c7\u00c3O", "autoria": "BETE DAMACENO", "texto_original": "http://sapl.campolargo.pr.leg.br/media/sapl/public/materialegislativa/2020/14756/17_20_texto_integral.pdf", "ementa": "DISP\u00d5E SOBRE A IMPLANTA\u00c7\u00c3O DE PO\u00c7OS ARTESIANOS COMUNIT\u00c1RIOS RURAIS NO MUNIC\u00cdPIO DE CAMPO LARGO, CONFORME ESPECIFICA."}, {"id": "14791", "ano": "2020", "numero": "18", "tipo__sigla": "IND", "tipo__descricao": "INDICA\u00c7\u00c3O", "autoria": "BENTO VIDAL, CLEA OLIVEIRA, GIOVANI MARCON", "texto_original": "http://sapl.campolargo.pr.leg.br/media/sapl/public/materialegislativa/2020/14791/18_20_texto_integral.pdf", "ementa": "INSTITUI O PROTOCOLO DE COMBATE E CONTEN\u00c7\u00c3O DA PROPAGA\u00c7\u00c3O DA COVID-19 NO LOCAL DE TRABALHO, E D\u00c1 OUTRAS PROVID\u00caNCIAS."}, {"id": "14801", "ano": "2020", "numero": "19", "tipo__sigla": "IND", "tipo__descricao": "INDICA\u00c7\u00c3O", "autoria": "CLAIRTON ALEM\u00c3O", "texto_original": "http://sapl.campolargo.pr.leg.br/media/sapl/public/materialegislativa/2020/14801/19_20_texto_integral.pdf", "ementa": "DISP\u00d5E SOBRE A INSTITUI\u00c7\u00c3O DA SEMANA DO CONSUMO CONSCIENTE NO MUNIC\u00cdPIO DE CAMPO LARGO, E D\u00c1 OUTRAS PROVID\u00caNCIAS."}, {"id": "14885", "ano": "2020", "numero": "20", "tipo__sigla": "IND", "tipo__descricao": "INDICA\u00c7\u00c3O", "autoria": "CLEA OLIVEIRA", "texto_original": "http://sapl.campolargo.pr.leg.br/media/sapl/public/materialegislativa/2020/14885/1_1354_2020_pg_01-16_pil_20_20.pdf", "ementa": "REGULAMENTA A LEI MUNICIPAL N\u00ba 2.936/2018 DE 25 DE ABRIL DE 2018, QUE CONSOLIDA, NO MUNIC\u00cdPIO DE CAMPO LARGO, A LEGISLA\u00c7\u00c3O QUE DISP\u00d5E SOBRE O COM\u00c9RCIO AMBULANTE E A PRESTA\u00c7\u00c3O DE SERVI\u00c7OS AMBULANTES NAS VIAS E NOS LOGRADOUROS P\u00daBLICOS, E O FUNCIONAMENTO DE FEIRAS LIVRES, DE ARTESANATO, NOTURNA, \u201cFOOD TRUCKS\u201d E SIMILARES."}, {"id": "14977", "ano": "2020", "numero": "21", "tipo__sigla": "IND", "tipo__descricao": "INDICA\u00c7\u00c3O", "autoria": "CLAIRTON ALEM\u00c3O", "texto_original": "http://sapl.campolargo.pr.leg.br/media/sapl/public/materialegislativa/2020/14977/02-2020_texto_integral.pdf", "ementa": "\"REGULAMENTO A LEI N\u00ba 2481, DE 22 DE JULHO DE 2013, QUE REORGANIZA O SISTEMA DE ESTACIONAMENTO ROTATIVO PAGO EM VIAS E LOGRADOUROS P\u00daBLICOS DO MUNIC\u00cdPIO DE CAMPO LARGO.\""}, {"id": "14989", "ano": "2020", "numero": "22", "tipo__sigla": "IND", "tipo__descricao": "INDICA\u00c7\u00c3O", "autoria": "TONINHO FERREIRA", "texto_original": "http://sapl.campolargo.pr.leg.br/media/sapl/public/materialegislativa/2020/14989/1_1663_2020_pg_02_abertura.pdf", "ementa": "\"ALTERA OS ARTIGOS 88 E 96 DA LEI N\u00ba 3003/2018.\""}, {"id": "15057", "ano": "2020", "numero": "23", "tipo__sigla": "IND", "tipo__descricao": "INDICA\u00c7\u00c3O", "autoria": "BETE DAMACENO", "texto_original": "http://sapl.campolargo.pr.leg.br/media/sapl/public/materialegislativa/2020/15057/projeto_de_indicacao_23-2020.pdf", "ementa": "INSTALA\u00c7\u00c3O DE DISPOSITIVO ELETR\u00d4NICO ANJO DA GUARDA, NOS VE\u00cdCULOS DE TRANSPORTE COLETIVO."}, {"id": "15141", "ano": "2020", "numero": "24", "tipo__sigla": "IND", "tipo__descricao": "INDICA\u00c7\u00c3O", "autoria": "BETE DAMACENO", "texto_original": "http://sapl.campolargo.pr.leg.br/media/sapl/public/materialegislativa/2020/15141/1_2000_2020_pg_02_abertura.pdf", "ementa": "\u201cDISP\u00d5E QUE INSTITUI O IPTU ZERO, DESCONTO NO IPTU PARA OS IM\u00d3VEIS ONDE OCORRAM ENCHENTES E ALAGAMENTOS NO MUNIC\u00cdPIO DE CAMPO LARGO\u201d"}, {"id": "15153", "ano": "2020", "numero": "25", "tipo__sigla": "IND", "tipo__descricao": "INDICA\u00c7\u00c3O", "autoria": "MARCIO BERALDO", "texto_original": "http://sapl.campolargo.pr.leg.br/media/sapl/public/materialegislativa/2020/15153/25_20_texto_integral.pdf", "ementa": "CRIA O PROGRAMA DE INCENTIVO FISCAL \u00c0 CULTURA, NO \u00c2MBITO DO MUNIC\u00cdPIO DE CAMPO LARGO, PARAN\u00c1."}, {"id": "15186", "ano": "2020", "numero": "26", "tipo__sigla": "IND", "tipo__descricao": "INDICA\u00c7\u00c3O", "autoria": "BETE DAMACENO", "texto_original": "http://sapl.campolargo.pr.leg.br/media/sapl/public/materialegislativa/2020/15186/26_20_texto_integral.pdf", "ementa": "\"INSTITUI O PROGRAMA \"BOLSA CRECHE\" NO \u00c2MBITO DE MUNIC\u00cdPIO DE CAMPO LARGO\"."}, {"id": "15304", "ano": "2020", "numero": "27", "tipo__sigla": "IND", "tipo__descricao": "INDICA\u00c7\u00c3O", "autoria": "MARCIO BERALDO", "texto_original": "http://sapl.campolargo.pr.leg.br/media/sapl/public/materialegislativa/2020/15304/1_2463_2020_pg_02_abertura.pdf", "ementa": "ALTERA O ART. 204 E SEU PAR\u00c1GRAFO \u00daNICO, DA LEI 2.087, DE 18 DE DEZEMBRO DE 2008 - C\u00d3DIGO TRIBUT\u00c1RIO DO MUNIC\u00cdPIO DE CAMPO LARGO, PARAN\u00c1, E D\u00c1 OUTRAS PROVID\u00caNCIAS."}, {"id": "15336", "ano": "2020", "numero": "28", "tipo__sigla": "IND", "tipo__descricao": "INDICA\u00c7\u00c3O", "autoria": "MARCIO BERALDO", "texto_original": "http://sapl.campolargo.pr.leg.br/media/sapl/public/materialegislativa/2020/15336/1_2519_2020_pg_02_abertura.pdf", "ementa": "DISP\u00d5E SOBRE AS REGRAS PARA COMERCIALIZA\u00c7\u00c3O DE ALIMENTOS EM PARQUES P\u00daBLICOS NO \u00c2MBITO DO MUNIC\u00cdPIO DE CAMPO LARGO, PARAN\u00c1 E D\u00c1 OUTRAS PROVID\u00caNCIAS."}, {"id": "15354", "ano": "2020", "numero": "29", "tipo__sigla": "IND", "tipo__descricao": "INDICA\u00c7\u00c3O", "autoria": "ROGERIO DAS TINTAS, TADEU DE PAULA", "texto_original": "http://sapl.campolargo.pr.leg.br/media/sapl/public/materialegislativa/2020/15354/20201116131700820.pdf", "ementa": "DISP\u00d5E SOBRE A CRIA\u00c7\u00c3O E REGULAMENTA\u00c7\u00c3O DE PROGRAMA DE APOIO AOS MORADORES DO INTERIOR DO MUNICIPIO, PARA O PATROLAMENTO DOS ACESSOS \u00c0S RESIDENCIAS, PARA ACESSO DOS AGENTES DE SA\u00daDE, DO M\u00c9DICO DA FAMILIA E DE AMBUL\u00c2NCIAS."}, {"id": "14508", "ano": "2020", "numero": "1", "tipo__sigla": "PDL", "tipo__descricao": "PROJETO DE DECRETO LEGISLATIVO", "autoria": "BENTO VIDAL, DARCI ANDREASSA, GIOVANI MARCON, JO\u00c3O D'\u00c1GUA, MARCIO BERALDO", "texto_original": "http://sapl.campolargo.pr.leg.br/media/sapl/public/materialegislativa/2020/14508/decreto_01.20.pdf", "ementa": "CONCEDE O TITULO DE CIDAD\u00c3O HONOR\u00c1RIO DE CAMPO LARGO AO SR. CLAUDIO DA SILVA"}, {"id": "14509", "ano": "2020", "numero": "2", "tipo__sigla": "PDL", "tipo__descricao": "PROJETO DE DECRETO LEGISLATIVO", "autoria": "BENTO VIDAL, DARCI ANDREASSA, GIOVANI MARCON, JO\u00c3O D'\u00c1GUA, MARCIO BERALDO", "texto_original": "http://sapl.campolargo.pr.leg.br/media/sapl/public/materialegislativa/2020/14509/decreto_02.20.pdf", "ementa": "CONCEDE T\u00cdTULO DE CIDAD\u00c3O HONOR\u00c1RIO AO SR. DANILO PISAREK DE ANDRADE"}, {"id": "14555", "ano": "2020", "numero": "3", "tipo__sigla": "PDL", "tipo__descricao": "PROJETO DE DECRETO LEGISLATIVO", "autoria": "", "texto_original": "http://sapl.campolargo.pr.leg.br/media/sapl/public/materialegislativa/2020/14555/projeto_de_decreto_legislativo_03-2020.pdf", "ementa": "\"CONCEDE O T\u00cdTULO CIDAD\u00c3O HONOR\u00c1RIO DE CAMPO LARGO AO SR. RODRIGO SILVESTRIN, CONFORME ESPECIFICA.\""}, {"id": "14598", "ano": "2020", "numero": "4", "tipo__sigla": "PDL", "tipo__descricao": "PROJETO DE DECRETO LEGISLATIVO", "autoria": "", "texto_original": "http://sapl.campolargo.pr.leg.br/media/sapl/public/materialegislativa/2020/14598/digitalizar0088.pdf", "ementa": "CONCEDE O T\u00cdTULO DE CIDAD\u00c3O HONOR\u00c1RIO DE CAMPO LARGO AO SR. DANIEL JOS\u00c9 JULI\u00c3O, CONFORME ESPECIFICA."}, {"id": "14599", "ano": "2020", "numero": "5", "tipo__sigla": "PDL", "tipo__descricao": "PROJETO DE DECRETO LEGISLATIVO", "autoria": "", "texto_original": "http://sapl.campolargo.pr.leg.br/media/sapl/public/materialegislativa/2020/14599/parecer_decreto_legislativo_05-2020.pdf", "ementa": "CONCEDE T\u00cdTULO DE CIDAD\u00c3O HONOR\u00c1RIO DE CAMPO LARGO AO DR. DALTON LUIZ RIVABEM JUNIOR, CONFORME ESPECIFICA."}, {"id": "15393", "ano": "2020", "numero": "6", "tipo__sigla": "PDL", "tipo__descricao": "PROJETO DE DECRETO LEGISLATIVO", "autoria": "BENTO VIDAL, BETINHO, DARCI ANDREASSA", "texto_original": "http://sapl.campolargo.pr.leg.br/media/sapl/public/materialegislativa/2020/15393/20201130142353954.pdf", "ementa": "\u201cAPROVA A PRESTA\u00c7\u00c3O DE CONTAS DO PODER EXECUTIVO DO MUNIC\u00cdPIO DE CAMPO LARGO, RELATIVO AO EXERC\u00cdCIO FINANCEIRO DE 2019\"."}, {"id": "14728", "ano": "2020", "numero": "1", "tipo__sigla": "PELO", "tipo__descricao": "PROJETO DE EMENDA DA LEI ORG\u00c2NICA", "autoria": "BENTO VIDAL, DARCI ANDREASSA, GIOVANI MARCON, JO\u00c3O D'\u00c1GUA, MARCIO BERALDO", "texto_original": "http://sapl.campolargo.pr.leg.br/media/sapl/public/materialegislativa/2020/14728/20200527150511120.pdf", "ementa": "PROJETO DE EMENDA MODIFICATIVA E SUPRESSIVA AO TEXTO DA LEI ORG\u00c2NICA DO MUNIC\u00cdPIO"}, {"id": "14269", "ano": "2020", "numero": "2", "tipo__sigla": "PLE", "tipo__descricao": "PROJETO DE LEI DO EXECUTIVO", "autoria": "MARCELO FABIANI PUPPI", "texto_original": "http://sapl.campolargo.pr.leg.br/media/sapl/public/materialegislativa/2020/14269/02-20_texto_integral.pdf", "ementa": "AUTORIZA O PODER EXECUTIVO A ABRIR UM CR\u00c9DITO ADICIONAL ESPECIAL NO OR\u00c7AMENTO FISCAL DO MUNIC\u00cdPIO DE CAMPO LARGO PARA O EXERC\u00cdCIO DE 2020 E A PROMOVER ALTERA\u00c7\u00d5ES NO PLANO PLURIANUAL 2018-2021 E NA LEI DE DIRETRIZES OR\u00c7AMENT\u00c1RIAS DE 2020."}, {"id": "14268", "ano": "2020", "numero": "3", "tipo__sigla": "PLE", "tipo__descricao": "PROJETO DE LEI DO EXECUTIVO", "autoria": "MARCELO FABIANI PUPPI", "texto_original": "http://sapl.campolargo.pr.leg.br/media/sapl/public/materialegislativa/2020/14268/03-20_texto_integral.pdf", "ementa": "AUTORIZA O PODER EXECUTIVO A ABRIR UM CR\u00c9DITO ADICIONAL ESPECIAL NO OR\u00c7AMENTO FISCAL DO MUNIC\u00cdPIO DE CAMPO LARGO PARA O EXERC\u00cdCIO DE 2020 E A PROMOVER ALTERA\u00c7\u00d5ES NO PLANO PLURIANUAL 2018-2021 E NA LEI DE DIRETRIZES OR\u00c7AMENT\u00c1RIAS DE 2020."}, {"id": "14383", "ano": "2020", "numero": "4", "tipo__sigla": "PLE", "tipo__descricao": "PROJETO DE LEI DO EXECUTIVO", "autoria": "MARCELO FABIANI PUPPI", "texto_original": "http://sapl.campolargo.pr.leg.br/media/sapl/public/materialegislativa/2020/14383/04-20_texto_integral.pdf", "ementa": "DISP\u00d5E SOBRE A DENOMINA\u00c7\u00c3O DO CENTRO MUNICIPAL DE EDUCA\u00c7\u00c3O INFANTIL DO JARDIM MELYANE, CONFORME ESPECIFICA."}, {"id": "14392", "ano": "2020", "numero": "6", "tipo__sigla": "PLE", "tipo__descricao": "PROJETO DE LEI DO EXECUTIVO", "autoria": "MARCELO FABIANI PUPPI", "texto_original": "http://sapl.campolargo.pr.leg.br/media/sapl/public/materialegislativa/2020/14392/1_387_2020_pg_01-04_ple_06_20.pdf", "ementa": "ALTERA A LEI MUNICIPAL N\u00ba 2922 DE 05 DE MAR\u00c7O DE 2018, MODIFICANDO A REDA\u00c7\u00c3O DA AL\u00cdNEA \"C\" DO ART. 10, INSERINDO O PAR\u00c1GRAFO \u00daNICO, E MODIFICANDO A REDA\u00c7\u00c3O DO PAR\u00c1GRAFO \u00daNICO DO ART. 11, CONFORME ESPECIFICA."}, {"id": "14391", "ano": "2020", "numero": "8", "tipo__sigla": "PLE", "tipo__descricao": "PROJETO DE LEI DO EXECUTIVO", "autoria": "MARCELO FABIANI PUPPI", "texto_original": "http://sapl.campolargo.pr.leg.br/media/sapl/public/materialegislativa/2020/14391/1_418_2020_pg_01-08_ple_08_20.pdf", "ementa": "AUTORIZA O PODER EXECUTIVO A ABRIR UM CR\u00c9DITO ADICIONAL SUPLEMENTAR NO OR\u00c7AMENTO FISCAL DO MUNIC\u00cdPIO DE CAMPO LARGO PARA O EXERC\u00cdCIO DE 2020 E A PROMOVER ALTERA\u00c7\u00d5ES NO PLANO PLURIANUAL 2018-2021 E NA LEI DE DIRETRIZES OR\u00c7AMENT\u00c1RIAS DE 2020."}, {"id": "14496", "ano": "2020", "numero": "10", "tipo__sigla": "PLE", "tipo__descricao": "PROJETO DE LEI DO EXECUTIVO", "autoria": "MARCELO FABIANI PUPPI", "texto_original": "http://sapl.campolargo.pr.leg.br/media/sapl/public/materialegislativa/2020/14496/10-20_texto_integral.pdf", "ementa": "IMPLANTA O MANUAL DE OCUPA\u00c7\u00d5ES DOS CARGOS P\u00daBLICOS INTEGRANTES DA ESTRUTURA ORGANIZACIONAL DO PODER EXECUTIVO DO MUNIC\u00cdPIO DE CAMPO LARGO, CONFORME ESPECIFICA."}, {"id": "14558", "ano": "2020", "numero": "11", "tipo__sigla": "PLE", "tipo__descricao": "PROJETO DE LEI DO EXECUTIVO", "autoria": "MARCELO FABIANI PUPPI", "texto_original": "http://sapl.campolargo.pr.leg.br/media/sapl/public/materialegislativa/2020/14558/11-20_texto_integral.pdf", "ementa": "AUTORIZA O PODER EXECUTIVO A ABRIR UM CR\u00c9DITO ADICIONAL ESPECIAL NO OR\u00c7AMENTO FISCAL DO MUNIC\u00cdPIO DE CAMPO LARGO PARA O EXERC\u00cdCIO DE 2020 E A PROMOVER ALTERA\u00c7\u00d5ES NO PLANO PLURIANUAL 2018-2021 E NA LEI DE DIRETRIZES OR\u00c7AMENT\u00c1RIAS DE 2020."}, {"id": "14532", "ano": "2020", "numero": "12", "tipo__sigla": "PLE", "tipo__descricao": "PROJETO DE LEI DO EXECUTIVO", "autoria": "MARCELO FABIANI PUPPI", "texto_original": "http://sapl.campolargo.pr.leg.br/media/sapl/public/materialegislativa/2020/14532/12-20_texto_integral.pdf", "ementa": "AUTORIZA O PODER EXECUTIVO A ABRIR UM CR\u00c9DITO ADICIONAL SUPLEMENTAR NO OR\u00c7AMENTO FISCAL DO MUNIC\u00cdPIO DE CAMPO LARGO PARA O EXERC\u00cdCIO DE 2020 E A PROMOVER ALTERA\u00c7\u00d5ES NO PLANO PLURIANUAL 2018-2021 E NA LEI DE DIRETRIZES OR\u00c7AMENT\u00c1RIAS DE 2020."}, {"id": "14579", "ano": "2020", "numero": "13", "tipo__sigla": "PLE", "tipo__descricao": "PROJETO DE LEI DO EXECUTIVO", "autoria": "MARCELO FABIANI PUPPI", "texto_original": "http://sapl.campolargo.pr.leg.br/media/sapl/public/materialegislativa/2020/14579/13-20_texto_integral.pdf", "ementa": "ALTERA A LEI MUNICIPAL N\u00ba 3164, DE 10 DE DEZEMBRO DE 2019, QUE INSTITUI O FUNDO DE AVAL GARANTIDOR DAS MICROEMPRESAS E EMPRESAS DE PEQUENO PORTE NO MUNIC\u00cdPIO DE CAMPO LARGO, E D\u00c1 OUTRAS PROVID\u00caNCIAS, CONFORME ESPECIFICA. (REGIME DE URG\u00caNCIA)"}, {"id": "14597", "ano": "2020", "numero": "14", "tipo__sigla": "PLE", "tipo__descricao": "PROJETO DE LEI DO EXECUTIVO", "autoria": "MARCELO FABIANI PUPPI", "texto_original": "http://sapl.campolargo.pr.leg.br/media/sapl/public/materialegislativa/2020/14597/14-20_texto_integral.pdf", "ementa": "AUTORIZA O PODER EXECUTIVO A ABRIR UM CR\u00c9DITO ADICIONAL SUPLEMENTAR NO OR\u00c7AMENTO FISCAL DO MUNIC\u00cdPIO DE CAMPO LARGO PARA O EXERC\u00cdCIO DE 2020 E A PROMOVER ALTERA\u00c7\u00d5ES NO PLANO PLURIANUAL 2018-2021 E NA LEI DE DIRETRIZES OR\u00c7AMENT\u00c1RIAS DE 2020."}, {"id": "14595", "ano": "2020", "numero": "15", "tipo__sigla": "PLE", "tipo__descricao": "PROJETO DE LEI DO EXECUTIVO", "autoria": "MARCELO FABIANI PUPPI", "texto_original": "http://sapl.campolargo.pr.leg.br/media/sapl/public/materialegislativa/2020/14595/15_20_texto_integral.pdf", "ementa": "ALTERA A LEI MUNICIPAL N\u00ba 2550 DE 18 DE DEZEMBRO DE 2013, INSERINDO O ART. 3A AO CAP\u00cdTULO I, E O INCISO V AO ART 16, CONFORME ESPECIFICA."}, {"id": "14600", "ano": "2020", "numero": "16", "tipo__sigla": "PLE", "tipo__descricao": "PROJETO DE LEI DO EXECUTIVO", "autoria": "MARCELO FABIANI PUPPI", "texto_original": "http://sapl.campolargo.pr.leg.br/media/sapl/public/materialegislativa/2020/14600/1_808_2020_projeto_de_lei_16_2020.pdf", "ementa": "AUTORIZA O CHEFE DO PODER EXECUTIVO A EDITAR DECRETOS, ATOS E REGULAMENTOS, COMO MEDIDAS TEMPOR\u00c1RIAS E NECESS\u00c1RIOS AO ENFRENTAMENTO E PREVEN\u00c7\u00c3O DE CONT\u00c1GIO E DA PANDEMIA OCASIONADA PELO V\u00cdRUS COVID-19 E D\u00c1 OUTRAS PROVID\u00caNCIAS."}, {"id": "14603", "ano": "2020", "numero": "18", "tipo__sigla": "PLE", "tipo__descricao": "PROJETO DE LEI DO EXECUTIVO", "autoria": "MARCELO FABIANI PUPPI", "texto_original": "http://sapl.campolargo.pr.leg.br/media/sapl/public/materialegislativa/2020/14603/01_820_2020_abertura.pdf", "ementa": "ALTERA O ANEXO III DA LEI MUNICIPAL N\u00ba 2.353, DE 22 DE DEZEMBRO DE 2011, QUE TRATA DA FUN\u00c7\u00c3O REMUNERADA FR 1, CONFORME ESPECIFICA."}, {"id": "14601", "ano": "2020", "numero": "19", "tipo__sigla": "PLE", "tipo__descricao": "PROJETO DE LEI DO EXECUTIVO", "autoria": "MARCELO FABIANI PUPPI", "texto_original": "http://sapl.campolargo.pr.leg.br/media/sapl/public/materialegislativa/2020/14601/01_818_2020_abertura.pdf", "ementa": "AUTORIZA O PODER EXECUTIVO A ABRIR CR\u00c9DITO ADICIONAL ESPECIAL NO OR\u00c7AMENTO FISCAL DO MUNIC\u00cdPIO DE CAMPO LARGO PARA O EXERC\u00cdCIO FINANCEIRO DE 2020 E A PROMOVER ALTERA\u00c7\u00d5ES NO PLANO PLURIANUAL 2018-2021, E NA LEI DE DIRETRIZES OR\u00c7AMENT\u00c1RIAS DE 2020."}, {"id": "14602", "ano": "2020", "numero": "20", "tipo__sigla": "PLE", "tipo__descricao": "PROJETO DE LEI DO EXECUTIVO", "autoria": "MARCELO FABIANI PUPPI", "texto_original": "http://sapl.campolargo.pr.leg.br/media/sapl/public/materialegislativa/2020/14602/01_819_2020_abertura.pdf", "ementa": "ALTERA DISPOSI\u00c7\u00d5ES DA LEI MUNICIPAL N\u00ba 1.776, DE 21 DE SETEMBRO DE 2004, CONFORME ESPECIFICA."}, {"id": "14671", "ano": "2020", "numero": "21", "tipo__sigla": "PLE", "tipo__descricao": "PROJETO DE LEI DO EXECUTIVO", "autoria": "MARCELO FABIANI PUPPI", "texto_original": "http://sapl.campolargo.pr.leg.br/media/sapl/public/materialegislativa/2020/14671/21_20_texto_integral.pdf", "ementa": "\"AUTORIZA A CESS\u00c3O DE USO GRATUITO DO IM\u00d3VEL PARA A ASSOCIA\u00c7\u00c3O DOS DEFICIENTES F\u00cdSICOS DE CAMPO LARGO E D\u00c1 OUTRAS PROVID\u00caNCIAS\"."}, {"id": "14638", "ano": "2020", "numero": "22", "tipo__sigla": "PLE", "tipo__descricao": "PROJETO DE LEI DO EXECUTIVO", "autoria": "MARCELO FABIANI PUPPI", "texto_original": "http://sapl.campolargo.pr.leg.br/media/sapl/public/materialegislativa/2020/14638/projeto_de_lei_no_22.2020.pdf", "ementa": "ALTERA A REDA\u00c7\u00c3O DOS ARTIGOS 2\u00b0 A E 5 \u00b0, E O QUADRO I DA LEI MUNICIPAL N\u00b0 1821, DE 08 DE MAR\u00c7O DE 2005, QUE ESTABELECE NORMAS PARA ESTACIONAMENTO OU GARAGEM DE VE\u00cdCULOS."}, {"id": "14637", "ano": "2020", "numero": "23", "tipo__sigla": "PLE", "tipo__descricao": "PROJETO DE LEI DO EXECUTIVO", "autoria": "MARCELO FABIANI PUPPI", "texto_original": "http://sapl.campolargo.pr.leg.br/media/sapl/public/materialegislativa/2020/14637/projeto_de_lei_no_23.2020.pdf", "ementa": "ALTERA A REDA\u00c7\u00c3O DOS ARTIGOS 50, 62 E 100 DA LEI MUNICIPAL N\u00b0 3.000, DE 19 DE DEZEMBRO DE 2018, QUE DISP\u00d5E SOBRE O PLANO DIRETOR DE DESENVOLVIMENTO INTEGRADO DO MUNIC\u00cdPIO DE CAMPO LARGO, E D\u00c1 OUTRAS PROVID\u00caNCIAS."}, {"id": "14636", "ano": "2020", "numero": "24", "tipo__sigla": "PLE", "tipo__descricao": "PROJETO DE LEI DO EXECUTIVO", "autoria": "MARCELO FABIANI PUPPI", "texto_original": "http://sapl.campolargo.pr.leg.br/media/sapl/public/materialegislativa/2020/14636/projeto_de_lei_no_24.2020.pdf", "ementa": "ALTERA A REDA\u00c7\u00c3O DO ARTIGO 10 DA LEI MUNICIPAL N\u00b0 1.813, DE 08 DE MAR\u00c7O DE 2005, QUE DISP\u00d5E SOBRE A HIERARQUIZA\u00c7\u00c3O E TRA\u00c7ADO B\u00c1SICO DO SISTEMA VI\u00c1RIO, E TRA\u00c7A DIRETRIZES PARA O ARRUAMENTO DO MUNIC\u00cdPIO DE CAMPO LARGO, E D\u00c1 OUTRAS PROVID\u00caNCIAS."}, {"id": "14635", "ano": "2020", "numero": "25", "tipo__sigla": "PLE", "tipo__descricao": "PROJETO DE LEI DO EXECUTIVO", "autoria": "MARCELO FABIANI PUPPI", "texto_original": "http://sapl.campolargo.pr.leg.br/media/sapl/public/materialegislativa/2020/14635/projeto_de_lei_no_25.2020.pdf", "ementa": "ALTERA A REDA\u00c7\u00c3O DOS ARTIGOS 19, 20, 24, 25, 50, 76, 92, 103, 108, 116, 118, 123, 137 E 208, E DO ANEXO VIII NA LEI MUNICIPAL N\u00b0 3.003, DE 19 DE DEZEMBRO DE 2018, QUE DEFINE O C\u00d3DIGO DE OBRAS E EDIFICA\u00c7\u00d5ES DAS A\u00c7\u00d5ES DE INICIATIVA PRIVADA E P\u00daBLICA SOBRE A MORFOLOGIA DA CIDADE."}, {"id": "14634", "ano": "2020", "numero": "26", "tipo__sigla": "PLE", "tipo__descricao": "PROJETO DE LEI DO EXECUTIVO", "autoria": "MARCELO FABIANI PUPPI", "texto_original": "http://sapl.campolargo.pr.leg.br/media/sapl/public/materialegislativa/2020/14634/projeto_de_lei_no_26.2020.pdf", "ementa": "ALTERA O ANEXO I E O ANEXO III DA LEI MUNICIPAL N\u00b0 3.002, DE 19 DE DEZEMBRO DE 2018, QUE ESTABELECE OS PER\u00cdMETROS URBANOS DA SEDE URBANA E BATEIS NO MUNIC\u00cdPIO DE CAMPO LARGO."}, {"id": "14633", "ano": "2020", "numero": "27", "tipo__sigla": "PLE", "tipo__descricao": "PROJETO DE LEI DO EXECUTIVO", "autoria": "MARCELO FABIANI PUPPI", "texto_original": "http://sapl.campolargo.pr.leg.br/media/sapl/public/materialegislativa/2020/14633/projeto_de_lei_no_27.2020.pdf", "ementa": "ALTERA A REDA\u00c7\u00c3O DOS ARTIGOS 8\u00b0, 10 E 11, DO ANEXO I E DO ANEXO II DA LEI MUNICIPAL N\u00b0 3.001, DE 19 DE DEZEMBRO DE 2018, QUE DISP\u00d5E SOBRE O ZONEAMENTO DE USO E OCUPA\u00c7\u00c3O DO SOLO NOS PER\u00cdMETROS URBANOS DO MUNIC\u00cdPIO DE CAMPO LARGO."}, {"id": "14632", "ano": "2020", "numero": "28", "tipo__sigla": "PLE", "tipo__descricao": "PROJETO DE LEI DO EXECUTIVO", "autoria": "MARCELO FABIANI PUPPI", "texto_original": "http://sapl.campolargo.pr.leg.br/media/sapl/public/materialegislativa/2020/14632/projeto_de_lei_no_28.2020.pdf", "ementa": "ALTERA A REDA\u00c7\u00c3O DOS ARTIGOS 9\u00b0, 11, 14, 16, 17, 18, 19, 20, 22, 24, 25, 31, 32, 34, 49, 50, 51, 52, 54 NA LEI MUNICIPAL N\u00b0 3.005, DE 19 DE DEZEMBRO DE 2018, QUE ESTABELECE NORMAS PARA PROJETO DE RESID\u00caNCIAS E CONDOM\u00cdNIOS HORIZONTAIS E VERTICAIS DE CAMPO LARGO/PR."}, {"id": "14631", "ano": "2020", "numero": "29", "tipo__sigla": "PLE", "tipo__descricao": "PROJETO DE LEI DO EXECUTIVO", "autoria": "MARCELO FABIANI PUPPI", "texto_original": "http://sapl.campolargo.pr.leg.br/media/sapl/public/materialegislativa/2020/14631/projeto_de_lei_no_29.2020.pdf", "ementa": "ALTERA A REDA\u00c7\u00c3O DOS ARTIGOS 10 E 25 DA LEI MUNICIPAL N\u00b0 3.004, DE 19 DE DEZEMBRO DE 2018, QUE DISP\u00d5E SOBRE O PARCELAMENTO DO SOLO, O REMEMBRAMENTO E O DESMEMBRAMENTO."}, {"id": "14641", "ano": "2020", "numero": "30", "tipo__sigla": "PLE", "tipo__descricao": "PROJETO DE LEI DO EXECUTIVO", "autoria": "MARCELO FABIANI PUPPI", "texto_original": "http://sapl.campolargo.pr.leg.br/media/sapl/public/materialegislativa/2020/14641/projeto_de_lei_no_030.2020.pdf", "ementa": "ALTERA DISPOSI\u00c7\u00d5ES DA LEI MUNICIPAL N\u00b0 1.609/02, QUE DISP\u00d5E SOBRE O REGIME PR\u00d3PRIO DE PREVID\u00caNCIA SOCIAL DOS SERVIDORES P\u00daBLICOS CIVIS DA PREFEITURA MUNICIPAL DE CAMPO LARGO, CONFORME ESPECIFICA."}, {"id": "14672", "ano": "2020", "numero": "32", "tipo__sigla": "PLE", "tipo__descricao": "PROJETO DE LEI DO EXECUTIVO", "autoria": "MARCELO FABIANI PUPPI", "texto_original": "http://sapl.campolargo.pr.leg.br/media/sapl/public/materialegislativa/2020/14672/32_20_texto_integral.pdf", "ementa": "ALTERA META E APROVA NOTAS T\u00c9CNICAS E RELAT\u00d3RIO FINAL DE MONITORAMENTO E AVALIA\u00c7\u00c3O DO PLANO MUNICIPAL DE EDUCA\u00c7\u00c3O DE CAMPO LARGO PME - CAMPO LARGO, QUE TRATA A LEI MUNICIPAL 2684/2015, CONFORME ESPECIFICA.\r\n\r\nPROJETO SUBSTITUTIVO"}, {"id": "14668", "ano": "2020", "numero": "33", "tipo__sigla": "PLE", "tipo__descricao": "PROJETO DE LEI DO EXECUTIVO", "autoria": "MARCELO FABIANI PUPPI", "texto_original": "http://sapl.campolargo.pr.leg.br/media/sapl/public/materialegislativa/2020/14668/ple_33.2020_cassacao_ferias.pdf", "ementa": "DISP\u00d5E ACERCA DA AMPLIA\u00c7\u00c3O DO DIREITO DE CASSA\u00c7\u00c3O DO PER\u00cdODO DE GOZO DE F\u00c9RIAS PREVISTO NO ARTIGO 141, \u00a7 6\u00ba DA LEI MUNICIPAL N\u00ba 2.347, DE 22 DE DEZEMBRO DE 2011, ENQUANTO PERDURAR A SITUA\u00c7\u00c3O DE EMERG\u00caNCIA DECLARADA NO MUNIC\u00cdPIO DE CAMPO LARGO EM RAZ\u00c3O DA EPIDEMIA POR CORONA (COVID-19), CONFORME ESPECIFICA."}, {"id": "14810", "ano": "2020", "numero": "34", "tipo__sigla": "PLE", "tipo__descricao": "PROJETO DE LEI DO EXECUTIVO", "autoria": "MARCELO FABIANI PUPPI", "texto_original": "http://sapl.campolargo.pr.leg.br/media/sapl/public/materialegislativa/2020/14810/34-20_texto_integral.pdf", "ementa": "ALTERA DISPOSI\u00c7\u00d5ES DA LEI N\u00b0 1.938/07 QUE TRATA DO SISTEMA DE CONTROLE INTERNO DO MUNIC\u00cdPIO, CONFORME ESPECIFICA."}, {"id": "14852", "ano": "2020", "numero": "35", "tipo__sigla": "PLE", "tipo__descricao": "PROJETO DE LEI DO EXECUTIVO", "autoria": "MARCELO FABIANI PUPPI", "texto_original": "http://sapl.campolargo.pr.leg.br/media/sapl/public/materialegislativa/2020/14852/35_20_texto_integral.pdf", "ementa": "DISP\u00d5E SOBRE A CRIA\u00c7\u00c3O E REGULAMENTA\u00c7\u00c3O DOS PROGRAMAS DE FOMENTO \u00c0 AGRICULTURA FAMILIAR NO MUNIC\u00cdPIO DE CAMPO LARGO, E D\u00c1 OUTRAS PROVID\u00caNCIAS."}, {"id": "14851", "ano": "2020", "numero": "36", "tipo__sigla": "PLE", "tipo__descricao": "PROJETO DE LEI DO EXECUTIVO", "autoria": "MARCELO FABIANI PUPPI", "texto_original": "http://sapl.campolargo.pr.leg.br/media/sapl/public/materialegislativa/2020/14851/36_20_texto_integral.pdf", "ementa": "REGULAMENTA O PLANO DE GERENCIAMENTO DE RES\u00cdDUOS DE CONSTRU\u00c7\u00c3O CIVIL (PGRCC) PREVISTO NA LEI FEDERAL 12.305 PARA OBRAS DE CONSTRU\u00c7\u00c3O, DEMOLI\u00c7\u00c3O, REFORMAS E OUTROS SIMILARES."}, {"id": "14863", "ano": "2020", "numero": "37", "tipo__sigla": "PLE", "tipo__descricao": "PROJETO DE LEI DO EXECUTIVO", "autoria": "MARCELO FABIANI PUPPI", "texto_original": "http://sapl.campolargo.pr.leg.br/media/sapl/public/materialegislativa/2020/14863/20200610155802562.pdf", "ementa": "AUTORIZA O PODER EXECUTIVO A ABRIR UM CR\u00c9DITO ADICIONAL SUPLEMENTAR NO OR\u00c7AMENTO FISCAL DO MUNIC\u00cdPIO DE CAMPO LARGO PARA O EXERC\u00cdCIO DE 2020 E A PROMOVER ALTERA\u00c7\u00d5ES NO PLANO PLURIANUAL 2018-2021 E NA LEI DE DIRETRIZES OR\u00c7AMENT\u00c1RIAS DE 2020."}, {"id": "14903", "ano": "2020", "numero": "38", "tipo__sigla": "PLE", "tipo__descricao": "PROJETO DE LEI DO EXECUTIVO", "autoria": "MARCELO FABIANI PUPPI", "texto_original": "http://sapl.campolargo.pr.leg.br/media/sapl/public/materialegislativa/2020/14903/ple_38_1394.20.pdf", "ementa": "AUTORIZA O PODER EXECUTIVO A ABRIR UM CR\u00c9DITO ADICIONAL ESPECIAL NO OR\u00c7AMENTO FISCAL DO MUNIC\u00cdPIO DE CAMPO LARGO PARA O EXERC\u00cdCIO DE 2020 E A PROMOVER ALTERA\u00c7\u00d5ES NO PLANO PLURIANUAL 2018-2021 E NA LEI DE DIRETRIZES OR\u00c7AMENT\u00c1RIAS DE 2020."}, {"id": "14913", "ano": "2020", "numero": "39", "tipo__sigla": "PLE", "tipo__descricao": "PROJETO DE LEI DO EXECUTIVO", "autoria": "MARCELO FABIANI PUPPI", "texto_original": "http://sapl.campolargo.pr.leg.br/media/sapl/public/materialegislativa/2020/14913/projeto_de_lei_39.2020-_hora_extra_-_saude_-_covid_2_1.pdf", "ementa": "Institui o regime de plant\u00e3o para servidores da Secretaria Municipal de Sa\u00fade, enquanto perdurar, no Munic\u00edpio, a situa\u00e7\u00e3o de calamidade p\u00fablica decorrente do surto de Covid-19."}, {"id": "14932", "ano": "2020", "numero": "40", "tipo__sigla": "PLE", "tipo__descricao": "PROJETO DE LEI DO EXECUTIVO", "autoria": "MARCELO FABIANI PUPPI", "texto_original": "http://sapl.campolargo.pr.leg.br/media/sapl/public/materialegislativa/2020/14932/1_1453_2020_abertura_ple_40.20.pdf", "ementa": "AUTORIZA A SUSPENS\u00c3O DE REPASSES E O PARCELAMENTO E REPARCELAMENTO DE D\u00cdVIDAS COM O REGIME PR\u00d3PRIO DE PREVID\u00caNCIA SOCIAL, E D\u00c1 OUTRAS PROVID\u00caNCIAS."}, {"id": "14933", "ano": "2020", "numero": "41", "tipo__sigla": "PLE", "tipo__descricao": "PROJETO DE LEI DO EXECUTIVO", "autoria": "MARCELO FABIANI PUPPI", "texto_original": "http://sapl.campolargo.pr.leg.br/media/sapl/public/materialegislativa/2020/14933/1_1454_2020_abertura_ple_41.20.pdf", "ementa": "ALTERA A LEI MUNICIPAL N\u00ba 1.609/02, EXTINGUINDO O CARGO DE ASSESSOR JUR\u00cdDICO."}, {"id": "14934", "ano": "2020", "numero": "42", "tipo__sigla": "PLE", "tipo__descricao": "PROJETO DE LEI DO EXECUTIVO", "autoria": "MARCELO FABIANI PUPPI", "texto_original": "http://sapl.campolargo.pr.leg.br/media/sapl/public/materialegislativa/2020/14934/1_1455_2020_abertura_ple_42.20.pdf", "ementa": "REVOGA OS ARTIGOS 61, 62, 63, 64, E 74, DA LEI MUNICIPAL N\u00ba 1609/02."}, {"id": "14954", "ano": "2020", "numero": "43", "tipo__sigla": "PLE", "tipo__descricao": "PROJETO DE LEI DO EXECUTIVO", "autoria": "MARCELO FABIANI PUPPI", "texto_original": "http://sapl.campolargo.pr.leg.br/media/sapl/public/materialegislativa/2020/14954/1_1608_2020_pg_02_abertura.pdf", "ementa": "AUTORIZA O PODER EXECUTIVO A ABRIR UM CR\u00c9DITO ADICIONAL ESPECIAL NO OR\u00c7AMENTO FISCAL DO MUNIC\u00cdPIO DE CAMPO LARGO PARA O EXERC\u00cdCIO NO OR\u00c7AMENTO FISCAL DO MUNIC\u00cdPIO DE CAMPO LARGO PARA O EXERC\u00cdCIO DE 2020 E A PROMOVER ALTERA\u00c7\u00d5ES NO PLANO PLURIANUAL 2018-2021 E NA LEI DE DIRETRIZES OR\u00c7AMENT\u00c1RIAS DE 2020."}, {"id": "14955", "ano": "2020", "numero": "44", "tipo__sigla": "PLE", "tipo__descricao": "PROJETO DE LEI DO EXECUTIVO", "autoria": "MARCELO FABIANI PUPPI", "texto_original": "http://sapl.campolargo.pr.leg.br/media/sapl/public/materialegislativa/2020/14955/1_1609_2020_pg_02_abertura.pdf", "ementa": "AUTORIZA O PODER EXECUTIVO A ABRIR UM CR\u00c9DITO ADICIONAL SUPLEMENTAR NO OR\u00c7AMENTO FISCAL DO MUNIC\u00cdPIO DE CAMPO LARGO PARA O EXERC\u00cdCIO DE 2020 E A PROMOVER ALTERA\u00c7\u00d5ES NO PLANO PLURIANUAL 2018-2020 E NA LEI DE DIRETRIZES OR\u00c7AMENT\u00c1RIAS DE 2020."}, {"id": "14995", "ano": "2020", "numero": "45", "tipo__sigla": "PLE", "tipo__descricao": "PROJETO DE LEI DO EXECUTIVO", "autoria": "MARCELO FABIANI PUPPI", "texto_original": "http://sapl.campolargo.pr.leg.br/media/sapl/public/materialegislativa/2020/14995/45_20_texto_integral.pdf", "ementa": "DISP\u00d5E SOBRE A\u00c7\u00d5ES PRIORIT\u00c1RIAS DA ADMINISTRA\u00c7\u00c3O P\u00daBLICA MUNICIPAL, METAS E RISCOS FISCAIS, DIRETRIZES GERAIS PARA ELABORA\u00c7\u00c3O DA PROPOSTA OR\u00c7AMENT\u00c1RIA, NORMAS DE EXECU\u00c7\u00c3O FINANCEIRA A SEREM EXECUTADAS PELO MUNIC\u00cdPIO DE CAMPO LARGO NO EXERC\u00cdCIO DE 2021, E D\u00c1 OUTRAS PROVID\u00caNCIAS."}, {"id": "15054", "ano": "2020", "numero": "46", "tipo__sigla": "PLE", "tipo__descricao": "PROJETO DE LEI DO EXECUTIVO", "autoria": "MARCELO FABIANI PUPPI", "texto_original": "http://sapl.campolargo.pr.leg.br/media/sapl/public/materialegislativa/2020/15054/1_1785_2020_pg_02_abertura.pdf", "ementa": "\"AUTORIZA O PODER EXECUTIVO A ABRIR UM CR\u00c9DITO ADICIONAL ESPECIAL NO OR\u00c7AMENTO FISCAL DO MUNIC\u00cdPIO DE CAMPO LARGO PARA O EXERC\u00cdCIO DE 2020 E A PROMOVER ALTERA\u00c7\u00d5ES NO PLANO PLURIANUAL 2018-2021 E NA LEI DE DIRETRIZES OR\u00c7AMENT\u00c1RIAS DE 2020.\""}, {"id": "15055", "ano": "2020", "numero": "47", "tipo__sigla": "PLE", "tipo__descricao": "PROJETO DE LEI DO EXECUTIVO", "autoria": "MARCELO FABIANI PUPPI", "texto_original": "http://sapl.campolargo.pr.leg.br/media/sapl/public/materialegislativa/2020/15055/1_1786_2020_pg_02_abertura.pdf", "ementa": "\"AUTORIZA O PODER EXECUTIVO A ABRIR UM CR\u00c9DITO ADICIONAL SUPLEMENTAR NO OR\u00c7AMENTO FISCAL DO MUNIC\u00cdPIO DE CAMPO LARGO PARA O EXERC\u00cdCIO DE 2020 E A PROMOVER ALTERA\u00c7\u00d5ES NO PLANO PLURIANUAL 2018-2021 E NA LEI DE DIRETRIZES OR\u00c7AMENT\u00c1RIAS DE 2020.\""}, {"id": "15103", "ano": "2020", "numero": "48", "tipo__sigla": "PLE", "tipo__descricao": "PROJETO DE LEI DO EXECUTIVO", "autoria": "MARCELO FABIANI PUPPI", "texto_original": "http://sapl.campolargo.pr.leg.br/media/sapl/public/materialegislativa/2020/15103/1_1868_2020_pg02-09_abertura.pdf", "ementa": "DISP\u00d5E SOBRE A DENOMINA\u00c7\u00c3O DE BIBLIOTECA MUNICIPAL NO LOTEAMENTO HELV\u00cdDIA, CONFORME ESPECIFICA."}, {"id": "15225", "ano": "2020", "numero": "49", "tipo__sigla": "PLE", "tipo__descricao": "PROJETO DE LEI DO EXECUTIVO", "autoria": "MARCELO FABIANI PUPPI", "texto_original": "http://sapl.campolargo.pr.leg.br/media/sapl/public/materialegislativa/2020/15225/49-20_texto_integral.pdf", "ementa": "INSTITUI O FUNDO MUNICIPAL DO TRABALHO DO MUNICIPIO DE CAMPO LARGO E D\u00c1 OUTRAS PROVID\u00caNCIAS."}, {"id": "15173", "ano": "2020", "numero": "50", "tipo__sigla": "PLE", "tipo__descricao": "PROJETO DE LEI DO EXECUTIVO", "autoria": "MARCELO FABIANI PUPPI", "texto_original": "http://sapl.campolargo.pr.leg.br/media/sapl/public/materialegislativa/2020/15173/50-20_texto_integral.pdf", "ementa": "ALTERA A LEI MUNICIPAL N\u00ba 1610, DE 23 DE ABRIL DE 2002, QUE \"DISP\u00d5E SOBRE A CRIA\u00c7\u00c3O DO CONSELHO MUNICIPAL DOS DIREITOS DO IDOSO E D\u00c1 OUTRAS PROVID\u00caNCIAS\", MODIFICANDO A REDA\u00c7\u00c3O DA AL\u00cdNEA \"D\", DO INCISO II, DO ARTIGO 6\u00ba, CONFORME ESPECIFICA."}, {"id": "15172", "ano": "2020", "numero": "51", "tipo__sigla": "PLE", "tipo__descricao": "PROJETO DE LEI DO EXECUTIVO", "autoria": "MARCELO FABIANI PUPPI", "texto_original": "http://sapl.campolargo.pr.leg.br/media/sapl/public/materialegislativa/2020/15172/51-20_texto_integral.pdf", "ementa": "APROVA O PLANO MUNICIPAL DE CULTURA DO MUNIC\u00cdPIO DE CAMPO LARGO, CONFORME ESPECIFICA."}, {"id": "15176", "ano": "2020", "numero": "52", "tipo__sigla": "PLE", "tipo__descricao": "PROJETO DE LEI DO EXECUTIVO", "autoria": "MARCELO FABIANI PUPPI", "texto_original": "http://sapl.campolargo.pr.leg.br/media/sapl/public/materialegislativa/2020/15176/52-20_texto_integral.pdf", "ementa": "AUTORIZA O PODER EXECUTIVO A ABRIR UM CREDITO ADICIONAL SUPLEMENTAR NO OR\u00c7AMENTO FISCAL DO MUNIC\u00cdPIO DE CAMPO LARGO PARA O EXERC\u00cdCIO DE 2020 E A PROMOVER ALTERA\u00c7\u00d5ES NO PLANO PLURIANUAL 2018-2021 E NA LEI DE DIRETRIZES OR\u00c7AMENT\u00c1RIAS DE 2020."}, {"id": "15175", "ano": "2020", "numero": "53", "tipo__sigla": "PLE", "tipo__descricao": "PROJETO DE LEI DO EXECUTIVO", "autoria": "MARCELO FABIANI PUPPI", "texto_original": "http://sapl.campolargo.pr.leg.br/media/sapl/public/materialegislativa/2020/15175/53-20_texto_integral.pdf", "ementa": "DISP\u00d5E SOBRE A INSTITUI\u00c7\u00c3O E FUNCIONAMENTO DO \u00d3RG\u00c3O MUNICIPAL DE PROTE\u00c7\u00c3O E DEFESA DO CONSUMIDOR - PROCON, E D\u00c1 OUTRAS PROVID\u00caNCIAS."}, {"id": "15226", "ano": "2020", "numero": "55", "tipo__sigla": "PLE", "tipo__descricao": "PROJETO DE LEI DO EXECUTIVO", "autoria": "MARCELO FABIANI PUPPI", "texto_original": "http://sapl.campolargo.pr.leg.br/media/sapl/public/materialegislativa/2020/15226/55-20_texto_integral.pdf", "ementa": "INSTITUI O CONSELHO MUNICIPAL DO TRABALHO, EMPREGO E RENDA NO \u00c2MBITO DO MUNICIPIO DE CAMPO LARGO E D\u00c1 OUTRAS PROVID\u00caNCIAS."}, {"id": "15278", "ano": "2020", "numero": "56", "tipo__sigla": "PLE", "tipo__descricao": "PROJETO DE LEI DO EXECUTIVO", "autoria": "MARCELO FABIANI PUPPI", "texto_original": "http://sapl.campolargo.pr.leg.br/media/sapl/public/materialegislativa/2020/15278/1_2371_2020_pg_02_abertura.pdf", "ementa": "AUTORIZA O PODER EXECUTIVO MUNICIPAL A FIRMAR ESCRITURA P\u00daBLICA DE DA\u00c7\u00c3O EM PAGAMENTO, CONFORME ESPECIFICA."}, {"id": "15265", "ano": "2020", "numero": "57", "tipo__sigla": "PLE", "tipo__descricao": "PROJETO DE LEI DO EXECUTIVO", "autoria": "MARCELO FABIANI PUPPI", "texto_original": "http://sapl.campolargo.pr.leg.br/media/sapl/public/materialegislativa/2020/15265/1_2327_2020_pg_02_abertura.pdf", "ementa": "AUTORIZA O PODER EXECUTIVO A ABRIR UM CR\u00c9DITO ADICIONAL ESPECIAL NO OR\u00c7AMENTO FISCAL DO MUNIC\u00cdPIO DE CAMPO LARGO PARA O EXERC\u00cdCIO DE 2020 E A PROMOVER ALTERA\u00c7\u00d5ES NO PLANO PLURIANUAL 2018-2021 E NA LEI DE DIRETRIZES OR\u00c7AMENT\u00c1RIAS DE 2020."}, {"id": "15266", "ano": "2020", "numero": "58", "tipo__sigla": "PLE", "tipo__descricao": "PROJETO DE LEI DO EXECUTIVO", "autoria": "MARCELO FABIANI PUPPI", "texto_original": "http://sapl.campolargo.pr.leg.br/media/sapl/public/materialegislativa/2020/15266/1_2328_2020_pg_02_abertura.pdf", "ementa": "AUTORIZA O PODER EXECUTIVO A ABRIR UM CR\u00c9DITO ADICIONAL SUPLEMENTAR NO OR\u00c7AMENTO FISCAL DO MUNIC\u00cdPIO DE CAMPO LARGO PARA O EXERC\u00cdCIO DE 2020 E A PROMOVER ALTERA\u00c7\u00d5ES NO PLANO PLURIANUAL 2018-2021 E NA LEI DE DIRETRIZES OR\u00c7AMENT\u00c1RIAS DE 2020."}, {"id": "15298", "ano": "2020", "numero": "59", "tipo__sigla": "PLE", "tipo__descricao": "PROJETO DE LEI DO EXECUTIVO", "autoria": "MARCELO FABIANI PUPPI", "texto_original": "http://sapl.campolargo.pr.leg.br/media/sapl/public/materialegislativa/2020/15298/1_2443_2020_pg_02_abertura.pdf", "ementa": "DISP\u00d5E SOBRE A FORMA DE AMORTIZA\u00c7\u00c3O DO D\u00c9FICIT T\u00c9CNICO ATUARIAL PARA OBTEN\u00c7\u00c3O DO EQUIL\u00cdBRIO FINANCEIRO E ATUARIAL QUE O MUNIC\u00cdPIO TEM EM FACE DO REGIME PR\u00d3PRIO DE PREVID\u00caNCIA SOCIAL (RPPS) DO MUNIC\u00cdPIO DE CAMPO LARGO - PR."}, {"id": "15323", "ano": "2020", "numero": "60", "tipo__sigla": "PLE", "tipo__descricao": "PROJETO DE LEI DO EXECUTIVO", "autoria": "MARCELO FABIANI PUPPI", "texto_original": "http://sapl.campolargo.pr.leg.br/media/sapl/public/materialegislativa/2020/15323/ple_60-2020_-_alteracao_ldo.pdf", "ementa": "D\u00c1 NOVA REDA\u00c7\u00c3O AO ARTIGO 8\u00ba DA LEI MUNICIPAL N\u00ba 3.266, DE 07 DE OUTUBRO DE 2020, QUE DISP\u00d5E SOBRE A\u00c7\u00d5ES PRIMORIT\u00c1RIAS DA ADMINISTRA\u00c7\u00c3O P\u00daBLICA MUNICIPAL, METAS E RISCOS FISCAIS, DIRETRIZES GERAIS PARA ELABORA\u00c7\u00c3O DA PROPOSTA OR\u00c7AMENT\u00c1RIA, NORMAS DE EXECU\u00c7\u00c3O FINANCEIRA A SEREM EXECUTADAS PELO MUNIC\u00cdPIO DE CAMPO LARGO NO EXERC\u00cdCIO DE 2021, CONFORME ESPECIFICA."}, {"id": "15322", "ano": "2020", "numero": "61", "tipo__sigla": "PLE", "tipo__descricao": "PROJETO DE LEI DO EXECUTIVO", "autoria": "MARCELO FABIANI PUPPI", "texto_original": "http://sapl.campolargo.pr.leg.br/media/sapl/public/materialegislativa/2020/15322/ple_61-2020_-_loa_2021.pdf", "ementa": "ESTIMA A RECEITA E FIXA A DESPESA DO MUNIC\u00cdPIO DE CAMPO LARGO PARA O EXERC\u00cdCIO FINANCEIRO DE 2021."}, {"id": "15372", "ano": "2020", "numero": "62", "tipo__sigla": "PLE", "tipo__descricao": "PROJETO DE LEI DO EXECUTIVO", "autoria": "MARCELO FABIANI PUPPI", "texto_original": "http://sapl.campolargo.pr.leg.br/media/sapl/public/materialegislativa/2020/15372/1_2663_2020_pg02-06_abertura.pdf", "ementa": "\"ALTERA A LEI MUNICIPAL N\u00ba 2087, DE 18 DE DEZEMBRO DE 2008 - C\u00d3DIGO TRIBUT\u00c1RIO DO MUNIC\u00cdPIO DE CAMPO LARGO, CONFORME ESPEC\u00cdFICA.\""}, {"id": "15420", "ano": "2020", "numero": "64", "tipo__sigla": "PLE", "tipo__descricao": "PROJETO DE LEI DO EXECUTIVO", "autoria": "MAURICIO ROBERTO RIVABEM", "texto_original": "http://sapl.campolargo.pr.leg.br/media/sapl/public/materialegislativa/2020/15420/1_2874_2020_pg_02_abertura.pdf", "ementa": "\u201cAUTORIZA O PODER EXECUTIVO A ABRIR UM CR\u00c9DITO ADICIONAL SUPLEMENTAR NO OR\u00c7AMENTO FISCAL DO MUNIC\u00cdPIO DE CAMPO LARGO PARA O EXERC\u00cdCIO DE 2020 E A PROMOVER ALTERA\u00c7\u00d5ES NO PLANO PLURIANUAL 2018-2021 E NA LEI DE DIRETRIZES OR\u00c7AMENT\u00c1RIAS DE 2020.\""}, {"id": "15421", "ano": "2020", "numero": "65", "tipo__sigla": "PLE", "tipo__descricao": "PROJETO DE LEI DO EXECUTIVO", "autoria": "MAURICIO ROBERTO RIVABEM", "texto_original": "http://sapl.campolargo.pr.leg.br/media/sapl/public/materialegislativa/2020/15421/1_2875_2020_pg_02_abertura.pdf", "ementa": "\u201cAUTORIZA O PODER EXECUTIVO A ABRIR UM CR\u00c9DITO ADICIONAL ESPECIAL NO OR\u00c7AMENTO FISCAL DO MUNIC\u00cdPIO DE CAMPO LARGO PARA O EXERC\u00cdCIO DE 2020 E A PROMOVER ALTERA\u00c7\u00d5ES NO PLANO PLURIANUAL 2018-2021 E NA LEI DE DIRETRIZES OR\u00c7AMENT\u00c1RIAS DE 2020.\""}, {"id": "14273", "ano": "2020", "numero": "1", "tipo__sigla": "PLL", "tipo__descricao": "PROJETO DE LEI DO LEGISLATIVO", "autoria": "BETE DAMACENO, BETINHO, CLEA OLIVEIRA, GIOVANI MARCON, JO\u00c3O D'\u00c1GUA, MARCIO BERALDO, TONINHO FERREIRA", "texto_original": "http://sapl.campolargo.pr.leg.br/media/sapl/public/materialegislativa/2020/14273/01_20_texto_integral.pdf", "ementa": "DISP\u00d5E SOBRE A INSTALA\u00c7\u00c3O DE EQUIPAMENTO ELIMINADOR DE AR NA TUBULA\u00c7\u00c3O DO SISTEMA DE ABASTECIMENTO DE \u00c1GUA DO MUNIC\u00cdPIO DE CAMPO LARGO E D\u00c1 OUTRAS PROVID\u00caNCIAS. (COM VETO INTEGRAL N\u00ba 09.20)"}, {"id": "14283", "ano": "2020", "numero": "2", "tipo__sigla": "PLL", "tipo__descricao": "PROJETO DE LEI DO LEGISLATIVO", "autoria": "CLEA OLIVEIRA", "texto_original": "http://sapl.campolargo.pr.leg.br/media/sapl/public/materialegislativa/2020/14283/02_20_texto_integral.pdf", "ementa": "Institui o \"Dia Municipal dos Protetores dos Animais\" e d\u00e1 outras provid\u00eancias."}, {"id": "14284", "ano": "2020", "numero": "3", "tipo__sigla": "PLL", "tipo__descricao": "PROJETO DE LEI DO LEGISLATIVO", "autoria": "CLEA OLIVEIRA", "texto_original": "http://sapl.campolargo.pr.leg.br/media/sapl/public/materialegislativa/2020/14284/03_20_texto_integral.pdf", "ementa": "INSTITUI E INCLUI NO CALEND\u00c1RIO OFICIAL DE EVENTOS DE CAMPO LARGO, A SEMANA MUNICIPAL DE COMBATE A HOMOFOBIA, E D\u00c1 OUTRAS PROVID\u00caNCIAS."}, {"id": "14296", "ano": "2020", "numero": "4", "tipo__sigla": "PLL", "tipo__descricao": "PROJETO DE LEI DO LEGISLATIVO", "autoria": "MARCIO BERALDO", "texto_original": "http://sapl.campolargo.pr.leg.br/media/sapl/public/materialegislativa/2020/14296/1_120_2020_pg_01-04_projeto_lei_04_20.pdf", "ementa": "DISP\u00d5E SOBRE O REAPROVEITAMENTO DAS \u00c1GUAS PLUVIAIS EM TODOS OS ESTABELECIMENTOS QUE ESPECIFICA E D\u00c1 OUTRAS PROVID\u00caNCIAS."}, {"id": "14297", "ano": "2020", "numero": "5", "tipo__sigla": "PLL", "tipo__descricao": "PROJETO DE LEI DO LEGISLATIVO", "autoria": "MARCIO BERALDO", "texto_original": "http://sapl.campolargo.pr.leg.br/media/sapl/public/materialegislativa/2020/14297/05_20_texto_integral.pdf", "ementa": "DISP\u00d5E SOBRE O TEMPO DE ATENDIMENTO NO PROCON DE CAMPO LARGO, PARAN\u00c1."}, {"id": "14298", "ano": "2020", "numero": "6", "tipo__sigla": "PLL", "tipo__descricao": "PROJETO DE LEI DO LEGISLATIVO", "autoria": "MARCIO BERALDO", "texto_original": "http://sapl.campolargo.pr.leg.br/media/sapl/public/materialegislativa/2020/14298/1_122_2020_pg_01-03_projeto_lei_06_20.pdf", "ementa": "DISP\u00d5E SOBRE A OBRIGATORIEDADE DA AMPLA DIVULGA\u00c7\u00c3O DAS AUDI\u00caNCIAS P\u00daBLICAS PROMOVIDAS PELA ADMINISTRA\u00c7\u00c3O MUNICIPAL DE CAMPO LARGO, PARAN\u00c1 E D\u00c1 OUTRAS PROVID\u00caNCIAS."}, {"id": "14303", "ano": "2020", "numero": "7", "tipo__sigla": "PLL", "tipo__descricao": "PROJETO DE LEI DO LEGISLATIVO", "autoria": "JO\u00c3O D'\u00c1GUA", "texto_original": "http://sapl.campolargo.pr.leg.br/media/sapl/public/materialegislativa/2020/14303/07_20_texto_integral.pdf", "ementa": "D\u00c1 NOVA REDA\u00c7\u00c3O AO INCISO III DO ARTIGO 1\u00ba DA LEI MUNICIPAL N\u00ba 1363, DE 23 DE OUTUBRO DE 1998."}, {"id": "14389", "ano": "2020", "numero": "8", "tipo__sigla": "PLL", "tipo__descricao": "PROJETO DE LEI DO LEGISLATIVO", "autoria": "MARCIO BERALDO", "texto_original": "http://sapl.campolargo.pr.leg.br/media/sapl/public/materialegislativa/2020/14389/20200214082510429.pdf", "ementa": "ALTERA A LEI N\u00ba 3.135 DE 21 DE OUTUBRO DE 2.019 PARA INCLUIR O PROGRAMA DE PROTE\u00c7\u00c3O A MULHERES V\u00cdTIMAS DE VIOL\u00caNCIA DOM\u00c9STICA E FAMILIAR NA CIDADE DE CAMPO LARGO."}, {"id": "14329", "ano": "2020", "numero": "9", "tipo__sigla": "PLL", "tipo__descricao": "PROJETO DE LEI DO LEGISLATIVO", "autoria": "MARCIO BERALDO", "texto_original": "http://sapl.campolargo.pr.leg.br/media/sapl/public/materialegislativa/2020/14329/1_220_2020_pg_01-02_projeto_lei_09_20.pdf", "ementa": "DISP\u00d5E SOBRE A DIVULGA\u00c7\u00c3O, NO PORTAL DA TRANSPAR\u00caNCIA, DA DESTINA\u00c7\u00c3O DE VALORES DE MULTAS DE TR\u00c2NSITO NA CIDADE DE CAMPO LARGO, PARAN\u00c1, E D\u00c1 OUTRAS PROVID\u00caNCIAS."}, {"id": "14339", "ano": "2020", "numero": "10", "tipo__sigla": "PLL", "tipo__descricao": "PROJETO DE LEI DO LEGISLATIVO", "autoria": "TADEU DE PAULA", "texto_original": "http://sapl.campolargo.pr.leg.br/media/sapl/public/materialegislativa/2020/14339/1_240_2020_pg_01-04_projeto_lei_10_20.pdf", "ementa": "D\u00c1 DENOMINA\u00c7\u00c3O DE RUA \u00c1GUA MINERAL NO LOTEAMENTO PARA\u00cdSO MINERAL, CONFORME ESPECIFICA."}, {"id": "14342", "ano": "2020", "numero": "11", "tipo__sigla": "PLL", "tipo__descricao": "PROJETO DE LEI DO LEGISLATIVO", "autoria": "GIOVANI MARCON", "texto_original": "http://sapl.campolargo.pr.leg.br/media/sapl/public/materialegislativa/2020/14342/11_20_texto_integral.pdf", "ementa": "DISP\u00d5E SOBRE A OBRIGATORIEDADE DA PUBLICIDADE DA RELA\u00c7\u00c3O DOS M\u00c9DICOS PLANTONISTAS NO SISTEMA DE SA\u00daDE DE CAMPO LARGO, E DA OUTRAS PROVID\u00caNCIAS."}, {"id": "14384", "ano": "2020", "numero": "12", "tipo__sigla": "PLL", "tipo__descricao": "PROJETO DE LEI DO LEGISLATIVO", "autoria": "JO\u00c3O D'\u00c1GUA", "texto_original": "http://sapl.campolargo.pr.leg.br/media/sapl/public/materialegislativa/2020/14384/12_20_texto_integral.pdf", "ementa": "\u201cFICA INSTITU\u00cdDO NO MUNIC\u00cdPIO DE CAMPO LARGO A SEMANA DE INCENTIVO AO ALEITAMENTO MATERNO\u201d."}, {"id": "14386", "ano": "2020", "numero": "14", "tipo__sigla": "PLL", "tipo__descricao": "PROJETO DE LEI DO LEGISLATIVO", "autoria": "MARCIO BERALDO", "texto_original": "http://sapl.campolargo.pr.leg.br/media/sapl/public/materialegislativa/2020/14386/14_20_texto_integral.pdf", "ementa": "D\u00c1 A DENOMINA\u00c7\u00c3O DE RUA \"ESTRADA DOM RODRIGO\" NO LOTEAMENTO ITABOA, MUNIC\u00cdPIO DE CAMPO LARGO, PARAN\u00c1."}, {"id": "14382", "ano": "2020", "numero": "15", "tipo__sigla": "PLL", "tipo__descricao": "PROJETO DE LEI DO LEGISLATIVO", "autoria": "BETE DAMACENO, CLEA OLIVEIRA", "texto_original": "http://sapl.campolargo.pr.leg.br/media/sapl/public/materialegislativa/2020/14382/15_20_texto_integral.pdf", "ementa": "\u201cPRO\u00cdBE A VENDA, MANUSEIO, UTILIZA\u00c7\u00c3O, QUEIMA E A SOLTURA DE FOGOS DE ESTAMPIDOS E ESTOURO, ASSIM COMO DE QUAISQUER ARTEFATOS PIROT\u00c9CNICOS DE EFEITO SONORO RUIDOSO NO MUNIC\u00cdPIO DE CAMPO LARGO, E D\u00c1 OUTRAS PROVID\u00caNCIAS.\u201d"}, {"id": "14381", "ano": "2020", "numero": "16", "tipo__sigla": "PLL", "tipo__descricao": "PROJETO DE LEI DO LEGISLATIVO", "autoria": "MARCIO BERALDO", "texto_original": "http://sapl.campolargo.pr.leg.br/media/sapl/public/materialegislativa/2020/14381/16_20_texto_integral.pdf", "ementa": "D\u00c1 A DENOMINA\u00c7\u00c3O DE RUA \"NEIVA CHAVES ZELAYA\", NO BAIRRO \u00c1GUAS CLARAS, MUNIC\u00cdPIO DE CAMPO LARGO, PARAN\u00c1."}, {"id": "14393", "ano": "2020", "numero": "17", "tipo__sigla": "PLL", "tipo__descricao": "PROJETO DE LEI DO LEGISLATIVO", "autoria": "TADEU DE PAULA", "texto_original": "http://sapl.campolargo.pr.leg.br/media/sapl/public/materialegislativa/2020/14393/17_20_texto_integral.pdf", "ementa": "\"D\u00c1 DENOMINA\u00c7\u00c3O DE RUA \u00c1GUA MINERAL, LOCALIZADA NO BAIRRO OURO VERDE, CONFORME ESPECIFICA\"."}, {"id": "14422", "ano": "2020", "numero": "18", "tipo__sigla": "PLL", "tipo__descricao": "PROJETO DE LEI DO LEGISLATIVO", "autoria": "MARCIO BERALDO", "texto_original": "http://sapl.campolargo.pr.leg.br/media/sapl/public/materialegislativa/2020/14422/18_20_texto_integral.pdf", "ementa": "DEFINE A VIS\u00c3O MONOCULAR COMO DEFICI\u00caNCIA VISUAL NO \u00c2MBITO DO MUNIC\u00cdPIO DE CAMPO LARGO, PARAN\u00c1.\r\n\r\n(REDA\u00c7\u00c3O FINAL)"}, {"id": "14423", "ano": "2020", "numero": "19", "tipo__sigla": "PLL", "tipo__descricao": "PROJETO DE LEI DO LEGISLATIVO", "autoria": "MARCIO BERALDO", "texto_original": "http://sapl.campolargo.pr.leg.br/media/sapl/public/materialegislativa/2020/14423/19_20_texto_integral.pdf", "ementa": "DISP\u00d5E SOBRE A CRIA\u00c7\u00c3O DA \"CENTRAL DE ATENDIMENTO \u00c0S DEN\u00daNCIAS DE VIOLA\u00c7\u00c3O DE DIREITOS HUMANOS\" NO \u00c2MBITO DO MUNIC\u00cdPIO DE CAMPO LARGO, PARAN\u00c1 E D\u00c1 OUTRAS PROVID\u00caNCIAS."}, {"id": "14466", "ano": "2020", "numero": "21", "tipo__sigla": "PLL", "tipo__descricao": "PROJETO DE LEI DO LEGISLATIVO", "autoria": "BENTO VIDAL, DARCI ANDREASSA, GIOVANI MARCON, JO\u00c3O D'\u00c1GUA, MARCIO BERALDO", "texto_original": "http://sapl.campolargo.pr.leg.br/media/sapl/public/materialegislativa/2020/14466/20200302142938037.pdf", "ementa": "\"ALTERA OS DISPOSITIVOS DA LEI MUNICIPAL N\u00ba 2256 DE 17/12/2010 E ANEXO, CONFORME ESPECIFICA\"."}, {"id": "14473", "ano": "2020", "numero": "22", "tipo__sigla": "PLL", "tipo__descricao": "PROJETO DE LEI DO LEGISLATIVO", "autoria": "TONINHO FERREIRA", "texto_original": "http://sapl.campolargo.pr.leg.br/media/sapl/public/materialegislativa/2020/14473/22_20_texto_integral.pdf", "ementa": "CUJA S\u00daMULA INSTITUI O \"DIA DOS PROFISSIONAIS SOCORRISTAS E EMERGENCIAIS\" NO MUNIC\u00cdPIO DE CAMPO LARGO - PR."}, {"id": "14474", "ano": "2020", "numero": "23", "tipo__sigla": "PLL", "tipo__descricao": "PROJETO DE LEI DO LEGISLATIVO", "autoria": "TONINHO FERREIRA", "texto_original": "http://sapl.campolargo.pr.leg.br/media/sapl/public/materialegislativa/2020/14474/23_20_texto_integral.pdf", "ementa": "DISP\u00d5E SOBRE A OBRIGATORIEDADE DE TRATAMENTO DE DESINFEC\u00c7\u00c3O DA AREIA EXISTENTE EM LOCAIS DE RECREA\u00c7\u00c3O COMO CRECHES , PRA\u00c7AS, PARQUES, ESCOLAS E QUADRAS DE ESPORTES EXISTENTES EM \u00c1REAS P\u00daBLICAS E PRIVADAS NO MUNIC\u00cdPIO DE CAMPO LARGO - PR."}, {"id": "14475", "ano": "2020", "numero": "24", "tipo__sigla": "PLL", "tipo__descricao": "PROJETO DE LEI DO LEGISLATIVO", "autoria": "JO\u00c3O D'\u00c1GUA", "texto_original": "http://sapl.campolargo.pr.leg.br/media/sapl/public/materialegislativa/2020/14475/24_20_texto_integral.pdf", "ementa": "ALTERA O DISPOSITIVO DA LEI N\u00ba 2647, DE 16 DE DEZEMBRO DE 2014, CONFORME ESPECIFICA."}, {"id": "14471", "ano": "2020", "numero": "25", "tipo__sigla": "PLL", "tipo__descricao": "PROJETO DE LEI DO LEGISLATIVO", "autoria": "TADEU DE PAULA", "texto_original": "http://sapl.campolargo.pr.leg.br/media/sapl/public/materialegislativa/2020/14471/25_20_texto_integral.pdf", "ementa": "D\u00c1 DENOMINA\u00c7\u00c3O DE PRA\u00c7A DURVAL PARIZ DE OLIVEIRA A \u00c1REA P\u00daBLICA LOCALIZADA NA RUA AMAZ\u00cdLIO LAVALL, JARDIM PART\u00caNOPE, CONFORME ESPECIFICA."}, {"id": "14487", "ano": "2020", "numero": "26", "tipo__sigla": "PLL", "tipo__descricao": "PROJETO DE LEI DO LEGISLATIVO", "autoria": "BETE DAMACENO", "texto_original": "http://sapl.campolargo.pr.leg.br/media/sapl/public/materialegislativa/2020/14487/26_20_texto_integral.pdf", "ementa": "AUTORIZA O PODER EXECUTIVO MUNICIPAL A CELEBRAR CONV\u00caNIOS E/OU PARCERIAS COM A FINALIDADE DE DISPONIBILIZAR APARELHOS AUDITIVOS AOS ALUNOS PORTADORES DE DEFICI\u00caNCIA AUDITIVA REGULARMENTE MATRICULADOS NA REDE MUNICIPAL DE ENSINO FUNDAMENTAL DE CAMPO LARGO, E D\u00c1 OUTRAS PROVID\u00caNCIAS."}, {"id": "14497", "ano": "2020", "numero": "27", "tipo__sigla": "PLL", "tipo__descricao": "PROJETO DE LEI DO LEGISLATIVO", "autoria": "MARCIO BERALDO", "texto_original": "http://sapl.campolargo.pr.leg.br/media/sapl/public/materialegislativa/2020/14497/27-20_texto_integral.pdf", "ementa": "DISP\u00d5E SOBRE A INCLUS\u00c3O DO NOME DO C\u00d4NJUGE OU MAIOR DE 18 ANOS, QUE RESIDA COM O CONSUMIDOR, NA CONTA MENSAL DE ENERGIA EL\u00c9TRICA A FIM DE ATESTAR SUA RESID\u00caNCIA, E D\u00c1 OUTRAS PROVID\u00caNCIAS."}, {"id": "14556", "ano": "2020", "numero": "29", "tipo__sigla": "PLL", "tipo__descricao": "PROJETO DE LEI DO LEGISLATIVO", "autoria": "MARCIO BERALDO", "texto_original": "http://sapl.campolargo.pr.leg.br/media/sapl/public/materialegislativa/2020/14556/29_20_texto_integral.pdf", "ementa": "DISP\u00d5E SOBRE A GARANTIA DA REALIZA\u00c7\u00c3O DO TESTE DE CARI\u00d3TIPO EM TODOS OS REC\u00c9M-NASCIDOS QUE APRESENTAREM SINAIS INDICATIVOS DA S\u00cdNDROME DE DOWN NOS HOSPITAIS, MATERNIDADES E INSTITUI\u00c7\u00d5ES SIMILARES DA REDE P\u00daBLICA DE SA\u00daDE NO MUNIC\u00cdPIO DE CAMPO LARGO, PARAN\u00c1."}, {"id": "14590", "ano": "2020", "numero": "30", "tipo__sigla": "PLL", "tipo__descricao": "PROJETO DE LEI DO LEGISLATIVO", "autoria": "JO\u00c3O D'\u00c1GUA", "texto_original": "http://sapl.campolargo.pr.leg.br/media/sapl/public/materialegislativa/2020/14590/30_20_texto_integral.pdf", "ementa": "DISP\u00d5E SOBRE A PERMAN\u00caNCIA DE UM AGENTE DE SEGURAN\u00c7A MUNICIPAL NO CENTRO M\u00c9DICO HOSPITALAR, E D\u00c1 OUTRAS PROVID\u00caNCIAS."}, {"id": "14626", "ano": "2020", "numero": "31", "tipo__sigla": "PLL", "tipo__descricao": "PROJETO DE LEI DO LEGISLATIVO", "autoria": "BETE DAMACENO", "texto_original": "http://sapl.campolargo.pr.leg.br/media/sapl/public/materialegislativa/2020/14626/projeto_de_le_poco_rural.pdf", "ementa": "DISP\u00d5E SOBRE A IMPLANTA\u00c7\u00c3O DE PO\u00c7OS ARTESIANOS COMUNIT\u00c1RIOS RURAIS NO MUNIC\u00cdPIO DE CAMPO LARGO, CONFORME ESPECIFICA."}, {"id": "14630", "ano": "2020", "numero": "32", "tipo__sigla": "PLL", "tipo__descricao": "PROJETO DE LEI DO LEGISLATIVO", "autoria": "CLEA OLIVEIRA", "texto_original": "http://sapl.campolargo.pr.leg.br/media/sapl/public/materialegislativa/2020/14630/projeto_de_lei_costureiras-convertido_1.pdf", "ementa": "AUTORIZA O PODER EXECUTIVO A CRIAR PARCERIAS COM COSTUREIRAS AUT\u00d4NOMAS E PEQUENAS EMPRESAS DE COSTURA E TECIDOS, A FIM DE CONFECCIONAR M\u00c1SCARAS PARA A POPULA\u00c7\u00c3O DE BAIXA RENDA NO MUNIC\u00cdPIO."}, {"id": "14643", "ano": "2020", "numero": "33", "tipo__sigla": "PLL", "tipo__descricao": "PROJETO DE LEI DO LEGISLATIVO", "autoria": "JO\u00c3O D'\u00c1GUA", "texto_original": "http://sapl.campolargo.pr.leg.br/media/sapl/public/materialegislativa/2020/14643/pll_33.20_instalacao_sensor_semaforo_idoso.pdf", "ementa": "DISP\u00d5E SOBRE A INSTALA\u00c7\u00c3O DE SENSORES E SONORIZADORES NOS SEM\u00c1FOROS DO MUNIC\u00cdPIO PARA AUMENTAR O TEMPO DE TRAVESSIA DE IDOSOS E PESSOAS COM DEFICI\u00caNCIA, E D\u00c1 OUTRAS PROVID\u00caNCIAS."}, {"id": "14644", "ano": "2020", "numero": "34", "tipo__sigla": "PLL", "tipo__descricao": "PROJETO DE LEI DO LEGISLATIVO", "autoria": "JO\u00c3O D'\u00c1GUA", "texto_original": "http://sapl.campolargo.pr.leg.br/media/sapl/public/materialegislativa/2020/14644/pll_34.20_cassacao_alvara_lixo_irregular.pdf", "ementa": "DISP\u00d5E SOBRE A CASSA\u00c7\u00c3O DE ALVAR\u00c1 DE FUNCIONAMENTO DAS EMPRESAS QUE DESCARTAM LIXO DE FORMA IRREGULAR NO MUNIC\u00cdPIO E D\u00c1 OUTRAS PROVID\u00caNCIAS."}, {"id": "14645", "ano": "2020", "numero": "35", "tipo__sigla": "PLL", "tipo__descricao": "PROJETO DE LEI DO LEGISLATIVO", "autoria": "JO\u00c3O D'\u00c1GUA", "texto_original": "http://sapl.campolargo.pr.leg.br/media/sapl/public/materialegislativa/2020/14645/pll_35.20_selo_socioambiental.pdf", "ementa": "DISP\u00d5E SOBRE A CRIA\u00c7\u00c3O DO SELO SOCIOAMBIENTAL DE EMPRESAS, E D\u00c1 OUTRAS PROVID\u00caNCIAS."}, {"id": "14646", "ano": "2020", "numero": "36", "tipo__sigla": "PLL", "tipo__descricao": "PROJETO DE LEI DO LEGISLATIVO", "autoria": "JO\u00c3O D'\u00c1GUA", "texto_original": "http://sapl.campolargo.pr.leg.br/media/sapl/public/materialegislativa/2020/14646/pll_36.20_cassacao_alvara_produtos_oriundos_ilicito.pdf", "ementa": "DISP\u00d5E SOBRE A CASSA\u00c7\u00c3O DE ALVAR\u00c1 DE LICEN\u00c7A E FUNCIONAMENTO DE ESTABELECIMENTOS QUE FOREM FLAGRADOS COMERCIALIZANDO, ADQUIRINDO, TRANSPORTANDO, ESTOCANDO OU REVENDENDO PRODUTOS ORIUNDOS DE FURTO, ROUBO OU OUTRO TIPO DE IL\u00cdCITO."}, {"id": "14674", "ano": "2020", "numero": "37", "tipo__sigla": "PLL", "tipo__descricao": "PROJETO DE LEI DO LEGISLATIVO", "autoria": "JO\u00c3O D'\u00c1GUA", "texto_original": "http://sapl.campolargo.pr.leg.br/media/sapl/public/materialegislativa/2020/14674/37_20_texto_integral.pdf", "ementa": "\u201cDISP\u00d5E SOBRE A CRIA\u00c7\u00c3O DE UM CART\u00c3O ALIMENTA\u00c7\u00c3O PARA FINS DE RECEBIMENTO DE CR\u00c9DITOS DESTINADOS A AQUISI\u00c7\u00c3O DE CESTAS B\u00c1SICAS E PARTICIPA\u00c7\u00c3O DE EMPRES\u00c1RIOS NA COMPRA E/OU AQUISI\u00c7\u00c3O DE CESTAS B\u00c1SICAS PARA DISTRIBUI\u00c7\u00c3O GRATUITA \u00c0S PESSOAS E TRABALHADORES PREJUDICADOS PELA CRISE ECON\u00d4MICA DO COVID-19 E D\u00c1 OUTRAS PROVID\u00caNCIAS\u201d."}, {"id": "14695", "ano": "2020", "numero": "38", "tipo__sigla": "PLL", "tipo__descricao": "PROJETO DE LEI DO LEGISLATIVO", "autoria": "CLEA OLIVEIRA", "texto_original": "http://sapl.campolargo.pr.leg.br/media/sapl/public/materialegislativa/2020/14695/38_20_texto_integral.pdf", "ementa": "AUTORIZA O PODER EXECUTIVO A CRIAR O PROGRAMA \"MULHER EMPREENDEDORA\" NO MUNIC\u00cdPIO DE CAMPO LARGO E DA OUTRAS PROVID\u00caNCIAS."}, {"id": "14705", "ano": "2020", "numero": "39", "tipo__sigla": "PLL", "tipo__descricao": "PROJETO DE LEI DO LEGISLATIVO", "autoria": "TONINHO FERREIRA", "texto_original": "http://sapl.campolargo.pr.leg.br/media/sapl/public/materialegislativa/2020/14705/39_20_texto_integral.pdf", "ementa": "ORIENTA\u00c7\u00c3O SOBRE O DESCARTE DE RES\u00cdDUOS DE SERVI\u00c7O DE SA\u00daDE (RSS) USADAS POR PORTADORES DE DIABETES."}, {"id": "14725", "ano": "2020", "numero": "40", "tipo__sigla": "PLL", "tipo__descricao": "PROJETO DE LEI DO LEGISLATIVO", "autoria": "CLEA OLIVEIRA", "texto_original": "http://sapl.campolargo.pr.leg.br/media/sapl/public/materialegislativa/2020/14725/40_20_texto_integral.pdf", "ementa": "INSTITUI A MARCHA PELA DIVERSIDADE LGBTQI+ NO MUNIC\u00cdPIO DE CAMPO LARGO."}, {"id": "14734", "ano": "2020", "numero": "41", "tipo__sigla": "PLL", "tipo__descricao": "PROJETO DE LEI DO LEGISLATIVO", "autoria": "MARCIO BERALDO", "texto_original": "http://sapl.campolargo.pr.leg.br/media/sapl/public/materialegislativa/2020/14734/41_2020_texto_integral.pdf", "ementa": "DISP\u00d5E SOBRE A OBRIGATORIEDADE DOS ESTABELECIMENTOS P\u00daBLICOS OU PRIVADOS A DISPONIBILIZAREM EQUIPAMENTOS E INSUMOS PARA A PROTE\u00c7\u00c3O DA SA\u00daDE DE SEUS USU\u00c1RIOS DURANTE O PER\u00cdODO DE EMERG\u00caNCIA OU DE CALAMIDADE DE SA\u00daDE P\u00daBLICA NO MUNIC\u00cdPIO DE CAMPO LARGO, PARAN\u00c1, E D\u00c1 OUTRAS PROVID\u00caNCIAS."}, {"id": "14763", "ano": "2020", "numero": "42", "tipo__sigla": "PLL", "tipo__descricao": "PROJETO DE LEI DO LEGISLATIVO", "autoria": "JO\u00c3O D'\u00c1GUA", "texto_original": "http://sapl.campolargo.pr.leg.br/media/sapl/public/materialegislativa/2020/14763/1_1098_2020_pg02_04_abertura_2_1.pdf", "ementa": "DISP\u00d5E SOBRE A DENOMINA\u00c7\u00c3O DA UNIDADE B\u00c1SICA DE SA\u00daDE DOMINGOS BORGES, JARDIM GUARANI."}, {"id": "14764", "ano": "2020", "numero": "43", "tipo__sigla": "PLL", "tipo__descricao": "PROJETO DE LEI DO LEGISLATIVO", "autoria": "BETINHO", "texto_original": "http://sapl.campolargo.pr.leg.br/media/sapl/public/materialegislativa/2020/14764/1_1112_2020_pg_02_abertura_1.pdf", "ementa": "\"DECLARA DE UTILIDADE P\u00daBLICA MUNICIPAL A \"ASSOCIA\u00c7\u00c3O CULTURAL DESPORTIVA E RECREATIVA DOM PEDRO II.\" DE CAMPO LARGO, PARAN\u00c1.\""}, {"id": "14786", "ano": "2020", "numero": "44", "tipo__sigla": "PLL", "tipo__descricao": "PROJETO DE LEI DO LEGISLATIVO", "autoria": "BETE DAMACENO", "texto_original": "http://sapl.campolargo.pr.leg.br/media/sapl/public/materialegislativa/2020/14786/44_20_texto_integral.pdf", "ementa": "ASSEGURA \u00c0S MULHERES, NO MUNIC\u00cdPIO DE CAMPO LARGO, O DIREITO AO PAGAMENTO DA MEIA-ENTRADA EM EVENTOS CULTURAIS, ESPORTIVOS E DE LAZER, NO DIA 08 DE MAR\u00c7O, EM COMEMORA\u00c7\u00c3O AO DIA INTERNACIONAL DA MULHER, E D\u00c1 OUTRAS PROVID\u00caNCIAS."}, {"id": "14792", "ano": "2020", "numero": "45", "tipo__sigla": "PLL", "tipo__descricao": "PROJETO DE LEI DO LEGISLATIVO", "autoria": "MARCIO BERALDO", "texto_original": "http://sapl.campolargo.pr.leg.br/media/sapl/public/materialegislativa/2020/14792/45_20_texto_integral.pdf", "ementa": "REGULAMENTA O FUNCIONAMENTO DE AUTOATENDIMENTO NOS SERVI\u00c7OS DE ALIMENTA\u00c7\u00c3O, DENOMINADO \"BUFFET LIVRE/POR QUILO\" ENQUANTO PERDURAR A PANDEMIA DO CORONAV\u00cdRUS - COVID-19, NO \u00c2MBITO DO MUNIC\u00cdPIO DE CAMPO LARGO."}, {"id": "14793", "ano": "2020", "numero": "46", "tipo__sigla": "PLL", "tipo__descricao": "PROJETO DE LEI DO LEGISLATIVO", "autoria": "MARCIO BERALDO", "texto_original": "http://sapl.campolargo.pr.leg.br/media/sapl/public/materialegislativa/2020/14793/46_20_texto_integral.pdf", "ementa": "INSTITUI O DIA DO TRABALHADOR DA SA\u00daDE NO MUNIC\u00cdPIO DE CAMPO LARGO - PARAN\u00c1."}, {"id": "14802", "ano": "2020", "numero": "47", "tipo__sigla": "PLL", "tipo__descricao": "PROJETO DE LEI DO LEGISLATIVO", "autoria": "MARCIO BERALDO", "texto_original": "http://sapl.campolargo.pr.leg.br/media/sapl/public/materialegislativa/2020/14802/47_20_texto_integral.pdf", "ementa": "DISP\u00d5E SOBRE O PAGAMENTO, POR 120 DIAS, DA TAXA DE ILUMINA\u00c7\u00c3O P\u00daBLICA E TAXA DE LIXO \u00c0S PESSOAS DE BAIXA RENDA DO MUNIC\u00cdPIO DE CAMPO LARGO - PARAN\u00c1."}, {"id": "14822", "ano": "2020", "numero": "48", "tipo__sigla": "PLL", "tipo__descricao": "PROJETO DE LEI DO LEGISLATIVO", "autoria": "BETE DAMACENO", "texto_original": "http://sapl.campolargo.pr.leg.br/media/sapl/public/materialegislativa/2020/14822/48_20_texto_integral.pdf", "ementa": "DISP\u00d5E SOBRE INSTALA\u00c7\u00c3O DE DISPOSITIVO ELETR\u00d4NICO ANJO DA GUARDA, NOS VE\u00cdCULOS DE TRANSPORTE COLETIVO."}, {"id": "14855", "ano": "2020", "numero": "49", "tipo__sigla": "PLL", "tipo__descricao": "PROJETO DE LEI DO LEGISLATIVO", "autoria": "TONINHO FERREIRA", "texto_original": "http://sapl.campolargo.pr.leg.br/media/sapl/public/materialegislativa/2020/14855/49_20_texto_integral.pdf", "ementa": "DISP\u00d5E SOBRE MEDIDAS EXCEPCIONAIS A SEREM ADOTADAS QUE POSSIBILITAR\u00c1 O ABATIMENTO DE ISS E DE IPTU DEVIDO POR DOADORES DE BENS, EQUIPAMENTOS E INSUMOS ESSENCIAIS AO COMBATE DE EMERG\u00caNCIA RECONHECIDO PELO GOVERNO FEDERAL, EM DECORR\u00caNCIA DA PANDEMIA DE CORONA V\u00cdRUS - COVID 19."}, {"id": "14856", "ano": "2020", "numero": "50", "tipo__sigla": "PLL", "tipo__descricao": "PROJETO DE LEI DO LEGISLATIVO", "autoria": "MARCIO BERALDO", "texto_original": "http://sapl.campolargo.pr.leg.br/media/sapl/public/materialegislativa/2020/14856/50_20_texto_integral.pdf", "ementa": "INSTITUI O DIA DA VIS\u00c3O MONOCULAR NO MUNIC\u00cdPIO DE CAMPO LARGO - PARAN\u00c1."}, {"id": "14861", "ano": "2020", "numero": "51", "tipo__sigla": "PLL", "tipo__descricao": "PROJETO DE LEI DO LEGISLATIVO", "autoria": "CLEA OLIVEIRA, GIOVANI MARCON", "texto_original": "http://sapl.campolargo.pr.leg.br/media/sapl/public/materialegislativa/2020/14861/51_20_texto_integral.pdf", "ementa": "INSTITUI O PROTOCOLO DE COMBATE E CONTEN\u00c7\u00c3O DA PROPAGA\u00c7\u00c3O DA COVID-19 NO LOCAL DE TRABALHO, E D\u00c1 OUTRAS PROVID\u00caNCIAS."}, {"id": "14870", "ano": "2020", "numero": "52", "tipo__sigla": "PLL", "tipo__descricao": "PROJETO DE LEI DO LEGISLATIVO", "autoria": "MARCIO BERALDO", "texto_original": "http://sapl.campolargo.pr.leg.br/media/sapl/public/materialegislativa/2020/14870/52_20_texto_integral.pdf", "ementa": "DISP\u00d5E SOBRE A REDU\u00c7\u00c3O PROPORCIONAL DAS MENSALIDADES DA REDE PRIVADA DE ENSINO, ENQUANTO PERDURAR A PANDEMIA DO CORONAV\u00cdRUS - COVID 19, NO \u00c2MBITO DO MUNIC\u00cdPIO DE CAMPO LARGO - PARAN\u00c1."}, {"id": "14890", "ano": "2020", "numero": "53", "tipo__sigla": "PLL", "tipo__descricao": "PROJETO DE LEI DO LEGISLATIVO", "autoria": "CLEA OLIVEIRA", "texto_original": "http://sapl.campolargo.pr.leg.br/media/sapl/public/materialegislativa/2020/14890/53_20_texto_integral.pdf", "ementa": "ALTERA OS DISPOSITIVOS DA LEI N\u00ba 2.936, DE 25 DE ABRIL DE 2018."}, {"id": "14936", "ano": "2020", "numero": "54", "tipo__sigla": "PLL", "tipo__descricao": "PROJETO DE LEI DO LEGISLATIVO", "autoria": "JO\u00c3O D'\u00c1GUA, CLEA OLIVEIRA, MARCIO BERALDO", "texto_original": "http://sapl.campolargo.pr.leg.br/media/sapl/public/materialegislativa/2020/14936/pll_54-20.pdf", "ementa": "\"INSTITUI O PROGRAMA JURO ZERO CAMPO LARGO COMO MEDIDA DE ENFRENTAMENTO \u00c0 CRISE SOCIAL E ECON\u00d4MICA DECORRENTES DA PANDEMIA DO COVID-19 NO MUNIC\u00cdPIO DE CAMPO LARGO\"."}, {"id": "14944", "ano": "2020", "numero": "55", "tipo__sigla": "PLL", "tipo__descricao": "PROJETO DE LEI DO LEGISLATIVO", "autoria": "BETE DAMACENO", "texto_original": "http://sapl.campolargo.pr.leg.br/media/sapl/public/materialegislativa/2020/14944/1_1580_2020_pg_02_abertura.pdf", "ementa": "CRIA O PROGRAMA DE COMBATE AO ASS\u00c9DIO SEXUAL NO TRANSPORTE COLETIVO DO MUNIC\u00cdPIO DE CAMPO LARGO E D\u00c1 OUTRAS PROVID\u00caNCIAS."}, {"id": "14953", "ano": "2020", "numero": "56", "tipo__sigla": "PLL", "tipo__descricao": "PROJETO DE LEI DO LEGISLATIVO", "autoria": "MARCIO BERALDO", "texto_original": "http://sapl.campolargo.pr.leg.br/media/sapl/public/materialegislativa/2020/14953/56_20_texto_integral.pdf", "ementa": "\"D\u00c1 DENOMINA\u00c7\u00c3O DE \"AVENIDA CEZAR TORRES\", O TRECHO INDICADO NO BAIRRO CENTRO, MUNIC\u00cdPIO DE CAMPO LARGO, PARAN\u00c1.\""}, {"id": "14956", "ano": "2020", "numero": "57", "tipo__sigla": "PLL", "tipo__descricao": "PROJETO DE LEI DO LEGISLATIVO", "autoria": "MARCIO BERALDO", "texto_original": "http://sapl.campolargo.pr.leg.br/media/sapl/public/materialegislativa/2020/14956/57_20_texto_integral.pdf", "ementa": "\"D\u00c1 A DENOMINA\u00c7\u00c3O DE \u201cAVENIDA CRISTINA\u201d, O TRECHO INDICADO NO BAIRRO JARDIM FLORESTAL, MUNIC\u00cdPIO DE CAMPO LARGO, PARAN\u00c1.\""}, {"id": "14957", "ano": "2020", "numero": "58", "tipo__sigla": "PLL", "tipo__descricao": "PROJETO DE LEI DO LEGISLATIVO", "autoria": "MARCIO BERALDO", "texto_original": "http://sapl.campolargo.pr.leg.br/media/sapl/public/materialegislativa/2020/14957/58_20_texto_integral.pdf", "ementa": "\"ALTERA O ART. 1\u00ba DA LEI MUNICIPAL N\u00ba 2737 DE 17 DE NOVEMBRO DE 2015 QUE DENOMINA A RUA IDAIR ANTONIA TORRES SIQUEIRA, CONFORME ESPECIFICA.\""}, {"id": "14958", "ano": "2020", "numero": "59", "tipo__sigla": "PLL", "tipo__descricao": "PROJETO DE LEI DO LEGISLATIVO", "autoria": "MARCIO BERALDO", "texto_original": "http://sapl.campolargo.pr.leg.br/media/sapl/public/materialegislativa/2020/14958/59_20_texto_integral.pdf", "ementa": "\"ALTERA O ART. 1\u00ba DA LEI MUNICIPAL N\u00ba 1676 DE 05 DE MAIO DE 2003 QUE A DENOMINA\u00c7\u00c3O A RUA FRANCISCO ALVES FERREIRA, LOCALIZADA NO BAIRRO VILA GL\u00d3RIA, CAMPO LARGO, PARAN\u00c1, CONFORME ESPECIFICA.\""}, {"id": "14959", "ano": "2020", "numero": "60", "tipo__sigla": "PLL", "tipo__descricao": "PROJETO DE LEI DO LEGISLATIVO", "autoria": "MARCIO BERALDO", "texto_original": "http://sapl.campolargo.pr.leg.br/media/sapl/public/materialegislativa/2020/14959/60_20_texto_integral.pdf", "ementa": "\"ALTERA O ART. 1\u00ba DA LEI MUNICIPAL N\u00ba 1848 DE 02 DE SETEMBRO DE 2005 QUE DENOMINA\u00c7\u00c3O A RUA JOS\u00c9 GARZARO, LOCALIZADA NA COL\u00d4NIA MARIANA, CAMPO LARGO, PARAN\u00c1, CONFORME ESPECIFICA.\""}, {"id": "14960", "ano": "2020", "numero": "61", "tipo__sigla": "PLL", "tipo__descricao": "PROJETO DE LEI DO LEGISLATIVO", "autoria": "MARCIO BERALDO", "texto_original": "http://sapl.campolargo.pr.leg.br/media/sapl/public/materialegislativa/2020/14960/61_20_texto_integral.pdf", "ementa": "\"ALTERA O ART. 2\u00ba DA LEI MUNICIPAL N\u00ba 1121 DE 12 DE ABRIL DE 1995 QUE D\u00c1 DENOMINA\u00c7\u00c3O A RUA QUINTINO BOCAI\u00daVA, LOCALIZADA NO BAIRRO CENTRO, CAMPO LARGO, PARAN\u00c1, CONFORME ESPECIFICA.\""}, {"id": "14961", "ano": "2020", "numero": "62", "tipo__sigla": "PLL", "tipo__descricao": "PROJETO DE LEI DO LEGISLATIVO", "autoria": "MARCIO BERALDO", "texto_original": "http://sapl.campolargo.pr.leg.br/media/sapl/public/materialegislativa/2020/14961/62_20_texto_integral.pdf", "ementa": "ALTERA O ART. 1\u00ba DA LEI MUNICIPAL N\u00ba 1414 DE 06 DE OUTUBRO DE 1999 QUE D\u00c1 DENOMINA\u00c7\u00c3O A RUA JULIO BUGNHAKI, LOCALIZADA NO BAIRRO VILA DELURDES, CAMPO LARGO, PARAN\u00c1, CONFORME ESPECIFICA."}, {"id": "14962", "ano": "2020", "numero": "63", "tipo__sigla": "PLL", "tipo__descricao": "PROJETO DE LEI DO LEGISLATIVO", "autoria": "MARCIO BERALDO", "texto_original": "http://sapl.campolargo.pr.leg.br/media/sapl/public/materialegislativa/2020/14962/63_20_texto_integral.pdf", "ementa": "\"ALTERA O ART. 1\u00ba DA LEI MUNICIPAL N\u00ba 1156, DE 23 DE NOVEMBRO DE 1995, QUE DENOMINA\u00c7\u00c3O A RUA MARIA APARECIDA DE OLIVEIRA, LOCALIZADA NO LOTEAMENTO S\u00c3O JER\u00d4NIMO, CAMPO LARGO, PARAN\u00c1, CONFORME ESPECIFICA.\""}, {"id": "14963", "ano": "2020", "numero": "64", "tipo__sigla": "PLL", "tipo__descricao": "PROJETO DE LEI DO LEGISLATIVO", "autoria": "MARCIO BERALDO", "texto_original": "http://sapl.campolargo.pr.leg.br/media/sapl/public/materialegislativa/2020/14963/64_20_texto_integral.pdf", "ementa": "\"ALTERA O ART. 1\u00ba DA LEI MUNICIPAL N\u00ba 1744, DE 24 DE MAIO DE 2004, QUE A DENOMINA\u00c7\u00c3O A RUA SANTA MARIANA, LOCALIZADA NO BAIRRO VILA DELURDES, CAMPO LARGO, PARAN\u00c1, CONFORME ESPECIFICA.\""}, {"id": "14964", "ano": "2020", "numero": "65", "tipo__sigla": "PLL", "tipo__descricao": "PROJETO DE LEI DO LEGISLATIVO", "autoria": "MARCIO BERALDO", "texto_original": "http://sapl.campolargo.pr.leg.br/media/sapl/public/materialegislativa/2020/14964/65_20_texto_integral.pdf", "ementa": "\"ALTERA O ART. 1\u00ba DA LEI MUNICIPAL N\u00ba 2139 DE 13 DE OUTUBRO DE 2009 QUE DENOMINA\u00c7\u00c3O A RUA ESTRADA DA LAGOA GRANDE, LOCALIZADA NO BAIRRO OURO VERDE, CAMPO LARGO, PARAN\u00c1, CONFORME ESPECIFICA.\""}, {"id": "14968", "ano": "2020", "numero": "66", "tipo__sigla": "PLL", "tipo__descricao": "PROJETO DE LEI DO LEGISLATIVO", "autoria": "MARCIO BERALDO", "texto_original": "http://sapl.campolargo.pr.leg.br/media/sapl/public/materialegislativa/2020/14968/66_20_texto_integral.pdf", "ementa": "\"ALTERA O ART. 1\u00ba DO DECRETO MUNICIPAL N\u00ba 74 DE 28 DE JULHO DE 1987 QUE D\u00c1 DENOMINA\u00c7\u00c3O A RUA BALDU\u00cdNO VIDAL, LOCALIZADA NO BAIRRO JARDIM BUSMAYER, CAMPO LARGO, PARAN\u00c1, CONFORME ESPECIFICA.\""}, {"id": "14990", "ano": "2020", "numero": "67", "tipo__sigla": "PLL", "tipo__descricao": "PROJETO DE LEI DO LEGISLATIVO", "autoria": "TONINHO FERREIRA", "texto_original": "http://sapl.campolargo.pr.leg.br/media/sapl/public/materialegislativa/2020/14990/67_20_texto_integral.pdf", "ementa": "\"ALTERA O ARTIGO 28 DA LEI N\u00ba 3003/2018.\""}, {"id": "14996", "ano": "2020", "numero": "68", "tipo__sigla": "PLL", "tipo__descricao": "PROJETO DE LEI DO LEGISLATIVO", "autoria": "CLAIRTON ALEM\u00c3O", "texto_original": "http://sapl.campolargo.pr.leg.br/media/sapl/public/materialegislativa/2020/14996/1_1687_2020_pg_02-03_abertura.pdf", "ementa": "DISP\u00d5E SOBRE A INSTITUI\u00c7\u00c3O DO CALEND\u00c1RIO DE COMEMORA\u00c7\u00c3O AMBIENTAIS NO MUNIC\u00cdPIO DE CAMPO LARGO E D\u00c1 OUTRAS PROVID\u00caNCIAS."}, {"id": "15088", "ano": "2020", "numero": "69", "tipo__sigla": "PLL", "tipo__descricao": "PROJETO DE LEI DO LEGISLATIVO", "autoria": "MARCIO BERALDO", "texto_original": "http://sapl.campolargo.pr.leg.br/media/sapl/public/materialegislativa/2020/15088/69_20_texto_integral.pdf", "ementa": "DISP\u00d5E SOBRE A PRIORIDADE NA MARCA\u00c7\u00c3O DE CONSULTAS E EXAMES DERMATOL\u00d3GICAS E OFTALMOL\u00d3GICAS PARA PESSOAS PORTADORAS DE ACROMATOSE (ALBINISMO), NO \u00c2MBITO DO MUNIC\u00cdPIO DE CAMPO LARGO, PARAN\u00c1."}, {"id": "15089", "ano": "2020", "numero": "70", "tipo__sigla": "PLL", "tipo__descricao": "PROJETO DE LEI DO LEGISLATIVO", "autoria": "GIOVANI MARCON", "texto_original": "http://sapl.campolargo.pr.leg.br/media/sapl/public/materialegislativa/2020/15089/70_20_texto_integral.pdf", "ementa": "SUPRIME O ARTIGO 25 DA LEI MUNICIPAL 1363 DE 23 DE OUTUBRO DE 1995, QUE \u201cDISP\u00d5E SOBRE A INSTALA\u00c7\u00c3O E SERVI\u00c7OS E D\u00c1 OUTRAS PROVID\u00caNCIAS\u201d."}, {"id": "15119", "ano": "2020", "numero": "71", "tipo__sigla": "PLL", "tipo__descricao": "PROJETO DE LEI DO LEGISLATIVO", "autoria": "TONINHO FERREIRA", "texto_original": "http://sapl.campolargo.pr.leg.br/media/sapl/public/materialegislativa/2020/15119/71_20_texto_integral.pdf", "ementa": "ISEN\u00c7\u00c3O NAS TAXAS DE RENOVA\u00c7\u00c3O PARA O ANO DE 2021."}, {"id": "15129", "ano": "2020", "numero": "72", "tipo__sigla": "PLL", "tipo__descricao": "PROJETO DE LEI DO LEGISLATIVO", "autoria": "BENTO VIDAL, JO\u00c3O D'\u00c1GUA, MARCIO BERALDO", "texto_original": "http://sapl.campolargo.pr.leg.br/media/sapl/public/materialegislativa/2020/15129/72_20_texto_integral.pdf", "ementa": "\u201cFixa os subs\u00eddios mensais do Prefeito, do Vice-Prefeito, dos Secret\u00e1rios do Poder Executivo Municipal, do Presidente e dos Vereadores da C\u00e2mara Municipal de Campo Largo, conforme especifica\u201d."}, {"id": "15188", "ano": "2020", "numero": "73", "tipo__sigla": "PLL", "tipo__descricao": "PROJETO DE LEI DO LEGISLATIVO", "autoria": "MARCIO BERALDO", "texto_original": "http://sapl.campolargo.pr.leg.br/media/sapl/public/materialegislativa/2020/15188/73_20_texto_integral.pdf", "ementa": "ALTERA O ART. 1\u00ba DO DECRETO MUNICIPAL N\u00ba 34 DE 09 DE ABRIL DE 1985 QUE D\u00c1 DENOMINA\u00c7\u00c3O A RUA ANGELIN DOMINGOS CARLI, LOCALIZADA NO BAIRRO VILA BANC\u00c1RIA, CAMPO LARGO, PARAN\u00c1, CONFORME ESPECIFICA."}, {"id": "15189", "ano": "2020", "numero": "74", "tipo__sigla": "PLL", "tipo__descricao": "PROJETO DE LEI DO LEGISLATIVO", "autoria": "DARCI ANDREASSA", "texto_original": "http://sapl.campolargo.pr.leg.br/media/sapl/public/materialegislativa/2020/15189/74_20_texto_integral.pdf", "ementa": "INSTITUI NO CALEND\u00c1RIO OFICIAL DE EVENTOS DO MUNIC\u00cdPIO DE CAMPO LARGO O DIA DO MOTOCICLISTA."}, {"id": "15222", "ano": "2020", "numero": "75", "tipo__sigla": "PLL", "tipo__descricao": "PROJETO DE LEI DO LEGISLATIVO", "autoria": "TONINHO FERREIRA", "texto_original": "http://sapl.campolargo.pr.leg.br/media/sapl/public/materialegislativa/2020/15222/75_20_texto_integral.pdf", "ementa": "\u201cDISP\u00d5E SOBRE A REALIZA\u00c7\u00c3O DE SESS\u00c3O DE CINEMA ADAPTADA A PESSOAS COM TRANSTORNO DO ESPECTRO AUTISTA (TEA) E SUAS FAM\u00cdLIAS\u201d NO MUNIC\u00cdPIO DE CAMPO LARGO-PARAN\u00c1\u201d"}, {"id": "15243", "ano": "2020", "numero": "76", "tipo__sigla": "PLL", "tipo__descricao": "PROJETO DE LEI DO LEGISLATIVO", "autoria": "BENTO VIDAL, JO\u00c3O D'\u00c1GUA, MARCIO BERALDO", "texto_original": "http://sapl.campolargo.pr.leg.br/media/sapl/public/materialegislativa/2020/15243/1_2285_2020_pg_02_abertura.pdf", "ementa": "\"ALTERA O ARTIGO N\u00ba 21, \u00a71\u00ba DA LEI N\u00ba 2.256 / 2.010, DO MUNIC\u00cdPIO DE CAMPO LARGO, QUE ESTABELECE A ESTRUTURA INSTITUCIONAL - ORGANIZACIONAL, DISP\u00d5E SOBRE O QUADRO DE PESSOAL E INSTITUI O PLANO DE CARGOS, CARREIRAS E REMUNERA\u00c7\u00d5ES DA C\u00c2MARA MUNICIPAL DE CAMPO LARGO E D\u00c1 OUTRAS PROVID\u00caNCIAS. \u201d"}, {"id": "15282", "ano": "2020", "numero": "77", "tipo__sigla": "PLL", "tipo__descricao": "PROJETO DE LEI DO LEGISLATIVO", "autoria": "TONINHO FERREIRA", "texto_original": "http://sapl.campolargo.pr.leg.br/media/sapl/public/materialegislativa/2020/15282/1_2392_2020_pg_02_abertura.pdf", "ementa": "INSTITUI O \"FINAL DE SEMANA DOS CARROS REBAIXADOS E CUSTOMIZADOS\" E D\u00c1 OUTRAS PROVID\u00caNCIAS."}, {"id": "15294", "ano": "2020", "numero": "78", "tipo__sigla": "PLL", "tipo__descricao": "PROJETO DE LEI DO LEGISLATIVO", "autoria": "ROGERIO DAS TINTAS", "texto_original": "http://sapl.campolargo.pr.leg.br/media/sapl/public/materialegislativa/2020/15294/1_2418_2020_pg_02_abertura.pdf", "ementa": "ESTABELECE AS IGREJAS E OS TEMPLOS DE QUALQUER CULTO COMO ATIVIDADE ESSENCIAL EM PER\u00cdODOS DE CALAMIDADE P\u00daBLICA NO MUNIC\u00cdPIO DE CAMPO LARGO."}, {"id": "15424", "ano": "2020", "numero": "79", "tipo__sigla": "PLL", "tipo__descricao": "PROJETO DE LEI DO LEGISLATIVO", "autoria": "CLEA OLIVEIRA", "texto_original": "http://sapl.campolargo.pr.leg.br/media/sapl/public/materialegislativa/2020/15424/1_2904_2020_pg_02_abertura.pdf", "ementa": "RECONHECE A PR\u00c1TICA DE ATIVIDADE F\u00cdSICA E DO EXERC\u00cdCIO F\u00cdSICO COMO ESSENCIAL \u00c0 SA\u00daDE P\u00daBLICA EM TEMPOS DE CRISES OCASIONADAS POR PANDEMIAS."}, {"id": "14388", "ano": "2020", "numero": "1", "tipo__sigla": "PR", "tipo__descricao": "PROJETO DE RESOLU\u00c7\u00c3O", "autoria": "Mesa Executiva", "texto_original": "http://sapl.campolargo.pr.leg.br/media/sapl/public/materialegislativa/2020/14388/pr_01.20.pdf", "ementa": "REGULAMENTA, NO \u00c2MBITO DA C\u00c2MARA MUNICIPAL DE CAMPO LARGO, A UTILIZA\u00c7\u00c3O DO \u201cPREG\u00c3O ELETR\u00d4NICO\u201d, POR MEIO DA UTILIZA\u00c7\u00c3O DE RECURSOS DE TECNOLOGIA DA INFORMA\u00c7\u00c3O PARA AQUISI\u00c7\u00c3O DE BENS E SERVI\u00c7OS COMUNS E D\u00c1 OUTRAS PROVID\u00caNCIAS."}, {"id": "14387", "ano": "2020", "numero": "2", "tipo__sigla": "PR", "tipo__descricao": "PROJETO DE RESOLU\u00c7\u00c3O", "autoria": "Mesa Executiva", "texto_original": "http://sapl.campolargo.pr.leg.br/media/sapl/public/materialegislativa/2020/14387/pr_02.20.pdf", "ementa": "DISP\u00d5E SOBRE A ABERTURA DE CR\u00c9DITO ADICIONAL SUPLEMENTAR AO OR\u00c7AMENTO VIGENTE DE 2020."}, {"id": "14557", "ano": "2020", "numero": "3", "tipo__sigla": "PR", "tipo__descricao": "PROJETO DE RESOLU\u00c7\u00c3O", "autoria": "", "texto_original": "http://sapl.campolargo.pr.leg.br/media/sapl/public/materialegislativa/2020/14557/projeto_de_resolucao_03-2020.pdf", "ementa": "DISP\u00d5E SOBRE A ABERTURA DE CR\u00c9DITO ADICIONAL SUPLEMENTAR AO OR\u00c7AMENTO VIGENTE DE 2020."}, {"id": "14627", "ano": "2020", "numero": "4", "tipo__sigla": "PR", "tipo__descricao": "PROJETO DE RESOLU\u00c7\u00c3O", "autoria": "BENTO VIDAL, DARCI ANDREASSA, GIOVANI MARCON, JO\u00c3O D'\u00c1GUA, MARCIO BERALDO", "texto_original": "http://sapl.campolargo.pr.leg.br/media/sapl/public/materialegislativa/2020/14627/projeto_resolucao_04-2020_-_regulamenta_pregao_eletronico_1.docx", "ementa": "REGULAMENTA A MODALIDADE DE LICITA\u00c7\u00c3O DENOMINADA PREG\u00c3O, NA FORMA ELETR\u00d4NICA, PARA AQUISI\u00c7\u00c3O DE BENS E A CONTRATA\u00c7\u00c3O DE SERVI\u00c7OS COMUNS, INCLU\u00cdDOS OS SERVI\u00c7OS COMUNS DE ENGENHARIA, E DISP\u00d5E SOBRE O USO DA DISPENSA ELETR\u00d4NICA, NO \u00c2MBITO DA C\u00c2MARA MUNICIPAL DE CAMPO LARGO, E D\u00c1 OUTRAS PROVID\u00caNCIAS."}, {"id": "14897", "ano": "2020", "numero": "5", "tipo__sigla": "PR", "tipo__descricao": "PROJETO DE RESOLU\u00c7\u00c3O", "autoria": "BENTO VIDAL, DARCI ANDREASSA, GIOVANI MARCON, JO\u00c3O D'\u00c1GUA, MARCIO BERALDO", "texto_original": "http://sapl.campolargo.pr.leg.br/media/sapl/public/materialegislativa/2020/14897/20200619155121604.pdf", "ementa": "REGULAMENTA NO \u00c2MBITO DA C\u00c2MARA MUNICIPAL DE CAMPO LARGO DESCONTO DO SUBS\u00cdDIO DOS VEREADORES NOS CASOS DE FALTAS INJUSTIFICADAS EM SESS\u00d5ES ORDIN\u00c1RIAS"}, {"id": "14898", "ano": "2020", "numero": "6", "tipo__sigla": "PR", "tipo__descricao": "PROJETO DE RESOLU\u00c7\u00c3O", "autoria": "MARCIO BERALDO", "texto_original": "http://sapl.campolargo.pr.leg.br/media/", "ementa": "DISP\u00d5E SOBRE REJEI\u00c7\u00c3O DE RECURSO AO REQUERIMENTO DE PEDIDO DE REGIME DE URG\u00caNCIA DO PROJETO DE LEI DO EXECUTIVO 37/2020."}, {"id": "14274", "ano": "2020", "numero": "103", "tipo__sigla": "REQ", "tipo__descricao": "REQUERIMENTO", "autoria": "BETE DAMACENO", "texto_original": "http://sapl.campolargo.pr.leg.br/media/sapl/public/materialegislativa/2020/14274/103.pdf", "ementa": "QUE SEJA FEITA A DRENAGEM NO C\u00d3RREGO QUE PASSA AO LADO DA RUA QUATRO NO BOM JESUS CAMPO LARGO."}, {"id": "14275", "ano": "2020", "numero": "104", "tipo__sigla": "REQ", "tipo__descricao": "REQUERIMENTO", "autoria": "BETE DAMACENO", "texto_original": "http://sapl.campolargo.pr.leg.br/media/sapl/public/materialegislativa/2020/14275/104.pdf", "ementa": "QUE SEJA FEITA A DRENAGEM NO C\u00d3RREGO QUE PASSA AO LADO DA TRAVESSA EULALIA DA LUZ SILVEIRA NO RONDINHA CAMPO LARGO."}, {"id": "14276", "ano": "2020", "numero": "105", "tipo__sigla": "REQ", "tipo__descricao": "REQUERIMENTO", "autoria": "BETE DAMACENO", "texto_original": "http://sapl.campolargo.pr.leg.br/media/sapl/public/materialegislativa/2020/14276/105.pdf", "ementa": "QUE SEJA FEITA ALTERA\u00c7\u00c3O DO SENTIDO DA RUA ADEMAR DE BARROS, NA PARTE AONDE \u00c9 M\u00c3O \u00daNICA, PASSE A SER M\u00c3O DUPLA DE CIRCULA\u00c7\u00c3O TORNANDO O ACESSO MAIS F\u00c1CIL PARA A BR 277, NO JARDIM SOCIAL CAMPO LARGO."}, {"id": "14277", "ano": "2020", "numero": "106", "tipo__sigla": "REQ", "tipo__descricao": "REQUERIMENTO", "autoria": "BETE DAMACENO", "texto_original": "http://sapl.campolargo.pr.leg.br/media/sapl/public/materialegislativa/2020/14277/106.pdf", "ementa": "QUE SEJA ELABORADO UM PROJETO DE LIMPEZA DOS C\u00d3RREGOS DO MUNIC\u00cdPIO DE CAMPO LARGO."}, {"id": "14278", "ano": "2020", "numero": "107", "tipo__sigla": "REQ", "tipo__descricao": "REQUERIMENTO", "autoria": "BETE DAMACENO", "texto_original": "http://sapl.campolargo.pr.leg.br/media/sapl/public/materialegislativa/2020/14278/107.pdf", "ementa": "PAVIMENTA\u00c7\u00c3O ASF\u00c1LTICA NA RUA GUAIRAC\u00c1 NO JARDIM GUARANI FERRARIA CAMPO LARGO."}, {"id": "14279", "ano": "2020", "numero": "108", "tipo__sigla": "REQ", "tipo__descricao": "REQUERIMENTO", "autoria": "CLEA OLIVEIRA", "texto_original": "http://sapl.campolargo.pr.leg.br/media/sapl/public/materialegislativa/2020/14279/108.pdf", "ementa": "SOLICITA REPERFILAMENTO ASF\u00c1LTICO, NA RUA TRAVESSA DO ROCIO, BAIRRO APARECIDA, DESTE MUNIC\u00cdPIO."}, {"id": "14280", "ano": "2020", "numero": "109", "tipo__sigla": "REQ", "tipo__descricao": "REQUERIMENTO", "autoria": "CLEA OLIVEIRA", "texto_original": "http://sapl.campolargo.pr.leg.br/media/sapl/public/materialegislativa/2020/14280/109.pdf", "ementa": "SOLICITA O AUMENTO DO MURO AO REDOR DO CMEI ALESSANDRE JOS\u00c9 RETTMANN, LOCALIZADO NA RUA PAULO BIANCO, BAIRRO JARDIM FLORESTAL, DESTE MUNIC\u00cdPIO."}, {"id": "14281", "ano": "2020", "numero": "110", "tipo__sigla": "REQ", "tipo__descricao": "REQUERIMENTO", "autoria": "CLEA OLIVEIRA", "texto_original": "http://sapl.campolargo.pr.leg.br/media/sapl/public/materialegislativa/2020/14281/110.pdf", "ementa": "SOLICITA QUE SEJA DESENVOLVIDO UM APLICATIVO DE CELULAR QUE POSSIBILITE QUE O PODER EXECUTIVO DIVULGUE, EM TEMPO REAL, AS DESPESAS E RECEITAS DO GOVERNO MUNICIPAL, DESDE MUNIC\u00cdPIO."}, {"id": "14282", "ano": "2020", "numero": "111", "tipo__sigla": "REQ", "tipo__descricao": "REQUERIMENTO", "autoria": "CLEA OLIVEIRA", "texto_original": "http://sapl.campolargo.pr.leg.br/media/sapl/public/materialegislativa/2020/14282/111.pdf", "ementa": "SOLICITA QUE SEJA COLOCADO MATERIAL FRESADO EM TODA A EXTENS\u00c3O DA RUA IVAHY ALBERTI, NA LOCALIDADE DE QUEIMADAS, DISTRITO DE BATEIAS, DESTE MUNIC\u00cdPIO."}, {"id": "14301", "ano": "2020", "numero": "116", "tipo__sigla": "REQ", "tipo__descricao": "REQUERIMENTO", "autoria": "MARCIO BERALDO", "texto_original": "http://sapl.campolargo.pr.leg.br/media/sapl/public/materialegislativa/2020/14301/116.pdf", "ementa": "REQUERENDO ESTUDO PARA IMPLANTA\u00c7\u00c3O DE CAIXA DE ESPERA PARA MOTOS EM CRUZAMENTO SEMAFORIZADOS, ANTES DAS FAIXAS DE PEDESTRES, NO MUNIC\u00cdPIO DE CAMPO LARGO."}, {"id": "14289", "ano": "2020", "numero": "117", "tipo__sigla": "REQ", "tipo__descricao": "REQUERIMENTO", "autoria": "MARCIO BERALDO", "texto_original": "http://sapl.campolargo.pr.leg.br/media/sapl/public/materialegislativa/2020/14289/1_117_2020_pg_02_abertura.pdf", "ementa": "QUE SEJA INSTALADO ILUMINA\u00c7\u00c3O P\u00daBLICA NA ACADEMIA AO AR LIVRE, LOCALIZADA NA RUA XV DE NOVEMBRO, N\u00ba 3500, EM FRENTE A ESCOLA MUNICIPAL CARLOS DRUMMOND DE ANDRADE, CENTRO, CAMPO LARGO."}, {"id": "14292", "ano": "2020", "numero": "118", "tipo__sigla": "REQ", "tipo__descricao": "REQUERIMENTO", "autoria": "MARCIO BERALDO", "texto_original": "http://sapl.campolargo.pr.leg.br/media/sapl/public/materialegislativa/2020/14292/118.pdf", "ementa": "REQUERENDO QUE SEJA FEITO REPERFILAMENTO ASF\u00c1LTICO NA RUA JO\u00c3O CAMPESI, LOTEAMENTO ITABOA, CAMPO LARGO."}, {"id": "14294", "ano": "2020", "numero": "119", "tipo__sigla": "REQ", "tipo__descricao": "REQUERIMENTO", "autoria": "MARCIO BERALDO", "texto_original": "http://sapl.campolargo.pr.leg.br/media/sapl/public/materialegislativa/2020/14294/119.pdf", "ementa": "CONSTRU\u00c7\u00c3O DE RAMPA DE ACESSIBILIDADE PARA PESSOAS PORTADORAS DE DEFICI\u00caNCIA OU COM MOBILIDADE REDUZIDA, NA CAL\u00c7ADA DE ACESSO \u00c0 ESCOLA MUNICIPAL DONA FINA, COM ENDERE\u00c7O NA RUA CURI\u00d3, 216-256 - VILA DONA FINA, CAMPO LARGO."}, {"id": "14299", "ano": "2020", "numero": "125", "tipo__sigla": "REQ", "tipo__descricao": "REQUERIMENTO", "autoria": "DARCI ANDREASSA", "texto_original": "http://sapl.campolargo.pr.leg.br/media/sapl/public/materialegislativa/2020/14299/125.pdf", "ementa": "SOLICITO TROCA DE GRELHA NA RUA AFONSO GUIMAR\u00c3ES, EM FRENTE AO N\u00ba 701, BAIRRO BOM JESUS."}, {"id": "14300", "ano": "2020", "numero": "126", "tipo__sigla": "REQ", "tipo__descricao": "REQUERIMENTO", "autoria": "DARCI ANDREASSA", "texto_original": "http://sapl.campolargo.pr.leg.br/media/sapl/public/materialegislativa/2020/14300/126.pdf", "ementa": "QUE SEJA DESTINADA PRA\u00c7A OU PR\u00c9DIO P\u00daBLICO PARA DENOMINA\u00c7\u00c3O EM HOMENAGEM AO EX-VEREADOR OSVALDO ANDRADE ZOTTO NO MUNIC\u00cdPIO DE CAMPO LARGO."}, {"id": "14286", "ano": "2020", "numero": "127", "tipo__sigla": "REQ", "tipo__descricao": "REQUERIMENTO", "autoria": "DARCI ANDREASSA", "texto_original": "http://sapl.campolargo.pr.leg.br/media/sapl/public/materialegislativa/2020/14286/127.pdf", "ementa": "SOLICITO LIMPEZA DOS BUEIROS NA RUA LUCIA ANTONIO UMBELINO, BAIRRO JARDIM ITAQUI."}, {"id": "14287", "ano": "2020", "numero": "129", "tipo__sigla": "REQ", "tipo__descricao": "REQUERIMENTO", "autoria": "GIOVANI MARCON", "texto_original": "http://sapl.campolargo.pr.leg.br/media/sapl/public/materialegislativa/2020/14287/129.pdf", "ementa": "VIABILIZAR RONDA OSTENSIVA DA GUARDA MUNICIPAL NO BAIRRO NOVA TRENTO."}, {"id": "14288", "ano": "2020", "numero": "130", "tipo__sigla": "REQ", "tipo__descricao": "REQUERIMENTO", "autoria": "GIOVANI MARCON", "texto_original": "http://sapl.campolargo.pr.leg.br/media/sapl/public/materialegislativa/2020/14288/130.pdf", "ementa": "QUE SEJA REALIZADO A SUBSTITUI\u00c7\u00c3O DO TOLDO LOCALIZADO NA ENTRADA DA UNIDADE DE SA\u00daDE JARDIM RONDINHA."}, {"id": "14290", "ano": "2020", "numero": "131", "tipo__sigla": "REQ", "tipo__descricao": "REQUERIMENTO", "autoria": "GIOVANI MARCON", "texto_original": "http://sapl.campolargo.pr.leg.br/media/sapl/public/materialegislativa/2020/14290/131.pdf", "ementa": "QUE SEJA REALIZADO A INSTALA\u00c7\u00c3O DE ALARME DE MONITORAMENTO NA UNIDADE DE SA\u00daDE JARDIM RONDINHA."}, {"id": "14291", "ano": "2020", "numero": "132", "tipo__sigla": "REQ", "tipo__descricao": "REQUERIMENTO", "autoria": "GIOVANI MARCON", "texto_original": "http://sapl.campolargo.pr.leg.br/media/sapl/public/materialegislativa/2020/14291/132.pdf", "ementa": "SOLICITA INFORMA\u00c7\u00d5ES REFERENTE A FUNCION\u00c1RIO LOTADO NA SECRETARIA MUNICIPAL DE SA\u00daDE - JOSIANE SOARES."}, {"id": "14293", "ano": "2020", "numero": "133", "tipo__sigla": "REQ", "tipo__descricao": "REQUERIMENTO", "autoria": "GIOVANI MARCON", "texto_original": "http://sapl.campolargo.pr.leg.br/media/sapl/public/materialegislativa/2020/14293/133.pdf", "ementa": "SOLICITA INFORMA\u00c7\u00d5ES REFERENTES AO VE\u00cdCULO CELTA DE COR BRANCA, COM PLACAS AUX-8665."}, {"id": "14295", "ano": "2020", "numero": "137", "tipo__sigla": "REQ", "tipo__descricao": "REQUERIMENTO", "autoria": "BETINHO", "texto_original": "http://sapl.campolargo.pr.leg.br/media/sapl/public/materialegislativa/2020/14295/137.pdf", "ementa": "PARA QUE SEJAM TOMADAS PROVID\u00caNCIAS COM RELA\u00c7\u00c3O \u00c0 PONTE DE MADEIRA QUE EST\u00c1 SITUADA NA RUA JO\u00c3O PESSOA, LOCALIZADA NO BAIRRO BOM JESUS, SENTIDO BAIRRO APARECIDA, ONDE FINDA SE ENCONTRANDO COM A RUA JOS\u00c9 DE PAIVA VIDAL. FAZ-SE NECESS\u00c1RIO A MANUTEN\u00c7\u00c3O DA PONTE SOBRE O C\u00d3RREGO QUE DIVIDE OS BAIRROS."}, {"id": "14302", "ano": "2020", "numero": "138", "tipo__sigla": "REQ", "tipo__descricao": "REQUERIMENTO", "autoria": "BETINHO", "texto_original": "http://sapl.campolargo.pr.leg.br/media/sapl/public/materialegislativa/2020/14302/138.pdf", "ementa": "PEDIDO PARA QUE SEJA REALIZADA OBRA DE EXTENS\u00c3O DE REDE DE ILUMINA\u00c7\u00c3O P\u00daBLICA NO TRECHO DA RUA SANTOS DUMONT, BAIRRO VILA BANC\u00c1RIA, ESPA\u00c7O COMPREENDIDO ENTRE O N\u00daMERO 901 FINDANDO COM A RUA ELPIDIO JOS\u00c9 CARDOSO PR\u00d3XIMO AO BAIRRO VILA DE LOURDES."}, {"id": "14305", "ano": "2020", "numero": "139", "tipo__sigla": "REQ", "tipo__descricao": "REQUERIMENTO", "autoria": "BETINHO", "texto_original": "http://sapl.campolargo.pr.leg.br/media/sapl/public/materialegislativa/2020/14305/1_170_2020_pg_02_abertura.pdf", "ementa": "PARA QUE SEJA REALIZADA OPERA\u00c7\u00c3O DE COMBATE E FISCALIZA\u00c7\u00c3O A CRIMES AMBIENTAIS RELATIVOS A PESCA PREDAT\u00d3RIA NA BARRAGEM DA PETROBR\u00c1S - REPRESA DO RIO VERDE: CAMPO LARGO, PR."}, {"id": "14306", "ano": "2020", "numero": "169", "tipo__sigla": "REQ", "tipo__descricao": "REQUERIMENTO", "autoria": "MARCIO BERALDO", "texto_original": "http://sapl.campolargo.pr.leg.br/media/sapl/public/materialegislativa/2020/14306/169.pdf", "ementa": "REQUERENDO QUE SEJA INSTALADO APARELHOS DE AR-CONDICIONADO EM TODAS AS SALAS DA CAPELA MORTU\u00c1RIA MUNICIPAL DE CAMPO LARGO."}, {"id": "14307", "ano": "2020", "numero": "170", "tipo__sigla": "REQ", "tipo__descricao": "REQUERIMENTO", "autoria": "BETINHO", "texto_original": "http://sapl.campolargo.pr.leg.br/media/sapl/public/materialegislativa/2020/14307/170.pdf", "ementa": "PARA QUE SEJA REALIZADA OPERA\u00c7\u00c3O DE COMBATE E FISCALIZA\u00c7\u00c3O A CRIMES AMBIENTAIS RELATIVOS A PESCA PREDAT\u00d3RIA NA BARRAGEM DA PETROBR\u00c1S - REPRESA DO RIO VERDE: CAMPO LARGO, PR."}, {"id": "14308", "ano": "2020", "numero": "171", "tipo__sigla": "REQ", "tipo__descricao": "REQUERIMENTO", "autoria": "TONINHO FERREIRA", "texto_original": "http://sapl.campolargo.pr.leg.br/media/sapl/public/materialegislativa/2020/14308/171.pdf", "ementa": "REDUTOR DE VELOCIDADE NA RUA MONSENHOR ALO\u00cdSIO DOMANSKI, ENTRE A TRAVESSA CARLOS ZANIN E RUA JO\u00c3O BATISTA CAMPAGNARO."}, {"id": "14316", "ano": "2020", "numero": "180", "tipo__sigla": "REQ", "tipo__descricao": "REQUERIMENTO", "autoria": "CLEA OLIVEIRA", "texto_original": "http://sapl.campolargo.pr.leg.br/media/sapl/public/materialegislativa/2020/14316/180.pdf", "ementa": "REPERFILAMENTO NA RUA JOS\u00c9 MONEK, LOTEAMENTO VISTA ALEGRE, DESTE MUNIC\u00cdPIO."}, {"id": "14317", "ano": "2020", "numero": "189", "tipo__sigla": "REQ", "tipo__descricao": "REQUERIMENTO", "autoria": "MARCIO BERALDO", "texto_original": "http://sapl.campolargo.pr.leg.br/media/sapl/public/materialegislativa/2020/14317/189.pdf", "ementa": "QUE SEJA FEITO LIMPEZA NO BUEIRO LOCALIZADO NA RUA SEBASTI\u00c3O BORGES, PR\u00d3XIMO AO N\u00daMERO 740, BAIRRO ITAQUI DE CIMA, CAMPO LARGO."}, {"id": "14318", "ano": "2020", "numero": "190", "tipo__sigla": "REQ", "tipo__descricao": "REQUERIMENTO", "autoria": "MARCIO BERALDO", "texto_original": "http://sapl.campolargo.pr.leg.br/media/sapl/public/materialegislativa/2020/14318/190.pdf", "ementa": "QUE SEJA FEITO RECUPERA\u00c7\u00c3O ASF\u00c1LTICA \"TAPA BURACO\" EM TODA A EXTENS\u00c3O DA RUA ELIAS ALVES FERREIRA, LOTEAMENTO ITABOA, CAMPO LARGO."}, {"id": "14319", "ano": "2020", "numero": "191", "tipo__sigla": "REQ", "tipo__descricao": "REQUERIMENTO", "autoria": "MARCIO BERALDO", "texto_original": "http://sapl.campolargo.pr.leg.br/media/sapl/public/materialegislativa/2020/14319/191.pdf", "ementa": "CONSTRU\u00c7\u00c3O DE RAMPA DE ACESSIBILIDADE PARA PESSOAS PORTADORAS DE DEFICI\u00caNCIA OU COM MOBILIDADE REDUZIDA, NA CAL\u00c7ADA DE ACESSO \u00c0 ESCOLA MUNICIPAL PADRE NATAL PIGATTO, COM ENDERE\u00c7O NA RUA MATO GROSSO, 7971 - BAIRRO FERRARIA, CAMPO LARGO."}, {"id": "14320", "ano": "2020", "numero": "192", "tipo__sigla": "REQ", "tipo__descricao": "REQUERIMENTO", "autoria": "MARCIO BERALDO", "texto_original": "http://sapl.campolargo.pr.leg.br/media/sapl/public/materialegislativa/2020/14320/192.pdf", "ementa": "IMPLANTA\u00c7\u00c3O DE UM PONTO DE VENDA DO CART\u00c3O DE ESTAR PR\u00d3XIMO AO HOSPITAL S\u00c3O LUCAS, LOCALIZADO NA RUA GENEROSO MARQU\u00caS, 2022, CENTRO, CAMPO LARGO."}, {"id": "14321", "ano": "2020", "numero": "193", "tipo__sigla": "REQ", "tipo__descricao": "REQUERIMENTO", "autoria": "MARCIO BERALDO", "texto_original": "http://sapl.campolargo.pr.leg.br/media/sapl/public/materialegislativa/2020/14321/193.pdf", "ementa": "QUE SEJA FEITO A SINALIZA\u00c7\u00c3O HORIZONTAL E VERTICAL EM TODA A EXTENS\u00c3O DA RUA PAULO BIANCO, BAIRRO BOTIATUVA, CAMPO LARGO."}, {"id": "14322", "ano": "2020", "numero": "201", "tipo__sigla": "REQ", "tipo__descricao": "REQUERIMENTO", "autoria": "GIOVANI MARCON", "texto_original": "http://sapl.campolargo.pr.leg.br/media/sapl/public/materialegislativa/2020/14322/201.pdf", "ementa": "QUE SEJA REALIZADO A INSTALA\u00c7\u00c3O DE ALARME DE MONITORAMENTO NA UNIDADE DE SA\u00daDE BOTIATUVA."}, {"id": "14323", "ano": "2020", "numero": "202", "tipo__sigla": "REQ", "tipo__descricao": "REQUERIMENTO", "autoria": "GIOVANI MARCON", "texto_original": "http://sapl.campolargo.pr.leg.br/media/sapl/public/materialegislativa/2020/14323/202.pdf", "ementa": "QUE SEJA REALIZADO A INSTALA\u00c7\u00c3O DE UM TOLDO LOCALIZADO NA \u00c1REA EXTERNA DA UNIDADE DE SA\u00daDE TR\u00caS C\u00d3RREGOS."}, {"id": "14326", "ano": "2020", "numero": "203", "tipo__sigla": "REQ", "tipo__descricao": "REQUERIMENTO", "autoria": "GIOVANI MARCON", "texto_original": "http://sapl.campolargo.pr.leg.br/media/sapl/public/materialegislativa/2020/14326/203.pdf", "ementa": "QUE SEJAM INSTALADOS VENTILADORES NO INTERIOR DA UNIDADE DE SA\u00daDE \u00c1GUAS CLARAS."}, {"id": "14309", "ano": "2020", "numero": "205", "tipo__sigla": "REQ", "tipo__descricao": "REQUERIMENTO", "autoria": "GIOVANI MARCON", "texto_original": "http://sapl.campolargo.pr.leg.br/media/sapl/public/materialegislativa/2020/14309/205.pdf", "ementa": "INFORMA\u00c7\u00d5ES REFERENTE AO VE\u00cdCULO GOL BRANCO, PLACAS ANJ-5411, EM QUAL SECRETARIA PRESTA SERVI\u00c7O, COMO FOI ADQUIRIDO VE\u00cdCULO, C\u00d3PIA DO DI\u00c1RIO DE BORDO E DATA QUE FOI DISPONIBILIZADO OS SERVI\u00c7OS PARA ATUAL GEST\u00c3O."}, {"id": "14310", "ano": "2020", "numero": "206", "tipo__sigla": "REQ", "tipo__descricao": "REQUERIMENTO", "autoria": "GIOVANI MARCON", "texto_original": "http://sapl.campolargo.pr.leg.br/media/sapl/public/materialegislativa/2020/14310/206.pdf", "ementa": "INFORMA\u00c7\u00d5ES REFERENTES \u00c0 OBRA DE PAVIMENTA\u00c7\u00c3O ASF\u00c1LTICA DA RUA DOMINGOS  CORDEIRO, SE EXISTE PARCERIA ENTRE A PREFEITURA MUNICIPAL E A EMPRESA PRESTADORA DE SERVI\u00c7O (ASFALTO) PARA REALIZA\u00c7\u00c3O DA OBRA, SE A OBRA FOI FEITA COM RECURSO PR\u00d3PRIO OU DE TERCEIROS; O PORQU\u00ca EST\u00c1 SENDO UTILIZADO VE\u00cdCULOS E M\u00c1QUINAS DA PREFEITURA, E SE EMPRESA PRESTADORA DE SERVI\u00c7OS \u00c9 RESPONS\u00c1VEL PELO SERVI\u00c7O."}, {"id": "14327", "ano": "2020", "numero": "207", "tipo__sigla": "REQ", "tipo__descricao": "REQUERIMENTO", "autoria": "CLAIRTON ALEM\u00c3O", "texto_original": "http://sapl.campolargo.pr.leg.br/media/sapl/public/materialegislativa/2020/14327/207.pdf", "ementa": "REESTRUTURA\u00c7\u00c3O DE ESPA\u00c7O COM A RETIRADA DOS GRANDES CANTEIROS DE CONCRETO COM FLORES, NO CMEI DR. RUDOLF A. M. GOHRINGER."}, {"id": "14312", "ano": "2020", "numero": "209", "tipo__sigla": "REQ", "tipo__descricao": "REQUERIMENTO", "autoria": "DARCI ANDREASSA", "texto_original": "http://sapl.campolargo.pr.leg.br/media/sapl/public/materialegislativa/2020/14312/209.pdf", "ementa": "SOLICITO LIMPEZA DOS BUEIROS NA RUA S\u00c3O SOBRAL, BAIRRO JARDIM ITAQUI."}, {"id": "14313", "ano": "2020", "numero": "210", "tipo__sigla": "REQ", "tipo__descricao": "REQUERIMENTO", "autoria": "DARCI ANDREASSA", "texto_original": "http://sapl.campolargo.pr.leg.br/media/sapl/public/materialegislativa/2020/14313/210.pdf", "ementa": "OPERA\u00c7\u00c3O TAPA BURACOS EM TODA EXTENS\u00c3O DA RUA S\u00c3O SOBRAL, NO BAIRRO JARDIM ITAQUI."}, {"id": "14314", "ano": "2020", "numero": "211", "tipo__sigla": "REQ", "tipo__descricao": "REQUERIMENTO", "autoria": "CLEA OLIVEIRA", "texto_original": "http://sapl.campolargo.pr.leg.br/media/sapl/public/materialegislativa/2020/14314/211.pdf", "ementa": "INSTALA\u00c7\u00c3O DE UMA COBERTURA NA PISCINA DA VILA OL\u00cdMPICA ANT\u00d4NIO LACERDA BRAGA."}, {"id": "14315", "ano": "2020", "numero": "212", "tipo__sigla": "REQ", "tipo__descricao": "REQUERIMENTO", "autoria": "CLEA OLIVEIRA", "texto_original": "http://sapl.campolargo.pr.leg.br/media/sapl/public/materialegislativa/2020/14315/212.pdf", "ementa": "C\u00d3PIA DOS PROCESSOS DE ATENDIMENTO A ANIMAIS EM SITUA\u00c7\u00c3O DE MAUS TRATOS, NO PER\u00cdODO DE DEZEMBRO (2019) E JANEIRO DE 2020, DESTE MUNIC\u00cdPIO."}, {"id": "14328", "ano": "2020", "numero": "217", "tipo__sigla": "REQ", "tipo__descricao": "REQUERIMENTO", "autoria": "CLEA OLIVEIRA", "texto_original": "http://sapl.campolargo.pr.leg.br/media/sapl/public/materialegislativa/2020/14328/217.pdf", "ementa": "INFORMA\u00c7\u00d5ES SOBRE A FILA DE ESPERA PARA CONSULTAR COM NEUROLOGISTA E NEUROPEDIATRA, NESTE MUNIC\u00cdPIO."}, {"id": "14331", "ano": "2020", "numero": "233", "tipo__sigla": "REQ", "tipo__descricao": "REQUERIMENTO", "autoria": "BETE DAMACENO", "texto_original": "http://sapl.campolargo.pr.leg.br/media/sapl/public/materialegislativa/2020/14331/233.pdf", "ementa": "QUE SEJA FEITA A AMPLIA\u00c7\u00c3O DA REDE DE ESGOTO NA RUA \u00c1GUIA DO MAR NO FERRARIA CAMPO LARGO."}, {"id": "14332", "ano": "2020", "numero": "234", "tipo__sigla": "REQ", "tipo__descricao": "REQUERIMENTO", "autoria": "BETE DAMACENO", "texto_original": "http://sapl.campolargo.pr.leg.br/media/sapl/public/materialegislativa/2020/14332/234.pdf", "ementa": "PLACA INDICATIVA DE DENOMINA\u00c7\u00c3O NA RUA PERU NO BAIRRO FRANCISCO GORSKI, CAMPO LARGO."}, {"id": "14333", "ano": "2020", "numero": "235", "tipo__sigla": "REQ", "tipo__descricao": "REQUERIMENTO", "autoria": "BETE DAMACENO", "texto_original": "http://sapl.campolargo.pr.leg.br/media/sapl/public/materialegislativa/2020/14333/235.pdf", "ementa": "PLACA INDICATIVA DE DENOMINA\u00c7\u00c3O NA RUA BOL\u00cdVIA NO BAIRRO FRANCISCO GORSKI, CAMPO LARGO."}, {"id": "14334", "ano": "2020", "numero": "236", "tipo__sigla": "REQ", "tipo__descricao": "REQUERIMENTO", "autoria": "BETE DAMACENO", "texto_original": "http://sapl.campolargo.pr.leg.br/media/sapl/public/materialegislativa/2020/14334/236.pdf", "ementa": "RELAT\u00d3RIO DAS VISTORIAS EM CAMPO DO CONTROLE DE PRAGAS EM CAMPO LARGO."}, {"id": "14335", "ano": "2020", "numero": "237", "tipo__sigla": "REQ", "tipo__descricao": "REQUERIMENTO", "autoria": "BETE DAMACENO", "texto_original": "http://sapl.campolargo.pr.leg.br/media/sapl/public/materialegislativa/2020/14335/237.pdf", "ementa": "RELAT\u00d3RIO DAS RECLAMA\u00c7\u00d5ES ATRAV\u00c9S DO 156 RELACIONADOS A VIGIL\u00c2NCIA SANIT\u00c1RIA EM CAMPO LARGO."}, {"id": "14336", "ano": "2020", "numero": "238", "tipo__sigla": "REQ", "tipo__descricao": "REQUERIMENTO", "autoria": "CLAIRTON ALEM\u00c3O", "texto_original": "http://sapl.campolargo.pr.leg.br/media/sapl/public/materialegislativa/2020/14336/238.pdf", "ementa": "REQUERENDO PARA QUE SEJA EFETUADA ATRAV\u00c9S DA SECRETARIA COMPETENTE, MANUTEN\u00c7\u00c3O DE ILUMINA\u00c7\u00c3O NA QUADRA ESPORTIVA (MINI ARENA) NO DISTRITO DA FERRARIA."}, {"id": "14343", "ano": "2020", "numero": "246", "tipo__sigla": "REQ", "tipo__descricao": "REQUERIMENTO", "autoria": "JO\u00c3O D'\u00c1GUA", "texto_original": "http://sapl.campolargo.pr.leg.br/media/sapl/public/materialegislativa/2020/14343/246.pdf", "ementa": "SOLICITO A IMPLANTA\u00c7\u00c3O DE UM PO\u00c7O ARTESIANO NO PAV\u00c3OZINHO INTERIOR DO MUNIC\u00cdPIO."}, {"id": "14344", "ano": "2020", "numero": "254", "tipo__sigla": "REQ", "tipo__descricao": "REQUERIMENTO", "autoria": "CLAIRTON ALEM\u00c3O", "texto_original": "http://sapl.campolargo.pr.leg.br/media/sapl/public/materialegislativa/2020/14344/254.pdf", "ementa": "REQUERENDO C\u00d3PIA DAS NOTAS FISCAIS, BEM COMO, RELA\u00c7\u00c3O NOMINAL DOS FUNCION\u00c1RIOS A DISPOSI\u00c7\u00c3O DA EMPRESA ADMI COM\u00c9RCIO DE MATERIAIS DE CONSTRU\u00c7\u00c3O E CONSTRU\u00c7\u00c3O CIVIL LTDA, CONTENDO OS VALORES DE SAL\u00c1RIOS E ENCARGOS SOCIAIS INDIVIDUALIZADOS, BEM COMO AS GUIAS DE RECOLHIMENTO REFERENTE \u00c0 PREVID\u00caNCIA SOCIAL E DO FUNDO DE GARANTIA POR TEMPO DE SERVI\u00c7O."}, {"id": "14345", "ano": "2020", "numero": "274", "tipo__sigla": "REQ", "tipo__descricao": "REQUERIMENTO", "autoria": "MARCIO BERALDO", "texto_original": "http://sapl.campolargo.pr.leg.br/media/sapl/public/materialegislativa/2020/14345/274.pdf", "ementa": "REQUERENDO MELHORIAS NA ILUMINA\u00c7\u00c3O P\u00daBLICA (INSTALA\u00c7\u00c3O DE L\u00c2MPADAS DE LED) EM TODA A EXTENS\u00c3O DA RUA DAS ROSAS, BAIRRO LOT. MIRANDA, CAMPO LARGO."}, {"id": "14346", "ano": "2020", "numero": "275", "tipo__sigla": "REQ", "tipo__descricao": "REQUERIMENTO", "autoria": "MARCIO BERALDO", "texto_original": "http://sapl.campolargo.pr.leg.br/media/sapl/public/materialegislativa/2020/14346/275.pdf", "ementa": "REQUERENDO QUE SEJA FEITA RECUPERA\u00c7\u00c3O ASF\u00c1LTICA \"TAPA BURACO\" EM TODA A EXTENS\u00c3O DA RUA JORGE ALVES FERREIRA, LOTEAMENTO ITABOA, CAMPO LARGO."}, {"id": "14347", "ano": "2020", "numero": "276", "tipo__sigla": "REQ", "tipo__descricao": "REQUERIMENTO", "autoria": "MARCIO BERALDO", "texto_original": "http://sapl.campolargo.pr.leg.br/media/sapl/public/materialegislativa/2020/14347/276.pdf", "ementa": "REQUERENDO CONSTRU\u00c7\u00c3O DE UMA UNIDADE B\u00c1SICA DE SA\u00daDE - UBS, NO BAIRRO NOVO HORIZONTE, CAMPO LARGO."}, {"id": "14348", "ano": "2020", "numero": "277", "tipo__sigla": "REQ", "tipo__descricao": "REQUERIMENTO", "autoria": "MARCIO BERALDO", "texto_original": "http://sapl.campolargo.pr.leg.br/media/sapl/public/materialegislativa/2020/14348/277.pdf", "ementa": "REQUERENDO QUE SEJA INSTALADA UMA LIXEIRA COMUNIT\u00c1RIA NA REGI\u00c3O DO ALTO DE S\u00c3O PEDRO - PR\u00d3XIMO AO ARMAZ\u00c9M LEONOR GOMES, INTERIOR DO MUNIC\u00cdPIO."}, {"id": "14349", "ano": "2020", "numero": "278", "tipo__sigla": "REQ", "tipo__descricao": "REQUERIMENTO", "autoria": "MARCIO BERALDO", "texto_original": "http://sapl.campolargo.pr.leg.br/media/sapl/public/materialegislativa/2020/14349/278.pdf", "ementa": "REQUERENDO LIMPEZA NO BUEIRO E MANILHAMENTO, LOCALIZADO NA RUA JOS\u00c9 CHIPANSKI FILHO, EM FRENTE AO N\u00ba 37, VILA BANC\u00c1RIA, CAMPO LARGO."}, {"id": "14350", "ano": "2020", "numero": "281", "tipo__sigla": "REQ", "tipo__descricao": "REQUERIMENTO", "autoria": "TONINHO FERREIRA", "texto_original": "http://sapl.campolargo.pr.leg.br/media/sapl/public/materialegislativa/2020/14350/281.pdf", "ementa": "REPERFILAMENTO ASF\u00c1LTICO NA RUA ADEMAR DE BARROS, NO TRECHO ENTRE A AV. DOS EXPEDICION\u00c1RIOS E AV. AYRTON SENNA DA SILVA."}, {"id": "14351", "ano": "2020", "numero": "287", "tipo__sigla": "REQ", "tipo__descricao": "REQUERIMENTO", "autoria": "DARCI ANDREASSA", "texto_original": "http://sapl.campolargo.pr.leg.br/media/sapl/public/materialegislativa/2020/14351/287.pdf", "ementa": "SOLICITO LIMPEZA DOS BUEIROS NA RUA MARIA JOAQUINA VAZ, BAIRRO JARDIM ITAQUI."}, {"id": "14352", "ano": "2020", "numero": "288", "tipo__sigla": "REQ", "tipo__descricao": "REQUERIMENTO", "autoria": "DARCI ANDREASSA", "texto_original": "http://sapl.campolargo.pr.leg.br/media/sapl/public/materialegislativa/2020/14352/288.pdf", "ementa": "OPERA\u00c7\u00c3O TAPA-BURACOS EM TODA EXTENS\u00c3O DA RUA MARIA JOAQUINA VAZ NO BAIRRO JARDIM ITAQUI."}, {"id": "14363", "ano": "2020", "numero": "290", "tipo__sigla": "REQ", "tipo__descricao": "REQUERIMENTO", "autoria": "CLEA OLIVEIRA", "texto_original": "http://sapl.campolargo.pr.leg.br/media/sapl/public/materialegislativa/2020/14363/290.pdf", "ementa": "SOLICITANDO REPERFILAMENTO NA MARGINAL DA BR 277, ENTRE A ESTRADA DOM RODRIGO (LOTEAMENTO MIRANDA) E A AV, LUIZ RIVABEM (RIVABEM), DESTE MUNIC\u00cdPIO."}, {"id": "14353", "ano": "2020", "numero": "292", "tipo__sigla": "REQ", "tipo__descricao": "REQUERIMENTO", "autoria": "BETE DAMACENO", "texto_original": "http://sapl.campolargo.pr.leg.br/media/sapl/public/materialegislativa/2020/14353/292.pdf", "ementa": "PLACA INDICATIVA DE DENOMINA\u00c7\u00c3O NA RUA CUBA NO BAIRRO FRANCISCO GORSKI CAMPO LARGO."}, {"id": "14354", "ano": "2020", "numero": "293", "tipo__sigla": "REQ", "tipo__descricao": "REQUERIMENTO", "autoria": "BETE DAMACENO", "texto_original": "http://sapl.campolargo.pr.leg.br/media/sapl/public/materialegislativa/2020/14354/293.pdf", "ementa": "C\u00d3PIA DE CONTRATO DE LOCA\u00c7\u00c3O DO LOCAL AONDE SER\u00c1 INSTALADA PROVISORIAMENTE A UNIDADE DE SA\u00daDE DO JARDIM GUARANY FERRARIA CAMPO LARGO."}, {"id": "14355", "ano": "2020", "numero": "294", "tipo__sigla": "REQ", "tipo__descricao": "REQUERIMENTO", "autoria": "BETE DAMACENO", "texto_original": "http://sapl.campolargo.pr.leg.br/media/sapl/public/materialegislativa/2020/14355/294.pdf", "ementa": "QUANTOS CADERNOS ESCOLARES FORAM CONFECCIONADOS, QUAL VALOR UNIT\u00c1RIO E QUAL O CUSTO TOTAL PARA O MUNIC\u00cdPIO DE CAMPO LARGO."}, {"id": "14356", "ano": "2020", "numero": "295", "tipo__sigla": "REQ", "tipo__descricao": "REQUERIMENTO", "autoria": "BETE DAMACENO", "texto_original": "http://sapl.campolargo.pr.leg.br/media/sapl/public/materialegislativa/2020/14356/295.pdf", "ementa": "UMA RESPOSTA AO REQUERIMENTO 2580/2019."}, {"id": "14357", "ano": "2020", "numero": "296", "tipo__sigla": "REQ", "tipo__descricao": "REQUERIMENTO", "autoria": "BETE DAMACENO", "texto_original": "http://sapl.campolargo.pr.leg.br/media/sapl/public/materialegislativa/2020/14357/296.pdf", "ementa": "UMA C\u00d3PIA DO PROJETO DA REFORMA DA UNIDADE DE SA\u00daDE JARDIM GUARANY FERRARIA CAMPO LARGO."}, {"id": "14358", "ano": "2020", "numero": "297", "tipo__sigla": "REQ", "tipo__descricao": "REQUERIMENTO", "autoria": "GIOVANI MARCON", "texto_original": "http://sapl.campolargo.pr.leg.br/media/sapl/public/materialegislativa/2020/14358/297.pdf", "ementa": "VIABILIZAR RONDA OSTENSIVA DA GUARDA MUNICIPAL NO BAIRRO JARDIM FLORESTAL."}, {"id": "14359", "ano": "2020", "numero": "298", "tipo__sigla": "REQ", "tipo__descricao": "REQUERIMENTO", "autoria": "GIOVANI MARCON", "texto_original": "http://sapl.campolargo.pr.leg.br/media/sapl/public/materialegislativa/2020/14359/298.pdf", "ementa": "REQUERIMENTO N\u00ba 012/2020. AQUISI\u00c7\u00c3O DE ARM\u00c1RIOS PARA A FARM\u00c1CIA DA UNIDADE DE SA\u00daDE ITABOA."}, {"id": "14360", "ano": "2020", "numero": "299", "tipo__sigla": "REQ", "tipo__descricao": "REQUERIMENTO", "autoria": "GIOVANI MARCON", "texto_original": "http://sapl.campolargo.pr.leg.br/media/sapl/public/materialegislativa/2020/14360/299.pdf", "ementa": "QUE SEJA REALIZADO A COLETA DE LIXO RECICL\u00c1VEL NA REGI\u00c3O DO ITAMBEZINHO, INTERIOR DO MUNIC\u00cdPIO."}, {"id": "14362", "ano": "2020", "numero": "300", "tipo__sigla": "REQ", "tipo__descricao": "REQUERIMENTO", "autoria": "GIOVANI MARCON", "texto_original": "http://sapl.campolargo.pr.leg.br/media/sapl/public/materialegislativa/2020/14362/300.pdf", "ementa": "QUE SEJA REALIZADO O ALARGAMENTO, PATROLAMENTO E ENSAIBRAMENTO DA ESTRADA DOM RODRIGO, ENTRE OS KM-125 E 126, PR\u00d3XIMO \u00c0 CH\u00c1CARA ZIANI."}, {"id": "14361", "ano": "2020", "numero": "301", "tipo__sigla": "REQ", "tipo__descricao": "REQUERIMENTO", "autoria": "GIOVANI MARCON", "texto_original": "http://sapl.campolargo.pr.leg.br/media/sapl/public/materialegislativa/2020/14361/301.pdf", "ementa": "QUE SEJA REALIZADO UM MUTIR\u00c3O PARA A REALIZA\u00c7\u00c3O DE EXAMES DE TOMOGRAFIA."}, {"id": "14364", "ano": "2020", "numero": "305", "tipo__sigla": "REQ", "tipo__descricao": "REQUERIMENTO", "autoria": "BETINHO", "texto_original": "http://sapl.campolargo.pr.leg.br/media/sapl/public/materialegislativa/2020/14364/305.pdf", "ementa": "PEDIDO PARA QUE SEJA REALIZADA OBRA DE EXTENS\u00c3O DE REDE DE ILUMINA\u00c7\u00c3O P\u00daBLICA NA RUA MARIA DE LOURDES SABIM CHIQUITO."}, {"id": "14365", "ano": "2020", "numero": "306", "tipo__sigla": "REQ", "tipo__descricao": "REQUERIMENTO", "autoria": "BETINHO", "texto_original": "http://sapl.campolargo.pr.leg.br/media/sapl/public/materialegislativa/2020/14365/306.pdf", "ementa": "PEDIDO \u00c0 SANEPAR, A FIM DE REALIZAR OBRA DE LIGA\u00c7\u00c3O DE \u00c1GUA NA RUA MARIA DE LOURDES SABIM CHIQUITO (BAIRRO FAZENDINHA)."}, {"id": "14366", "ano": "2020", "numero": "307", "tipo__sigla": "REQ", "tipo__descricao": "REQUERIMENTO", "autoria": "BETINHO", "texto_original": "http://sapl.campolargo.pr.leg.br/media/sapl/public/materialegislativa/2020/14366/307.pdf", "ementa": "PARA REALIZAR A INSER\u00c7\u00c3O DE NUMERA\u00c7\u00c3O PREDIAL NAS RESID\u00caNCIAS DA RUA MARIA DE LOURDES SABIM CHIQUITO (BAIRRO FAZENDINHA)."}, {"id": "14367", "ano": "2020", "numero": "314", "tipo__sigla": "REQ", "tipo__descricao": "REQUERIMENTO", "autoria": "TADEU DE PAULA", "texto_original": "http://sapl.campolargo.pr.leg.br/media/sapl/public/materialegislativa/2020/14367/314.pdf", "ementa": "SOLICITAR PERFURA\u00c7\u00c3O DE PO\u00c7O ARTESIANO NA REGI\u00c3O DOS FLORIANO."}, {"id": "14368", "ano": "2020", "numero": "315", "tipo__sigla": "REQ", "tipo__descricao": "REQUERIMENTO", "autoria": "TADEU DE PAULA", "texto_original": "http://sapl.campolargo.pr.leg.br/media/sapl/public/materialegislativa/2020/14368/315.pdf", "ementa": "SOLICITAR PERFURA\u00c7\u00c3O DE PO\u00c7O ARTESIANO NA REGI\u00c3O DO RIO DE DENTRO."}, {"id": "14376", "ano": "2020", "numero": "316", "tipo__sigla": "REQ", "tipo__descricao": "REQUERIMENTO", "autoria": "TADEU DE PAULA", "texto_original": "http://sapl.campolargo.pr.leg.br/media/sapl/public/materialegislativa/2020/14376/316.pdf", "ementa": "SOLICITAR PERFURA\u00c7\u00c3O DE PO\u00c7O ARTESIANO NA REGI\u00c3O DOS BATISTA."}, {"id": "14374", "ano": "2020", "numero": "317", "tipo__sigla": "REQ", "tipo__descricao": "REQUERIMENTO", "autoria": "TADEU DE PAULA", "texto_original": "http://sapl.campolargo.pr.leg.br/media/sapl/public/materialegislativa/2020/14374/317.pdf", "ementa": "SOLICITAR PERFURA\u00c7\u00c3O DE PO\u00c7O ARTESIANO NA REGI\u00c3O DA PALMIRINHA."}, {"id": "14375", "ano": "2020", "numero": "327", "tipo__sigla": "REQ", "tipo__descricao": "REQUERIMENTO", "autoria": "CLEA OLIVEIRA", "texto_original": "http://sapl.campolargo.pr.leg.br/media/sapl/public/materialegislativa/2020/14375/327.pdf", "ementa": "SOLICITA INFORMA\u00c7\u00d5ES SOBRE OS CONTRATOS DE LOCA\u00c7\u00c3O DE IM\u00d3VEIS FIRMADOS ENTRE O PODER P\u00daBLICO MUNICIPAL E TERCEIROS."}, {"id": "14369", "ano": "2020", "numero": "329", "tipo__sigla": "REQ", "tipo__descricao": "REQUERIMENTO", "autoria": "CLEA OLIVEIRA", "texto_original": "http://sapl.campolargo.pr.leg.br/media/sapl/public/materialegislativa/2020/14369/329.pdf", "ementa": "SOLICITA INFORMA\u00c7\u00d5ES SOBRE FISCALIZA\u00c7\u00c3O DOS IM\u00d3VEIS SEM CONSTRU\u00c7\u00c3O, NESTE MUNIC\u00cdPIO."}, {"id": "14370", "ano": "2020", "numero": "330", "tipo__sigla": "REQ", "tipo__descricao": "REQUERIMENTO", "autoria": "CLEA OLIVEIRA", "texto_original": "http://sapl.campolargo.pr.leg.br/media/sapl/public/materialegislativa/2020/14370/330.pdf", "ementa": "SOLICITA INFORMA\u00c7\u00d5ES SOBRE AS REFORMAS EFETUADAS NAS UNIDADES B\u00c1SICAS DE SA\u00daDE DE CAMPO LARGO."}, {"id": "14371", "ano": "2020", "numero": "331", "tipo__sigla": "REQ", "tipo__descricao": "REQUERIMENTO", "autoria": "CLEA OLIVEIRA", "texto_original": "http://sapl.campolargo.pr.leg.br/media/sapl/public/materialegislativa/2020/14371/331.pdf", "ementa": "SOLICITANDO DISTRIBUI\u00c7\u00c3O DE CARTILHAS PARA CONSCIENTIZA\u00c7\u00c3O DA POPULA\u00c7\u00c3O SOBRE O TRANSTORNO DO ESPECTRO AUTISTA - TEA, NO MUNIC\u00cdPIO DE CAMPO LARGO."}, {"id": "14377", "ano": "2020", "numero": "335", "tipo__sigla": "REQ", "tipo__descricao": "REQUERIMENTO", "autoria": "TADEU DE PAULA", "texto_original": "http://sapl.campolargo.pr.leg.br/media/sapl/public/materialegislativa/2020/14377/335.pdf", "ementa": "SOLICITA PERFURA\u00c7\u00c3O DE PO\u00c7O ARTESIANO NA REGI\u00c3O DO CANTA GALO."}, {"id": "14380", "ano": "2020", "numero": "339", "tipo__sigla": "REQ", "tipo__descricao": "REQUERIMENTO", "autoria": "CLAIRTON ALEM\u00c3O", "texto_original": "http://sapl.campolargo.pr.leg.br/media/sapl/public/materialegislativa/2020/14380/339.pdf", "ementa": "SOLICITANDO ESTUDOS PARA IMPLANTA\u00c7\u00c3O ECOPONTOS DE DESCARTE DE ENTULHOS."}, {"id": "14378", "ano": "2020", "numero": "340", "tipo__sigla": "REQ", "tipo__descricao": "REQUERIMENTO", "autoria": "CLAIRTON ALEM\u00c3O", "texto_original": "http://sapl.campolargo.pr.leg.br/media/sapl/public/materialegislativa/2020/14378/340.pdf", "ementa": "REQUERENDO PARA QUE SEJA FEITO PATROLAMENTO E POSTERIORMENTE REFOR\u00c7ADA (SE POSS\u00cdVEL), COM MATERIAL FRESADO RETIRADO DE ALGUMAS RUAS DO CENTRO, NA RUA GENOVEFA KAMINSKI GITKOSKI, LOCALIZADA ENTRE A RUA JAPSON E A ESTRADA DO KRUPA, FRONTE A RUA ANTONIO GITKOSKI."}, {"id": "14379", "ano": "2020", "numero": "341", "tipo__sigla": "REQ", "tipo__descricao": "REQUERIMENTO", "autoria": "CLAIRTON ALEM\u00c3O", "texto_original": "http://sapl.campolargo.pr.leg.br/media/sapl/public/materialegislativa/2020/14379/341.pdf", "ementa": "REPARO ASF\u00c1LTICO (PR\u00d3XIMO AO NUMERAL 304) NA RUA JOS\u00c9 GAVLAK."}, {"id": "14394", "ano": "2020", "numero": "376", "tipo__sigla": "REQ", "tipo__descricao": "REQUERIMENTO", "autoria": "TADEU DE PAULA", "texto_original": "http://sapl.campolargo.pr.leg.br/media/sapl/public/materialegislativa/2020/14394/376.pdf", "ementa": "SOLICITAR PERFURA\u00c7\u00c3O DO PO\u00c7O ARTESIANO NA REGI\u00c3O DA TAQUARINHA."}, {"id": "14396", "ano": "2020", "numero": "377", "tipo__sigla": "REQ", "tipo__descricao": "REQUERIMENTO", "autoria": "TADEU DE PAULA", "texto_original": "http://sapl.campolargo.pr.leg.br/media/sapl/public/materialegislativa/2020/14396/377.pdf", "ementa": "SOLICITAR PERFURA\u00c7\u00c3O DO PO\u00c7O ARTESIANO NA REGI\u00c3O DOS CORDEIROS."}, {"id": "14397", "ano": "2020", "numero": "378", "tipo__sigla": "REQ", "tipo__descricao": "REQUERIMENTO", "autoria": "TADEU DE PAULA", "texto_original": "http://sapl.campolargo.pr.leg.br/media/sapl/public/materialegislativa/2020/14397/378.pdf", "ementa": "SOLICITAR PERFURA\u00c7\u00c3O DO PO\u00c7O ARTESIANO NA REGI\u00c3O DO BOA VISTA."}, {"id": "14398", "ano": "2020", "numero": "379", "tipo__sigla": "REQ", "tipo__descricao": "REQUERIMENTO", "autoria": "TADEU DE PAULA", "texto_original": "http://sapl.campolargo.pr.leg.br/media/sapl/public/materialegislativa/2020/14398/379.pdf", "ementa": "SOLICITAR PERFURA\u00c7\u00c3O DO PO\u00c7O ARTESIANO NA REGI\u00c3O DA INVERNADA."}, {"id": "14400", "ano": "2020", "numero": "380", "tipo__sigla": "REQ", "tipo__descricao": "REQUERIMENTO", "autoria": "TADEU DE PAULA", "texto_original": "http://sapl.campolargo.pr.leg.br/media/sapl/public/materialegislativa/2020/14400/380.pdf", "ementa": "SOLICITAR PERFURA\u00c7\u00c3O DO PO\u00c7O ARTESIANO NA REGI\u00c3O DO VARGEDO."}, {"id": "14401", "ano": "2020", "numero": "397", "tipo__sigla": "REQ", "tipo__descricao": "REQUERIMENTO", "autoria": "MARCIO BERALDO", "texto_original": "http://sapl.campolargo.pr.leg.br/media/sapl/public/materialegislativa/2020/14401/397.pdf", "ementa": "REQUERENDO QUE SEJA FEITO LIMPEZA NAS CANALETAS E BOCAS DE LOBOS NA ESTRADA DOM RODRIGO, NO TRECHO REFERENTE AO N\u00daMERO 60 AT\u00c9 O N\u00daMERO 1994 APROXIMADAMENTE, LOTEAMENTO MIRANDA, CAMPO LARGO."}, {"id": "14402", "ano": "2020", "numero": "398", "tipo__sigla": "REQ", "tipo__descricao": "REQUERIMENTO", "autoria": "MARCIO BERALDO", "texto_original": "http://sapl.campolargo.pr.leg.br/media/sapl/public/materialegislativa/2020/14402/398.pdf", "ementa": "REQUERENDO INSTALA\u00c7\u00c3O DE PLACA DE SINALIZA\u00c7\u00c3O R-2 \u201cD\u00ca A PREFER\u00caNCIA\u201d, NA RUA OSVALDO NASCIMENTO RAMOS ESQUINA COM A RUA JO\u00c3O CAMPESI, LOTEAMENTO ITABOA, CAMPO LARGO."}, {"id": "14403", "ano": "2020", "numero": "399", "tipo__sigla": "REQ", "tipo__descricao": "REQUERIMENTO", "autoria": "MARCIO BERALDO", "texto_original": "http://sapl.campolargo.pr.leg.br/media/sapl/public/materialegislativa/2020/14403/399.pdf", "ementa": "REQUERENDO QUE SEJA FEITO MELHORIAS NA ILUMINA\u00c7\u00c3O P\u00daBLICA (INSTALA\u00c7\u00c3O DE L\u00c2MPADAS DE LED) EM TODA A EXTENS\u00c3O DA RUA TRAVESSA MIGUEL CZELUSNIAK, BAIRRO BOM JESUS, CAMPO LARGO."}, {"id": "14404", "ano": "2020", "numero": "400", "tipo__sigla": "REQ", "tipo__descricao": "REQUERIMENTO", "autoria": "MARCIO BERALDO", "texto_original": "http://sapl.campolargo.pr.leg.br/media/sapl/public/materialegislativa/2020/14404/400.pdf", "ementa": "REQUERENDO PINTURA DE FAIXA EM TODA A EXTENS\u00c3O DA RUA ARIST\u00cdDES DE BRITO PORTELA, BAIRRO JARDIM BELA VISTA, CAMPO LARGO."}, {"id": "14405", "ano": "2020", "numero": "401", "tipo__sigla": "REQ", "tipo__descricao": "REQUERIMENTO", "autoria": "MARCIO BERALDO", "texto_original": "http://sapl.campolargo.pr.leg.br/media/sapl/public/materialegislativa/2020/14405/401.pdf", "ementa": "REQUERENDO QUE SEJA INSTALADA UMA LIXEIRA COMUNIT\u00c1RIA NA REGI\u00c3O DE RIBEIRA DE S\u00c3O PEDRO \u2014 PR\u00d3XIMO AO ARMAZ\u00c9M DO SR. AMILTON CALAZANS, INTERIOR DE CAMPO LARGO."}, {"id": "14399", "ano": "2020", "numero": "405", "tipo__sigla": "REQ", "tipo__descricao": "REQUERIMENTO", "autoria": "BETINHO", "texto_original": "http://sapl.campolargo.pr.leg.br/media/sapl/public/materialegislativa/2020/14399/405.pdf", "ementa": "PARA QUE SEJA REALIZADA OBRA DE REPERFILAMENTO ASF\u00c1LTICO NA RUA DR. DANTE PORTUGAL CASTAGNOLI, PR\u00d3XIMO A ESCOLA MUNICIPAL ALBINA GRIGOLETTI VINHESKI."}, {"id": "14406", "ano": "2020", "numero": "407", "tipo__sigla": "REQ", "tipo__descricao": "REQUERIMENTO", "autoria": "JO\u00c3O D'\u00c1GUA", "texto_original": "http://sapl.campolargo.pr.leg.br/media/sapl/public/materialegislativa/2020/14406/407.pdf", "ementa": "SOLICITO AO PODER EXECUTIVO TRIBUNA LIVRE A FORMATA, EMPRESA RESPONS\u00c1VEL PELA REGULARIZA\u00c7\u00c3O FUNDI\u00c1RIA EM NOSSO MUNIC\u00cdPIO."}, {"id": "14407", "ano": "2020", "numero": "409", "tipo__sigla": "REQ", "tipo__descricao": "REQUERIMENTO", "autoria": "DARCI ANDREASSA", "texto_original": "http://sapl.campolargo.pr.leg.br/media/sapl/public/materialegislativa/2020/14407/409.pdf", "ementa": "SOLICITO PAVIMENTA\u00c7\u00c3O ASF\u00c1LTICA NA RUA DORIVAL COSTA ANTONIO GUARESI EM TODA A SUA EXTENS\u00c3O NO BAIRRO FERRARIA."}, {"id": "14408", "ano": "2020", "numero": "410", "tipo__sigla": "REQ", "tipo__descricao": "REQUERIMENTO", "autoria": "DARCI ANDREASSA", "texto_original": "http://sapl.campolargo.pr.leg.br/media/sapl/public/materialegislativa/2020/14408/410.pdf", "ementa": "SOLICITA REPERFILAMENTO ASF\u00c1LTICO EM TODA A EXTENS\u00c3O DA RUA RIO GRANDE DO NORTE NO BAIRRO ITAQUI."}, {"id": "14409", "ano": "2020", "numero": "411", "tipo__sigla": "REQ", "tipo__descricao": "REQUERIMENTO", "autoria": "CLAIRTON ALEM\u00c3O", "texto_original": "http://sapl.campolargo.pr.leg.br/media/sapl/public/materialegislativa/2020/14409/411.pdf", "ementa": "SOLICITANDO A SINALIZA\u00c7\u00c3O HORIZONTAL NA RUA GON\u00c7ALVES DIAS EM FRENTE AO NUMERAL 2783."}, {"id": "14410", "ano": "2020", "numero": "412", "tipo__sigla": "REQ", "tipo__descricao": "REQUERIMENTO", "autoria": "CLAIRTON ALEM\u00c3O", "texto_original": "http://sapl.campolargo.pr.leg.br/media/sapl/public/materialegislativa/2020/14410/412.pdf", "ementa": "SOLICITANDO ESTUDOS PARA IMPLANTA\u00c7\u00c3O DE PLACAS INDICATIVAS EM TODA A EXTENS\u00c3O DA ESTRADA DO RETIRO."}, {"id": "14411", "ano": "2020", "numero": "413", "tipo__sigla": "REQ", "tipo__descricao": "REQUERIMENTO", "autoria": "CLAIRTON ALEM\u00c3O", "texto_original": "http://sapl.campolargo.pr.leg.br/media/sapl/public/materialegislativa/2020/14411/413.pdf", "ementa": "SOLICITANDO A DIVULGA\u00c7\u00c3O SOBRE A CARTEIRA DIGITAL DE TR\u00c2NSITO (CDT): CRLV DIGITAL NO SITE E NAS M\u00cdDIAS SOCIAIS DA PREFEITURA MUNICIPAL."}, {"id": "14412", "ano": "2020", "numero": "414", "tipo__sigla": "REQ", "tipo__descricao": "REQUERIMENTO", "autoria": "CLAIRTON ALEM\u00c3O", "texto_original": "http://sapl.campolargo.pr.leg.br/media/sapl/public/materialegislativa/2020/14412/414.pdf", "ementa": "REQUERENDO PARA QUE SEJA INSTALADO UM PONTO DE \u00d4NIBUS COM COBERTURA NA ESTRADA DE BALSA NOVA (PR 510), NO KM 11,5, UNS 30 METROS DO ESPA\u00c7O LORENZA - RESTAURANTE E SAL\u00c3O P/ EVENTOS."}, {"id": "14413", "ano": "2020", "numero": "420", "tipo__sigla": "REQ", "tipo__descricao": "REQUERIMENTO", "autoria": "JO\u00c3O D'\u00c1GUA", "texto_original": "http://sapl.campolargo.pr.leg.br/media/sapl/public/materialegislativa/2020/14413/420.pdf", "ementa": "SOLICITO AO PODER EXECUTIVO TRIBUNA LIVRE A COHAPAR, RESPONS\u00c1VEL PELA REGULARIZA\u00c7\u00c3O FUNDI\u00c1RIA EM NOSSO MUNIC\u00cdPIO."}, {"id": "14414", "ano": "2020", "numero": "422", "tipo__sigla": "REQ", "tipo__descricao": "REQUERIMENTO", "autoria": "BETE DAMACENO", "texto_original": "http://sapl.campolargo.pr.leg.br/media/sapl/public/materialegislativa/2020/14414/422.pdf", "ementa": "PLACA INDICATIVA DE DENOMINA\u00c7\u00c3O NA RUA M\u00c9XICO NO BAIRRO FRANCISCO GORSKI CAMPO LARGO."}, {"id": "14415", "ano": "2020", "numero": "423", "tipo__sigla": "REQ", "tipo__descricao": "REQUERIMENTO", "autoria": "BETE DAMACENO", "texto_original": "http://sapl.campolargo.pr.leg.br/media/sapl/public/materialegislativa/2020/14415/423.pdf", "ementa": "QUE SEJA INFORMADA A SITUA\u00c7\u00c3O ATUAL DA ASSOCIA\u00c7\u00c3O DE MORADORES DO SANTA CRUZ, SE A MESMA ENCONTRA-SE EM SITUA\u00c7\u00c3O REGULAR, BEM COM O SEJA INFORMADO O N\u00daMERO DO CNPJ DA REFERIDA ASSOCIA\u00c7\u00c3O."}, {"id": "14416", "ano": "2020", "numero": "424", "tipo__sigla": "REQ", "tipo__descricao": "REQUERIMENTO", "autoria": "BETE DAMACENO", "texto_original": "http://sapl.campolargo.pr.leg.br/media/sapl/public/materialegislativa/2020/14416/424.pdf", "ementa": "QUE SEJA SUBSTITU\u00cdDA A PONTE NA ESTRADA DA GALARDA PR\u00d3XIMO AO NUMERO 2366 POR UMA DE CONCRETO."}, {"id": "14417", "ano": "2020", "numero": "425", "tipo__sigla": "REQ", "tipo__descricao": "REQUERIMENTO", "autoria": "BETE DAMACENO", "texto_original": "http://sapl.campolargo.pr.leg.br/media/sapl/public/materialegislativa/2020/14417/425.pdf", "ementa": "SOLICITA DISTRIBUI\u00c7\u00c3O DAS CORRESPOND\u00caNCIAS PELOS CORREIOS NA COLONIA FIGUEIREDO EM CAMPO LARGO."}, {"id": "14418", "ano": "2020", "numero": "426", "tipo__sigla": "REQ", "tipo__descricao": "REQUERIMENTO", "autoria": "BETE DAMACENO", "texto_original": "http://sapl.campolargo.pr.leg.br/media/sapl/public/materialegislativa/2020/14418/426.pdf", "ementa": "SOLICITA RELA\u00c7\u00c3O DAS EMPRESAS QUE PRESTAM SERVI\u00c7OS DE RO\u00c7ADAS EM CAMPO LARGO E O NUMERO DE FUNCION\u00c1RIOS."}, {"id": "14425", "ano": "2020", "numero": "435", "tipo__sigla": "REQ", "tipo__descricao": "REQUERIMENTO", "autoria": "CLEA OLIVEIRA", "texto_original": "http://sapl.campolargo.pr.leg.br/media/sapl/public/materialegislativa/2020/14425/435.pdf", "ementa": "SOLICITANDO DISTRIBUI\u00c7\u00c3O DE CARTILHAS PARA CONSCIENTIZA\u00c7\u00c3O DA POPULA\u00c7\u00c3O SOBRE AS S\u00cdNDROMES EXISTENTES, NO MUNIC\u00cdPIO DE CAMPO LARGO."}, {"id": "14426", "ano": "2020", "numero": "436", "tipo__sigla": "REQ", "tipo__descricao": "REQUERIMENTO", "autoria": "CLEA OLIVEIRA", "texto_original": "http://sapl.campolargo.pr.leg.br/media/sapl/public/materialegislativa/2020/14426/436.pdf", "ementa": "SOLICITANDO RELAT\u00d3RIO DETALHADO DE TODAS AS DEN\u00daNCIAS DE MAUS TRATOS DE ANIMAIS RECEBIDAS ATRAV\u00c9S DO 156, DESTE MUNIC\u00cdPIO."}, {"id": "14427", "ano": "2020", "numero": "437", "tipo__sigla": "REQ", "tipo__descricao": "REQUERIMENTO", "autoria": "CLEA OLIVEIRA", "texto_original": "http://sapl.campolargo.pr.leg.br/media/sapl/public/materialegislativa/2020/14427/437.pdf", "ementa": "SOLICITANDO PARA QUE O PODER EXECUTIVO MUNICIPAL ENTRE EM CONTATO COM A CC RODONORTE, COM INTUITO DE VIABILIZAR A REFORMA DO PONTO DE \u00d4NIBUS LOCALIZADO NO KM 114 - NA BR 277 - (EM FRENTE \u00c0 JUSITA LANCHES), DESTE MUNIC\u00cdPIO."}, {"id": "14428", "ano": "2020", "numero": "438", "tipo__sigla": "REQ", "tipo__descricao": "REQUERIMENTO", "autoria": "CLEA OLIVEIRA", "texto_original": "http://sapl.campolargo.pr.leg.br/media/sapl/public/materialegislativa/2020/14428/438.pdf", "ementa": "SOLICITANDO QUE O PODER EXECUTIVO DISPONIBILIZE EM SEU SITE OFICIAL UMA LISTA CONTENDO AS DATAS DE FUNCIONAMENTO DA FEIRA NOTURNA E GASTRON\u00d4MICA, NESTE MUNIC\u00cdPIO."}, {"id": "14429", "ano": "2020", "numero": "439", "tipo__sigla": "REQ", "tipo__descricao": "REQUERIMENTO", "autoria": "CLEA OLIVEIRA", "texto_original": "http://sapl.campolargo.pr.leg.br/media/sapl/public/materialegislativa/2020/14429/439.pdf", "ementa": "SOLICITANDO RELAT\u00d3RIO DETALHADO DE TODAS AS DEN\u00daNCIAS SOBRE NOTIFICA\u00c7\u00c3O PARA LIMPEZA (RO\u00c7ADA) DE TERRENOS SEM EDIFICA\u00c7\u00c3O, RECEBIDAS ATRAV\u00c9S DO 156 NO PER\u00cdODO COMPREENDIDO ENTRE JANEIRO DE 2019 E FEVEREIRO DE 2020, NESTE MUNIC\u00cdPIO."}, {"id": "14430", "ano": "2020", "numero": "442", "tipo__sigla": "REQ", "tipo__descricao": "REQUERIMENTO", "autoria": "GIOVANI MARCON", "texto_original": "http://sapl.campolargo.pr.leg.br/media/sapl/public/materialegislativa/2020/14430/442.pdf", "ementa": "QUE SEJA REALIZADO A TROCA DAS PORTAS DOS BANHEIROS DA ESCOLA MUNICIPAL VEREADOR JOS\u00c9 ANDREASSA."}, {"id": "14431", "ano": "2020", "numero": "443", "tipo__sigla": "REQ", "tipo__descricao": "REQUERIMENTO", "autoria": "GIOVANI MARCON", "texto_original": "http://sapl.campolargo.pr.leg.br/media/sapl/public/materialegislativa/2020/14431/443.pdf", "ementa": "QUE SEJA REALIZADO O CONSERTO DO PORT\u00c3O DA ESCOLA MUNICIPAL VEREADOR JOS\u00c9 ANDREASSA, BAIRRO CERCADINHO."}, {"id": "14434", "ano": "2020", "numero": "444", "tipo__sigla": "REQ", "tipo__descricao": "REQUERIMENTO", "autoria": "GIOVANI MARCON", "texto_original": "http://sapl.campolargo.pr.leg.br/media/sapl/public/materialegislativa/2020/14434/444.pdf", "ementa": "QUE SEJA REALIZADO UM MUTIR\u00c3O PARA A REALIZA\u00c7\u00c3O DE CONSULTAS COM GASTROENTEROLOGISTA (GASTRO)."}, {"id": "14433", "ano": "2020", "numero": "445", "tipo__sigla": "REQ", "tipo__descricao": "REQUERIMENTO", "autoria": "GIOVANI MARCON", "texto_original": "http://sapl.campolargo.pr.leg.br/media/sapl/public/materialegislativa/2020/14433/445.pdf", "ementa": "VIABILIZAR APLICA\u00c7\u00c3O DO MATERIAL FRESADO E PATROLAMENTO NA MARGINAL DA BR-277, ENTRE AS RUAS ANT\u00d4NIO BARAUSSE E VINTE E UM DE ABRIL, BAIRRO VILA OTTO."}, {"id": "14435", "ano": "2020", "numero": "446", "tipo__sigla": "REQ", "tipo__descricao": "REQUERIMENTO", "autoria": "GIOVANI MARCON", "texto_original": "http://sapl.campolargo.pr.leg.br/media/sapl/public/materialegislativa/2020/14435/446.pdf", "ementa": "VIABILIZAR A INSTALA\u00c7\u00c3O DAS L\u00c2MPADAS DE LED EM TODA A EXTENS\u00c3O DA RUA PRINCESA IZABEL, BAIRRO OURO VERDE."}, {"id": "14436", "ano": "2020", "numero": "449", "tipo__sigla": "REQ", "tipo__descricao": "REQUERIMENTO", "autoria": "JO\u00c3O D'\u00c1GUA", "texto_original": "http://sapl.campolargo.pr.leg.br/media/sapl/public/materialegislativa/2020/14436/449.pdf", "ementa": "SOLICITO AO PODER EXECUTIVO A CONSTRU\u00c7\u00c3O DE UM PO\u00c7O ARTESIANO NA REGI\u00c3O DE S\u00c3O JO\u00c3O DO POVINHO, INTERIOR DO MUNIC\u00cdPIO."}, {"id": "14437", "ano": "2020", "numero": "450", "tipo__sigla": "REQ", "tipo__descricao": "REQUERIMENTO", "autoria": "BETE DAMACENO", "texto_original": "http://sapl.campolargo.pr.leg.br/media/sapl/public/materialegislativa/2020/14437/450.pdf", "ementa": "PLACA INDICATIVA DE DENOMINA\u00c7\u00c3O NA RUA CHILE NO BAIRRO FRANCISCO GORSKI CAMPO LARGO."}, {"id": "14438", "ano": "2020", "numero": "451", "tipo__sigla": "REQ", "tipo__descricao": "REQUERIMENTO", "autoria": "BETE DAMACENO", "texto_original": "http://sapl.campolargo.pr.leg.br/media/sapl/public/materialegislativa/2020/14438/451.pdf", "ementa": "PLACA INDICATIVA DE DENOMINA\u00c7\u00c3O NA AVENIDA CANAD\u00c1 NO BAIRRO FRANCISCO GORSKI CAMPO LARGO."}, {"id": "14439", "ano": "2020", "numero": "452", "tipo__sigla": "REQ", "tipo__descricao": "REQUERIMENTO", "autoria": "BETE DAMACENO", "texto_original": "http://sapl.campolargo.pr.leg.br/media/sapl/public/materialegislativa/2020/14439/452.pdf", "ementa": "INFORMA\u00c7\u00d5ES SOBRE A PROVOPAR E SEUS PERTENCES EM CAMPO LARGO."}, {"id": "14440", "ano": "2020", "numero": "453", "tipo__sigla": "REQ", "tipo__descricao": "REQUERIMENTO", "autoria": "BETE DAMACENO", "texto_original": "http://sapl.campolargo.pr.leg.br/media/sapl/public/materialegislativa/2020/14440/453.pdf", "ementa": "INFORMA\u00c7\u00d5ES SOBRE A ASSOCIA\u00c7\u00c3O DE MORADORES DO BAIRRO FRANCISCO GORSKI, UMA C\u00d3PIA DO LIVRO ATA E CNPJ DA MESMA EM CAMPO LARGO."}, {"id": "14441", "ano": "2020", "numero": "454", "tipo__sigla": "REQ", "tipo__descricao": "REQUERIMENTO", "autoria": "BETE DAMACENO", "texto_original": "http://sapl.campolargo.pr.leg.br/media/sapl/public/materialegislativa/2020/14441/454.pdf", "ementa": "SOLICITA QUE O PODER EXECUTIVO ENCAMINHE \u00c0 AG\u00caNCIA DE CORREIOS CROQUI DAS RUAS NOMEADAS E UMA LISTA CONTENDO OS PROJETOS DE LEI QUE FORAM APROVADOS RELATIVOS \u00c0 DENOMINA\u00c7\u00c3O DE RUAS, COM NOME DE TODAS AS VIAS DA COLONIA FIGUEIREDO EM CAMPO LARGO."}, {"id": "14432", "ano": "2020", "numero": "455", "tipo__sigla": "REQ", "tipo__descricao": "REQUERIMENTO", "autoria": "GIOVANI MARCON", "texto_original": "http://sapl.campolargo.pr.leg.br/media/sapl/public/materialegislativa/2020/14432/455.pdf", "ementa": "QUE SEJA REALIZADO A RO\u00c7ADA NO INTERIOR DO CMEI CRIAN\u00c7A ESPERAN\u00c7A (ANEXO \u00c0 ESCOLA MUNICIPAL VEREADOR JOS\u00c9 ANDREASSA), BAIRRO CERCADINHO."}, {"id": "14442", "ano": "2020", "numero": "456", "tipo__sigla": "REQ", "tipo__descricao": "REQUERIMENTO", "autoria": "GIOVANI MARCON", "texto_original": "http://sapl.campolargo.pr.leg.br/media/sapl/public/materialegislativa/2020/14442/456.pdf", "ementa": "QUE SEJA FEITO UM ESTUDO PARA A PERFURA\u00c7\u00c3O DE PO\u00c7O ARTESIANO NO RETIRO GRANDE."}, {"id": "14443", "ano": "2020", "numero": "457", "tipo__sigla": "REQ", "tipo__descricao": "REQUERIMENTO", "autoria": "GIOVANI MARCON", "texto_original": "http://sapl.campolargo.pr.leg.br/media/sapl/public/materialegislativa/2020/14443/457.pdf", "ementa": "VIABILIZAR A INSTALA\u00c7\u00c3O DAS L\u00c2MPADAS DE LED EM TODA A EXTENS\u00c3O DA RUA ROBERTO DOBRZANSKI, BAIRRO S\u00c3O FRANCISCO."}, {"id": "14444", "ano": "2020", "numero": "458", "tipo__sigla": "REQ", "tipo__descricao": "REQUERIMENTO", "autoria": "GIOVANI MARCON", "texto_original": "http://sapl.campolargo.pr.leg.br/media/sapl/public/materialegislativa/2020/14444/458.pdf", "ementa": "VIABILIZAR RONDA OSTENSIVA DA GUARDA MUNICIPAL NO BAIRRO SALGADINHO."}, {"id": "14445", "ano": "2020", "numero": "465", "tipo__sigla": "REQ", "tipo__descricao": "REQUERIMENTO", "autoria": "MARCIO BERALDO", "texto_original": "http://sapl.campolargo.pr.leg.br/media/sapl/public/materialegislativa/2020/14445/465.pdf", "ementa": "REQUERENDO QUE SEJA INSTALADA UMA LIXEIRA COMUNIT\u00c1RIA NA REGI\u00c3O PAV\u00c3O DOS MOREIRAS - PR\u00d3XIMO AO ARMAZ\u00c9M DO JO\u00c3O MOREIRA, INTERIOR DE CAMPO LARGO."}, {"id": "14446", "ano": "2020", "numero": "466", "tipo__sigla": "REQ", "tipo__descricao": "REQUERIMENTO", "autoria": "MARCIO BERALDO", "texto_original": "http://sapl.campolargo.pr.leg.br/media/sapl/public/materialegislativa/2020/14446/466.pdf", "ementa": "REQUERENDO CONSTRU\u00c7\u00c3O DE CAL\u00c7ADA NA RUA AFONSO ROBACKER, TRECHO ENTRE RUA AM\u00c9RICO ZANLORENZI E AVENIDA DOS EXPEDICION\u00c1RIOS, NO BAIRRO C\u00c9U AZUL, CAMPO LARGO."}, {"id": "14447", "ano": "2020", "numero": "467", "tipo__sigla": "REQ", "tipo__descricao": "REQUERIMENTO", "autoria": "MARCIO BERALDO", "texto_original": "http://sapl.campolargo.pr.leg.br/media/sapl/public/materialegislativa/2020/14447/467.pdf", "ementa": "REQUERENDO QUE SEJA FEITO REPERFILAMENTO ASF\u00c1LTICO EM TODA A EXTENS\u00c3O DA RUA MAURO PORTUGAL, BAIRRO VILA BANC\u00c1RIA, CAMPO LARGO."}, {"id": "14448", "ano": "2020", "numero": "468", "tipo__sigla": "REQ", "tipo__descricao": "REQUERIMENTO", "autoria": "MARCIO BERALDO", "texto_original": "http://sapl.campolargo.pr.leg.br/media/sapl/public/materialegislativa/2020/14448/468.pdf", "ementa": "REQUERENDO QUE SEJA FEITO REPERFILAMENTO ASF\u00c1LTICO EM TODA A EXTENS\u00c3O DA RUA AFONSO GUIMAR\u00c3ES, BAIRRO VILA NOVA, CAMPO LARGO."}, {"id": "14449", "ano": "2020", "numero": "469", "tipo__sigla": "REQ", "tipo__descricao": "REQUERIMENTO", "autoria": "MARCIO BERALDO", "texto_original": "http://sapl.campolargo.pr.leg.br/media/sapl/public/materialegislativa/2020/14449/469.pdf", "ementa": "REQUERENDO CONSTRU\u00c7\u00c3O DE RAMPA DE ACESSIBILIDADE PARA PESSOAS PORTADORAS DE DEFICI\u00caNCIA OU COM MOBILIDADE REDUZIDA, NA CAL\u00c7ADA DE ACESSO \u00c0 ESCOLA MUNICIPAL PROF. ALMEDE BARIDOTTI GALDINO, COM ENDERE\u00c7O NA RUA ERNESTO CARLOS ZOPO, 656-820 \u2014 JARDIM KELI CRISTINA, CAMPO LARGO."}, {"id": "14420", "ano": "2020", "numero": "470", "tipo__sigla": "REQ", "tipo__descricao": "REQUERIMENTO", "autoria": "DARCI ANDREASSA", "texto_original": "http://sapl.campolargo.pr.leg.br/media/sapl/public/materialegislativa/2020/14420/470.pdf", "ementa": "OPERA\u00c7\u00c3O TAPA-BURACOS EM TODA EXTENS\u00c3O DA RUA PRINCESA ISABEL NO BAIRRO OURO VERDE."}, {"id": "14419", "ano": "2020", "numero": "473", "tipo__sigla": "REQ", "tipo__descricao": "REQUERIMENTO", "autoria": "DARCI ANDREASSA", "texto_original": "http://sapl.campolargo.pr.leg.br/media/sapl/public/materialegislativa/2020/14419/473.pdf", "ementa": "SOLICITO LIMPEZA DE BUEIROS NA RUA BALDO\u00cdNO VIDAL NO BAIRRO JARDIM BUSMAYER."}, {"id": "14450", "ano": "2020", "numero": "483", "tipo__sigla": "REQ", "tipo__descricao": "REQUERIMENTO", "autoria": "CLAIRTON ALEM\u00c3O", "texto_original": "http://sapl.campolargo.pr.leg.br/media/sapl/public/materialegislativa/2020/14450/483.pdf", "ementa": "REQUERENDO ESTUDOS DA VIABILIDADE PARA INSTALA\u00c7\u00c3O DE PONTOS DE \u00d4NIBUS COM COBERTURA NOS RECUOS NA ESTRADA DE BALSA NOVA (PR 510) \u2014 AO LADO DA RUA MATOS LE\u00c3O E TAMB\u00c9M NO TRECHO 2573 INDICADO PELO GOOGLE MAPS."}, {"id": "14451", "ano": "2020", "numero": "484", "tipo__sigla": "REQ", "tipo__descricao": "REQUERIMENTO", "autoria": "CLAIRTON ALEM\u00c3O", "texto_original": "http://sapl.campolargo.pr.leg.br/media/sapl/public/materialegislativa/2020/14451/484.pdf", "ementa": "REQUERENDO PARA QUE SEJA ALTERADO O TR\u00c2NSITO DA RUA CLOT\u00c1RIO PORTUGAL, PROIBINDO OS VE\u00cdCULOS NELA SEGUEM DE VIRAREM PARA ESQUERDA EM AMBOS OS LADOS DA RUA JOAQUIM RIBAS DE ANDRADE."}, {"id": "14452", "ano": "2020", "numero": "485", "tipo__sigla": "REQ", "tipo__descricao": "REQUERIMENTO", "autoria": "CLAIRTON ALEM\u00c3O", "texto_original": "http://sapl.campolargo.pr.leg.br/media/sapl/public/materialegislativa/2020/14452/485.pdf", "ementa": "REQUERENDO PARA QUE SEJA ALTERADO O TR\u00c2NSITO DA AV. CEL .C\u00c9ZAR TORRES, PROIBINDO OS CONDUTORES DE VE\u00cdCULOS DE VIRAREM PARA ESQUERDA NA ESQUINA DA VER. ARLINDO CHEMIM, ESQUINA DO CEMIT\u00c9RIO MUNICIPAL."}, {"id": "14453", "ano": "2020", "numero": "486", "tipo__sigla": "REQ", "tipo__descricao": "REQUERIMENTO", "autoria": "CLAIRTON ALEM\u00c3O", "texto_original": "http://sapl.campolargo.pr.leg.br/media/sapl/public/materialegislativa/2020/14453/486.pdf", "ementa": "REQUERENDO PARA QUE SEJA INSTALADO UM SEM\u00c1FORO NA RUA JOAQUIM RIBAS DE ANDRADE, ESQUINA COM ENGENHEIRO TOURINHO."}, {"id": "14454", "ano": "2020", "numero": "487", "tipo__sigla": "REQ", "tipo__descricao": "REQUERIMENTO", "autoria": "CLAIRTON ALEM\u00c3O", "texto_original": "http://sapl.campolargo.pr.leg.br/media/sapl/public/materialegislativa/2020/14454/487.pdf", "ementa": "REQUERENDO PARA QUE SEJA INSTALADO UM SEM\u00c1FORO NA RUA RUI BARBOSA, ESQUINA COM JOAQUIM RIBAS DE ANDRADE."}, {"id": "14455", "ano": "2020", "numero": "488", "tipo__sigla": "REQ", "tipo__descricao": "REQUERIMENTO", "autoria": "CLAIRTON ALEM\u00c3O", "texto_original": "http://sapl.campolargo.pr.leg.br/media/sapl/public/materialegislativa/2020/14455/488.pdf", "ementa": "REQUERENDO PARA QUE SEJAM FEITOS ESTUDOS PARA \u201cDESAFOGAR\u201d O FLUXO - TR\u00c2NSITO/PEDESTRES OU PARTE DELE EM TORNO DO TERMINAL URBANO MUNICIPAL."}, {"id": "14456", "ano": "2020", "numero": "489", "tipo__sigla": "REQ", "tipo__descricao": "REQUERIMENTO", "autoria": "TADEU DE PAULA", "texto_original": "http://sapl.campolargo.pr.leg.br/media/sapl/public/materialegislativa/2020/14456/489.pdf", "ementa": "SOLICITAR PERFURA\u00c7\u00c3O DE PO\u00c7O ARTESIANO NA REGI\u00c3O DA BICA DA PEDRA."}, {"id": "14457", "ano": "2020", "numero": "490", "tipo__sigla": "REQ", "tipo__descricao": "REQUERIMENTO", "autoria": "TADEU DE PAULA", "texto_original": "http://sapl.campolargo.pr.leg.br/media/sapl/public/materialegislativa/2020/14457/490.pdf", "ementa": "SOLICITAR PERFURA\u00c7\u00c3O DE PO\u00c7O ARTESIANO NA REGI\u00c3O DO FLORESTAL."}, {"id": "14458", "ano": "2020", "numero": "491", "tipo__sigla": "REQ", "tipo__descricao": "REQUERIMENTO", "autoria": "TADEU DE PAULA", "texto_original": "http://sapl.campolargo.pr.leg.br/media/sapl/public/materialegislativa/2020/14458/491.pdf", "ementa": "SOLICITAR PERFURA\u00c7\u00c3O DE PO\u00c7O ARTESIANO NA REGI\u00c3O DO HERVAL DOS CASTRO."}, {"id": "14459", "ano": "2020", "numero": "492", "tipo__sigla": "REQ", "tipo__descricao": "REQUERIMENTO", "autoria": "TADEU DE PAULA", "texto_original": "http://sapl.campolargo.pr.leg.br/media/sapl/public/materialegislativa/2020/14459/492.pdf", "ementa": "SOLICITAR PERFURA\u00c7\u00c3O DE PO\u00c7O ARTESIANO NA REGI\u00c3O DO RIBEIRA DO S\u00c3O PEDRO."}, {"id": "14460", "ano": "2020", "numero": "493", "tipo__sigla": "REQ", "tipo__descricao": "REQUERIMENTO", "autoria": "TADEU DE PAULA", "texto_original": "http://sapl.campolargo.pr.leg.br/media/sapl/public/materialegislativa/2020/14460/493.pdf", "ementa": "SOLICITAR PERFURA\u00c7\u00c3O DE PO\u00c7O ARTESIANO NA REGI\u00c3O DO PAV\u00c3O DOS GOMES."}, {"id": "14467", "ano": "2020", "numero": "536", "tipo__sigla": "REQ", "tipo__descricao": "REQUERIMENTO", "autoria": "MARCIO BERALDO", "texto_original": "http://sapl.campolargo.pr.leg.br/media/sapl/public/materialegislativa/2020/14467/536.pdf", "ementa": "LIXEIRA COMUNIT\u00c1RIA NA ESTRADA DO CERNE, PR\u00d3XIMO A PONTE DO PEREIRA, DISTRITO DE BATEIAS."}, {"id": "14468", "ano": "2020", "numero": "537", "tipo__sigla": "REQ", "tipo__descricao": "REQUERIMENTO", "autoria": "MARCIO BERALDO", "texto_original": "http://sapl.campolargo.pr.leg.br/media/sapl/public/materialegislativa/2020/14468/537.pdf", "ementa": "PONTO DE \u00d4NIBUS COBERTO NA ESTRADA DO CERNE, PR\u00d3XIMO A PONTE DO PEREIRA, DISTRITO DE BATEIAS."}, {"id": "14469", "ano": "2020", "numero": "539", "tipo__sigla": "REQ", "tipo__descricao": "REQUERIMENTO", "autoria": "MARCIO BERALDO", "texto_original": "http://sapl.campolargo.pr.leg.br/media/sapl/public/materialegislativa/2020/14469/539.pdf", "ementa": "PLACA DE IDENTIFICA\u00c7\u00c3O DA TRAVESSA LEONARDO PADILHA, ITABOA."}, {"id": "14470", "ano": "2020", "numero": "540", "tipo__sigla": "REQ", "tipo__descricao": "REQUERIMENTO", "autoria": "MARCIO BERALDO", "texto_original": "http://sapl.campolargo.pr.leg.br/media/sapl/public/materialegislativa/2020/14470/540.pdf", "ementa": "REPERFILAMENTO ASF\u00c1LTICO NA RUA ALCIDES BITENCOURT, VILA NOVA II."}, {"id": "14472", "ano": "2020", "numero": "547", "tipo__sigla": "REQ", "tipo__descricao": "REQUERIMENTO", "autoria": "BETINHO", "texto_original": "http://sapl.campolargo.pr.leg.br/media/sapl/public/materialegislativa/2020/14472/547.pdf", "ementa": "PROVID\u00caNCIAS COM RELA\u00c7\u00c3O A PLACA DE SINALIZA\u00c7\u00c3O DE TR\u00c2NSITO NA ENTRADA DA AVENIDA PADRE NATAL PIGATO, BAIRRO RONDINHA, (SENTIDO RONDINHA-CENTRO)"}, {"id": "14476", "ano": "2020", "numero": "549", "tipo__sigla": "REQ", "tipo__descricao": "REQUERIMENTO", "autoria": "TADEU DE PAULA", "texto_original": "http://sapl.campolargo.pr.leg.br/media/sapl/public/materialegislativa/2020/14476/549.pdf", "ementa": "CONSTRU\u00c7\u00c3O DE UM CENTRO MUNICIPAL DE EDUCA\u00c7\u00c3O INFANTIL - CMEI NO BAIRRO BOTIATUVA."}, {"id": "14477", "ano": "2020", "numero": "550", "tipo__sigla": "REQ", "tipo__descricao": "REQUERIMENTO", "autoria": "TADEU DE PAULA", "texto_original": "http://sapl.campolargo.pr.leg.br/media/sapl/public/materialegislativa/2020/14477/550.pdf", "ementa": "PERFURA\u00c7\u00c3O DE PO\u00c7O ARTESIANO NA REGI\u00c3O DOS TR\u00caS CORGUINHO."}, {"id": "14504", "ano": "2020", "numero": "551", "tipo__sigla": "REQ", "tipo__descricao": "REQUERIMENTO", "autoria": "TADEU DE PAULA", "texto_original": "http://sapl.campolargo.pr.leg.br/media/sapl/public/materialegislativa/2020/14504/551.pdf", "ementa": "PERFURA\u00c7\u00c3O DE PO\u00c7O ARTESIANO NA REGI\u00c3O DO RETIRO, DISTRITO DE BATEIAS."}, {"id": "14478", "ano": "2020", "numero": "552", "tipo__sigla": "REQ", "tipo__descricao": "REQUERIMENTO", "autoria": "TADEU DE PAULA", "texto_original": "http://sapl.campolargo.pr.leg.br/media/sapl/public/materialegislativa/2020/14478/552.pdf", "ementa": "PERFURA\u00c7\u00c3O DE PO\u00c7O ARTESIANO NA REGI\u00c3O DO ICHAGAS."}, {"id": "14479", "ano": "2020", "numero": "553", "tipo__sigla": "REQ", "tipo__descricao": "REQUERIMENTO", "autoria": "TADEU DE PAULA", "texto_original": "http://sapl.campolargo.pr.leg.br/media/sapl/public/materialegislativa/2020/14479/553.pdf", "ementa": "PERFURA\u00c7\u00c3O DE PO\u00c7O ARTESIANO NA REGI\u00c3O DA RIBEIRA DOS CASTRO."}, {"id": "14484", "ano": "2020", "numero": "562", "tipo__sigla": "REQ", "tipo__descricao": "REQUERIMENTO", "autoria": "GIOVANI MARCON", "texto_original": "http://sapl.campolargo.pr.leg.br/media/sapl/public/materialegislativa/2020/14484/562.pdf", "ementa": "RO\u00c7ADA NA ESTRADA DO RETIRO GRANDE."}, {"id": "14485", "ano": "2020", "numero": "563", "tipo__sigla": "REQ", "tipo__descricao": "REQUERIMENTO", "autoria": "GIOVANI MARCON", "texto_original": "http://sapl.campolargo.pr.leg.br/media/sapl/public/materialegislativa/2020/14485/563.pdf", "ementa": "RONDA OSTENSIVA DA GUARDA MUNICIPAL NA REGI\u00c3O DO CERRADO."}, {"id": "14486", "ano": "2020", "numero": "564", "tipo__sigla": "REQ", "tipo__descricao": "REQUERIMENTO", "autoria": "GIOVANI MARCON", "texto_original": "http://sapl.campolargo.pr.leg.br/media/sapl/public/materialegislativa/2020/14486/564.pdf", "ementa": "RONDA OSTENSIVA DA GUARDA MUNICIPAL NA REGI\u00c3O DO TAQUARAL."}, {"id": "14483", "ano": "2020", "numero": "570", "tipo__sigla": "REQ", "tipo__descricao": "REQUERIMENTO", "autoria": "BETE DAMACENO", "texto_original": "http://sapl.campolargo.pr.leg.br/media/sapl/public/materialegislativa/2020/14483/570.pdf", "ementa": "INFORMA\u00c7\u00d5ES SOBRE O ANDAMENTO DAS OBRAS DA RODOVI\u00c1RIA DE CAMPO LARGO."}, {"id": "14482", "ano": "2020", "numero": "572", "tipo__sigla": "REQ", "tipo__descricao": "REQUERIMENTO", "autoria": "BETE DAMACENO", "texto_original": "http://sapl.campolargo.pr.leg.br/media/sapl/public/materialegislativa/2020/14482/572.pdf", "ementa": "COLOCA\u00c7\u00c3O DE ACADEMIA AO AR LIVRE NO FINAL DA RUA BENEDITO PRUDENCIO DA SILVA FILHO, MORADIAS BOM JESUS."}, {"id": "14481", "ano": "2020", "numero": "573", "tipo__sigla": "REQ", "tipo__descricao": "REQUERIMENTO", "autoria": "BETE DAMACENO", "texto_original": "http://sapl.campolargo.pr.leg.br/media/sapl/public/materialegislativa/2020/14481/573.pdf", "ementa": "INFORMA\u00c7\u00d5ES SOBRE O ANDAMENTO DO NOVO CONTRATO FIRMADO EM 2020 DO ARMAZ\u00c9M DA FAM\u00cdLIA."}, {"id": "14480", "ano": "2020", "numero": "574", "tipo__sigla": "REQ", "tipo__descricao": "REQUERIMENTO", "autoria": "BETE DAMACENO", "texto_original": "http://sapl.campolargo.pr.leg.br/media/sapl/public/materialegislativa/2020/14480/574.pdf", "ementa": "PARA QUE SEJA INFORMADO CRONOGRAMA DE EXECU\u00c7\u00c3O DAS OBRAS DE REFORMA NA UNIDADE B\u00c1SICA DE SA\u00daDE DO S\u00c3O PEDRO."}, {"id": "14488", "ano": "2020", "numero": "580", "tipo__sigla": "REQ", "tipo__descricao": "REQUERIMENTO", "autoria": "JO\u00c3O D'\u00c1GUA", "texto_original": "http://sapl.campolargo.pr.leg.br/media/sapl/public/materialegislativa/2020/14488/580.pdf", "ementa": "REDE DE ESGOTO NA ESTRADA DOM RODRIGO, S\u00c3O CAETANO."}, {"id": "14489", "ano": "2020", "numero": "581", "tipo__sigla": "REQ", "tipo__descricao": "REQUERIMENTO", "autoria": "MARCIO BERALDO", "texto_original": "http://sapl.campolargo.pr.leg.br/media/sapl/public/materialegislativa/2020/14489/581.pdf", "ementa": "CONSTRU\u00c7\u00c3O DE RAMPA DE ACESSIBILIDADE PARA PESSOAS PORTADORAS DE DEFICI\u00caNCIA OU COM MODALIDADE REDUZIDA, NA CAL\u00c7ADA DE ACESSO A ESCOLA MUNICIPAL MONSENHOR IVO ZANLORENZI, SITUADA NA AVENIDA BOM JESUS, BOM JESUS."}, {"id": "14490", "ano": "2020", "numero": "591", "tipo__sigla": "REQ", "tipo__descricao": "REQUERIMENTO", "autoria": "GIOVANI MARCON", "texto_original": "http://sapl.campolargo.pr.leg.br/media/sapl/public/materialegislativa/2020/14490/591.pdf", "ementa": "INFORMA\u00c7\u00d5ES SOBRE SOLICITA\u00c7\u00d5ES DE ALVAR\u00c1S."}, {"id": "14491", "ano": "2020", "numero": "594", "tipo__sigla": "REQ", "tipo__descricao": "REQUERIMENTO", "autoria": "CLAIRTON ALEM\u00c3O", "texto_original": "http://sapl.campolargo.pr.leg.br/media/sapl/public/materialegislativa/2020/14491/594.pdf", "ementa": "INFORMA\u00c7\u00d5ES SOBRE TODOS OS ENCAMINHAMENTOS DE ESPECIALIDADES REALIZADOS NOS \u00daLTIMOS 6 MESES, ATRAV\u00c9S DO CONS\u00d3RCIO METROPOLITANO DE SA\u00daDE DO PARAN\u00c1 - COMESP."}, {"id": "14492", "ano": "2020", "numero": "596", "tipo__sigla": "REQ", "tipo__descricao": "REQUERIMENTO", "autoria": "CLAIRTON ALEM\u00c3O", "texto_original": "http://sapl.campolargo.pr.leg.br/media/sapl/public/materialegislativa/2020/14492/596.pdf", "ementa": "PAVIMENTA\u00c7\u00c3O ASF\u00c1LTICA NA RUA ADIR MOTTA, VILA S\u00c3O JO\u00c3O, DISTRITO DE BATEIAS."}, {"id": "14493", "ano": "2020", "numero": "597", "tipo__sigla": "REQ", "tipo__descricao": "REQUERIMENTO", "autoria": "CLAIRTON ALEM\u00c3O", "texto_original": "http://sapl.campolargo.pr.leg.br/media/sapl/public/materialegislativa/2020/14493/597.pdf", "ementa": "PAVIMENTA\u00c7\u00c3O ASF\u00c1LTICA NA RUA JOS\u00c9 PEREIRA, VILA S\u00c3O JO\u00c3O, DISTRITO DE BATEIAS."}, {"id": "14494", "ano": "2020", "numero": "598", "tipo__sigla": "REQ", "tipo__descricao": "REQUERIMENTO", "autoria": "CLAIRTON ALEM\u00c3O", "texto_original": "http://sapl.campolargo.pr.leg.br/media/sapl/public/materialegislativa/2020/14494/598.pdf", "ementa": "PAVIMENTA\u00c7\u00c3O ASF\u00c1LTICA NA RUA ESPERAN\u00c7A VILA S\u00c3O JO\u00c3O, DISTRITO DE BATEIAS."}, {"id": "14507", "ano": "2020", "numero": "603", "tipo__sigla": "REQ", "tipo__descricao": "REQUERIMENTO", "autoria": "DARCI ANDREASSA", "texto_original": "http://sapl.campolargo.pr.leg.br/media/sapl/public/materialegislativa/2020/14507/603.pdf", "ementa": "SEM\u00c1FORO PARA DEFICIENTES VISUAIS COM SINAL SONORO NA AVENIDA CENTEN\u00c1RIO."}, {"id": "14495", "ano": "2020", "numero": "604", "tipo__sigla": "REQ", "tipo__descricao": "REQUERIMENTO", "autoria": "DARCI ANDREASSA", "texto_original": "http://sapl.campolargo.pr.leg.br/media/sapl/public/materialegislativa/2020/14495/604.pdf", "ementa": "SEM\u00c1FORO PARA PEDESTRES COM SINAL SONORO PARA DEFICIENTES VISUAIS NO SEM\u00c1FORO DA RUA RUI BARBOSA."}, {"id": "14498", "ano": "2020", "numero": "605", "tipo__sigla": "REQ", "tipo__descricao": "REQUERIMENTO", "autoria": "DARCI ANDREASSA", "texto_original": "http://sapl.campolargo.pr.leg.br/media/sapl/public/materialegislativa/2020/14498/605.pdf", "ementa": "SEM\u00c1FORO PARA DEFICIENTES VISUAIS COM SINAL SONORO NO SEM\u00c1FORO DA RUA OSWALDO CRUZ."}, {"id": "14499", "ano": "2020", "numero": "607", "tipo__sigla": "REQ", "tipo__descricao": "REQUERIMENTO", "autoria": "CLEA OLIVEIRA", "texto_original": "http://sapl.campolargo.pr.leg.br/media/sapl/public/materialegislativa/2020/14499/607.pdf", "ementa": "INSTALA\u00c7\u00c3O DE TACH\u00d5ES REFLETIVOS NA RUA JOS\u00c9 SOARES PINTO, ESQUINA COM A RUA GENEROSO MARQUES, VILA BANC\u00c1RIA."}, {"id": "14500", "ano": "2020", "numero": "608", "tipo__sigla": "REQ", "tipo__descricao": "REQUERIMENTO", "autoria": "CLEA OLIVEIRA", "texto_original": "http://sapl.campolargo.pr.leg.br/media/sapl/public/materialegislativa/2020/14500/608.pdf", "ementa": "PREENCHIMENTO DAS VAGAS REMANESCENTES PARA A FEIRA NOTURNA E GASTRON\u00d4MICA."}, {"id": "14501", "ano": "2020", "numero": "609", "tipo__sigla": "REQ", "tipo__descricao": "REQUERIMENTO", "autoria": "CLEA OLIVEIRA", "texto_original": "http://sapl.campolargo.pr.leg.br/media/sapl/public/materialegislativa/2020/14501/609.pdf", "ementa": "PARA QUE O EXECUTIVO CONCEDA UM LOCAL E REALIZE A CONSTRU\u00c7\u00c3O DE PARQUINHO NA LOCALIDADE DO RETIRINHO, DISTRITO DE BATEIAS."}, {"id": "14502", "ano": "2020", "numero": "610", "tipo__sigla": "REQ", "tipo__descricao": "REQUERIMENTO", "autoria": "CLEA OLIVEIRA", "texto_original": "http://sapl.campolargo.pr.leg.br/media/sapl/public/materialegislativa/2020/14502/610.pdf", "ementa": "INFORMA\u00c7\u00d5ES SOBRE AS POL\u00cdTICAS P\u00daBLICAS ADOTADAS NO MUNIC\u00cdPIO DE CAMPO LARGO."}, {"id": "14503", "ano": "2020", "numero": "611", "tipo__sigla": "REQ", "tipo__descricao": "REQUERIMENTO", "autoria": "CLEA OLIVEIRA", "texto_original": "http://sapl.campolargo.pr.leg.br/media/sapl/public/materialegislativa/2020/14503/611.pdf", "ementa": "INFORMA\u00c7\u00d5ES SOBRE DESTINA\u00c7\u00c3O DOS SEM\u00c1FOROS RETIRADOS DE VIAS CENTRAIS DO MUNIC\u00cdPIO."}, {"id": "14510", "ano": "2020", "numero": "619", "tipo__sigla": "REQ", "tipo__descricao": "REQUERIMENTO", "autoria": "MARCIO BERALDO", "texto_original": "http://sapl.campolargo.pr.leg.br/media/sapl/public/materialegislativa/2020/14510/619.pdf", "ementa": "IMPLANTA\u00c7\u00c3O DE UM TERMINAL DE \u00d4NIBUS NA REGI\u00c3O DE TR\u00caS C\u00d3RREGOS, PARA INTEGRAR AS LOCALIDADES DO INTERIOR DO MUNIC\u00cdPIO."}, {"id": "14514", "ano": "2020", "numero": "622", "tipo__sigla": "REQ", "tipo__descricao": "REQUERIMENTO", "autoria": "TONINHO FERREIRA", "texto_original": "http://sapl.campolargo.pr.leg.br/media/sapl/public/materialegislativa/2020/14514/622.pdf", "ementa": "ALTERA\u00c7\u00c3O DO TRAJETO E DO HOR\u00c1RIO DO \u00d4NIBUS NA LINHA VIA VENEZA."}, {"id": "14515", "ano": "2020", "numero": "623", "tipo__sigla": "REQ", "tipo__descricao": "REQUERIMENTO", "autoria": "TONINHO FERREIRA", "texto_original": "http://sapl.campolargo.pr.leg.br/media/sapl/public/materialegislativa/2020/14515/623.pdf", "ementa": "SINALEIRO PARA PEDESTRES NA AVENIDA PADRE NATAL PIGATO, ENTRE AS RUAS DOMINGOS GIONEDIS E ZEFERINO MARCHIORATO, N\u00ba 7381."}, {"id": "14516", "ano": "2020", "numero": "624", "tipo__sigla": "REQ", "tipo__descricao": "REQUERIMENTO", "autoria": "TONINHO FERREIRA", "texto_original": "http://sapl.campolargo.pr.leg.br/media/sapl/public/materialegislativa/2020/14516/624.pdf", "ementa": "PAINEL ELETR\u00d4NICO NA FARM\u00c1CIA ESPECIAL."}, {"id": "14517", "ano": "2020", "numero": "626", "tipo__sigla": "REQ", "tipo__descricao": "REQUERIMENTO", "autoria": "TONINHO FERREIRA", "texto_original": "http://sapl.campolargo.pr.leg.br/media/sapl/public/materialegislativa/2020/14517/626.pdf", "ementa": "CRIA\u00c7\u00c3O DE LINHA DE \u00d4NIBUS DIRETA ENTRE O TERMINAL RODOVI\u00c1RIO, CENTRO DA CIDADE E A FARM\u00c1CIA ESPECIAL."}, {"id": "14511", "ano": "2020", "numero": "635", "tipo__sigla": "REQ", "tipo__descricao": "REQUERIMENTO", "autoria": "MARCIO BERALDO", "texto_original": "http://sapl.campolargo.pr.leg.br/media/sapl/public/materialegislativa/2020/14511/635.pdf", "ementa": "REPARO NO ASFALTO NA RUA DAS ROSAS, PR\u00d3XIMO AO N\u00ba 114, LOTEAMENTO MIRANDA."}, {"id": "14512", "ano": "2020", "numero": "636", "tipo__sigla": "REQ", "tipo__descricao": "REQUERIMENTO", "autoria": "MARCIO BERALDO", "texto_original": "http://sapl.campolargo.pr.leg.br/media/sapl/public/materialegislativa/2020/14512/636.pdf", "ementa": "REPERFILAMENTO ASF\u00c1LTICO NA RUA GON\u00c7ALVES DIAS, ENTRE AS RUAS FRANCISCO XAVIER DE ALMEIDA GARRET E JO\u00c3O STUKAS, BAIRRO APARECIDA."}, {"id": "14513", "ano": "2020", "numero": "637", "tipo__sigla": "REQ", "tipo__descricao": "REQUERIMENTO", "autoria": "MARCIO BERALDO", "texto_original": "http://sapl.campolargo.pr.leg.br/media/sapl/public/materialegislativa/2020/14513/637.pdf", "ementa": "PARA A LOMBADA EM FRENTE A ESCOLA MUNICIPAL MONSENHOR IVO ZANLORENZI, NA AVENIDA BOM JESUS, SEJA TRANSFORMADA EM TRAVESSIA ELEVADA."}, {"id": "14518", "ano": "2020", "numero": "639", "tipo__sigla": "REQ", "tipo__descricao": "REQUERIMENTO", "autoria": "DARCI ANDREASSA", "texto_original": "http://sapl.campolargo.pr.leg.br/media/sapl/public/materialegislativa/2020/14518/639.pdf", "ementa": "OPERA\u00c7\u00c3O TAPA BURACOS NA RUA BALDU\u00cdNO VIDAL, JARDIM BUSMAYER."}, {"id": "14519", "ano": "2020", "numero": "640", "tipo__sigla": "REQ", "tipo__descricao": "REQUERIMENTO", "autoria": "DARCI ANDREASSA", "texto_original": "http://sapl.campolargo.pr.leg.br/media/sapl/public/materialegislativa/2020/14519/640.pdf", "ementa": "SEM\u00c1FORO PARA DEFICIENTES VISUAIS COM SINAL SONORO NA RUA XAVIER DA SILVA."}, {"id": "14520", "ano": "2020", "numero": "641", "tipo__sigla": "REQ", "tipo__descricao": "REQUERIMENTO", "autoria": "DARCI ANDREASSA", "texto_original": "http://sapl.campolargo.pr.leg.br/media/sapl/public/materialegislativa/2020/14520/641.pdf", "ementa": "IMPLANTA\u00c7\u00c3O DE TRAVESSIA ELEVADA NA RUA RUI BARBOSA, PR\u00d3XIMO AO N\u00ba 373, CENTRO."}, {"id": "14521", "ano": "2020", "numero": "645", "tipo__sigla": "REQ", "tipo__descricao": "REQUERIMENTO", "autoria": "JO\u00c3O D'\u00c1GUA", "texto_original": "http://sapl.campolargo.pr.leg.br/media/sapl/public/materialegislativa/2020/14521/645.pdf", "ementa": "REATIVA\u00c7\u00c3O DO PO\u00c7O ARTESIANO NA COL\u00d4NIA REBOU\u00c7AS - FERRARIA."}, {"id": "14522", "ano": "2020", "numero": "646", "tipo__sigla": "REQ", "tipo__descricao": "REQUERIMENTO", "autoria": "JO\u00c3O D'\u00c1GUA", "texto_original": "http://sapl.campolargo.pr.leg.br/media/sapl/public/materialegislativa/2020/14522/646.pdf", "ementa": "COLOCA\u00c7\u00c3O DE UM PONTO DE \u00d4NIBUS NA RODOVIA RAUL AZEVEDO MACEDO , N\u00ba 215, SENTIDO BATEIAS."}, {"id": "14523", "ano": "2020", "numero": "647", "tipo__sigla": "REQ", "tipo__descricao": "REQUERIMENTO", "autoria": "JO\u00c3O D'\u00c1GUA", "texto_original": "http://sapl.campolargo.pr.leg.br/media/sapl/public/materialegislativa/2020/14523/647.pdf", "ementa": "RECAPEAMENTO ASF\u00c1LTICO DA RUA DAS BROM\u00c9LIAS, JARDIM BUSMAYER."}, {"id": "14524", "ano": "2020", "numero": "648", "tipo__sigla": "REQ", "tipo__descricao": "REQUERIMENTO", "autoria": "JO\u00c3O D'\u00c1GUA", "texto_original": "http://sapl.campolargo.pr.leg.br/media/sapl/public/materialegislativa/2020/14524/648.pdf", "ementa": "PAVIMENTA\u00c7\u00c3O ASF\u00c1LTICA DA RUA SEIS, BAIRRO S\u00c3O JER\u00d4NIMO."}, {"id": "14525", "ano": "2020", "numero": "653", "tipo__sigla": "REQ", "tipo__descricao": "REQUERIMENTO", "autoria": "MARCIO BERALDO", "texto_original": "http://sapl.campolargo.pr.leg.br/media/sapl/public/materialegislativa/2020/14525/653.pdf", "ementa": "CONSTRU\u00c7\u00c3O DE RAMPA DE ACESSIBILIDADE NA CAL\u00c7ADA DE ACESSO A ESCOLA MUNICIPAL INTEGRA\u00c7\u00c3O COMUNIT\u00c1RIA, NA RUA TARUM\u00c3, N\u00ba 440, JARDIM GUARANI."}, {"id": "14526", "ano": "2020", "numero": "657", "tipo__sigla": "REQ", "tipo__descricao": "REQUERIMENTO", "autoria": "BETE DAMACENO", "texto_original": "http://sapl.campolargo.pr.leg.br/media/sapl/public/materialegislativa/2020/14526/657.pdf", "ementa": "PODA DE UM PINHEIRO NA RUA S\u00c3O PEDRO, N\u00ba 371, NO BAIRRO DAVI ANTONIO, DISTRITO DE FERRARIA"}, {"id": "14527", "ano": "2020", "numero": "658", "tipo__sigla": "REQ", "tipo__descricao": "REQUERIMENTO", "autoria": "BETE DAMACENO", "texto_original": "http://sapl.campolargo.pr.leg.br/media/sapl/public/materialegislativa/2020/14527/658.pdf", "ementa": "PAVIMENTA\u00c7\u00c3O ASF\u00c1LTICA NA RUA JOS\u00c9 CONDRATI, BOLINETE, DISTRITO DE FERRARIA."}, {"id": "14528", "ano": "2020", "numero": "659", "tipo__sigla": "REQ", "tipo__descricao": "REQUERIMENTO", "autoria": "BETE DAMACENO", "texto_original": "http://sapl.campolargo.pr.leg.br/media/sapl/public/materialegislativa/2020/14528/659.pdf", "ementa": "OPERA\u00c7\u00c3O TAPA BURACOS NA EXTENS\u00c3O QUE CONTEM ASFALTO DA RUA SILVIO DALAGRANA, DISTRITO DE FERRARIA."}, {"id": "14529", "ano": "2020", "numero": "660", "tipo__sigla": "REQ", "tipo__descricao": "REQUERIMENTO", "autoria": "BETE DAMACENO", "texto_original": "http://sapl.campolargo.pr.leg.br/media/sapl/public/materialegislativa/2020/14529/660.pdf", "ementa": "MELHORIAS NA ILUMINA\u00c7\u00c3O P\u00daBLICA (COM INSTALA\u00c7\u00c3O DE L\u00c2MPADAS DE LED) NA RUA SILVIO DALLAGRANA, DISTRITO DE FERRARIA."}, {"id": "14530", "ano": "2020", "numero": "661", "tipo__sigla": "REQ", "tipo__descricao": "REQUERIMENTO", "autoria": "BETE DAMACENO", "texto_original": "http://sapl.campolargo.pr.leg.br/media/sapl/public/materialegislativa/2020/14530/661.pdf", "ementa": "CRONOGRAMA DE OBRAS A SEREM EXECUTADAS NO DISTRITO DA FERRARIA."}, {"id": "14531", "ano": "2020", "numero": "665", "tipo__sigla": "REQ", "tipo__descricao": "REQUERIMENTO", "autoria": "MARCELO FABIANI PUPPI", "texto_original": "http://sapl.campolargo.pr.leg.br/media/sapl/public/materialegislativa/2020/14531/11-20_texto_integral.pdf", "ementa": "AUTORIZA O PODER EXECUTIVO A ABRIR UM CR\u00c9DITO ADICIONAL ESPECIAL NO OR\u00c7AMENTO FISCAL DO MUNIC\u00cdPIO DE CAMPO LARGO PARA O EXERC\u00cdCIO DE 2020 E A PROMOVER ALTERA\u00c7\u00d5ES NO PLANO PLURIANUAL 2018-2021 E NA LEI DE DIRETRIZES OR\u00c7AMENT\u00c1RIAS DE 2020."}, {"id": "14533", "ano": "2020", "numero": "668", "tipo__sigla": "REQ", "tipo__descricao": "REQUERIMENTO", "autoria": "TONINHO FERREIRA", "texto_original": "http://sapl.campolargo.pr.leg.br/media/sapl/public/materialegislativa/2020/14533/668.pdf", "ementa": "SEJA DISPONIBILIZADO 3(TR\u00caS) FARMAC\u00caUTICOS PARA ATUAR NA FARM\u00c1CIA ESPECIAL."}, {"id": "14536", "ano": "2020", "numero": "671", "tipo__sigla": "REQ", "tipo__descricao": "REQUERIMENTO", "autoria": "GIOVANI MARCON", "texto_original": "http://sapl.campolargo.pr.leg.br/media/sapl/public/materialegislativa/2020/14536/671.pdf", "ementa": "INFORMA\u00c7\u00d5ES REFERENTE AOS EMPR\u00c9STIMOS SOLICITADOS PELO EXECUTIVO."}, {"id": "14538", "ano": "2020", "numero": "672", "tipo__sigla": "REQ", "tipo__descricao": "REQUERIMENTO", "autoria": "GIOVANI MARCON", "texto_original": "http://sapl.campolargo.pr.leg.br/media/sapl/public/materialegislativa/2020/14538/672.pdf", "ementa": "PERFURA\u00c7\u00c3O DE UM PO\u00c7O ARTESIANO NO RETIRINHO, DISTRITO DE BATEIAS."}, {"id": "14537", "ano": "2020", "numero": "673", "tipo__sigla": "REQ", "tipo__descricao": "REQUERIMENTO", "autoria": "GIOVANI MARCON", "texto_original": "http://sapl.campolargo.pr.leg.br/media/sapl/public/materialegislativa/2020/14537/673.pdf", "ementa": "RECAPEAMENTO ASF\u00c1LTICO NA RUA SETE, S\u00c3O JER\u00d4NIMO."}, {"id": "14539", "ano": "2020", "numero": "674", "tipo__sigla": "REQ", "tipo__descricao": "REQUERIMENTO", "autoria": "GIOVANI MARCON", "texto_original": "http://sapl.campolargo.pr.leg.br/media/sapl/public/materialegislativa/2020/14539/674.pdf", "ementa": "RO\u00c7ADA NA ESTRADA DA FAXINA."}, {"id": "14541", "ano": "2020", "numero": "681", "tipo__sigla": "REQ", "tipo__descricao": "REQUERIMENTO", "autoria": "TADEU DE PAULA", "texto_original": "http://sapl.campolargo.pr.leg.br/media/sapl/public/materialegislativa/2020/14541/681.pdf", "ementa": "PERFURA\u00c7\u00c3O DO PO\u00c7O ARTESIANO NA REGI\u00c3O DO TAQUARAL, DISTRITO DE BATEIAS."}, {"id": "14542", "ano": "2020", "numero": "682", "tipo__sigla": "REQ", "tipo__descricao": "REQUERIMENTO", "autoria": "TADEU DE PAULA", "texto_original": "http://sapl.campolargo.pr.leg.br/media/sapl/public/materialegislativa/2020/14542/682.pdf", "ementa": "PERFURA\u00c7\u00c3O DE PO\u00c7O ARTESIANO NA REGI\u00c3O DO VERDE VELHO, BATEIAS."}, {"id": "14543", "ano": "2020", "numero": "683", "tipo__sigla": "REQ", "tipo__descricao": "REQUERIMENTO", "autoria": "TADEU DE PAULA", "texto_original": "http://sapl.campolargo.pr.leg.br/media/sapl/public/materialegislativa/2020/14543/683.pdf", "ementa": "PERFURA\u00c7\u00c3O DE PO\u00c7O ARTESIANO NA REGI\u00c3O DO BELA VISTA, BATEIAS."}, {"id": "14545", "ano": "2020", "numero": "684", "tipo__sigla": "REQ", "tipo__descricao": "REQUERIMENTO", "autoria": "TADEU DE PAULA", "texto_original": "http://sapl.campolargo.pr.leg.br/media/sapl/public/materialegislativa/2020/14545/684.pdf", "ementa": "PERFURA\u00c7\u00c3O DE PO\u00c7O ARTESIANO NA REGI\u00c3O DO CERNE BATEIAS."}, {"id": "14546", "ano": "2020", "numero": "686", "tipo__sigla": "REQ", "tipo__descricao": "REQUERIMENTO", "autoria": "CLAIRTON ALEM\u00c3O", "texto_original": "http://sapl.campolargo.pr.leg.br/media/sapl/public/materialegislativa/2020/14546/686.pdf", "ementa": "RECAPEAMENTO ASF\u00c1LTICO NA RUA JO\u00c3O BONATO, NO BAIRRO C\u00c9U AZUL, NO TRECHO ENTRE O NUMERAL 192 \u00c0 RUA DOMINGOS BAPTISTEL."}, {"id": "14547", "ano": "2020", "numero": "688", "tipo__sigla": "REQ", "tipo__descricao": "REQUERIMENTO", "autoria": "CLAIRTON ALEM\u00c3O", "texto_original": "http://sapl.campolargo.pr.leg.br/media/sapl/public/materialegislativa/2020/14547/688.pdf", "ementa": "RECAPEAMENTO ASF\u00c1LTICO NA RUA JOSEFINA VIDAL, MORADIAS BOM JESUS."}, {"id": "14548", "ano": "2020", "numero": "689", "tipo__sigla": "REQ", "tipo__descricao": "REQUERIMENTO", "autoria": "CLAIRTON ALEM\u00c3O", "texto_original": "http://sapl.campolargo.pr.leg.br/media/sapl/public/materialegislativa/2020/14548/689.pdf", "ementa": "RECAPEAMENTO ASF\u00c1LTICO NA RUA DEZ, MORADIAS BOM JESUS."}, {"id": "14544", "ano": "2020", "numero": "691", "tipo__sigla": "REQ", "tipo__descricao": "REQUERIMENTO", "autoria": "TADEU DE PAULA", "texto_original": "http://sapl.campolargo.pr.leg.br/media/sapl/public/materialegislativa/2020/14544/691.pdf", "ementa": "PAVIMENTA\u00c7\u00c3O ASF\u00c1LTICA NA RUA MONTE CLARO, EM FRENTE A IGREJA DO MONTE CLARO, NA FAZENDINHA."}, {"id": "14550", "ano": "2020", "numero": "692", "tipo__sigla": "REQ", "tipo__descricao": "REQUERIMENTO", "autoria": "CLEA OLIVEIRA", "texto_original": "http://sapl.campolargo.pr.leg.br/media/sapl/public/materialegislativa/2020/14550/692.pdf", "ementa": "PARA QUE SE PROMOVA NO CENTRO DE ARTES E ESPORTES (CEU) GIN\u00c1STICA R\u00cdTMICA VOLTADA PARA CRIAN\u00c7AS E ADOLESCENTES."}, {"id": "14552", "ano": "2020", "numero": "693", "tipo__sigla": "REQ", "tipo__descricao": "REQUERIMENTO", "autoria": "CLEA OLIVEIRA", "texto_original": "http://sapl.campolargo.pr.leg.br/media/sapl/public/materialegislativa/2020/14552/693.pdf", "ementa": "INSTALA\u00c7\u00c3O DE L\u00c2MPADAS DE LED NA RUA S\u00c3O CRIST\u00d3V\u00c3O, JARDIM RONDINHA."}, {"id": "14553", "ano": "2020", "numero": "694", "tipo__sigla": "REQ", "tipo__descricao": "REQUERIMENTO", "autoria": "CLEA OLIVEIRA", "texto_original": "http://sapl.campolargo.pr.leg.br/media/sapl/public/materialegislativa/2020/14553/694.pdf", "ementa": "CENTRAL DE ATENDIMENTO TELEF\u00d4NICO E A ATIVA\u00c7\u00c3O DE LINHAS INATIVAS NA UNIDADE B\u00c1SICA DE SA\u00daDE DO CENTRO."}, {"id": "14554", "ano": "2020", "numero": "695", "tipo__sigla": "REQ", "tipo__descricao": "REQUERIMENTO", "autoria": "CLEA OLIVEIRA", "texto_original": "http://sapl.campolargo.pr.leg.br/media/sapl/public/materialegislativa/2020/14554/695.pdf", "ementa": "CRIA\u00c7\u00c3O DE ESPA\u00c7OS PARA DOA\u00c7\u00d5ES E TROCAS DE MATERIAL E DE UNIFORME ESCOLAR."}, {"id": "14551", "ano": "2020", "numero": "696", "tipo__sigla": "REQ", "tipo__descricao": "REQUERIMENTO", "autoria": "CLEA OLIVEIRA", "texto_original": "http://sapl.campolargo.pr.leg.br/media/sapl/public/materialegislativa/2020/14551/696.pdf", "ementa": "TROCA DE TELA QUE SEPARA O PARQUINHO DO CAMPO DE FUTEBOL NA RUA RIO PASSA\u00daNA, N\u00ba 528, JARDIM TR\u00caS RIOS."}, {"id": "14559", "ano": "2020", "numero": "714", "tipo__sigla": "REQ", "tipo__descricao": "REQUERIMENTO", "autoria": "BENTO VIDAL", "texto_original": "http://sapl.campolargo.pr.leg.br/media/sapl/public/materialegislativa/2020/14559/714.pdf", "ementa": "PINTURA DE FAIXA AMARELA E COLOCA\u00c7\u00c3O DE PLACAS DE SINALIZA\u00c7\u00c3O DE PROIBIDO ESTACIONAR NA RUA JO\u00c3O F. VIDAL."}, {"id": "14560", "ano": "2020", "numero": "717", "tipo__sigla": "REQ", "tipo__descricao": "REQUERIMENTO", "autoria": "MARCIO BERALDO", "texto_original": "http://sapl.campolargo.pr.leg.br/media/sapl/public/materialegislativa/2020/14560/717.pdf", "ementa": "TRANSFORMAR EM SENTIDO \u00daNICO A RUA TARUM\u00c3, EM FRENTE A ESCOLA MUNICIPAL INTEGRA\u00c7\u00c3O COMUNIT\u00c1RIA, JARDIM GUARANI."}, {"id": "14561", "ano": "2020", "numero": "719", "tipo__sigla": "REQ", "tipo__descricao": "REQUERIMENTO", "autoria": "MARCIO BERALDO", "texto_original": "http://sapl.campolargo.pr.leg.br/media/sapl/public/materialegislativa/2020/14561/719.pdf", "ementa": "REPERFILAMENTO ASF\u00c1LTICO NA RUA DAS ROSAS, LOTEAMENTO MIRANDA."}, {"id": "14562", "ano": "2020", "numero": "720", "tipo__sigla": "REQ", "tipo__descricao": "REQUERIMENTO", "autoria": "MARCIO BERALDO", "texto_original": "http://sapl.campolargo.pr.leg.br/media/sapl/public/materialegislativa/2020/14562/720.pdf", "ementa": "PLACA DE RUA SEM SA\u00cdDA NA RUA CELESTINA GON\u00c7ALVES, ESQUINA COM RUA MIGUEL ARC\u00c2NGELO ROSSA, BATEIAS."}, {"id": "14563", "ano": "2020", "numero": "724", "tipo__sigla": "REQ", "tipo__descricao": "REQUERIMENTO", "autoria": "TONINHO FERREIRA", "texto_original": "http://sapl.campolargo.pr.leg.br/media/sapl/public/materialegislativa/2020/14563/724.pdf", "ementa": "OPERA\u00c7\u00c3O TAPA BURACOS NA RUA AB\u00cdLIO MONTEIRO, BOM JESUS."}, {"id": "14564", "ano": "2020", "numero": "725", "tipo__sigla": "REQ", "tipo__descricao": "REQUERIMENTO", "autoria": "TONINHO FERREIRA", "texto_original": "http://sapl.campolargo.pr.leg.br/media/sapl/public/materialegislativa/2020/14564/725.pdf", "ementa": "PROVID\u00caNCIAS EM RELA\u00c7\u00c3O AO BURACO DA RUA JO\u00c3O CAMPESI, ENTRE AS RUAS ELIAS ALVES FERREIRA E OSVALDO NASCIMENTO RAMOS, ITABOA."}, {"id": "14565", "ano": "2020", "numero": "728", "tipo__sigla": "REQ", "tipo__descricao": "REQUERIMENTO", "autoria": "MARCIO BERALDO", "texto_original": "http://sapl.campolargo.pr.leg.br/media/sapl/public/materialegislativa/2020/14565/728.pdf", "ementa": "RO\u00c7ADA NO PONTO DE \u00d4NIBUS NA RUA WALDEMAR LEO BRAGA, ESQUINA COM A RUA BAPTISTA CAVALIN, JARDIM SOCIAL."}, {"id": "14566", "ano": "2020", "numero": "729", "tipo__sigla": "REQ", "tipo__descricao": "REQUERIMENTO", "autoria": "MARCIO BERALDO", "texto_original": "http://sapl.campolargo.pr.leg.br/media/sapl/public/materialegislativa/2020/14566/729.pdf", "ementa": "RAMPA DE ACESSIBILIDADE NA CAL\u00c7ADA DE ACESSO A ESCOLA MUNICIPAL MADALENA PORTELA, NA RUA MARECHAL FLORIANO PEIXOTO, 400, OURO VERDE."}, {"id": "14567", "ano": "2020", "numero": "730", "tipo__sigla": "REQ", "tipo__descricao": "REQUERIMENTO", "autoria": "BETE DAMACENO", "texto_original": "http://sapl.campolargo.pr.leg.br/media/sapl/public/materialegislativa/2020/14567/730.pdf", "ementa": "REATIVA\u00c7\u00c3O DO PO\u00c7O ARTESIANO DO SANTA ANGELA, FERRARIA."}, {"id": "14568", "ano": "2020", "numero": "731", "tipo__sigla": "REQ", "tipo__descricao": "REQUERIMENTO", "autoria": "BETE DAMACENO", "texto_original": "http://sapl.campolargo.pr.leg.br/media/sapl/public/materialegislativa/2020/14568/731.pdf", "ementa": "REATIVA\u00c7\u00c3O DO PO\u00c7O ARTESIANO NO DONA FINA, FERRARIA."}, {"id": "14569", "ano": "2020", "numero": "732", "tipo__sigla": "REQ", "tipo__descricao": "REQUERIMENTO", "autoria": "BETE DAMACENO", "texto_original": "http://sapl.campolargo.pr.leg.br/media/sapl/public/materialegislativa/2020/14569/732.pdf", "ementa": "C\u00d3PIA DO CONTRATO FIRMADO COM A COHAPAR REFERENTE A REGULARIZA\u00c7\u00c3O FUNDI\u00c1RIA DO MUNIC\u00cdPIO."}, {"id": "14570", "ano": "2020", "numero": "733", "tipo__sigla": "REQ", "tipo__descricao": "REQUERIMENTO", "autoria": "BETE DAMACENO", "texto_original": "http://sapl.campolargo.pr.leg.br/media/sapl/public/materialegislativa/2020/14570/733.pdf", "ementa": "PLACAS DE DENOMINA\u00c7\u00c3O DA RUA VIRG\u00cdLIO GOMES CRUZARA, VILA TORRES, FERRARIA."}, {"id": "14571", "ano": "2020", "numero": "734", "tipo__sigla": "REQ", "tipo__descricao": "REQUERIMENTO", "autoria": "BETE DAMACENO", "texto_original": "http://sapl.campolargo.pr.leg.br/media/sapl/public/materialegislativa/2020/14571/734.pdf", "ementa": "QUE SEJA COLOCADO TACH\u00c3O NA RUA GUARANI, FERRARIA."}, {"id": "14574", "ano": "2020", "numero": "743", "tipo__sigla": "REQ", "tipo__descricao": "REQUERIMENTO", "autoria": "DARCI ANDREASSA", "texto_original": "http://sapl.campolargo.pr.leg.br/media/sapl/public/materialegislativa/2020/14574/743.pdf", "ementa": "LOMBADA NA ESTRADA CATA, PARALELA COM A RUA DOS IMIGRANTES, N\u00ba 300, COL\u00d4NIA BALBINO CUNHA."}, {"id": "14575", "ano": "2020", "numero": "744", "tipo__sigla": "REQ", "tipo__descricao": "REQUERIMENTO", "autoria": "GIOVANI MARCON", "texto_original": "http://sapl.campolargo.pr.leg.br/media/sapl/public/materialegislativa/2020/14575/744.pdf", "ementa": "INFORMA\u00c7\u00d5ES REFERENTES AOS VE\u00cdCULOS DE MARCA RENAUT KWID QUE FORAM ADQUIRIDOS PELA ATUAL ADMINISTRA\u00c7\u00c3O"}, {"id": "14576", "ano": "2020", "numero": "745", "tipo__sigla": "REQ", "tipo__descricao": "REQUERIMENTO", "autoria": "GIOVANI MARCON", "texto_original": "http://sapl.campolargo.pr.leg.br/media/sapl/public/materialegislativa/2020/14576/745.pdf", "ementa": "EXTENS\u00c3O DA COBERTURA DE PONTO DE \u00d4NIBUS NA RUA REGINALDO ROSA, EM FRENTE A CER\u00c2MICA BRAS\u00cdLIA, VILA GL\u00d3RIA"}, {"id": "14577", "ano": "2020", "numero": "746", "tipo__sigla": "REQ", "tipo__descricao": "REQUERIMENTO", "autoria": "GIOVANI MARCON", "texto_original": "http://sapl.campolargo.pr.leg.br/media/sapl/public/materialegislativa/2020/14577/746.pdf", "ementa": "INSTALA\u00c7\u00c3O DE L\u00c2MPADAS DE LED NA RUA ERMELINO RIBAS DE RAMOS, VILA CAMPESE."}, {"id": "14578", "ano": "2020", "numero": "747", "tipo__sigla": "REQ", "tipo__descricao": "REQUERIMENTO", "autoria": "GIOVANI MARCON", "texto_original": "http://sapl.campolargo.pr.leg.br/media/sapl/public/materialegislativa/2020/14578/747.pdf", "ementa": "INSTALA\u00c7\u00c3O DE L\u00c2MPADAS DE LED NA RUA AD\u00c3O CAMILO, VILA CAMPESI."}, {"id": "14581", "ano": "2020", "numero": "748", "tipo__sigla": "REQ", "tipo__descricao": "REQUERIMENTO", "autoria": "TADEU DE PAULA", "texto_original": "http://sapl.campolargo.pr.leg.br/media/sapl/public/materialegislativa/2020/14581/748.pdf", "ementa": "PAVIMENTA\u00c7\u00c3O ASF\u00c1LTICA NA RUA DOS CARLESSO AO LADO DO MERCADO GELASKO."}, {"id": "14580", "ano": "2020", "numero": "749", "tipo__sigla": "REQ", "tipo__descricao": "REQUERIMENTO", "autoria": "TADEU DE PAULA", "texto_original": "http://sapl.campolargo.pr.leg.br/media/sapl/public/materialegislativa/2020/14580/749.pdf", "ementa": "MANUTEN\u00c7\u00c3O DE BUEIRO NA ESTRADA DO RETIRINHO PR\u00d3XIMO A SUBIDA DOS SCOREY."}, {"id": "14582", "ano": "2020", "numero": "757", "tipo__sigla": "REQ", "tipo__descricao": "REQUERIMENTO", "autoria": "BENTO VIDAL", "texto_original": "http://sapl.campolargo.pr.leg.br/media/sapl/public/materialegislativa/2020/14582/757.pdf", "ementa": "MANUTEN\u00c7\u00c3O DO MURO DE ARRIMO NA LAGOA , OURO VERDE."}, {"id": "14583", "ano": "2020", "numero": "759", "tipo__sigla": "REQ", "tipo__descricao": "REQUERIMENTO", "autoria": "CLEA OLIVEIRA", "texto_original": "http://sapl.campolargo.pr.leg.br/media/sapl/public/materialegislativa/2020/14583/759.pdf", "ementa": "ESTUDOS PARA VERIFICAR A POSSIBILIDADE DA FEIRA DO PRODUTOR SER REALIZADA TAMB\u00c9M EM DIAS DE SEMANA."}, {"id": "14587", "ano": "2020", "numero": "760", "tipo__sigla": "REQ", "tipo__descricao": "REQUERIMENTO", "autoria": "CLEA OLIVEIRA", "texto_original": "http://sapl.campolargo.pr.leg.br/media/sapl/public/materialegislativa/2020/14587/760.pdf", "ementa": "PARA QUE O EXECUTIVO CONCEDA UM LOCAL E REALIZE A CONSTRU\u00c7\u00c3O DE PARQUINHO NO JARDIM SOCIAL."}, {"id": "14584", "ano": "2020", "numero": "761", "tipo__sigla": "REQ", "tipo__descricao": "REQUERIMENTO", "autoria": "CLEA OLIVEIRA", "texto_original": "http://sapl.campolargo.pr.leg.br/media/sapl/public/materialegislativa/2020/14584/761.pdf", "ementa": "INSTALA\u00c7\u00c3O DE L\u00c2MPADAS DE LED NA RUA EUL\u00c1LIA DA LUZ SILVEIRA, JARDIM RONDINHA."}, {"id": "14585", "ano": "2020", "numero": "762", "tipo__sigla": "REQ", "tipo__descricao": "REQUERIMENTO", "autoria": "CLEA OLIVEIRA", "texto_original": "http://sapl.campolargo.pr.leg.br/media/sapl/public/materialegislativa/2020/14585/762.pdf", "ementa": "INFORMA\u00c7\u00d5ES SOBRE O COM\u00c9RCIO AMBULANTE E A PRESTA\u00c7\u00c3O DE SERVI\u00c7OS AMBULANTES NAS VIAS E NOS LOGRADOUROS P\u00daBLICOS."}, {"id": "14586", "ano": "2020", "numero": "763", "tipo__sigla": "REQ", "tipo__descricao": "REQUERIMENTO", "autoria": "CLEA OLIVEIRA", "texto_original": "http://sapl.campolargo.pr.leg.br/media/sapl/public/materialegislativa/2020/14586/763.pdf", "ementa": "RONDAS FREQUENTES DA GUARDA MUNICIPAL NAS PARADAS DOS \u00d4NIBUS DA LINHA CAMPO LARGO/CURITIBA."}, {"id": "14588", "ano": "2020", "numero": "766", "tipo__sigla": "REQ", "tipo__descricao": "REQUERIMENTO", "autoria": "CLAIRTON ALEM\u00c3O", "texto_original": "http://sapl.campolargo.pr.leg.br/media/sapl/public/materialegislativa/2020/14588/766.pdf", "ementa": "MATERIAL FRESADO ASF\u00c1LTICO COM COMPACTA\u00c7\u00c3O DE ROLO COMPRESSOR NA RUA PEDRO MA\u00c7ON, SALGADINHO."}, {"id": "14591", "ano": "2020", "numero": "782", "tipo__sigla": "REQ", "tipo__descricao": "REQUERIMENTO", "autoria": "CLAIRTON ALEM\u00c3O", "texto_original": "http://sapl.campolargo.pr.leg.br/media/sapl/public/materialegislativa/2020/14591/782.pdf", "ementa": "CRONOGRAMA PARA A EXECU\u00c7\u00c3O DO PROJETO CIDADE EM MOVIMENTO."}, {"id": "14592", "ano": "2020", "numero": "786", "tipo__sigla": "REQ", "tipo__descricao": "REQUERIMENTO", "autoria": "GIOVANI MARCON", "texto_original": "http://sapl.campolargo.pr.leg.br/media/sapl/public/materialegislativa/2020/14592/786.pdf", "ementa": "COMPRA EMERGENCIAL DE M\u00c1SCARAS , BEM COMO DISTRIBUI\u00c7\u00c3O DAS MESMAS DURANTE TODO O PER\u00cdODO DE PANDEMIA DO COVID-19."}, {"id": "14593", "ano": "2020", "numero": "788", "tipo__sigla": "REQ", "tipo__descricao": "REQUERIMENTO", "autoria": "TONINHO FERREIRA", "texto_original": "http://sapl.campolargo.pr.leg.br/media/sapl/public/materialegislativa/2020/14593/788.pdf", "ementa": "REFORMA DO PONTO DE \u00d4NIBUS NA RUA QUINTINO BOCAI\u00daVA N\u00ba 574, VILA BANC\u00c1RIA."}, {"id": "14607", "ano": "2020", "numero": "828", "tipo__sigla": "REQ", "tipo__descricao": "REQUERIMENTO", "autoria": "BETE DAMACENO", "texto_original": "http://sapl.campolargo.pr.leg.br/media/sapl/public/materialegislativa/2020/14607/828.pdf", "ementa": "INFORMA\u00c7\u00d5ES SE \u00c9 DA SANEPAR OU DA PREFEITURA O TERRENO ONDE ESTA LOCALIZADA A CAIXA D'\u00c1GUA NA AVENIDA ARAPONGAS N\u00b0 1059, DONA FINA, FERRARIA."}, {"id": "14608", "ano": "2020", "numero": "829", "tipo__sigla": "REQ", "tipo__descricao": "REQUERIMENTO", "autoria": "BETE DAMACENO", "texto_original": "http://sapl.campolargo.pr.leg.br/media/sapl/public/materialegislativa/2020/14608/829.pdf", "ementa": "INSTALA\u00c7\u00c3O DE PLACAS DE DENOMINA\u00c7\u00c3O NA RUA ANTONIO GUARESI, VILA TORRES, FERRARIA."}, {"id": "14609", "ano": "2020", "numero": "830", "tipo__sigla": "REQ", "tipo__descricao": "REQUERIMENTO", "autoria": "BETE DAMACENO", "texto_original": "http://sapl.campolargo.pr.leg.br/media/sapl/public/materialegislativa/2020/14609/830.pdf", "ementa": "INSTALA\u00c7\u00c3O DE PLACAS DE DENOMINA\u00c7\u00c3O NA RUA GERMANO ALEIXO, VILA TORRES, FERRARIA."}, {"id": "14610", "ano": "2020", "numero": "831", "tipo__sigla": "REQ", "tipo__descricao": "REQUERIMENTO", "autoria": "BETE DAMACENO", "texto_original": "http://sapl.campolargo.pr.leg.br/media/sapl/public/materialegislativa/2020/14610/831.pdf", "ementa": "INSTALA\u00c7\u00c3O DE PLACAS DE DENOMINA\u00c7\u00c3O NA RUA LORIVAL COSTA, VILA TORRES, FERRARIA."}, {"id": "14611", "ano": "2020", "numero": "832", "tipo__sigla": "REQ", "tipo__descricao": "REQUERIMENTO", "autoria": "BETE DAMACENO", "texto_original": "http://sapl.campolargo.pr.leg.br/media/sapl/public/materialegislativa/2020/14611/832.pdf", "ementa": "IMPLANTA\u00c7\u00c3O DE UM HOSPITAL VETERIN\u00c1RIO NO MUNIC\u00cdPIO DE CAMPO LARGO, DESTINADO AO ATENDIMENTO DE ANIMAIS EM SITUA\u00c7\u00c3O DE RISCO E/OU PERTENCENTE A FAM\u00cdLIAS DE BAIXA RENDA."}, {"id": "14612", "ano": "2020", "numero": "833", "tipo__sigla": "REQ", "tipo__descricao": "REQUERIMENTO", "autoria": "GIOVANI MARCON", "texto_original": "http://sapl.campolargo.pr.leg.br/media/sapl/public/materialegislativa/2020/14612/833.pdf", "ementa": "DISTRIBUI\u00c7\u00c3O DE EQUIPAMENTOS PARA PROTE\u00c7\u00c3O DOS FUNCION\u00c1RIOS DA PREFEITURA MUNICIPAL, BEM COMO PROMOVER ORIENTA\u00c7\u00d5ES DURANTE O PER\u00cdODO DE PANDEMIA DO COVID-19."}, {"id": "14613", "ano": "2020", "numero": "834", "tipo__sigla": "REQ", "tipo__descricao": "REQUERIMENTO", "autoria": "GIOVANI MARCON", "texto_original": "http://sapl.campolargo.pr.leg.br/media/sapl/public/materialegislativa/2020/14613/834.pdf", "ementa": "PAVIMENTA\u00c7\u00c3O ASF\u00c1LTICA NA ESTRADA DO RETIRO, DISTRITO DE BATEIAS."}, {"id": "14614", "ano": "2020", "numero": "836", "tipo__sigla": "REQ", "tipo__descricao": "REQUERIMENTO", "autoria": "GIOVANI MARCON", "texto_original": "http://sapl.campolargo.pr.leg.br/media/sapl/public/materialegislativa/2020/14614/836.pdf", "ementa": "RONDA OSTENSIVA DA GUARDA MUNICIPAL NA BR 277, DESDE O M\u00d3VEIS CAMPO LARGO AT\u00c9 A IGREJA DA RONDINHA."}, {"id": "14615", "ano": "2020", "numero": "837", "tipo__sigla": "REQ", "tipo__descricao": "REQUERIMENTO", "autoria": "GIOVANI MARCON", "texto_original": "http://sapl.campolargo.pr.leg.br/media/sapl/public/materialegislativa/2020/14615/837.pdf", "ementa": "AQUISI\u00c7\u00c3O DE C\u00c2MERAS DE SEGURAN\u00c7A PARA SEREM ACOPLADAS AOS COLETES BAL\u00cdSTICOS DA GUARDA MUNICIPAL DE CAMPO LARGO."}, {"id": "14616", "ano": "2020", "numero": "840", "tipo__sigla": "REQ", "tipo__descricao": "REQUERIMENTO", "autoria": "CLEA OLIVEIRA", "texto_original": "http://sapl.campolargo.pr.leg.br/media/sapl/public/materialegislativa/2020/14616/840.pdf", "ementa": "INFORMA\u00c7\u00d5ES DO EXECUTIVO SOBRE A DESTINA\u00c7\u00c3O DOS VALORES RECOLHIDOS PELO ESTAR DE CAMPO LARGO NOS \u00daLTIMOS TR\u00caS MESES."}, {"id": "14617", "ano": "2020", "numero": "841", "tipo__sigla": "REQ", "tipo__descricao": "REQUERIMENTO", "autoria": "CLEA OLIVEIRA", "texto_original": "http://sapl.campolargo.pr.leg.br/media/sapl/public/materialegislativa/2020/14617/841.pdf", "ementa": "CONTRATA\u00c7\u00c3O DE PSIC\u00d3LOGOS PARA DAR SUPORTE A PROFISSIONAIS DA SA\u00daDE E POPULA\u00c7\u00c3O."}, {"id": "14618", "ano": "2020", "numero": "846", "tipo__sigla": "REQ", "tipo__descricao": "REQUERIMENTO", "autoria": "MARCIO BERALDO", "texto_original": "http://sapl.campolargo.pr.leg.br/media/sapl/public/materialegislativa/2020/14618/846.pdf", "ementa": "OPERA\u00c7\u00c3O TAPA BURACOS NA RUA DAS BEG\u00d4NIAS, JARDIM DAS AC\u00c1CIAS."}, {"id": "14619", "ano": "2020", "numero": "847", "tipo__sigla": "REQ", "tipo__descricao": "REQUERIMENTO", "autoria": "MARCIO BERALDO", "texto_original": "http://sapl.campolargo.pr.leg.br/media/sapl/public/materialegislativa/2020/14619/847.pdf", "ementa": "CONSTRU\u00c7\u00c3O DE RAMPA DE ACESSIBILIDADE NA CAL\u00c7ADA DE ACESSO A ESCOLA MUNICIPAL DE EDUCA\u00c7\u00c3O B\u00c1SICA-EDUCA\u00c7\u00c3O ESPECIAL PROFESSORA NEUZA L\u00daCIA JOKENSEN BARBOSA, NA AVENIDA CRISTINA N\u00b0 420, JARDIM FLORESTAL."}, {"id": "14620", "ano": "2020", "numero": "848", "tipo__sigla": "REQ", "tipo__descricao": "REQUERIMENTO", "autoria": "MARCIO BERALDO", "texto_original": "http://sapl.campolargo.pr.leg.br/media/sapl/public/materialegislativa/2020/14620/848.pdf", "ementa": "VACINA\u00c7\u00c3O CONTRA INFLUENZA A (H1N1) DA CAMPANHA 2020, PARA TODOS OS SERVIDORES DO LEGISLATIVO MUNICIPAL."}, {"id": "14621", "ano": "2020", "numero": "849", "tipo__sigla": "REQ", "tipo__descricao": "REQUERIMENTO", "autoria": "MARCIO BERALDO", "texto_original": "http://sapl.campolargo.pr.leg.br/media/sapl/public/materialegislativa/2020/14621/849.pdf", "ementa": "MELHORIAS NA RUA DOMINGOS CORDEIRO, PARA QUE SEJA IMPLANTADO ESTACIONAMENTO PARA VE\u00cdCULOS EM AMBOS OS SENTIDOS DA VIA, DESDE A ANTIGA BR 277 AT\u00c9 A AVENIDA VEREADOR ARLINDO CHEMIM."}, {"id": "14622", "ano": "2020", "numero": "850", "tipo__sigla": "REQ", "tipo__descricao": "REQUERIMENTO", "autoria": "MARCIO BERALDO", "texto_original": "http://sapl.campolargo.pr.leg.br/media/sapl/public/materialegislativa/2020/14622/850.pdf", "ementa": "OPERA\u00c7\u00c3O TAPA BURACOS NA RUA VEREADOR JO\u00c3O DE OLIVEIRA TIGRINHO, VILA BANC\u00c1RIA."}, {"id": "14623", "ano": "2020", "numero": "851", "tipo__sigla": "REQ", "tipo__descricao": "REQUERIMENTO", "autoria": "GIOVANI MARCON", "texto_original": "http://sapl.campolargo.pr.leg.br/media/sapl/public/materialegislativa/2020/14623/851.pdf", "ementa": "PARA QUE SEJA PRORROGADO O PAGAMENTO COM DESCONTO DO IPTU PARA O M\u00caS DE AGOSTO DESTE ANO."}, {"id": "14625", "ano": "2020", "numero": "853", "tipo__sigla": "REQ", "tipo__descricao": "REQUERIMENTO", "autoria": "CLEA OLIVEIRA", "texto_original": "http://sapl.campolargo.pr.leg.br/media/sapl/public/materialegislativa/2020/14625/853.pdf", "ementa": "FORNECIMENTO DE MATERIAIS DID\u00c1TICOS ONLINE E IMPRESSOS TRIMESTRALMENTE PARA OS ALUNOS DE ENSINO FUNDAMENTAL E DE EDUCA\u00c7\u00c3O INFANTIL."}, {"id": "14629", "ano": "2020", "numero": "858", "tipo__sigla": "REQ", "tipo__descricao": "REQUERIMENTO", "autoria": "CLEA OLIVEIRA", "texto_original": "http://sapl.campolargo.pr.leg.br/media/sapl/public/materialegislativa/2020/14629/858.pdf", "ementa": "INFORMA\u00c7\u00d5ES DO EXECUTIVO DE COMO EST\u00c1 SENDO REALIZADA A FISCALIZA\u00c7\u00c3O DO USO DE M\u00c1SCARAS E \u00c1LCOOL EM GEL, NAS IND\u00daSTRIAS, EMPRESAS QUE PRESTAM SERVI\u00c7O TERCEIRIZADO AO MUNIC\u00cdPIO, COM\u00c9RCIOS, TRANSPORTE EM GERAL, TANTO P\u00daBLICO COMO PRIVADO."}, {"id": "14640", "ano": "2020", "numero": "884", "tipo__sigla": "REQ", "tipo__descricao": "REQUERIMENTO", "autoria": "CLEA OLIVEIRA", "texto_original": "http://sapl.campolargo.pr.leg.br/media/sapl/public/materialegislativa/2020/14640/884.pdf", "ementa": "ATENDIMENTO PRIORIT\u00c1RIO \u00c0S REQUISI\u00c7\u00d5ES URGENTES DE PACIENTES ATENDIDOS NAS UNIDADES B\u00c1SICAS DE SA\u00daDE."}, {"id": "14647", "ano": "2020", "numero": "895", "tipo__sigla": "REQ", "tipo__descricao": "REQUERIMENTO", "autoria": "MARCIO BERALDO", "texto_original": "http://sapl.campolargo.pr.leg.br/media/sapl/public/materialegislativa/2020/14647/895.pdf", "ementa": "ABRIGO PARA O PONTO DE \u00d4NIBUS DA RUA WALDEMAR LEO BRAGA, ESQUINA COM A RUA BATISTA CAVALIN, JARDIM SOCIAL."}, {"id": "14648", "ano": "2020", "numero": "896", "tipo__sigla": "REQ", "tipo__descricao": "REQUERIMENTO", "autoria": "MARCIO BERALDO", "texto_original": "http://sapl.campolargo.pr.leg.br/media/sapl/public/materialegislativa/2020/14648/896.pdf", "ementa": "CONSERTO DO BUEIRO DA RUA ALCEB\u00cdADES AFONSO GUIMAR\u00c3ES, N\u00b0 4073, \u00c1GUAS CLARAS."}, {"id": "14649", "ano": "2020", "numero": "897", "tipo__sigla": "REQ", "tipo__descricao": "REQUERIMENTO", "autoria": "MARCIO BERALDO", "texto_original": "http://sapl.campolargo.pr.leg.br/media/sapl/public/materialegislativa/2020/14649/897.pdf", "ementa": "CONSTRU\u00c7\u00c3O DE RAMPA DE ACESSIBILIDADE NA CAL\u00c7ADA DE ACESSO A ESCOLA MUNICIPAL MARIA JOANA FERREIRA MAROCHI, LOCALIZADA NA RUA S\u00c3O PAULO, N\u00b0 169, JARDIM ESMERALDA."}, {"id": "14650", "ano": "2020", "numero": "898", "tipo__sigla": "REQ", "tipo__descricao": "REQUERIMENTO", "autoria": "MARCIO BERALDO", "texto_original": "http://sapl.campolargo.pr.leg.br/media/sapl/public/materialegislativa/2020/14650/898.pdf", "ementa": "INSTALA\u00c7\u00c3O DE L\u00c2MPADAS DE LED NA RUA FRANCISCO GON\u00c7ALVES FABR\u00cdCIO, DISTRITO DE BATEIAS."}, {"id": "14651", "ano": "2020", "numero": "899", "tipo__sigla": "REQ", "tipo__descricao": "REQUERIMENTO", "autoria": "GIOVANI MARCON", "texto_original": "http://sapl.campolargo.pr.leg.br/media/sapl/public/materialegislativa/2020/14651/899.pdf", "ementa": "PARA QUE O PROCON MUNICIPAL FISCALIZE E TOME PROVID\u00caNCIAS QUANTO AO AUMENTO ABUSIVO DE PRE\u00c7O EM RELA\u00c7\u00c3O AOS PRODUTOS DE NECESSIDADE B\u00c1SICA."}, {"id": "14652", "ano": "2020", "numero": "900", "tipo__sigla": "REQ", "tipo__descricao": "REQUERIMENTO", "autoria": "GIOVANI MARCON", "texto_original": "http://sapl.campolargo.pr.leg.br/media/sapl/public/materialegislativa/2020/14652/900.pdf", "ementa": "RETORNO DA LINHA \"MADRUGUEIRO\"."}, {"id": "14654", "ano": "2020", "numero": "901", "tipo__sigla": "REQ", "tipo__descricao": "REQUERIMENTO", "autoria": "GIOVANI MARCON", "texto_original": "http://sapl.campolargo.pr.leg.br/media/sapl/public/materialegislativa/2020/14654/901.pdf", "ementa": "PARA QUE A EMPRESA DE \u00d4NIBUS TRANSPIEDADE TOME PROVID\u00caNCIAS QUANTO AS LINHAS DE \u00d4NIBUS QUE FORAM RETIRADAS DURANTE ESSE PER\u00cdODO DE PANDEMIA."}, {"id": "14653", "ano": "2020", "numero": "902", "tipo__sigla": "REQ", "tipo__descricao": "REQUERIMENTO", "autoria": "GIOVANI MARCON", "texto_original": "http://sapl.campolargo.pr.leg.br/media/sapl/public/materialegislativa/2020/14653/902.pdf", "ementa": "PARA QUE O EXECUTIVO MUNICIPAL REALIZE PLANO PARA SUSPENS\u00c3O PELO PER\u00cdODO DE 90 DIAS DOS DESCONTOS EM FOLHA DE EMPR\u00c9STIMOS CONSIGNADOS DE SERVIDORES P\u00daBLICOS MUNICIPAIS."}, {"id": "14655", "ano": "2020", "numero": "903", "tipo__sigla": "REQ", "tipo__descricao": "REQUERIMENTO", "autoria": "GIOVANI MARCON", "texto_original": "http://sapl.campolargo.pr.leg.br/media/sapl/public/materialegislativa/2020/14655/903.pdf", "ementa": "PLACAS INDICATIVAS DE VELOCIDADE NA AVENIDA CRISTINA, PR\u00d3XIMO AO MERCADO BONFIM."}, {"id": "14657", "ano": "2020", "numero": "908", "tipo__sigla": "REQ", "tipo__descricao": "REQUERIMENTO", "autoria": "BETE DAMACENO", "texto_original": "http://sapl.campolargo.pr.leg.br/media/sapl/public/materialegislativa/2020/14657/908.pdf", "ementa": "PLACAS DE DENOMINA\u00c7\u00c3O NA RUA AMBR\u00d3ZIO CRUZARA, VILA TORRES, FERRARIA."}, {"id": "14658", "ano": "2020", "numero": "909", "tipo__sigla": "REQ", "tipo__descricao": "REQUERIMENTO", "autoria": "BETE DAMACENO", "texto_original": "http://sapl.campolargo.pr.leg.br/media/sapl/public/materialegislativa/2020/14658/909.pdf", "ementa": "C\u00d3PIA COM DETALHAMENTO DOS VALORES DA OBRA DA UNIDADE B\u00c1SICA DE SA\u00daDE DO GUARANI, FERRARIA."}, {"id": "14659", "ano": "2020", "numero": "910", "tipo__sigla": "REQ", "tipo__descricao": "REQUERIMENTO", "autoria": "BETE DAMACENO", "texto_original": "http://sapl.campolargo.pr.leg.br/media/sapl/public/materialegislativa/2020/14659/910.pdf", "ementa": "INFORMA\u00c7\u00d5ES SOBRE A PREVIS\u00c3O DE COME\u00c7O DAS OBRAS DA RUA MATO GROSSO NAS ETAPAS 1 E 2."}, {"id": "14660", "ano": "2020", "numero": "911", "tipo__sigla": "REQ", "tipo__descricao": "REQUERIMENTO", "autoria": "BETE DAMACENO", "texto_original": "http://sapl.campolargo.pr.leg.br/media/sapl/public/materialegislativa/2020/14660/911.pdf", "ementa": "PATROLAMENTO E COLOCA\u00c7\u00c3O DE MATERIAL FRESADO NA RUA DAS PERDIZES, VILA GILCY."}, {"id": "14661", "ano": "2020", "numero": "912", "tipo__sigla": "REQ", "tipo__descricao": "REQUERIMENTO", "autoria": "BETE DAMACENO", "texto_original": "http://sapl.campolargo.pr.leg.br/media/sapl/public/materialegislativa/2020/14661/912.pdf", "ementa": "PAVIMENTA\u00c7\u00c3O ASF\u00c1LTICA NA RUA ARARAS, NO TRECHO ENTRE AS RUAS UIRAPURU E CARLOS GOMES, VILA GILCY."}, {"id": "14666", "ano": "2020", "numero": "914", "tipo__sigla": "REQ", "tipo__descricao": "REQUERIMENTO", "autoria": "JO\u00c3O D'\u00c1GUA", "texto_original": "http://sapl.campolargo.pr.leg.br/media/sapl/public/materialegislativa/2020/14666/914.pdf", "ementa": "SOLICITO O ESTUDO DE EXTENS\u00c3O DO TRAJETO DO TRANSPORTE P\u00daBLICO LINHA CAMPO DO MEIO, COM A COLOCA\u00c7\u00c3O DO PONTO DE \u00d4NIBUS."}, {"id": "14663", "ano": "2020", "numero": "916", "tipo__sigla": "REQ", "tipo__descricao": "REQUERIMENTO", "autoria": "CLEA OLIVEIRA", "texto_original": "http://sapl.campolargo.pr.leg.br/media/sapl/public/materialegislativa/2020/14663/916.pdf", "ementa": "ATUALIZA\u00c7\u00c3O DA LEI ORG\u00c2NICA MUNICIPAL NO SITE DE LEIS MUNICIPAIS."}, {"id": "14664", "ano": "2020", "numero": "917", "tipo__sigla": "REQ", "tipo__descricao": "REQUERIMENTO", "autoria": "CLEA OLIVEIRA", "texto_original": "http://sapl.campolargo.pr.leg.br/media/sapl/public/materialegislativa/2020/14664/917.pdf", "ementa": "INFORMA\u00c7\u00d5ES SOBRE OS CENTROS DE REFER\u00caNCIA DE ASSIST\u00caNCIA SOCIAL - CRAS MELIANE, CRAS RIVABEM E CRAS FERRARIA."}, {"id": "14665", "ano": "2020", "numero": "918", "tipo__sigla": "REQ", "tipo__descricao": "REQUERIMENTO", "autoria": "CLEA OLIVEIRA", "texto_original": "http://sapl.campolargo.pr.leg.br/media/sapl/public/materialegislativa/2020/14665/918.pdf", "ementa": "INFORMA\u00c7\u00d5ES SOBRE A ABERTURA DE CR\u00c9DITO ADICIONAL EXTRAORDIN\u00c1RIO NO OR\u00c7AMENTO PARA O EXERC\u00cdCIO DE 2020."}, {"id": "14667", "ano": "2020", "numero": "922", "tipo__sigla": "REQ", "tipo__descricao": "REQUERIMENTO", "autoria": "MARCIO BERALDO", "texto_original": "http://sapl.campolargo.pr.leg.br/media/sapl/public/materialegislativa/2020/14667/922.pdf", "ementa": "MELHORIAS NA SINALIZA\u00c7\u00c3O HORIZONTAL E VERTICAL NA RUA OLINTO SPR\u00c9A, FERRARIA."}, {"id": "14675", "ano": "2020", "numero": "935", "tipo__sigla": "REQ", "tipo__descricao": "REQUERIMENTO", "autoria": "MARCIO BERALDO", "texto_original": "http://sapl.campolargo.pr.leg.br/media/sapl/public/materialegislativa/2020/14675/935.pdf", "ementa": "REQUERENDO CONSTRU\u00c7\u00c3O DE RAMPA DE ACESSIBILIDADE PARA PESSOAS PORTADORAS DE DEFICI\u00caNCIA OU COM MOBILIDADE REDUZIDA, NA CAL\u00c7ADA DE ACESSO \u00c0 ESCOLA MUNICIPAL SOLIDARIEDADE, COM ENDERE\u00c7O NA RUA VICENTE NALEPA, 3800 - COL\u00d4NIA DOM PEDRO, CAMPO LARGO."}, {"id": "14676", "ano": "2020", "numero": "943", "tipo__sigla": "REQ", "tipo__descricao": "REQUERIMENTO", "autoria": "MARCIO BERALDO", "texto_original": "http://sapl.campolargo.pr.leg.br/media/sapl/public/materialegislativa/2020/14676/943.pdf", "ementa": "REQUERENDO PLACA DE IDENTIFICA\u00c7\u00c3O DA RUA \"ESTRADA DOM RODRIGO\", LOTEAMENTO ITABOA, CAMPO LARGO."}, {"id": "14677", "ano": "2020", "numero": "945", "tipo__sigla": "REQ", "tipo__descricao": "REQUERIMENTO", "autoria": "GIOVANI MARCON", "texto_original": "http://sapl.campolargo.pr.leg.br/media/sapl/public/materialegislativa/2020/14677/945.pdf", "ementa": "QUE SEJA DISPONIBILIZADO UMA AMBUL\u00c2NCIA PARA A UNIDADE B\u00c1SICA DE SA\u00daDE VILA GL\u00d3RIA."}, {"id": "14678", "ano": "2020", "numero": "946", "tipo__sigla": "REQ", "tipo__descricao": "REQUERIMENTO", "autoria": "GIOVANI MARCON", "texto_original": "http://sapl.campolargo.pr.leg.br/media/sapl/public/materialegislativa/2020/14678/946.pdf", "ementa": "QUE SEJA CRIADA UMA COORDENADORIA DE POL\u00cdTICAS P\u00daBLICAS PARA MULHERES."}, {"id": "14679", "ano": "2020", "numero": "947", "tipo__sigla": "REQ", "tipo__descricao": "REQUERIMENTO", "autoria": "GIOVANI MARCON", "texto_original": "http://sapl.campolargo.pr.leg.br/media/sapl/public/materialegislativa/2020/14679/947.pdf", "ementa": "QUE SEJA DISPONIBILIZADO \u00d4NIBUS COM AR-CONDICIONADO PARA OS USU\u00c1RIOS DO TRANSPORTE P\u00daBLICO DO INTERIOR DO MUNIC\u00cdPIO."}, {"id": "14680", "ano": "2020", "numero": "948", "tipo__sigla": "REQ", "tipo__descricao": "REQUERIMENTO", "autoria": "GIOVANI MARCON", "texto_original": "http://sapl.campolargo.pr.leg.br/media/sapl/public/materialegislativa/2020/14680/948.pdf", "ementa": "VIABILIZAR A INSTALA\u00c7\u00c3O DE UMA MINI ARENA NO DISTRITO DE TR\u00caS C\u00d3RREGOS (NAS PROXIMIDADES DA ESCOLA MUNICIPAL AUGUSTO PIRES DE PAULA E UNIDADE B\u00c1SICA DE SA\u00daDE TR\u00caS C\u00d3RREGOS), DISTRITO DE TR\u00caS C\u00d3RREGOS."}, {"id": "14681", "ano": "2020", "numero": "957", "tipo__sigla": "REQ", "tipo__descricao": "REQUERIMENTO", "autoria": "CLAIRTON ALEM\u00c3O", "texto_original": "http://sapl.campolargo.pr.leg.br/media/sapl/public/materialegislativa/2020/14681/957.pdf", "ementa": "SOLICITANDO C\u00d3PIA DA DISPENSA 102/2020, REFERENTE AO PROCESSO ADMINISTRATIVO 12197/2020."}, {"id": "14682", "ano": "2020", "numero": "958", "tipo__sigla": "REQ", "tipo__descricao": "REQUERIMENTO", "autoria": "CLAIRTON ALEM\u00c3O", "texto_original": "http://sapl.campolargo.pr.leg.br/media/sapl/public/materialegislativa/2020/14682/958.pdf", "ementa": "SOLICITANDO QUE INTERCEDA JUNTO AO PROVOPAR ESTADUAL O FORNECIMENTO DE \"CESTAS B\u00c1SICAS\" PARA AS FAM\u00cdLIAS QUE SE ENCONTRAM IMPOSSIBILITADAS DE ARCAR COM A ALIMENTA\u00c7\u00c3O, PRINCIPALMENTE NESSE MOMENTO DE CRISE."}, {"id": "14683", "ano": "2020", "numero": "960", "tipo__sigla": "REQ", "tipo__descricao": "REQUERIMENTO", "autoria": "DARCI ANDREASSA", "texto_original": "http://sapl.campolargo.pr.leg.br/media/sapl/public/materialegislativa/2020/14683/960.pdf", "ementa": "SOLICITO LIMPEZA DOS BUEIROS NA RUA ARTUR TANER, BAIRRO JARDIM ITAQUI."}, {"id": "14684", "ano": "2020", "numero": "963", "tipo__sigla": "REQ", "tipo__descricao": "REQUERIMENTO", "autoria": "BETE DAMACENO", "texto_original": "http://sapl.campolargo.pr.leg.br/media/sapl/public/materialegislativa/2020/14684/963.pdf", "ementa": "A POSSIBILIDADE DE UMA BONIFICA\u00c7\u00c3O SALARIAL DE 5% (CINCO POR CENTO) AOS AGENTES COMUNIT\u00c1RIOS DEVIDA ESTA PANDEMIA."}, {"id": "14685", "ano": "2020", "numero": "964", "tipo__sigla": "REQ", "tipo__descricao": "REQUERIMENTO", "autoria": "BETE DAMACENO", "texto_original": "http://sapl.campolargo.pr.leg.br/media/sapl/public/materialegislativa/2020/14685/964.pdf", "ementa": "A POSSIBILIDADE ENTREGA DE MEDICAMENTOS FORNECIDOS PELA FARM\u00c1CIA ESPECIAL 1 VEZ POR SEMANA NAS UNIDADES DE SA\u00daDE DO INTERIOR ENQUANTO DURAR ESTA EPIDEMIA DO COVID-19 EM CAMPO LARGO."}, {"id": "14686", "ano": "2020", "numero": "966", "tipo__sigla": "REQ", "tipo__descricao": "REQUERIMENTO", "autoria": "BETE DAMACENO", "texto_original": "http://sapl.campolargo.pr.leg.br/media/sapl/public/materialegislativa/2020/14686/966.pdf", "ementa": "MELHORIAS NA SINALIZA\u00c7\u00c3O DE TR\u00c2NSITO ENTRE, A RUA SERGIPE NO JARDIM BOA VISTA AT\u00c9 A RUA CAMPOLIM ROSSA NO FERRARIA CAMPO LARGO."}, {"id": "14687", "ano": "2020", "numero": "969", "tipo__sigla": "REQ", "tipo__descricao": "REQUERIMENTO", "autoria": "BETE DAMACENO", "texto_original": "http://sapl.campolargo.pr.leg.br/media/sapl/public/materialegislativa/2020/14687/969.pdf", "ementa": "INFORMA\u00c7\u00d5ES ACERCA DO DECRETO N\u00ba 210, DE 08 DE AGOSTO DE 2016."}, {"id": "14689", "ano": "2020", "numero": "970", "tipo__sigla": "REQ", "tipo__descricao": "REQUERIMENTO", "autoria": "CLEA OLIVEIRA", "texto_original": "http://sapl.campolargo.pr.leg.br/media/sapl/public/materialegislativa/2020/14689/970.pdf", "ementa": "SEJA DISPONIBILIZADO NO SITE DA PREFEITURA INFORMA\u00c7\u00d5ES SOBRE QUAIS RES\u00cdDUOS A PREFEITURA RECOLHE, QUAIS S\u00c3O RECOLHIDOS PELO CAMINH\u00c3O DE LIXO E CA\u00c7AMBAS (CONTRATADAS) QUAIS S\u00c3O AUTORIZADAS A RECOLHER, DESTE MUNIC\u00cdPIO."}, {"id": "14688", "ano": "2020", "numero": "971", "tipo__sigla": "REQ", "tipo__descricao": "REQUERIMENTO", "autoria": "CLEA OLIVEIRA", "texto_original": "http://sapl.campolargo.pr.leg.br/media/sapl/public/materialegislativa/2020/14688/971.pdf", "ementa": "INFORMA\u00c7\u00d5ES ATUALIZADAS SOBRE OS CASOS DE DENGUE NO MUNIC\u00cdPIO NA P\u00c1GINA INICIAL DO SITE DA PREFEITURA, DESTE MUNIC\u00cdPIO."}, {"id": "14673", "ano": "2020", "numero": "973", "tipo__sigla": "REQ", "tipo__descricao": "REQUERIMENTO", "autoria": "GIOVANI MARCON", "texto_original": "http://sapl.campolargo.pr.leg.br/media/sapl/public/materialegislativa/2020/14673/973.pdf", "ementa": "QUE SEJA REALIZADO A REFORMA DA ESTRUTURA INTERNA E EXTERNA (TELHADO, PAREDES, PISO E PINTURA), DA ESCOLA MUNICIPAL AUGUSTO PIRES DE PAULA, DISTRITO DE TR\u00caS C\u00d3RREGOS."}, {"id": "14690", "ano": "2020", "numero": "974", "tipo__sigla": "REQ", "tipo__descricao": "REQUERIMENTO", "autoria": "MARCIO BERALDO", "texto_original": "http://sapl.campolargo.pr.leg.br/media/sapl/public/materialegislativa/2020/14690/974.pdf", "ementa": "REQUERENDO RECOLOCA\u00c7\u00c3O DE AREIA NO PARQUINHO DA PRA\u00c7A DA POL\u00d4NIA, BAIRRO CENTRO, CAMPO LARGO."}, {"id": "14691", "ano": "2020", "numero": "975", "tipo__sigla": "REQ", "tipo__descricao": "REQUERIMENTO", "autoria": "MARCIO BERALDO", "texto_original": "http://sapl.campolargo.pr.leg.br/media/sapl/public/materialegislativa/2020/14691/975.pdf", "ementa": "REQUERENDO QUE SEJA FEITO REPERFILAMENTO ASF\u00c1LTICO EM TODA A EXTENS\u00c3O DA RUA GUMERCINDO EMILIANO VIEIRA, BAIRRO VILA RIVABEM, CAMPO LARGO."}, {"id": "14692", "ano": "2020", "numero": "976", "tipo__sigla": "REQ", "tipo__descricao": "REQUERIMENTO", "autoria": "MARCIO BERALDO", "texto_original": "http://sapl.campolargo.pr.leg.br/media/sapl/public/materialegislativa/2020/14692/976.pdf", "ementa": "SOLICITANDO INFORMA\u00c7\u00d5ES SOBRE COMO SE D\u00c1 A INTEGRA\u00c7\u00c3O ENTRE OS CRAS (CENTRO DE REFER\u00caNCIA DE ASSIST\u00caNCIA SOCIAL) DO MUNIC\u00cdPIO E A SECRETARIA MUNICIPAL DE SA\u00daDE DE CAMPO LARGO."}, {"id": "14696", "ano": "2020", "numero": "980", "tipo__sigla": "REQ", "tipo__descricao": "REQUERIMENTO", "autoria": "BETE DAMACENO", "texto_original": "http://sapl.campolargo.pr.leg.br/media/sapl/public/materialegislativa/2020/14696/980.pdf", "ementa": "INFORMA\u00c7\u00d5ES SOBRE A PREVIS\u00c3O DE INICIO E T\u00c9RMINO DAS OBRAS DE PAVIMENTA\u00c7\u00c3O NA RUA JO\u00c3O MOREIRA, DONA FINA - FERRARIA."}, {"id": "14699", "ano": "2020", "numero": "981", "tipo__sigla": "REQ", "tipo__descricao": "REQUERIMENTO", "autoria": "CLEA OLIVEIRA", "texto_original": "http://sapl.campolargo.pr.leg.br/media/sapl/public/materialegislativa/2020/14699/981.pdf", "ementa": "SEJA ANALISADA A IMPOSSIBILIDADE DE IMPLANTA\u00c7\u00c3O DE UNIDADE DE AMPARO AOS CIDAD\u00c3OS DE EXTREMA POBREZA E DENOMINADA COMO \"CASA DE PASSAGEM CAMPO LARGO\"."}, {"id": "14694", "ano": "2020", "numero": "982", "tipo__sigla": "REQ", "tipo__descricao": "REQUERIMENTO", "autoria": "CLEA OLIVEIRA", "texto_original": "http://sapl.campolargo.pr.leg.br/media/sapl/public/materialegislativa/2020/14694/982.pdf", "ementa": "SOLICITANDO CAMPANHAS DE CONSCIENTIZA\u00c7\u00c3O PARA A POPULA\u00c7\u00c3O SOBRE A LEI 3.206/2020, DESTE MUNIC\u00cdPIO."}, {"id": "14693", "ano": "2020", "numero": "983", "tipo__sigla": "REQ", "tipo__descricao": "REQUERIMENTO", "autoria": "CLEA OLIVEIRA", "texto_original": "http://sapl.campolargo.pr.leg.br/media/sapl/public/materialegislativa/2020/14693/983.pdf", "ementa": "INFORMA\u00c7\u00d5ES SE FOI CONSTATADA PR\u00c1TICA DE AUMENTO ABUSIVO DE PRE\u00c7OS EM ESTABELECIMENTOS COMERCIAIS NOS \u00daLTIMOS TR\u00caS MESES NO MUNIC\u00cdPIO."}, {"id": "14700", "ano": "2020", "numero": "989", "tipo__sigla": "REQ", "tipo__descricao": "REQUERIMENTO", "autoria": "BETINHO", "texto_original": "http://sapl.campolargo.pr.leg.br/media/sapl/public/materialegislativa/2020/14700/989.pdf", "ementa": "PARA QUE SEJA FEITO UM TRABALHO DE FISCALIZA\u00c7\u00c3O EM POSS\u00cdVEIS FOCOS DA DENGUE, POR PARTE DA VIGIL\u00c2NCIA SANIT\u00c1RIA DA PREFEITURA MUNICIPAL DE CAMPO LARGO, NO BAIRRO VILA OTTO."}, {"id": "14701", "ano": "2020", "numero": "990", "tipo__sigla": "REQ", "tipo__descricao": "REQUERIMENTO", "autoria": "BETINHO", "texto_original": "http://sapl.campolargo.pr.leg.br/media/sapl/public/materialegislativa/2020/14701/990.pdf", "ementa": "PARA QUE SEJA FEITO UM TRABALHO DE FISCALIZA\u00c7\u00c3O EM POSS\u00cdVEIS FOCOS DA DENGUE, POR PARTE DA VIGIL\u00c2NCIA SANIT\u00c1RIA DA PREFEITURA MUNICIPAL DE CAMPO LARGO, NO BAIRRO VILA SOLENE."}, {"id": "14702", "ano": "2020", "numero": "991", "tipo__sigla": "REQ", "tipo__descricao": "REQUERIMENTO", "autoria": "BETINHO", "texto_original": "http://sapl.campolargo.pr.leg.br/media/sapl/public/materialegislativa/2020/14702/991.pdf", "ementa": "PARA QUE SE VERIFIQUE SE H\u00c1 LIGA\u00c7\u00c3O DE REDE COLETORA DE ESGOTO EM TODA A EXTENS\u00c3O DO RIO CAMBU\u00cd."}, {"id": "14703", "ano": "2020", "numero": "992", "tipo__sigla": "REQ", "tipo__descricao": "REQUERIMENTO", "autoria": "BETINHO", "texto_original": "http://sapl.campolargo.pr.leg.br/media/sapl/public/materialegislativa/2020/14703/992.pdf", "ementa": "PARA QUE SEJA FEITO UM TRABALHO DE FISCALIZA\u00c7\u00c3O EM POSS\u00cdVEIS FOCOS DA DENGUE, POR PARTE DA VIGIL\u00c2NCIA SANIT\u00c1RIA DA PREFEITURA MUNICIPAL DE CAMPO LARGO, NO BAIRRO VILA ELIZABETTE."}, {"id": "14704", "ano": "2020", "numero": "993", "tipo__sigla": "REQ", "tipo__descricao": "REQUERIMENTO", "autoria": "BETINHO", "texto_original": "http://sapl.campolargo.pr.leg.br/media/sapl/public/materialegislativa/2020/14704/993.pdf", "ementa": "PARA QUE SEJA FEITO UM TRABALHO DE FISCALIZA\u00c7\u00c3O EM POSS\u00cdVEIS FOCOS DA DENGUE, POR PARTE DA VIGIL\u00c2NCIA SANIT\u00c1RIA DA PREFEITURA MUNICIPAL DE CAMPO LARGO, NO BAIRRO JARDIM PADRE ANCHIETA (LOTEAMENTO RASEIRA)."}, {"id": "14706", "ano": "2020", "numero": "1001", "tipo__sigla": "REQ", "tipo__descricao": "REQUERIMENTO", "autoria": "MARCIO BERALDO", "texto_original": "http://sapl.campolargo.pr.leg.br/media/sapl/public/materialegislativa/2020/14706/1001.pdf", "ementa": "REQUERENDO QUE SEJA FEITO PAVIMENTA\u00c7\u00c3O ASF\u00c1LTICA NA RUA JORGE DEM\u00c9TRIO PAULISTA, A PARTIR DA ESQUINA DA RUA TREZE AT\u00c9 O SEU T\u00c9RMINO, NO LOTEAMENTO S\u00c3O GER\u00d4NIMO, CAMPO LARGO."}, {"id": "14707", "ano": "2020", "numero": "1002", "tipo__sigla": "REQ", "tipo__descricao": "REQUERIMENTO", "autoria": "MARCIO BERALDO", "texto_original": "http://sapl.campolargo.pr.leg.br/media/sapl/public/materialegislativa/2020/14707/1002.pdf", "ementa": "SOLICITANDO URGENTE VIABILIDADE T\u00c9CNICA E FINANCEIRA DA PREFEITURA DE CAMPO LARGO CONCEDER ANISTIA, AT\u00c9 QUE PERDURE A SUSPENS\u00c3O DAS ATIVIDADES DEVIDO AO COVID-19, \u00c0 IMPOSTOS E TAXAS, BEM COMO VALOR DE VISTORIA, PARA PROPRIET\u00c1RIOS DE VANS ESCOLARES NO NOSSO MUNIC\u00cdPIO."}, {"id": "14708", "ano": "2020", "numero": "1006", "tipo__sigla": "REQ", "tipo__descricao": "REQUERIMENTO", "autoria": "CLEA OLIVEIRA", "texto_original": "http://sapl.campolargo.pr.leg.br/media/sapl/public/materialegislativa/2020/14708/1006.pdf", "ementa": "SOLICITANDO PARCERIA COM A SANEPAR PARA CONSTRU\u00c7\u00c3O DE FOSSAS COMUNIT\u00c1RIAS, NA RUA TR\u00caS, BAIRRO BOM JESUS DESTE MUNIC\u00cdPIO."}, {"id": "14709", "ano": "2020", "numero": "1007", "tipo__sigla": "REQ", "tipo__descricao": "REQUERIMENTO", "autoria": "CLEA OLIVEIRA", "texto_original": "http://sapl.campolargo.pr.leg.br/media/sapl/public/materialegislativa/2020/14709/1007.pdf", "ementa": "SOLICITANDO A CRIA\u00c7\u00c3O DA PROCURADORIA DA MULHER, NESTE MUNIC\u00cdPIO."}, {"id": "14710", "ano": "2020", "numero": "1008", "tipo__sigla": "REQ", "tipo__descricao": "REQUERIMENTO", "autoria": "CLEA OLIVEIRA", "texto_original": "http://sapl.campolargo.pr.leg.br/media/sapl/public/materialegislativa/2020/14710/1008.pdf", "ementa": "SOLICITANDO CAMPANHAS DE CONSCIENTIZA\u00c7\u00c3O PARA REDUZIR O DESPERD\u00cdCIO DE \u00c1GUA, NESTE MUNIC\u00cdPIO."}, {"id": "14711", "ano": "2020", "numero": "1009", "tipo__sigla": "REQ", "tipo__descricao": "REQUERIMENTO", "autoria": "CLEA OLIVEIRA", "texto_original": "http://sapl.campolargo.pr.leg.br/media/sapl/public/materialegislativa/2020/14711/1009.pdf", "ementa": "PARA QUE VERIFIQUE JUNTAMENTE \u00c0S INSTITUI\u00c7\u00d5ES BANC\u00c1RIAS A POSSIBILIDADE DE INSTALA\u00c7\u00c3O DE POSTO DE ATENDIMENTO BANC\u00c1RIO NA AVENIDA PORCELANA, BAIRRO ITAQUI DESTE MUNIC\u00cdPIO."}, {"id": "14712", "ano": "2020", "numero": "1010", "tipo__sigla": "REQ", "tipo__descricao": "REQUERIMENTO", "autoria": "CLEA OLIVEIRA", "texto_original": "http://sapl.campolargo.pr.leg.br/media/sapl/public/materialegislativa/2020/14712/1010.pdf", "ementa": "SOLICITANDO M\u00d3DULO DA GUARDA MUNICIPAL NO PARQUE NEWTON PUPPI, DESTE MUNIC\u00cdPIO."}, {"id": "14713", "ano": "2020", "numero": "1016", "tipo__sigla": "REQ", "tipo__descricao": "REQUERIMENTO", "autoria": "BETE DAMACENO", "texto_original": "http://sapl.campolargo.pr.leg.br/media/sapl/public/materialegislativa/2020/14713/1016.pdf", "ementa": "QUE SEJA FEITA MELHORIAS NA ILUMINA\u00c7\u00c3O COM LAMPADAS DE LED NA RUA ALBERTO DYBAS, COL\u00d4NIA REBOL\u00c7AS, FERRARIA, CAMPO LARGO."}, {"id": "14723", "ano": "2020", "numero": "1017", "tipo__sigla": "REQ", "tipo__descricao": "REQUERIMENTO", "autoria": "BETE DAMACENO", "texto_original": "http://sapl.campolargo.pr.leg.br/media/sapl/public/materialegislativa/2020/14723/1017.pdf", "ementa": "MATERIAL FRESADO NA RUA LEONARDO HOMAM, ANTENA MARUMBI, PASSA\u00daNA, FERRARIA."}, {"id": "14714", "ano": "2020", "numero": "1019", "tipo__sigla": "REQ", "tipo__descricao": "REQUERIMENTO", "autoria": "BETE DAMACENO", "texto_original": "http://sapl.campolargo.pr.leg.br/media/sapl/public/materialegislativa/2020/14714/1019.pdf", "ementa": "ACADEMIA DE MUSCULA\u00c7\u00c3O NO PARQUE CAMBU\u00cd."}, {"id": "14715", "ano": "2020", "numero": "1020", "tipo__sigla": "REQ", "tipo__descricao": "REQUERIMENTO", "autoria": "BETE DAMACENO", "texto_original": "http://sapl.campolargo.pr.leg.br/media/sapl/public/materialegislativa/2020/14715/1020.pdf", "ementa": "C\u00d3PIA DAS NOTAS DE ENTREGA DE MASSA DE ASFALTO FRIO DO DIA 01/05/2020 AT\u00c9 O DIA 15/05/2020."}, {"id": "14716", "ano": "2020", "numero": "1021", "tipo__sigla": "REQ", "tipo__descricao": "REQUERIMENTO", "autoria": "GIOVANI MARCON", "texto_original": "http://sapl.campolargo.pr.leg.br/media/sapl/public/materialegislativa/2020/14716/1021.pdf", "ementa": "INFORMA\u00c7\u00d5ES ACERCA DA CONCESS\u00c3O DO TRANSPORTE COLETIVO."}, {"id": "14717", "ano": "2020", "numero": "1022", "tipo__sigla": "REQ", "tipo__descricao": "REQUERIMENTO", "autoria": "GIOVANI MARCON", "texto_original": "http://sapl.campolargo.pr.leg.br/media/sapl/public/materialegislativa/2020/14717/1022.pdf", "ementa": "INFORMA\u00c7\u00d5ES DO EXECUTIVO DE COMO \u00c9 FEITO O CONTROLE ESTAT\u00cdSTICO REFERENTE A PANDEMIA DO COVID-19"}, {"id": "14718", "ano": "2020", "numero": "1023", "tipo__sigla": "REQ", "tipo__descricao": "REQUERIMENTO", "autoria": "GIOVANI MARCON", "texto_original": "http://sapl.campolargo.pr.leg.br/media/sapl/public/materialegislativa/2020/14718/1023.pdf", "ementa": "PARA QUE O EXECUTIVO FA\u00c7A CUMPRIR A LEI MUNICIPAL 3.046/2019"}, {"id": "14719", "ano": "2020", "numero": "1024", "tipo__sigla": "REQ", "tipo__descricao": "REQUERIMENTO", "autoria": "GIOVANI MARCON", "texto_original": "http://sapl.campolargo.pr.leg.br/media/sapl/public/materialegislativa/2020/14719/1024.pdf", "ementa": "INFORMA\u00c7\u00d5ES SOBRE PROCEDIMENTOS QUE EST\u00c3O SENDO TOMADOS PELA ADMINISTRA\u00c7\u00c3O P\u00daBLICA REFERENTE AO TRANSPORTE ESCOLAR, DURANTE O PER\u00cdODO DE PANDEMIA."}, {"id": "14720", "ano": "2020", "numero": "1025", "tipo__sigla": "REQ", "tipo__descricao": "REQUERIMENTO", "autoria": "GIOVANI MARCON", "texto_original": "http://sapl.campolargo.pr.leg.br/media/sapl/public/materialegislativa/2020/14720/1025.pdf", "ementa": "INSTALA\u00c7\u00c3O DE MINI ARENA NO DISTRITO DE S\u00c3O SILVESTRE, PR\u00d3XIMO A ESCOLA MUNICIPAL NICOLAU MORAIS DE CASTRO."}, {"id": "14721", "ano": "2020", "numero": "1028", "tipo__sigla": "REQ", "tipo__descricao": "REQUERIMENTO", "autoria": "MARCIO BERALDO", "texto_original": "http://sapl.campolargo.pr.leg.br/media/sapl/public/materialegislativa/2020/14721/1028.pdf", "ementa": "RAMPA DE ACESSIBILIDADE NA CAL\u00c7ADA DE ACESSO A ESCOLA MUNICIPAL 15 DE OUTUBRO, NA RUA PETR\u00d3POLIS."}, {"id": "14722", "ano": "2020", "numero": "1030", "tipo__sigla": "REQ", "tipo__descricao": "REQUERIMENTO", "autoria": "MARCIO BERALDO", "texto_original": "http://sapl.campolargo.pr.leg.br/media/sapl/public/materialegislativa/2020/14722/1030.pdf", "ementa": "CONSTRU\u00c7\u00c3O DE CAL\u00c7ADA EM TORNO DA ESCOLA MUNICIPAL 15 DE OUTUBRO, RUA NITER\u00d3I ESQUINA COM A RUA PETR\u00d3POLIS, JARDIM RIVABEM."}, {"id": "14724", "ano": "2020", "numero": "1033", "tipo__sigla": "REQ", "tipo__descricao": "REQUERIMENTO", "autoria": "BETE DAMACENO", "texto_original": "http://sapl.campolargo.pr.leg.br/media/sapl/public/materialegislativa/2020/14724/1033.pdf", "ementa": "INFORMA\u00c7\u00d5ES ACERCA DAS EMPRESAS TERCEIRIZADAS QUE PRESTAM SERVI\u00c7OS DE VIGIL\u00c2NCIA PATRIMONIAL NO MUNIC\u00cdPIO."}, {"id": "14729", "ano": "2020", "numero": "1036", "tipo__sigla": "REQ", "tipo__descricao": "REQUERIMENTO", "autoria": "CLAIRTON ALEM\u00c3O", "texto_original": "http://sapl.campolargo.pr.leg.br/media/sapl/public/materialegislativa/2020/14729/1036.pdf", "ementa": "REDE DE ESGOTO NA RUA THEODORO KOCHINSKI, CAMPO DO MEIO."}, {"id": "14730", "ano": "2020", "numero": "1037", "tipo__sigla": "REQ", "tipo__descricao": "REQUERIMENTO", "autoria": "CLAIRTON ALEM\u00c3O", "texto_original": "http://sapl.campolargo.pr.leg.br/media/sapl/public/materialegislativa/2020/14730/1037.pdf", "ementa": "INFORMA\u00c7\u00d5ES SOBRE AS MEDIDAS ADOTADAS AFIM DE MITIGAR A FALTA DE \u00c1GUA NA REGI\u00c3O INTERIORANA DE NOSSO MUNIC\u00cdPIO."}, {"id": "14731", "ano": "2020", "numero": "1038", "tipo__sigla": "REQ", "tipo__descricao": "REQUERIMENTO", "autoria": "CLAIRTON ALEM\u00c3O", "texto_original": "http://sapl.campolargo.pr.leg.br/media/sapl/public/materialegislativa/2020/14731/1038.pdf", "ementa": "IMPLANTA\u00c7\u00c3O DE CICLOVIA NA RUA ANTONIO GABARDO JUNIOR, COM IN\u00cdCIO NO PARQUINHO AT\u00c9 A RUA ALCEB\u00cdADES AFONSO GUIMAR\u00c3ES, \u00c1GUAS CLARAS."}, {"id": "14732", "ano": "2020", "numero": "1039", "tipo__sigla": "REQ", "tipo__descricao": "REQUERIMENTO", "autoria": "CLAIRTON ALEM\u00c3O", "texto_original": "http://sapl.campolargo.pr.leg.br/media/sapl/public/materialegislativa/2020/14732/1039.pdf", "ementa": "CRONOGRAMA PARA AS REFORMAS DOS PARQUINHOS E ACADEMIAS AO AR LIVRE."}, {"id": "14733", "ano": "2020", "numero": "1040", "tipo__sigla": "REQ", "tipo__descricao": "REQUERIMENTO", "autoria": "MARCIO BERALDO", "texto_original": "http://sapl.campolargo.pr.leg.br/media/sapl/public/materialegislativa/2020/14733/1040.pdf", "ementa": "PATROLAMENTO E ENSAIBRAMENTO NA RUA RECIFE, VILA GL\u00d3RIA."}, {"id": "14737", "ano": "2020", "numero": "1050", "tipo__sigla": "REQ", "tipo__descricao": "REQUERIMENTO", "autoria": "BETINHO", "texto_original": "http://sapl.campolargo.pr.leg.br/media/sapl/public/materialegislativa/2020/14737/1050.pdf", "ementa": "PARA QUE SEJA FEITO UM TRABALHO DE FISCALIZA\u00c7\u00c3O EM POSS\u00cdVEIS FOCOS DA DENGUE, POR PARTE DA VIGIL\u00c2NCIA SANIT\u00c1RIA DA PREFEITURA MUNICIPAL DE CAMPO LARGO, NO BAIRRO VILA SILKA."}, {"id": "14743", "ano": "2020", "numero": "1055", "tipo__sigla": "REQ", "tipo__descricao": "REQUERIMENTO", "autoria": "MARCIO BERALDO", "texto_original": "http://sapl.campolargo.pr.leg.br/media/sapl/public/materialegislativa/2020/14743/1055.pdf", "ementa": "SOLICITANDO QUE SEJA FEITO SERVI\u00c7O DE PATROLAMENTO E ENSAIBRAMENTO EM TODA A EXTENS\u00c3O DA RUA FORTALEZA, NO BAIRRO VILA GL\u00d3RIA, CAMPO LARGO."}, {"id": "14744", "ano": "2020", "numero": "1056", "tipo__sigla": "REQ", "tipo__descricao": "REQUERIMENTO", "autoria": "MARCIO BERALDO", "texto_original": "http://sapl.campolargo.pr.leg.br/media/sapl/public/materialegislativa/2020/14744/1056.pdf", "ementa": "SOLICITANDO QUE SEJA FEITO PULVERIZA\u00c7\u00c3O, COM PRODUTO \u00c0 BASE DE CLORO E \u00c1GUA, EM ALTA CONCENTRA\u00c7\u00c3O, COMO TENTATIVA DE NEUTRALIZAR A TRANSMISS\u00c3O DO CORONAV\u00cdRUS, NAS PRINCIPAIS RUAS DO CENTRO DA CIDADE, TERMINAL URBANO E RODOVI\u00c1RIO E PRA\u00c7AS DE CAMPO LARGO."}, {"id": "14738", "ano": "2020", "numero": "1058", "tipo__sigla": "REQ", "tipo__descricao": "REQUERIMENTO", "autoria": "BETE DAMACENO", "texto_original": "http://sapl.campolargo.pr.leg.br/media/sapl/public/materialegislativa/2020/14738/1058.pdf", "ementa": "ALARGAMENTO DA RUA CAMBAR\u00c1 N\u00ba 75 AT\u00c9 A RUA GUAIRAC\u00c1, JARDIM GUARANI, FERRARIA."}, {"id": "14739", "ano": "2020", "numero": "1059", "tipo__sigla": "REQ", "tipo__descricao": "REQUERIMENTO", "autoria": "BETE DAMACENO", "texto_original": "http://sapl.campolargo.pr.leg.br/media/sapl/public/materialegislativa/2020/14739/1059.pdf", "ementa": "COLOCA\u00c7\u00c3O DE TACH\u00c3O NA AVENIDA ARAPONGAS N\u00ba 523, DONA FINA, FERRARIA."}, {"id": "14740", "ano": "2020", "numero": "1060", "tipo__sigla": "REQ", "tipo__descricao": "REQUERIMENTO", "autoria": "BETE DAMACENO", "texto_original": "http://sapl.campolargo.pr.leg.br/media/sapl/public/materialegislativa/2020/14740/1060.pdf", "ementa": "FISCALIZA\u00c7\u00c3O NA RUA EUCALIPTOS N\u00ba 110, JARDIM GUARANI, QUANTO AO POSTE INCLINADO."}, {"id": "14741", "ano": "2020", "numero": "1061", "tipo__sigla": "REQ", "tipo__descricao": "REQUERIMENTO", "autoria": "BETE DAMACENO", "texto_original": "http://sapl.campolargo.pr.leg.br/media/sapl/public/materialegislativa/2020/14741/1061.pdf", "ementa": "FISCALIZA\u00c7\u00c3O NA RUA CURITIBA N\u00ba 12, VILA CONCEI\u00c7\u00c3O, QUANTO AO POSTE QUEBRADO E AINDA N\u00c3O SUBSTITU\u00cdDO."}, {"id": "14742", "ano": "2020", "numero": "1062", "tipo__sigla": "REQ", "tipo__descricao": "REQUERIMENTO", "autoria": "BETE DAMACENO", "texto_original": "http://sapl.campolargo.pr.leg.br/media/sapl/public/materialegislativa/2020/14742/1062.pdf", "ementa": "PROJETO DE SANEAMENTO B\u00c1SICO NA RUA CAMBAR\u00c1 N\u00ba 75, AT\u00c9 A RUA GUAIRAC\u00c1, JARDIM GUARANI."}, {"id": "14745", "ano": "2020", "numero": "1063", "tipo__sigla": "REQ", "tipo__descricao": "REQUERIMENTO", "autoria": "GIOVANI MARCON", "texto_original": "http://sapl.campolargo.pr.leg.br/media/sapl/public/materialegislativa/2020/14745/1063.pdf", "ementa": "INSTALA\u00c7\u00c3O DE CABINES DE DESINFEC\u00c7\u00c3O DA COVID-19 NOS LOCAIS DE GRANDE CIRCULA\u00c7\u00c3O NA CIDADE."}, {"id": "14746", "ano": "2020", "numero": "1064", "tipo__sigla": "REQ", "tipo__descricao": "REQUERIMENTO", "autoria": "GIOVANI MARCON", "texto_original": "http://sapl.campolargo.pr.leg.br/media/sapl/public/materialegislativa/2020/14746/1064.pdf", "ementa": "INFORMA\u00c7\u00d5ES REFERENTES A ESTRADA DO RETIRO."}, {"id": "14747", "ano": "2020", "numero": "1065", "tipo__sigla": "REQ", "tipo__descricao": "REQUERIMENTO", "autoria": "GIOVANI MARCON", "texto_original": "http://sapl.campolargo.pr.leg.br/media/sapl/public/materialegislativa/2020/14747/1065.pdf", "ementa": "RONDA OSTENSIVA DA GUARDA MUNICIPAL NO DISTRITO DE S\u00c3O SILVESTRE."}, {"id": "14748", "ano": "2020", "numero": "1066", "tipo__sigla": "REQ", "tipo__descricao": "REQUERIMENTO", "autoria": "GIOVANI MARCON", "texto_original": "http://sapl.campolargo.pr.leg.br/media/sapl/public/materialegislativa/2020/14748/1066.pdf", "ementa": "RONDA OSTENSIVA DA GUARDA MUNICIPAL NO DISTRITO DE TR\u00caS C\u00d3RREGOS."}, {"id": "14749", "ano": "2020", "numero": "1068", "tipo__sigla": "REQ", "tipo__descricao": "REQUERIMENTO", "autoria": "CLEA OLIVEIRA", "texto_original": "http://sapl.campolargo.pr.leg.br/media/sapl/public/materialegislativa/2020/14749/1068.pdf", "ementa": "INFORMA\u00c7\u00d5ES SOBRE PROCEDIMENTO QUE A ADMINISTRA\u00c7\u00c3O TEM ADOTADO PARA A EXECU\u00c7\u00c3O DE PESQUISA DE PRE\u00c7OS E COMPRAS DE PRODUTOS QUE EST\u00c3O SENDO ADQUIRIDOS SEM LICITA\u00c7\u00c3O."}, {"id": "14755", "ano": "2020", "numero": "1069", "tipo__sigla": "REQ", "tipo__descricao": "REQUERIMENTO", "autoria": "CLEA OLIVEIRA", "texto_original": "http://sapl.campolargo.pr.leg.br/media/sapl/public/materialegislativa/2020/14755/1069.pdf", "ementa": "PARA QUE SEJA DIVULGADO NO SITE DA PREFEITURA LISTA DE ESPERA PARA CASTRA\u00c7\u00c3O DE C\u00c3ES E GATOS."}, {"id": "14750", "ano": "2020", "numero": "1070", "tipo__sigla": "REQ", "tipo__descricao": "REQUERIMENTO", "autoria": "CLEA OLIVEIRA", "texto_original": "http://sapl.campolargo.pr.leg.br/media/sapl/public/materialegislativa/2020/14750/1070.pdf", "ementa": "INFORMA\u00c7\u00d5ES SOBRE A RETIRADA DE DESPOJOS HUMANOS DOS CEMIT\u00c9RIOS DO MUNIC\u00cdPIO REFERENTE AO EXTRATO CONTRATUAL 137/20"}, {"id": "14751", "ano": "2020", "numero": "1071", "tipo__sigla": "REQ", "tipo__descricao": "REQUERIMENTO", "autoria": "DARCI ANDREASSA", "texto_original": "http://sapl.campolargo.pr.leg.br/media/sapl/public/materialegislativa/2020/14751/1071.pdf", "ementa": "OPERA\u00c7\u00c3O TAPA BURACOS NA RUA LEVI, CRISTO REI."}, {"id": "14752", "ano": "2020", "numero": "1072", "tipo__sigla": "REQ", "tipo__descricao": "REQUERIMENTO", "autoria": "DARCI ANDREASSA", "texto_original": "http://sapl.campolargo.pr.leg.br/media/sapl/public/materialegislativa/2020/14752/1072.pdf", "ementa": "OPERA\u00c7\u00c3O TAPA BURACOS NA RUA JUD\u00c1, CRISTO REI."}, {"id": "14753", "ano": "2020", "numero": "1074", "tipo__sigla": "REQ", "tipo__descricao": "REQUERIMENTO", "autoria": "MARCIO BERALDO", "texto_original": "http://sapl.campolargo.pr.leg.br/media/sapl/public/materialegislativa/2020/14753/1074.pdf", "ementa": "REDE DE ESGOTO NA RUA AB\u00cdLIO MONTEIRO, PR\u00d3XIMO AO SUPERMERCADO RIO VERDE, BAIRRO BOM JESUS."}, {"id": "14754", "ano": "2020", "numero": "1075", "tipo__sigla": "REQ", "tipo__descricao": "REQUERIMENTO", "autoria": "MARCIO BERALDO", "texto_original": "http://sapl.campolargo.pr.leg.br/media/sapl/public/materialegislativa/2020/14754/1075.pdf", "ementa": "MELHORIAS NA ILUMINA\u00c7\u00c3O COM L\u00c2MPADAS DE LED NA RUA AB\u00cdLIO MONTEIRO, BAIRRO BOM JESUS."}, {"id": "14757", "ano": "2020", "numero": "1076", "tipo__sigla": "REQ", "tipo__descricao": "REQUERIMENTO", "autoria": "MARCIO BERALDO", "texto_original": "http://sapl.campolargo.pr.leg.br/media/sapl/public/materialegislativa/2020/14757/1076.pdf", "ementa": "PLACA DE IDENTIFICA\u00c7\u00c3O NA RUA NEIVA CHAVES ZELAYA, \u00c1GUAS CLARAS"}, {"id": "14758", "ano": "2020", "numero": "1081", "tipo__sigla": "REQ", "tipo__descricao": "REQUERIMENTO", "autoria": "GIOVANI MARCON", "texto_original": "http://sapl.campolargo.pr.leg.br/media/sapl/public/materialegislativa/2020/14758/1081.pdf", "ementa": "REDE DE DISTRIBUI\u00c7\u00c3O DE \u00c1GUA NO BAIRRO COL\u00d4NIA BALBINO CUNHA - COL\u00d4NIA CAMPINA."}, {"id": "14759", "ano": "2020", "numero": "1083", "tipo__sigla": "REQ", "tipo__descricao": "REQUERIMENTO", "autoria": "TADEU DE PAULA", "texto_original": "http://sapl.campolargo.pr.leg.br/media/sapl/public/materialegislativa/2020/14759/1083.pdf", "ementa": "DISPONIBILIZAR AGENTES DO DEPTRAN PARA ORIENTAR O TR\u00c2NSITO NA ESTRADA DO MATO GROSSO ENQUANTO DURAR AS OBRAS NA REGI\u00c3O."}, {"id": "14760", "ano": "2020", "numero": "1084", "tipo__sigla": "REQ", "tipo__descricao": "REQUERIMENTO", "autoria": "TADEU DE PAULA", "texto_original": "http://sapl.campolargo.pr.leg.br/media/sapl/public/materialegislativa/2020/14760/1084.pdf", "ementa": "PARA QUE O DEPTRAN FA\u00c7A UMA SINALIZA\u00c7\u00c3O INDICANDO DESVIOS PARA ACESSO A FERRARIA ENQUANTO DURAR AS OBRAS NA ESTRADA MATO GROSSO."}, {"id": "14765", "ano": "2020", "numero": "1085", "tipo__sigla": "REQ", "tipo__descricao": "REQUERIMENTO", "autoria": "JO\u00c3O D'\u00c1GUA", "texto_original": "http://sapl.campolargo.pr.leg.br/media/sapl/public/materialegislativa/2020/14765/1085.pdf", "ementa": "SOLICITO AO PODER EXECUTIVO E AO DEPARTAMENTO COMPETENTE QUE SEJA FEITA A PINTURA DE FAIXAS NO CRUZAMENTO DA RUA QUINTINO BOCAIUVA COM A RUA ESTA\u00c7\u00c3O DE ENOLOGIA."}, {"id": "14766", "ano": "2020", "numero": "1086", "tipo__sigla": "REQ", "tipo__descricao": "REQUERIMENTO", "autoria": "JO\u00c3O D'\u00c1GUA", "texto_original": "http://sapl.campolargo.pr.leg.br/media/sapl/public/materialegislativa/2020/14766/1086.pdf", "ementa": "SOLICITO AO PODER EXECUTIVO E AO DEPARTAMENTO COMPETENTE QUE SEJA FEITA A PINTURA DE FAIXA NA RUA QUINTINO BOCAIUVA EM FRENTE A CRECHE ANJO DA GUARDA."}, {"id": "14767", "ano": "2020", "numero": "1088", "tipo__sigla": "REQ", "tipo__descricao": "REQUERIMENTO", "autoria": "JO\u00c3O D'\u00c1GUA", "texto_original": "http://sapl.campolargo.pr.leg.br/media/sapl/public/materialegislativa/2020/14767/1088.pdf", "ementa": "SOLICITO AO PODER EXECUTIVO E AO DEPARTAMENTO COMPETENTE QUE SEJA FEITA A PINTURA DE FAIXA NA RUA CASTRO ALVES NO ENTRONCAMENTO COM A AV. PADRE NATAL PIGATTO."}, {"id": "14768", "ano": "2020", "numero": "1089", "tipo__sigla": "REQ", "tipo__descricao": "REQUERIMENTO", "autoria": "JO\u00c3O D'\u00c1GUA", "texto_original": "http://sapl.campolargo.pr.leg.br/media/sapl/public/materialegislativa/2020/14768/1089.pdf", "ementa": "SOLICITO AO PODER EXECUTIVO E AO DEPARTAMENTO COMPETENTE QUE SEJA FEITA UMA FAIXA ELEVADA NA RUA VEREADOR ARLINDO CHEMIM PR\u00d3XIMO AO POSTO ANAST\u00c1CIO."}, {"id": "14769", "ano": "2020", "numero": "1102", "tipo__sigla": "REQ", "tipo__descricao": "REQUERIMENTO", "autoria": "MARCIO BERALDO", "texto_original": "http://sapl.campolargo.pr.leg.br/media/sapl/public/materialegislativa/2020/14769/1102.pdf", "ementa": "REQUERENDO ESTUDO PARA IMPLANTA\u00c7\u00c3O DE VAGA DE ESTACIONAMENTO-ESTAR DESTINADA AOS DESPACHANTES DE CAMPO LARGO, EM FRENTE AO ESTABELECIMENTO COMERCIAL DESSES PROFISSIONAIS."}, {"id": "14770", "ano": "2020", "numero": "1103", "tipo__sigla": "REQ", "tipo__descricao": "REQUERIMENTO", "autoria": "MARCIO BERALDO", "texto_original": "http://sapl.campolargo.pr.leg.br/media/sapl/public/materialegislativa/2020/14770/1103.pdf", "ementa": "REQUERENDO, QUE TODAS AS LINHAS DOS BAIRROS DO MUNIC\u00cdPIO SEJAM INTEGRADAS COM OS HOR\u00c1RIOS DO LIGEIRINHO CURITIBA"}, {"id": "14771", "ano": "2020", "numero": "1104", "tipo__sigla": "REQ", "tipo__descricao": "REQUERIMENTO", "autoria": "MARCIO BERALDO", "texto_original": "http://sapl.campolargo.pr.leg.br/media/sapl/public/materialegislativa/2020/14771/1104.pdf", "ementa": "PARA QUE SEJA FISCALIZADA DESCARTE IRREGULAR DE MATERIAIS EM \u00c1REA DE PRESERVA\u00c7\u00c3O (APA), NO FINAL DA RUA ANTONIO BUBNIAK, \u00c1GUAS CLARAS, CAMPO LARGO."}, {"id": "14772", "ano": "2020", "numero": "1105", "tipo__sigla": "REQ", "tipo__descricao": "REQUERIMENTO", "autoria": "MARCIO BERALDO", "texto_original": "http://sapl.campolargo.pr.leg.br/media/sapl/public/materialegislativa/2020/14772/1105.pdf", "ementa": "REQUERENDO ESTUDO PARA IMPLANTA\u00c7\u00c3O DE REDE DE ESGOTO EM TODA A EXTENS\u00c3O DA RUA ANTONIO BUBNIAK, \u00c1GUAS CLARAS, CAMPO LARGO."}, {"id": "14773", "ano": "2020", "numero": "1106", "tipo__sigla": "REQ", "tipo__descricao": "REQUERIMENTO", "autoria": "MARCIO BERALDO", "texto_original": "http://sapl.campolargo.pr.leg.br/media/sapl/public/materialegislativa/2020/14773/1106.pdf", "ementa": "REQUERENDO CONSTRU\u00c7\u00c3O DE RAMPA DE ACESSIBILIDADE PARA PESSOAS PORTADORAS DE DEFICI\u00caNCIA OU COM MOBILIDADE REDUZIDA, NA CAL\u00c7ADA DE ACESSO \u00c0 ESCOLA MUNICIPAL PEDRO KAMINSKI, RUA REINALDO GADENS, 62 - JARDIM IRUAMA, CAMPO LARGO."}, {"id": "14774", "ano": "2020", "numero": "1107", "tipo__sigla": "REQ", "tipo__descricao": "REQUERIMENTO", "autoria": "GIOVANI MARCON", "texto_original": "http://sapl.campolargo.pr.leg.br/media/sapl/public/materialegislativa/2020/14774/1107.pdf", "ementa": "QUE A EMPRESA TRANSPIEDADE RETORNE COM A LINHA DE \u00d4NIBUS DO RETIRO GRANDE."}, {"id": "14775", "ano": "2020", "numero": "1108", "tipo__sigla": "REQ", "tipo__descricao": "REQUERIMENTO", "autoria": "GIOVANI MARCON", "texto_original": "http://sapl.campolargo.pr.leg.br/media/sapl/public/materialegislativa/2020/14775/1108.pdf", "ementa": "QUE A EMPRESA TRANSPIEDADE RETORNE COM A LINHA DE \u00d4NIBUS DO BAIRRO PART\u00caNOPE."}, {"id": "14776", "ano": "2020", "numero": "1109", "tipo__sigla": "REQ", "tipo__descricao": "REQUERIMENTO", "autoria": "TONINHO FERREIRA", "texto_original": "http://sapl.campolargo.pr.leg.br/media/sapl/public/materialegislativa/2020/14776/1109.pdf", "ementa": "SOLICITAR PAVIMENTA\u00c7\u00c3O ASF\u00c1LTICA NA RUA PIAU\u00cd, BAIRRO ITAQUI."}, {"id": "14777", "ano": "2020", "numero": "1110", "tipo__sigla": "REQ", "tipo__descricao": "REQUERIMENTO", "autoria": "TADEU DE PAULA", "texto_original": "http://sapl.campolargo.pr.leg.br/media/sapl/public/materialegislativa/2020/14777/1110.pdf", "ementa": "SOLICITAR PARA QUE O PODER EXECUTIVO MUNICIPAL TOME PROVIDENCIAS PARA COIBIR O DESCARTE DE ENTULHOS NA PRA\u00c7A ESPORTIVA DO BAIRRO PART\u00caNOPE."}, {"id": "14778", "ano": "2020", "numero": "1111", "tipo__sigla": "REQ", "tipo__descricao": "REQUERIMENTO", "autoria": "TADEU DE PAULA", "texto_original": "http://sapl.campolargo.pr.leg.br/media/sapl/public/materialegislativa/2020/14778/1111.pdf", "ementa": "SOLICITO AO PODER EXECUTIVO MUNICIPAL QUE INTERCEDA JUNTO A EMPRESA DE \u00d4NIBUS PARA QUE REFORCE AS LINHAS DE \u00d4NIBUS QUE D\u00c3O ACESSO A UPA 24 HRS."}, {"id": "14779", "ano": "2020", "numero": "1117", "tipo__sigla": "REQ", "tipo__descricao": "REQUERIMENTO", "autoria": "GIOVANI MARCON", "texto_original": "http://sapl.campolargo.pr.leg.br/media/sapl/public/materialegislativa/2020/14779/1117.pdf", "ementa": "MELHORIAS NA SINALIZA\u00c7\u00c3O ENTRE OS KM 123 E 124 DA BR 277, NA ENTRADA DOS BAIRROS ITAQUI DE CIMA E S\u00c3O CAETANO."}, {"id": "14780", "ano": "2020", "numero": "1120", "tipo__sigla": "REQ", "tipo__descricao": "REQUERIMENTO", "autoria": "GIOVANI MARCON", "texto_original": "http://sapl.campolargo.pr.leg.br/media/sapl/public/materialegislativa/2020/14780/1120.pdf", "ementa": "PARA QUE EM TODAS AS ENTRADAS DO MUNIC\u00cdPIO DE CAMPO LARGO TENHAM EQUIPES PARA LIMPAR COM \u00c1GUA E CLORO OS VE\u00cdCULOS."}, {"id": "14781", "ano": "2020", "numero": "1122", "tipo__sigla": "REQ", "tipo__descricao": "REQUERIMENTO", "autoria": "BETE DAMACENO", "texto_original": "http://sapl.campolargo.pr.leg.br/media/sapl/public/materialegislativa/2020/14781/1122.pdf", "ementa": "PROJETO EM PARCERIA ENTRE O EXECUTIVO MUNICIPAL E O INSTITUTO DAS \u00c1GUAS DO PARAN\u00c1 PARA REVITALIZA\u00c7\u00c3O DOS C\u00d3RREGOS DO MUNIC\u00cdPIO."}, {"id": "14782", "ano": "2020", "numero": "1124", "tipo__sigla": "REQ", "tipo__descricao": "REQUERIMENTO", "autoria": "BETE DAMACENO", "texto_original": "http://sapl.campolargo.pr.leg.br/media/sapl/public/materialegislativa/2020/14782/1124.pdf", "ementa": "INFORMA\u00c7\u00d5ES SOBRE A PERFURA\u00c7\u00c3O DE PO\u00c7OS ARTESIANOS NA VILA DOS GON\u00c7ALVES."}, {"id": "14783", "ano": "2020", "numero": "1125", "tipo__sigla": "REQ", "tipo__descricao": "REQUERIMENTO", "autoria": "BETE DAMACENO", "texto_original": "http://sapl.campolargo.pr.leg.br/media/sapl/public/materialegislativa/2020/14783/1125.pdf", "ementa": "MATERIAL FRESADO NA RUA S\u00c3O MIGUEL NAS PROXIMIDADES DO NUMERAL 140, VILA DAVID ANTONIO."}, {"id": "14784", "ano": "2020", "numero": "1126", "tipo__sigla": "REQ", "tipo__descricao": "REQUERIMENTO", "autoria": "BETE DAMACENO", "texto_original": "http://sapl.campolargo.pr.leg.br/media/sapl/public/materialegislativa/2020/14784/1126.pdf", "ementa": "LIXEIRA COMUNIT\u00c1RIA NA RUA PEDRO CULPI PAULIN N\u00ba 564, JARDIM RONDINHA."}, {"id": "14785", "ano": "2020", "numero": "1127", "tipo__sigla": "REQ", "tipo__descricao": "REQUERIMENTO", "autoria": "BETE DAMACENO", "texto_original": "http://sapl.campolargo.pr.leg.br/media/sapl/public/materialegislativa/2020/14785/1127.pdf", "ementa": "C\u00d3PIA DO TERMO DE PARCERIA ENTRE A SANEPAR E A PREFEITURA REFERENTE AOS PO\u00c7OS ARTESIANOS NO MUNIC\u00cdPIO."}, {"id": "14787", "ano": "2020", "numero": "1133", "tipo__sigla": "REQ", "tipo__descricao": "REQUERIMENTO", "autoria": "CLEA OLIVEIRA", "texto_original": "http://sapl.campolargo.pr.leg.br/media/sapl/public/materialegislativa/2020/14787/1133.pdf", "ementa": "INFORMA\u00c7\u00d5ES A RESPEITO DA DISPENSA DE LICITA\u00c7\u00c3O N\u00ba 80/2020 QUE DISP\u00d5E SOBRE A CONTRATA\u00c7\u00c3O DE MEGAFONES E PILHAS."}, {"id": "14788", "ano": "2020", "numero": "1134", "tipo__sigla": "REQ", "tipo__descricao": "REQUERIMENTO", "autoria": "CLEA OLIVEIRA", "texto_original": "http://sapl.campolargo.pr.leg.br/media/sapl/public/materialegislativa/2020/14788/1134.pdf", "ementa": "SUGERINDO QUE SEJA IMPLANTADA EM ALGUMA PRA\u00c7A DE LAZER DA REGI\u00c3O CENTRAL BALAN\u00c7O E CARROSSEL ADAPTADOS PARA CRIAN\u00c7AS CADEIRANTES."}, {"id": "14789", "ano": "2020", "numero": "1135", "tipo__sigla": "REQ", "tipo__descricao": "REQUERIMENTO", "autoria": "CLEA OLIVEIRA", "texto_original": "http://sapl.campolargo.pr.leg.br/media/sapl/public/materialegislativa/2020/14789/1135.pdf", "ementa": "INFORMA\u00c7\u00d5ES SOBRE A ABERTURA DE CR\u00c9DITO ADICIONAL EXTRAORDIN\u00c1RIO NO OR\u00c7AMENTO PARA O EXERC\u00cdCIO DE 2020 - DECRETO 126/2020"}, {"id": "14790", "ano": "2020", "numero": "1136", "tipo__sigla": "REQ", "tipo__descricao": "REQUERIMENTO", "autoria": "CLEA OLIVEIRA", "texto_original": "http://sapl.campolargo.pr.leg.br/media/sapl/public/materialegislativa/2020/14790/1136.pdf", "ementa": "QUE SEJA INSTITU\u00cdDO O PROGRAMA DE ATENDIMENTO M\u00c9DICO AS CRIAN\u00c7AS DA EDUCA\u00c7\u00c3O INFANTIL."}, {"id": "14794", "ano": "2020", "numero": "1145", "tipo__sigla": "REQ", "tipo__descricao": "REQUERIMENTO", "autoria": "GIOVANI MARCON", "texto_original": "http://sapl.campolargo.pr.leg.br/media/sapl/public/materialegislativa/2020/14794/1145.pdf", "ementa": "INSTALA\u00c7\u00c3O DE TACH\u00d5ES REFLETIVOS NA RUA BAR\u00c3O DO RIO BRANCO, ESQUINA COM A RUA XAVIER DA SILVA, PR\u00d3XIMO A CL\u00cdNICA S\u00c3O CAMILO."}, {"id": "14795", "ano": "2020", "numero": "1146", "tipo__sigla": "REQ", "tipo__descricao": "REQUERIMENTO", "autoria": "DARCI ANDREASSA", "texto_original": "http://sapl.campolargo.pr.leg.br/media/sapl/public/materialegislativa/2020/14795/req_1146.20.pdf", "ementa": "INSTALA\u00c7\u00c3O DE TACH\u00d5ES E PLACAS DE SINALIZA\u00c7\u00c3O NA ESQUINA DA RUA JO\u00c3O PESSOA COM A RUA RUI BARBOSA."}, {"id": "14796", "ano": "2020", "numero": "1147", "tipo__sigla": "REQ", "tipo__descricao": "REQUERIMENTO", "autoria": "DARCI ANDREASSA", "texto_original": "http://sapl.campolargo.pr.leg.br/media/sapl/public/materialegislativa/2020/14796/req_1147.20.pdf", "ementa": "INSTALA\u00c7\u00c3O DE TACH\u00d5ES E PLACAS DE SINALIZA\u00c7\u00c3O NA ESQUINA DA RUA GENEROSO MARQUES COM A RUA ROCHA POMBO."}, {"id": "14797", "ano": "2020", "numero": "1149", "tipo__sigla": "REQ", "tipo__descricao": "REQUERIMENTO", "autoria": "CLAIRTON ALEM\u00c3O", "texto_original": "http://sapl.campolargo.pr.leg.br/media/sapl/public/materialegislativa/2020/14797/1149.pdf", "ementa": "INFORMA\u00c7\u00d5ES SOBRE A ARRECADA\u00c7\u00c3O COM AS FUNER\u00c1RIAS PERMISSION\u00c1RIAS, ENTRE OS MESES DE JANEIRO A MAIO."}, {"id": "14798", "ano": "2020", "numero": "1150", "tipo__sigla": "REQ", "tipo__descricao": "REQUERIMENTO", "autoria": "CLAIRTON ALEM\u00c3O", "texto_original": "http://sapl.campolargo.pr.leg.br/media/sapl/public/materialegislativa/2020/14798/1150.pdf", "ementa": "AMPLA DIVULGA\u00c7\u00c3O NA CAPA DOS CARN\u00caS DO IPTU OU NOS MEIOS DE FORNECIMENTO ONLINE DOS BOLETOS, DOS CONTRIBUINTES QUE POSSUEM O DIREITO DE ISEN\u00c7\u00c3O, E OS TR\u00c2MITES PARA OBTEN\u00c7\u00c3O DESSE DIREITO."}, {"id": "14799", "ano": "2020", "numero": "1151", "tipo__sigla": "REQ", "tipo__descricao": "REQUERIMENTO", "autoria": "CLAIRTON ALEM\u00c3O", "texto_original": "http://sapl.campolargo.pr.leg.br/media/sapl/public/materialegislativa/2020/14799/1151.pdf", "ementa": "INFORMA\u00c7\u00d5ES A RESPEITO DA EXECU\u00c7\u00c3O OR\u00c7AMENT\u00c1RIA COM PESSOAL - CONRESOL."}, {"id": "14800", "ano": "2020", "numero": "1152", "tipo__sigla": "REQ", "tipo__descricao": "REQUERIMENTO", "autoria": "CLAIRTON ALEM\u00c3O", "texto_original": "http://sapl.campolargo.pr.leg.br/media/sapl/public/materialegislativa/2020/14800/1152.pdf", "ementa": "CAMPANHAS DE CONSCIENTIZA\u00c7\u00c3O SOBRE A IMPORT\u00c2NCIA DA DOA\u00c7\u00c3O DE LEITE MATERNO PARA OS BEB\u00caS REC\u00c9M-NASCIDOS."}, {"id": "14811", "ano": "2020", "numero": "1205", "tipo__sigla": "REQ", "tipo__descricao": "REQUERIMENTO", "autoria": "BETINHO", "texto_original": "http://sapl.campolargo.pr.leg.br/media/sapl/public/materialegislativa/2020/14811/1205.pdf", "ementa": "PARA QUE SEJAM TOMADAS PROVID\u00caNCIAS COM RELA\u00c7\u00c3O A SINALIZA\u00c7\u00c3O NA RUA FELISBINO ANT\u00d4NIO, BAIRRO VILA DE LOURDES , NAS PROXIMIDADES DA CAPELA NOSSA SENHORA DE LOURDES , NA SA\u00cdDA PARA A RUA FAUSTINO RIVABEM, BEM COMO PARA A SA\u00cdDA DA RUA ELP\u00cdDIO CARDOSO DA MESMA VIA. SERIA IDEAL SINALIZAR O ASFALTO COM PINTURA COMO J\u00c1 VEM SENDO FEITO EM V\u00c1RIAS RUAS DA CIDADE."}, {"id": "14812", "ano": "2020", "numero": "1206", "tipo__sigla": "REQ", "tipo__descricao": "REQUERIMENTO", "autoria": "MARCIO BERALDO", "texto_original": "http://sapl.campolargo.pr.leg.br/media/sapl/public/materialegislativa/2020/14812/1206.pdf", "ementa": "SOLICITANDO QUE SEJA FEITO SERVI\u00c7O DE PATROLAMENTO E ENSAIBRAMENTO EM TODA A EXTENS\u00c3O DA RUA PORTO ALEGRE, NO BAIRRO VILA GL\u00d3RIA, CAMPO LARGO."}, {"id": "14813", "ano": "2020", "numero": "1207", "tipo__sigla": "REQ", "tipo__descricao": "REQUERIMENTO", "autoria": "MARCIO BERALDO", "texto_original": "http://sapl.campolargo.pr.leg.br/media/sapl/public/materialegislativa/2020/14813/1207.pdf", "ementa": "SOLICITANDO QUE SEJA FEITO LIMPEZA/DESOBSTRU\u00c7\u00c3O DO BUEIRO LOCALIZADO NA RUA DOMINGOS CORDEIRO, EM FRENTE AO N\u00ba 1890, BAIRRO APARECIDA, CAMPO LARGO."}, {"id": "14814", "ano": "2020", "numero": "1208", "tipo__sigla": "REQ", "tipo__descricao": "REQUERIMENTO", "autoria": "MARCIO BERALDO", "texto_original": "http://sapl.campolargo.pr.leg.br/media/sapl/public/materialegislativa/2020/14814/1208.pdf", "ementa": "SOLICITANDO INFORMA\u00c7\u00d5ES SOBRE O PROGRAMA ESCOLA ACESS\u00cdVEL, PREVISTO NO PLANO DE DESENVOLVIMENTO DA EDUCA\u00c7\u00c3O - PDE, NO \u00c2MBITO DO MUNIC\u00cdPIO DE CAMPO LARGO."}, {"id": "14815", "ano": "2020", "numero": "1209", "tipo__sigla": "REQ", "tipo__descricao": "REQUERIMENTO", "autoria": "MARCIO BERALDO", "texto_original": "http://sapl.campolargo.pr.leg.br/media/sapl/public/materialegislativa/2020/14815/1209.pdf", "ementa": "REQUERENDO QUE SEJA IMPLANTADO PLACAS DE REDU\u00c7\u00c3O DE VELOCIDADE EM TODA A EXTENS\u00c3O DA RUA PAULO BIANCO, BAIRRO BOTIATUVA, CAMPO LARGO"}, {"id": "14816", "ano": "2020", "numero": "1210", "tipo__sigla": "REQ", "tipo__descricao": "REQUERIMENTO", "autoria": "MARCIO BERALDO", "texto_original": "http://sapl.campolargo.pr.leg.br/media/sapl/public/materialegislativa/2020/14816/1210.pdf", "ementa": "REQUERENDO ESTUDO PARA IMPLANTA\u00c7\u00c3O DE UMA LOMBADA NA RUA PAULO BIANCO, EM FRENTE AO N\u00ba 240, BAIRRO BOTIATUVA, CAMPO LARGO."}, {"id": "14807", "ano": "2020", "numero": "1211", "tipo__sigla": "REQ", "tipo__descricao": "REQUERIMENTO", "autoria": "CLAIRTON ALEM\u00c3O", "texto_original": "http://sapl.campolargo.pr.leg.br/media/sapl/public/materialegislativa/2020/14807/1211.pdf", "ementa": "DESOBSTRU\u00c7\u00c3O DO BUEIRO LOCALIZADO NA RUA C BENATO N\u00ba 21, \u00c1GUAS CLARAS."}, {"id": "14808", "ano": "2020", "numero": "1212", "tipo__sigla": "REQ", "tipo__descricao": "REQUERIMENTO", "autoria": "CLAIRTON ALEM\u00c3O", "texto_original": "http://sapl.campolargo.pr.leg.br/media/sapl/public/materialegislativa/2020/14808/1212.pdf", "ementa": "CANALIZA\u00c7\u00c3O DE \u00c1GUA NA ESQUINA DAS RUAS GON\u00c7ALVES DIAS E JO\u00c3O RIVABEM, 1110, APARECIDA."}, {"id": "14805", "ano": "2020", "numero": "1213", "tipo__sigla": "REQ", "tipo__descricao": "REQUERIMENTO", "autoria": "CLAIRTON ALEM\u00c3O", "texto_original": "http://sapl.campolargo.pr.leg.br/media/sapl/public/materialegislativa/2020/14805/1213.pdf", "ementa": "PARA QUE SEJA REFEITA A LOMBADA NA RUA DOMINGOS CORDEIRO ESQUINA COM A RUA EMILIANO PERNETA, CENTRO."}, {"id": "14806", "ano": "2020", "numero": "1214", "tipo__sigla": "REQ", "tipo__descricao": "REQUERIMENTO", "autoria": "CLAIRTON ALEM\u00c3O", "texto_original": "http://sapl.campolargo.pr.leg.br/media/sapl/public/materialegislativa/2020/14806/1214.pdf", "ementa": "CRIA\u00c7\u00c3O DE MAIS UM CENTRO DE APOIO \u00c0 DEFICIENTES F\u00cdSICOS NO MUNIC\u00cdPIO."}, {"id": "14809", "ano": "2020", "numero": "1215", "tipo__sigla": "REQ", "tipo__descricao": "REQUERIMENTO", "autoria": "CLAIRTON ALEM\u00c3O", "texto_original": "http://sapl.campolargo.pr.leg.br/media/sapl/public/materialegislativa/2020/14809/1215.pdf", "ementa": "LIMPEZA DAS VIAS P\u00daBLICAS ATRAV\u00c9S DA RO\u00c7ADEIRA COM DISCO DE ESCOVA DE A\u00c7O, SUBSTITUINDO A ATUAL M\u00c1QUINA DE RASPAGEM/CAPINA MEC\u00c2NICA."}, {"id": "14817", "ano": "2020", "numero": "1229", "tipo__sigla": "REQ", "tipo__descricao": "REQUERIMENTO", "autoria": "GIOVANI MARCON", "texto_original": "http://sapl.campolargo.pr.leg.br/media/sapl/public/materialegislativa/2020/14817/1229.pdf", "ementa": "C\u00d3PIA INTEGRAL DO PROCESSO N\u00ba 38.144/2019"}, {"id": "14819", "ano": "2020", "numero": "1230", "tipo__sigla": "REQ", "tipo__descricao": "REQUERIMENTO", "autoria": "GIOVANI MARCON", "texto_original": "http://sapl.campolargo.pr.leg.br/media/sapl/public/materialegislativa/2020/14819/1230.pdf", "ementa": "RETORNO DAS LINHAS DE \u00d4NIBUS DO BAIRRO \u00c1GUAS CLARAS."}, {"id": "14818", "ano": "2020", "numero": "1231", "tipo__sigla": "REQ", "tipo__descricao": "REQUERIMENTO", "autoria": "GIOVANI MARCON", "texto_original": "http://sapl.campolargo.pr.leg.br/media/sapl/public/materialegislativa/2020/14818/1231.pdf", "ementa": "RELAT\u00d3RIO ATUALIZADO DA SITUA\u00c7\u00c3O DE REFORMAS DAS ESCOLAS MUNICIPAIS."}, {"id": "14820", "ano": "2020", "numero": "1232", "tipo__sigla": "REQ", "tipo__descricao": "REQUERIMENTO", "autoria": "GIOVANI MARCON", "texto_original": "http://sapl.campolargo.pr.leg.br/media/sapl/public/materialegislativa/2020/14820/1232.pdf", "ementa": "RONDA OSTENSIVA DA GUARDA MUNICIPAL NA REGI\u00c3O DA COL\u00d4NIA BALBINO CUNHA/CAMPINA."}, {"id": "14821", "ano": "2020", "numero": "1233", "tipo__sigla": "REQ", "tipo__descricao": "REQUERIMENTO", "autoria": "GIOVANI MARCON", "texto_original": "http://sapl.campolargo.pr.leg.br/media/sapl/public/materialegislativa/2020/14821/1233.pdf", "ementa": "RONDA OSTENSIVA DA GUARDA MUNICIPAL NO LOTEAMENTO SABIM, FAZENDINHA."}, {"id": "14823", "ano": "2020", "numero": "1238", "tipo__sigla": "REQ", "tipo__descricao": "REQUERIMENTO", "autoria": "BETE DAMACENO", "texto_original": "http://sapl.campolargo.pr.leg.br/media/sapl/public/materialegislativa/2020/14823/1238.pdf", "ementa": "MATERIAL FRESADO NA RUA ERNESTO CROZETA N\u00ba 550, SANTA \u00c2NGELA, FERRARIA."}, {"id": "14824", "ano": "2020", "numero": "1239", "tipo__sigla": "REQ", "tipo__descricao": "REQUERIMENTO", "autoria": "BETE DAMACENO", "texto_original": "http://sapl.campolargo.pr.leg.br/media/sapl/public/materialegislativa/2020/14824/1239.pdf", "ementa": "SINALIZA\u00c7\u00c3O NA ESTRADA NOSSA SENHORA MONTES CLAROS NA COL\u00d4NIA REVIER, COMO DESVIO DAS OBRAS DA ESTRADA MATO GROSSO, FERRARIA."}, {"id": "14825", "ano": "2020", "numero": "1240", "tipo__sigla": "REQ", "tipo__descricao": "REQUERIMENTO", "autoria": "BETE DAMACENO", "texto_original": "http://sapl.campolargo.pr.leg.br/media/sapl/public/materialegislativa/2020/14825/1240.pdf", "ementa": "INFORMA\u00c7\u00d5ES SOBRE OS MOTIVOS DAS PARALISA\u00c7\u00d5ES DAS OBRAS NO BAIRRO ROSSA, BATEIAS."}, {"id": "14826", "ano": "2020", "numero": "1241", "tipo__sigla": "REQ", "tipo__descricao": "REQUERIMENTO", "autoria": "BETE DAMACENO", "texto_original": "http://sapl.campolargo.pr.leg.br/media/sapl/public/materialegislativa/2020/14826/1241.pdf", "ementa": "MATERIAL FRESADO NA RUA JOS\u00c9 GARZARO, COL\u00d4NIA MARIANA."}, {"id": "14827", "ano": "2020", "numero": "1242", "tipo__sigla": "REQ", "tipo__descricao": "REQUERIMENTO", "autoria": "BETE DAMACENO", "texto_original": "http://sapl.campolargo.pr.leg.br/media/sapl/public/materialegislativa/2020/14827/1242.pdf", "ementa": "C\u00d3PIA DO CONTRATO E ADITIVOS FIRMADO ENTRE A EMPRESA TRADE COMUNICA\u00c7\u00c3O E MARKTING COM O MUNIC\u00cdPIO."}, {"id": "14830", "ano": "2020", "numero": "1246", "tipo__sigla": "REQ", "tipo__descricao": "REQUERIMENTO", "autoria": "DARCI ANDREASSA", "texto_original": "http://sapl.campolargo.pr.leg.br/media/sapl/public/materialegislativa/2020/14830/1246.pdf", "ementa": "COBERTURA DO PONTO DE \u00d4NIBUS NA AVENIDA DOS EXPEDICION\u00c1RIOS N\u00ba 4884, SENTIDO BAIRRO."}, {"id": "14831", "ano": "2020", "numero": "1247", "tipo__sigla": "REQ", "tipo__descricao": "REQUERIMENTO", "autoria": "DARCI ANDREASSA", "texto_original": "http://sapl.campolargo.pr.leg.br/media/sapl/public/materialegislativa/2020/14831/1247.pdf", "ementa": "COBERTURA DO PONTO DE \u00d4NIBUS NA AVENIDA DOS EXPEDICION\u00c1RIOS N\u00ba 5056, SENTIDO BAIRRO."}, {"id": "14828", "ano": "2020", "numero": "1249", "tipo__sigla": "REQ", "tipo__descricao": "REQUERIMENTO", "autoria": "CLEA OLIVEIRA", "texto_original": "http://sapl.campolargo.pr.leg.br/media/sapl/public/materialegislativa/2020/14828/1249.pdf", "ementa": "REDE DE ESGOTO NA RUA ULISSES \u00c2NGELO, GUABIROBA."}, {"id": "14829", "ano": "2020", "numero": "1250", "tipo__sigla": "REQ", "tipo__descricao": "REQUERIMENTO", "autoria": "CLEA OLIVEIRA", "texto_original": "http://sapl.campolargo.pr.leg.br/media/sapl/public/materialegislativa/2020/14829/1250.pdf", "ementa": "REPERFILAMENTO ASF\u00c1LTICO NA RUA JO\u00c3O CECCATO NETO, DISTRITO DE BATEIAS."}, {"id": "14836", "ano": "2020", "numero": "1259", "tipo__sigla": "REQ", "tipo__descricao": "REQUERIMENTO", "autoria": "DARCI ANDREASSA", "texto_original": "http://sapl.campolargo.pr.leg.br/media/sapl/public/materialegislativa/2020/14836/1259.pdf", "ementa": "SOLICITO A DESOBSTRU\u00c7\u00c3O E LIMPEZA DOS BUEIROS NA AVENIDA FRITZ E. SCHIMIDT EM TODA SUA EXTENS\u00c3O."}, {"id": "14837", "ano": "2020", "numero": "1261", "tipo__sigla": "REQ", "tipo__descricao": "REQUERIMENTO", "autoria": "DARCI ANDREASSA", "texto_original": "http://sapl.campolargo.pr.leg.br/media/sapl/public/materialegislativa/2020/14837/1261.pdf", "ementa": "SOLICITO A DESOBSTRU\u00c7\u00c3O E LIMPEZA DOS BUEIROS NA RUA ANT\u00d4NIO SEGURO PR\u00d3XIMO AO N\u00ba 48 NO BAIRRO BUTIATUVA."}, {"id": "14838", "ano": "2020", "numero": "1265", "tipo__sigla": "REQ", "tipo__descricao": "REQUERIMENTO", "autoria": "BETE DAMACENO", "texto_original": "http://sapl.campolargo.pr.leg.br/media/sapl/public/materialegislativa/2020/14838/1265.pdf", "ementa": "QUE SEJA COLOCADO MEIO FIO EM TODA EXTENS\u00c3O DA RUA 1 NO BAIRRO R\u00d3SSA EM BATEIAS NO MUNIC\u00cdPIO DE CAMPO LARGO."}, {"id": "14839", "ano": "2020", "numero": "1266", "tipo__sigla": "REQ", "tipo__descricao": "REQUERIMENTO", "autoria": "BETE DAMACENO", "texto_original": "http://sapl.campolargo.pr.leg.br/media/sapl/public/materialegislativa/2020/14839/1266.pdf", "ementa": "QUE SEJA INSTALADA LIXEIRA COMUNIT\u00c1RIA NA RUA ISIDIO CRUZARA EM FRENTE AO NUMERAL 79 NO FERRARIA CAMPO LARGO."}, {"id": "14840", "ano": "2020", "numero": "1267", "tipo__sigla": "REQ", "tipo__descricao": "REQUERIMENTO", "autoria": "BETE DAMACENO", "texto_original": "http://sapl.campolargo.pr.leg.br/media/sapl/public/materialegislativa/2020/14840/1267.pdf", "ementa": "QUE SEJA FEITA OPERA\u00c7\u00c3O TAPA BURACOS NA RUA CEAR\u00c1 JARDIM BOA VISTA NO FERRARIA CAMPO LARGO."}, {"id": "14854", "ano": "2020", "numero": "1268", "tipo__sigla": "REQ", "tipo__descricao": "REQUERIMENTO", "autoria": "BETE DAMACENO", "texto_original": "http://sapl.campolargo.pr.leg.br/media/sapl/public/materialegislativa/2020/14854/1268.pdf", "ementa": "QUE SEJA FEITA OPERA\u00c7\u00c3O TAPA BURACOS NA RUA NOE MASSUQUETO VILA DAVID ANT\u00d4NIO NO FERRARIA CAMPO LARGO."}, {"id": "14841", "ano": "2020", "numero": "1269", "tipo__sigla": "REQ", "tipo__descricao": "REQUERIMENTO", "autoria": "BETE DAMACENO", "texto_original": "http://sapl.campolargo.pr.leg.br/media/sapl/public/materialegislativa/2020/14841/1269.pdf", "ementa": "QUE SEJA INTENSIFICADA A FISCALIZA\u00c7\u00c3O NOS ESTABELECIMENTOS COMERCIAIS AFIM DE APLICA\u00c7\u00c3O DA LEI N\u00ba 2965 DE 02 DE AGOSTO DE 2018, DIGA N\u00c3O AO CEROL, NO MUNIC\u00cdPIO DE CAMPO LARGO"}, {"id": "14842", "ano": "2020", "numero": "1270", "tipo__sigla": "REQ", "tipo__descricao": "REQUERIMENTO", "autoria": "MARCIO BERALDO", "texto_original": "http://sapl.campolargo.pr.leg.br/media/sapl/public/materialegislativa/2020/14842/1270.pdf", "ementa": "SOLICITANDO QUE SEJA FEITO SERVI\u00c7O DE PATROLAMENTO E ENSAIBRAMENTO EM TODA A EXTENS\u00c3O DA RUA BEL\u00c9M, NO BAIRRO VILA GL\u00d3RIA, CAMPO LARGO."}, {"id": "14843", "ano": "2020", "numero": "1271", "tipo__sigla": "REQ", "tipo__descricao": "REQUERIMENTO", "autoria": "MARCIO BERALDO", "texto_original": "http://sapl.campolargo.pr.leg.br/media/sapl/public/materialegislativa/2020/14843/1271.pdf", "ementa": "SOLICITANDO QUE SEJA FEITO REPERFILAMENTO ASF\u00c1LTICO EM TODA A EXTENS\u00c3O DA RUA OSVALDO DE MELO SEVERINO, LOTEAMENTO HELV\u00cdDIA, CAMPO LARGO."}, {"id": "14844", "ano": "2020", "numero": "1272", "tipo__sigla": "REQ", "tipo__descricao": "REQUERIMENTO", "autoria": "MARCIO BERALDO", "texto_original": "http://sapl.campolargo.pr.leg.br/media/sapl/public/materialegislativa/2020/14844/1272.pdf", "ementa": "REQUERENDO MELHORIAS NA SINALIZA\u00c7\u00c3O VERTICAL - INSTALA\u00c7\u00c3O DE PLACAS DE \u201cPROIBIDO ESTACIONAR\u201d, EM TODA A EXTENS\u00c3O DA AVENIDA AYRTON SENNA DA SILVA, CAMPO LARGO."}, {"id": "14845", "ano": "2020", "numero": "1273", "tipo__sigla": "REQ", "tipo__descricao": "REQUERIMENTO", "autoria": "MARCIO BERALDO", "texto_original": "http://sapl.campolargo.pr.leg.br/media/sapl/public/materialegislativa/2020/14845/1273.pdf", "ementa": "REQUERENDO QUE SEJA INSTALADO DISPENSER COM \u00c1LCOOL EM GEL 70% COM A DEVIDA SINALIZA\u00c7\u00c3O E REPOSI\u00c7\u00c3O, NO TERMINAL URBANO E EM TODOS OS VE\u00cdCULOS DO TRANSPORTE COLETIVO DO MUNIC\u00cdPIO DE CAMPO LARGO."}, {"id": "14848", "ano": "2020", "numero": "1274", "tipo__sigla": "REQ", "tipo__descricao": "REQUERIMENTO", "autoria": "GIOVANI MARCON", "texto_original": "http://sapl.campolargo.pr.leg.br/media/sapl/public/materialegislativa/2020/14848/1274.pdf", "ementa": "VIABILIZAR RONDA OSTENSIVA DA GUARDA MUNICIPAL NO BAIRRO VILA DE LOURDES."}, {"id": "14849", "ano": "2020", "numero": "1275", "tipo__sigla": "REQ", "tipo__descricao": "REQUERIMENTO", "autoria": "GIOVANI MARCON", "texto_original": "http://sapl.campolargo.pr.leg.br/media/sapl/public/materialegislativa/2020/14849/1275.pdf", "ementa": "VIABILIZAR RONDA OSTENSIVA DA GUARDA MUNICIPAL NA REGI\u00c3O DO MIQUELETO."}, {"id": "14846", "ano": "2020", "numero": "1277", "tipo__sigla": "REQ", "tipo__descricao": "REQUERIMENTO", "autoria": "GIOVANI MARCON", "texto_original": "http://sapl.campolargo.pr.leg.br/media/sapl/public/materialegislativa/2020/14846/1277.pdf", "ementa": "QUE SEJA FEITO O REALINHAMENTO OU RETIRADA DO POSTE PR\u00d3XIMO AO KM-36 NA ESTRADA DO CERNE, ENTRADA PARA A ESTRADA DO OURO FINO GRANDE, DISTRITO DE BATEIAS."}, {"id": "14847", "ano": "2020", "numero": "1278", "tipo__sigla": "REQ", "tipo__descricao": "REQUERIMENTO", "autoria": "GIOVANI MARCON", "texto_original": "http://sapl.campolargo.pr.leg.br/media/sapl/public/materialegislativa/2020/14847/1278.pdf", "ementa": "CRIA\u00c7\u00c3O DO CARGO DE DIRETOR CL\u00cdNICO (T\u00c9CNICO) PARA ATUAR NA UPA DR. ATTILIO DE ALMEIDA BARBOSA J\u00daNIOR."}, {"id": "14850", "ano": "2020", "numero": "1279", "tipo__sigla": "REQ", "tipo__descricao": "REQUERIMENTO", "autoria": "JO\u00c3O D'\u00c1GUA", "texto_original": "http://sapl.campolargo.pr.leg.br/media/sapl/public/materialegislativa/2020/14850/1279.pdf", "ementa": "SOLICITO A VIABILIDADE DE RETORNO DA LINHA DE \u00d4NIBUS VILA TORRES - FERRARIA."}, {"id": "14853", "ano": "2020", "numero": "1286", "tipo__sigla": "REQ", "tipo__descricao": "REQUERIMENTO", "autoria": "MARCIO BERALDO", "texto_original": "http://sapl.campolargo.pr.leg.br/media/sapl/public/materialegislativa/2020/14853/1286.pdf", "ementa": "RAMPA DE ACESSIBILIDADE NA CAL\u00c7ADA DA ESCOLA MUNICIPAL ANCHIETA - RUA ENGENHEIRO TOURINHO."}, {"id": "14857", "ano": "2020", "numero": "1288", "tipo__sigla": "REQ", "tipo__descricao": "REQUERIMENTO", "autoria": "JO\u00c3O D'\u00c1GUA", "texto_original": "http://sapl.campolargo.pr.leg.br/media/sapl/public/materialegislativa/2020/14857/1288.pdf", "ementa": "SOLICITA AO PODER EXECUTIVO E A POL\u00cdCIA MILITAR PATRULHAMENTO NO BAIRRO FRANCISCO GORSKI, AP\u00d3S AS 22:00."}, {"id": "14858", "ano": "2020", "numero": "1291", "tipo__sigla": "REQ", "tipo__descricao": "REQUERIMENTO", "autoria": "CLEA OLIVEIRA", "texto_original": "http://sapl.campolargo.pr.leg.br/media/sapl/public/materialegislativa/2020/14858/1291.pdf", "ementa": "INFORMA\u00c7\u00d5ES SOBRE A CONTRATA\u00c7\u00c3O DA EMPRESA TRADE COMUNICA\u00c7\u00c3O E MARKETING LIMITADA PARA PRESTAR SERVI\u00c7OS DE PUBLICIDADE."}, {"id": "14859", "ano": "2020", "numero": "1292", "tipo__sigla": "REQ", "tipo__descricao": "REQUERIMENTO", "autoria": "CLEA OLIVEIRA", "texto_original": "http://sapl.campolargo.pr.leg.br/media/sapl/public/materialegislativa/2020/14859/1292.pdf", "ementa": "COBERTURA - TOLDO NO P\u00c1TIO DA FARM\u00c1CIA ESPECIAL ROMEU IVO CAVALI."}, {"id": "14860", "ano": "2020", "numero": "1293", "tipo__sigla": "REQ", "tipo__descricao": "REQUERIMENTO", "autoria": "CLEA OLIVEIRA", "texto_original": "http://sapl.campolargo.pr.leg.br/media/sapl/public/materialegislativa/2020/14860/1293.pdf", "ementa": "PARA QUE SEJAM ADOTADAS MEDIDAS VOLTADAS AO RESTABELECIMENTO DE CONTATO COM ALUNOS POR PROFISSIONAIS CAPACITADOS A FIM DE SER VERIFICADO SINAIS DE VIOL\u00caNCIA DOM\u00c9STICA EM CRIAN\u00c7AS E ADOLESCENTES."}, {"id": "14862", "ano": "2020", "numero": "1297", "tipo__sigla": "REQ", "tipo__descricao": "REQUERIMENTO", "autoria": "GIOVANI MARCON", "texto_original": "http://sapl.campolargo.pr.leg.br/media/sapl/public/materialegislativa/2020/14862/1297.pdf", "ementa": "SUBSTITUI\u00c7\u00c3O DE L\u00c2MPADAS COMUNS POR L\u00c2MPADAS DE LED NA RUA EDGAR MAROCHI, \u00c1GUAS CLARAS."}, {"id": "14864", "ano": "2020", "numero": "1301", "tipo__sigla": "REQ", "tipo__descricao": "REQUERIMENTO", "autoria": "TONINHO FERREIRA", "texto_original": "http://sapl.campolargo.pr.leg.br/media/sapl/public/materialegislativa/2020/14864/1301.pdf", "ementa": "SOLICITAR RECAPEAMENTO ASF\u00c1LTICO NA RUA ADALBERTO ANTONIO CESCATO, NO BAIRRO FERRARI."}, {"id": "14865", "ano": "2020", "numero": "1305", "tipo__sigla": "REQ", "tipo__descricao": "REQUERIMENTO", "autoria": "MARCIO BERALDO", "texto_original": "http://sapl.campolargo.pr.leg.br/media/sapl/public/materialegislativa/2020/14865/1305.pdf", "ementa": "REQUERENDO QUE SEJA FEITO PAVIMENTA\u00c7\u00c3O ASF\u00c1LTICA NA RUA JOS\u00c9 GARZARO, COL\u00d4NIA MARIANA, CAMPO LARGO."}, {"id": "14866", "ano": "2020", "numero": "1306", "tipo__sigla": "REQ", "tipo__descricao": "REQUERIMENTO", "autoria": "MARCIO BERALDO", "texto_original": "http://sapl.campolargo.pr.leg.br/media/sapl/public/materialegislativa/2020/14866/1306.pdf", "ementa": "REQUERENDO MELHORIAS NA ILUMINA\u00c7\u00c3O P\u00daBLICA (INSTALA\u00c7\u00c3O DE L\u00c2MPADAS DE LED) EM TODA A EXTENS\u00c3O DA RUA JOS\u00c9 GARZANO, COL\u00d4NIA MARIANA, CAMPO LARGO."}, {"id": "14867", "ano": "2020", "numero": "1307", "tipo__sigla": "REQ", "tipo__descricao": "REQUERIMENTO", "autoria": "MARCIO BERALDO", "texto_original": "http://sapl.campolargo.pr.leg.br/media/sapl/public/materialegislativa/2020/14867/1307.pdf", "ementa": "REQUERENDO QUE A EMPRESA BRASILEIRA DE CORREIOS E TEL\u00c9GRAFOS REALIZE A DISTRIBUI\u00c7\u00c3O DE CORRESPOND\u00caNCIAS NA COL\u00d4NIA MARIANA, CAMPO LARGO."}, {"id": "14868", "ano": "2020", "numero": "1308", "tipo__sigla": "REQ", "tipo__descricao": "REQUERIMENTO", "autoria": "MARCIO BERALDO", "texto_original": "http://sapl.campolargo.pr.leg.br/media/sapl/public/materialegislativa/2020/14868/1308.pdf", "ementa": "REQUERENDO QUE SEJA FEITO REALINHAMENTO DE ASFALTO DA RUA BENEDITO SOARES PINTO, EM FRENTE AO N\u00daMERO 1537 APROXIMADAMENTE, NO BAIRRO CENTRO, CAMPO LARGO."}, {"id": "14869", "ano": "2020", "numero": "1309", "tipo__sigla": "REQ", "tipo__descricao": "REQUERIMENTO", "autoria": "MARCIO BERALDO", "texto_original": "http://sapl.campolargo.pr.leg.br/media/sapl/public/materialegislativa/2020/14869/1309.pdf", "ementa": "REQUERENDO CONSTRU\u00c7\u00c3O DE RAMPA DE ACESSIBILIDADE PARA PESSOAS PORTADORAS DE DEFICI\u00caNCIA OU COM MOBILIDADE REDUZIDA, NA CAL\u00c7ADA DE ACESSO \u00c0 ESCOLA MUNICIPAL ANCHIETA, EM FRENTE AO PORT\u00c3O DA RUA CENTEN\u00c1RIO, N\u00ba 1775, CENTRO, CAMPO LARGO."}, {"id": "14873", "ano": "2020", "numero": "1325", "tipo__sigla": "REQ", "tipo__descricao": "REQUERIMENTO", "autoria": "GIOVANI MARCON", "texto_original": "http://sapl.campolargo.pr.leg.br/media/sapl/public/materialegislativa/2020/14873/1325.pdf", "ementa": "RONDA OSTENSIVA DA GUARDA MUNICIPAL , JARDIM CARMELA."}, {"id": "14874", "ano": "2020", "numero": "1326", "tipo__sigla": "REQ", "tipo__descricao": "REQUERIMENTO", "autoria": "GIOVANI MARCON", "texto_original": "http://sapl.campolargo.pr.leg.br/media/sapl/public/materialegislativa/2020/14874/1326.pdf", "ementa": "RETORNO DO HOR\u00c1RIO DAS 12H, COM SA\u00cdDA DO TERMINAL COM DESTINO AO INTERIOR DO MUNIC\u00cdPIO."}, {"id": "14875", "ano": "2020", "numero": "1327", "tipo__sigla": "REQ", "tipo__descricao": "REQUERIMENTO", "autoria": "GIOVANI MARCON", "texto_original": "http://sapl.campolargo.pr.leg.br/media/sapl/public/materialegislativa/2020/14875/1327.pdf", "ementa": "RETORNO COM HOR\u00c1RIOS NORMAIS DA LINHA DE \u00d4NIBUS DO BAIRRO S\u00c3O CAETANO."}, {"id": "14876", "ano": "2020", "numero": "1328", "tipo__sigla": "REQ", "tipo__descricao": "REQUERIMENTO", "autoria": "GIOVANI MARCON", "texto_original": "http://sapl.campolargo.pr.leg.br/media/sapl/public/materialegislativa/2020/14876/1328.pdf", "ementa": "RETORNO COM HOR\u00c1RIOS NORMAIS DA LINHA DE \u00d4NIBUS DO BAIRRO VIA VENEZA."}, {"id": "14877", "ano": "2020", "numero": "1329", "tipo__sigla": "REQ", "tipo__descricao": "REQUERIMENTO", "autoria": "BETE DAMACENO", "texto_original": "http://sapl.campolargo.pr.leg.br/media/sapl/public/materialegislativa/2020/14877/1329.pdf", "ementa": "MELHORIAS NA ILUMINA\u00c7\u00c3O P\u00daBLICA NA AVENIDA BRASIL, JARDIM BOA VISTA, FERRARIA."}, {"id": "14878", "ano": "2020", "numero": "1330", "tipo__sigla": "REQ", "tipo__descricao": "REQUERIMENTO", "autoria": "BETE DAMACENO", "texto_original": "http://sapl.campolargo.pr.leg.br/media/sapl/public/materialegislativa/2020/14878/1330.pdf", "ementa": "PLACAS INDICATIVAS SOBRE CRIME DE ABANDONO DE ANIMAIS NA COL\u00d4NIA REVIER, FERRARIA."}, {"id": "14879", "ano": "2020", "numero": "1331", "tipo__sigla": "REQ", "tipo__descricao": "REQUERIMENTO", "autoria": "BETE DAMACENO", "texto_original": "http://sapl.campolargo.pr.leg.br/media/sapl/public/materialegislativa/2020/14879/1331.pdf", "ementa": "INFORMA\u00c7\u00d5ES ACERCA DE CONV\u00caNIOS DO MUNIC\u00cdPIO COM INSTITUI\u00c7\u00d5ES DE ABRIGO, ACOLHIMENTO E CASAS DE PASSAGEM."}, {"id": "14880", "ano": "2020", "numero": "1332", "tipo__sigla": "REQ", "tipo__descricao": "REQUERIMENTO", "autoria": "BETE DAMACENO", "texto_original": "http://sapl.campolargo.pr.leg.br/media/sapl/public/materialegislativa/2020/14880/1332.pdf", "ementa": "INFORMA\u00c7\u00d5ES SOBRE PROCEDIMENTOS DA FISCALIZA\u00c7\u00c3O DEVIDO AO COVID-19 NO MUNIC\u00cdPIO."}, {"id": "14882", "ano": "2020", "numero": "1333", "tipo__sigla": "REQ", "tipo__descricao": "REQUERIMENTO", "autoria": "BETE DAMACENO", "texto_original": "http://sapl.campolargo.pr.leg.br/media/sapl/public/materialegislativa/2020/14882/133.pdf", "ementa": "DISPONIBILIZA\u00c7\u00c3O DE UM VE\u00cdCULO AO CONSELHO TUTELAR DO MUNIC\u00cdPIO DE CAMPO LARGO."}, {"id": "14872", "ano": "2020", "numero": "1334", "tipo__sigla": "REQ", "tipo__descricao": "REQUERIMENTO", "autoria": "DARCI ANDREASSA", "texto_original": "http://sapl.campolargo.pr.leg.br/media/sapl/public/materialegislativa/2020/14872/1334.pdf", "ementa": "DESOBSTRU\u00c7\u00c3O E LIMPEZA DOS BUEIROS NA RUA JO\u00c3O STUKAS BOTIATUVA."}, {"id": "14871", "ano": "2020", "numero": "1335", "tipo__sigla": "REQ", "tipo__descricao": "REQUERIMENTO", "autoria": "DARCI ANDREASSA", "texto_original": "http://sapl.campolargo.pr.leg.br/media/sapl/public/materialegislativa/2020/14871/1335.pdf", "ementa": "DESOBSTRU\u00c7\u00c3O E LIMPEZA DOS BUEIROS NA RUA MARIA IGNEZ SEGURO N\u00ba 47, BOTIATUVA."}, {"id": "14886", "ano": "2020", "numero": "1348", "tipo__sigla": "REQ", "tipo__descricao": "REQUERIMENTO", "autoria": "CLEA OLIVEIRA", "texto_original": "http://sapl.campolargo.pr.leg.br/media/sapl/public/materialegislativa/2020/14886/1348.pdf", "ementa": "SOLICITANDO CERCA DE PROTE\u00c7\u00c3O EM VOLTA DO PARQUINHO LOCALIZADO NA PRA\u00c7A DA POL\u00d4NIA, RUA SETE DE SETEMBRO, DESTE MUNIC\u00cdPIO."}, {"id": "14887", "ano": "2020", "numero": "1349", "tipo__sigla": "REQ", "tipo__descricao": "REQUERIMENTO", "autoria": "CLEA OLIVEIRA", "texto_original": "http://sapl.campolargo.pr.leg.br/media/sapl/public/materialegislativa/2020/14887/1349.pdf", "ementa": "SOLICITANDO REVESTIMENTO ASF\u00c1LTICO NA ENTRADA QUE D\u00c1 ACESSO AO CENTRO ESTADUAL DE EDUCA\u00c7\u00c3O PROFISSIONAL (CEEP), LOCALIZADO NA RUA FRANCISCO XAVIER DE ALMEIDA GARRET, DESTE MUNIC\u00cdPIO."}, {"id": "14888", "ano": "2020", "numero": "1350", "tipo__sigla": "REQ", "tipo__descricao": "REQUERIMENTO", "autoria": "CLEA OLIVEIRA", "texto_original": "http://sapl.campolargo.pr.leg.br/media/sapl/public/materialegislativa/2020/14888/1350.pdf", "ementa": "SOLICITANDO REGULARIZA\u00c7\u00c3O DE CEP NA RUA ULISSES ANGELO, E PLACA INDICATIVA COM NOME E VIA E CEP, BAIRRO GUABIROBA, DESTE MUNIC\u00cdPIO."}, {"id": "14889", "ano": "2020", "numero": "1351", "tipo__sigla": "REQ", "tipo__descricao": "REQUERIMENTO", "autoria": "CLEA OLIVEIRA", "texto_original": "http://sapl.campolargo.pr.leg.br/media/sapl/public/materialegislativa/2020/14889/1351.pdf", "ementa": "SOLICITANDO INFORMA\u00c7\u00d5ES SOBRE A APLICA\u00c7\u00c3O DE MULTAS PELO DESCUMPRIMENTO A LEI N\u00ba 1823/2005 NO QUE TANGE \u00c0 SAN\u00c7\u00c3O QUANTO A LIMPEZA DAS HABITA\u00c7\u00d5ES (TERRENOS)."}, {"id": "14891", "ano": "2020", "numero": "1355", "tipo__sigla": "REQ", "tipo__descricao": "REQUERIMENTO", "autoria": "CLAIRTON ALEM\u00c3O", "texto_original": "http://sapl.campolargo.pr.leg.br/media/sapl/public/materialegislativa/2020/14891/1355.pdf", "ementa": "SOLICITANDO REPARO EM CAL\u00c7ADA REBAIXADA LOCALIZADA NA ESQUINA ENTRE A RUA JOAQUIM RIBAS DE ANDRADE E A RUA ENGENHEIRO TOURINHO. (PROX. AO NUMERAL 1083)."}, {"id": "14892", "ano": "2020", "numero": "1356", "tipo__sigla": "REQ", "tipo__descricao": "REQUERIMENTO", "autoria": "CLAIRTON ALEM\u00c3O", "texto_original": "http://sapl.campolargo.pr.leg.br/media/sapl/public/materialegislativa/2020/14892/1356.pdf", "ementa": "SOLICITANDO REPARO EM CAL\u00c7ADA REBAIXADA LOCALIZADA NA RUA CAETANO MUNHOZ DA ROCHA."}, {"id": "14893", "ano": "2020", "numero": "1357", "tipo__sigla": "REQ", "tipo__descricao": "REQUERIMENTO", "autoria": "CLAIRTON ALEM\u00c3O", "texto_original": "http://sapl.campolargo.pr.leg.br/media/sapl/public/materialegislativa/2020/14893/1357.pdf", "ementa": "SOLICITANDO LIMPEZA DE SARJETA NA RUA OTHMAR GERSTER SCOTONI, BAIRRO ELIZABETH."}, {"id": "14894", "ano": "2020", "numero": "1358", "tipo__sigla": "REQ", "tipo__descricao": "REQUERIMENTO", "autoria": "CLAIRTON ALEM\u00c3O", "texto_original": "http://sapl.campolargo.pr.leg.br/media/sapl/public/materialegislativa/2020/14894/1358.pdf", "ementa": "SOLICITANDO LIMPEZA DE SARJETA NA RUA FRANCISCO COLTRO, BAIRRO NOVA TRENTO."}, {"id": "14895", "ano": "2020", "numero": "1359", "tipo__sigla": "REQ", "tipo__descricao": "REQUERIMENTO", "autoria": "GIOVANI MARCON", "texto_original": "http://sapl.campolargo.pr.leg.br/media/sapl/public/materialegislativa/2020/14895/1359.pdf", "ementa": "QUE SEJA FEITO A CONTINUA\u00c7\u00c3O DA INSTALA\u00c7\u00c3O DE L\u00c2MPADAS DE LED NA RUA J\u00daLIO BUGNHAKI, BAIRRO VILA DE LOURDES."}, {"id": "14896", "ano": "2020", "numero": "1362", "tipo__sigla": "REQ", "tipo__descricao": "REQUERIMENTO", "autoria": "TADEU DE PAULA", "texto_original": "http://sapl.campolargo.pr.leg.br/media/sapl/public/materialegislativa/2020/14896/1362.pdf", "ementa": "INSTALA\u00c7\u00c3O DE UMA TRAVESSIA ELEVADA PARA PEDESTRES NA RUA JO\u00c3O BATISTA VAL\u00d5ES, EM FRENTE AO ANTIGO SUPERMERCADO DIP."}, {"id": "14906", "ano": "2020", "numero": "1401", "tipo__sigla": "REQ", "tipo__descricao": "REQUERIMENTO", "autoria": "MARCIO BERALDO", "texto_original": "http://sapl.campolargo.pr.leg.br/media/sapl/public/materialegislativa/2020/14906/1401.pdf", "ementa": "REQUERENDO QUE SEJA FEITO LIMPEZA/DESOBSTRU\u00c7\u00c3O DO BUEIRO LOCALIZADO NA RUA BENEDITO SOARES PINTO, EM FRENTE AO N\u00daMERO 1540, ESQUINA COM RUA MANOEL RIBAS, NO BAIRRO CENTRO, CAMPO LARGO, CONFORME FOTO ANEXO."}, {"id": "14907", "ano": "2020", "numero": "1402", "tipo__sigla": "REQ", "tipo__descricao": "REQUERIMENTO", "autoria": "MARCIO BERALDO", "texto_original": "http://sapl.campolargo.pr.leg.br/media/sapl/public/materialegislativa/2020/14907/1402.pdf", "ementa": "REQUERENDO QUE SEJA FEITO REPERFILAMENTO ASF\u00c1LTICO EM TODA A EXTENS\u00c3O DA RUA AUGUSTO BULOW, VILA KUSTER, CAMPO LARGO."}, {"id": "14908", "ano": "2020", "numero": "1403", "tipo__sigla": "REQ", "tipo__descricao": "REQUERIMENTO", "autoria": "MARCIO BERALDO", "texto_original": "http://sapl.campolargo.pr.leg.br/media/sapl/public/materialegislativa/2020/14908/1403.pdf", "ementa": "SOLICITANDO, EM CAR\u00c1TER DE URG\u00caNCIA, ESTUDO DE VIABILIDADE T\u00c9CNICA PARA IMPLANTA\u00c7\u00c3O DE REDUTOR DE VELOCIDADE ENTRE A ANTIGA BR 277 E A RUA ROMUALDO PORTUGAL (AO LADO DO POSTO CAMPO LARGO)."}, {"id": "14909", "ano": "2020", "numero": "1404", "tipo__sigla": "REQ", "tipo__descricao": "REQUERIMENTO", "autoria": "MARCIO BERALDO", "texto_original": "http://sapl.campolargo.pr.leg.br/media/sapl/public/materialegislativa/2020/14909/1404.pdf", "ementa": "REQUERENDO QUE SEJA FEITO REPERFILAMENTO ASF\u00c1LTICO EM TODA A EXTENS\u00c3O DA RUA PEDRO VAZ DA SILVA, BAIRRO BOM JESUS, CAMPO LARGO."}, {"id": "14910", "ano": "2020", "numero": "1406", "tipo__sigla": "REQ", "tipo__descricao": "REQUERIMENTO", "autoria": "MARCIO BERALDO", "texto_original": "http://sapl.campolargo.pr.leg.br/media/sapl/public/materialegislativa/2020/14910/1406.pdf", "ementa": "REQUERENDO CONSTRU\u00c7\u00c3O DE RAMPA DE ACESSIBILIDADE PARA PESSOAS PORTADORAS DE DEFICI\u00caNCIA OU COM MOBILIDADE REDUZIDA, NA CAL\u00c7ADA DE ACESSO \u00c0 ESCOLA MUNICIPAL VEREADOR JOS\u00c9 ANDREASSA, COM ENDERE\u00c7O NA RUA NOSSA SRA. DA APARECIDA, 301 (PORT\u00c3O DO MEIO), CERCADINHO, CAMPO LARGO."}, {"id": "14914", "ano": "2020", "numero": "1415", "tipo__sigla": "REQ", "tipo__descricao": "REQUERIMENTO", "autoria": "TADEU DE PAULA", "texto_original": "http://sapl.campolargo.pr.leg.br/media/sapl/public/materialegislativa/2020/14914/1415.pdf", "ementa": "INSTALA\u00c7\u00c3O DE LIXEIRA COMUNIT\u00c1RIA NA ESTRADA DO CERNE, KM 72 NAS PROXIMIDADES DA CH\u00c1CARA DA NAIR."}, {"id": "14915", "ano": "2020", "numero": "1416", "tipo__sigla": "REQ", "tipo__descricao": "REQUERIMENTO", "autoria": "TADEU DE PAULA", "texto_original": "http://sapl.campolargo.pr.leg.br/media/sapl/public/materialegislativa/2020/14915/1416.pdf", "ementa": "QUE SEJA REALIZADA NOVA LICITA\u00c7\u00c3O OU ADITIVO COM A ATUAL EMPRESA PARA A PERFURA\u00c7\u00c3O DE MAIS PO\u00c7OS ARTESIANOS NO INTERIOR DO MUNIC\u00cdPIO."}, {"id": "14916", "ano": "2020", "numero": "1418", "tipo__sigla": "REQ", "tipo__descricao": "REQUERIMENTO", "autoria": "CLAIRTON ALEM\u00c3O", "texto_original": "http://sapl.campolargo.pr.leg.br/media/sapl/public/materialegislativa/2020/14916/1418.pdf", "ementa": "AMPLA DIVULGA\u00c7\u00c3O DO PROGRAMA NACIONAL DE APOIO A MICRO E PEQUENAS EMPRESAS EM SUAS REDE DE COMUNICA\u00c7\u00c3O."}, {"id": "14917", "ano": "2020", "numero": "1419", "tipo__sigla": "REQ", "tipo__descricao": "REQUERIMENTO", "autoria": "CLAIRTON ALEM\u00c3O", "texto_original": "http://sapl.campolargo.pr.leg.br/media/sapl/public/materialegislativa/2020/14917/1419.pdf", "ementa": "INFORMA\u00c7\u00d5ES DETALHADAS SOBRE A DESTINA\u00c7\u00c3O DO VALOR REPASSADO PELO GOVERNO FEDERAL PARA ENFRENTAMENTO AO COVID-19."}, {"id": "14918", "ano": "2020", "numero": "1423", "tipo__sigla": "REQ", "tipo__descricao": "REQUERIMENTO", "autoria": "CLAIRTON ALEM\u00c3O", "texto_original": "http://sapl.campolargo.pr.leg.br/media/sapl/public/materialegislativa/2020/14918/1423.pdf", "ementa": "RECAPAGEM ASF\u00c1LTICA NA RUA RUBENS BRAGA, NO BAIRRO S\u00c3O MARCOS."}, {"id": "14919", "ano": "2020", "numero": "1426", "tipo__sigla": "REQ", "tipo__descricao": "REQUERIMENTO", "autoria": "CLAIRTON ALEM\u00c3O", "texto_original": "http://sapl.campolargo.pr.leg.br/media/sapl/public/materialegislativa/2020/14919/1426.pdf", "ementa": "DIVULGA\u00c7\u00c3O ATRAV\u00c9S DE AUTO FALANTES NO TERMINAL URBANO SOBRE AS MEDIDAS DE PREVEN\u00c7\u00c3O AO COVID-19."}, {"id": "14920", "ano": "2020", "numero": "1427", "tipo__sigla": "REQ", "tipo__descricao": "REQUERIMENTO", "autoria": "CLAIRTON ALEM\u00c3O", "texto_original": "http://sapl.campolargo.pr.leg.br/media/sapl/public/materialegislativa/2020/14920/1427.pdf", "ementa": "PARA QUE SEJA REFEITO O ASFALTO NA RUA OR\u00cdGENES LESSA, NO BAIRRO S\u00c3O MARCOS."}, {"id": "14922", "ano": "2020", "numero": "1428", "tipo__sigla": "REQ", "tipo__descricao": "REQUERIMENTO", "autoria": "GIOVANI MARCON", "texto_original": "http://sapl.campolargo.pr.leg.br/media/sapl/public/materialegislativa/2020/14922/1428.pdf", "ementa": "RONDA OSTENSIVA DA GUARDA MUNICIPAL NA COL\u00d4NIA MARIANA."}, {"id": "14921", "ano": "2020", "numero": "1429", "tipo__sigla": "REQ", "tipo__descricao": "REQUERIMENTO", "autoria": "GIOVANI MARCON", "texto_original": "http://sapl.campolargo.pr.leg.br/media/sapl/public/materialegislativa/2020/14921/1429.pdf", "ementa": "RETIRADA DA PARADA DE \u00d4NIBUS NA RUA JO\u00c3O STUKAS, N\u00b0 3395."}, {"id": "14931", "ano": "2020", "numero": "1434", "tipo__sigla": "REQ", "tipo__descricao": "REQUERIMENTO", "autoria": "GIOVANI MARCON", "texto_original": "http://sapl.campolargo.pr.leg.br/media/sapl/public/materialegislativa/2020/14931/1434.pdf", "ementa": "REALOCAR A C\u00c2MERA DE SEGURAN\u00c7A INSTALADA NA REGI\u00c3O DO ITAMBEZINHO."}, {"id": "14923", "ano": "2020", "numero": "1436", "tipo__sigla": "REQ", "tipo__descricao": "REQUERIMENTO", "autoria": "GIOVANI MARCON", "texto_original": "http://sapl.campolargo.pr.leg.br/media/sapl/public/materialegislativa/2020/14923/1436.pdf", "ementa": "PROVID\u00caNCIAS QUANTO AO DESMORONAMENTO NO FINAL DA TRAVESSA DA CURVA NO CONJUNTO HABITACIONAL ALBINA GRIGOLETI, BOM JESUS."}, {"id": "14924", "ano": "2020", "numero": "1439", "tipo__sigla": "REQ", "tipo__descricao": "REQUERIMENTO", "autoria": "CLEA OLIVEIRA", "texto_original": "http://sapl.campolargo.pr.leg.br/media/sapl/public/materialegislativa/2020/14924/1439.pdf", "ementa": "COMO ESTA SENDO REALIZADO O MONITORAMENTO E RESULTADO DE EXAMES DOS PACIENTES COM SUSPEITA E CONFIRMA\u00c7\u00c3O DE COVID-19, DESTE MUNIC\u00cdPIO."}, {"id": "14925", "ano": "2020", "numero": "1440", "tipo__sigla": "REQ", "tipo__descricao": "REQUERIMENTO", "autoria": "CLEA OLIVEIRA", "texto_original": "http://sapl.campolargo.pr.leg.br/media/sapl/public/materialegislativa/2020/14925/1440.pdf", "ementa": "SOLICITANDO DESOBSTRU\u00c7\u00c3O DE BUEIROS , NA TRAVESSA FRANCISCO LOPES DA SILVA, BAIRRO BOTIATUVA, DESTE MUNIC\u00cdPIO."}, {"id": "14926", "ano": "2020", "numero": "1441", "tipo__sigla": "REQ", "tipo__descricao": "REQUERIMENTO", "autoria": "CLEA OLIVEIRA", "texto_original": "http://sapl.campolargo.pr.leg.br/media/sapl/public/materialegislativa/2020/14926/1441.pdf", "ementa": "SOLICITANDO CAMPANHA DE CONSCIENTIZA\u00c7\u00c3O E COMBATE CONTRA CRIMES VIRTUAIS, NESTE MUNIC\u00cdPIO."}, {"id": "14927", "ano": "2020", "numero": "1442", "tipo__sigla": "REQ", "tipo__descricao": "REQUERIMENTO", "autoria": "CLEA OLIVEIRA", "texto_original": "http://sapl.campolargo.pr.leg.br/media/sapl/public/materialegislativa/2020/14927/1442.pdf", "ementa": "SOLICITANDO QUE N\u00c3O SEJA COBRADO ESTAR (SISTEMA DE ESTACIONAMENTO ROTATIVO PAGO) EM VIAS P\u00daBLICAS PR\u00d3XIMAS DE HOSPITAIS, DESTE MUNIC\u00cdPIO."}, {"id": "14928", "ano": "2020", "numero": "1443", "tipo__sigla": "REQ", "tipo__descricao": "REQUERIMENTO", "autoria": "CLEA OLIVEIRA", "texto_original": "http://sapl.campolargo.pr.leg.br/media/sapl/public/materialegislativa/2020/14928/1443.pdf", "ementa": "SOLICITANDO QUE SEJA ANALISADA JUNTO AO DEPARTAMENTO COMPETENTE A POSSIBILIDADE DE REALIZAR CONV\u00caNIOS COM INSTITUI\u00c7\u00d5ES QUE POSSAM ACOLHER MORADORES DE RUA \u00c0 NOITE."}, {"id": "14938", "ano": "2020", "numero": "1575", "tipo__sigla": "REQ", "tipo__descricao": "REQUERIMENTO", "autoria": "BETE DAMACENO", "texto_original": "http://sapl.campolargo.pr.leg.br/media/sapl/public/materialegislativa/2020/14938/1575.pdf", "ementa": "QUE SEJA FEITO O TESTE DE COVID 19 NOS SERVIDORES P\u00daBLICOS, ESTATUT\u00c1RIOS E COMISSIONADOS DO MUNIC\u00cdPIO DE CAMPO LARGO-PR."}, {"id": "14940", "ano": "2020", "numero": "1577", "tipo__sigla": "REQ", "tipo__descricao": "REQUERIMENTO", "autoria": "BETE DAMACENO", "texto_original": "http://sapl.campolargo.pr.leg.br/media/sapl/public/materialegislativa/2020/14940/1577.pdf", "ementa": "QUE SE AVALIE A POSSIBILIDADE DE DESIGNA\u00c7\u00c3O E REMANEJAMENTO DE SERVIDORES P\u00daBLICOS MUNICIPAIS PARA EXERCEREM A FISCALIZA\u00c7\u00c3O COM RELA\u00c7\u00c3O A SA\u00daDE E HIGIENE P\u00daBLICAS NOS ESTABELECIMENTOS P\u00daBLICOS E PRIVADOS NO MUNIC\u00cdPIO, NO CUMPRIMENTO AS NORMAS DIANTE DA PANDEMIA DA DOEN\u00c7A NO  MUNIC\u00cdPIO DE CAMPO LARGO."}, {"id": "14942", "ano": "2020", "numero": "1578", "tipo__sigla": "REQ", "tipo__descricao": "REQUERIMENTO", "autoria": "BETE DAMACENO", "texto_original": "http://sapl.campolargo.pr.leg.br/media/sapl/public/materialegislativa/2020/14942/1578.pdf", "ementa": "QUE SEJA DISPONIBILIZADO NOS LOCAIS P\u00daBLICOS E COM\u00c9RCIO, PLACAS INDICATIVAS SOBRE A CLASSIFICA\u00c7\u00c3O DE RISCO DO COVID19 E TABELA ORIENTANDO SOBRE QUAL TIPO DE COM\u00c9RCIO PODE FUNCIONAR EM CADA COR DE CLASSIFICA\u00c7\u00c3O NO MUNIC\u00cdPIO DE CAMPO LARGO."}, {"id": "14943", "ano": "2020", "numero": "1579", "tipo__sigla": "REQ", "tipo__descricao": "REQUERIMENTO", "autoria": "BETE DAMACENO", "texto_original": "http://sapl.campolargo.pr.leg.br/media/sapl/public/materialegislativa/2020/14943/1579_2.pdf", "ementa": "INFORMA\u00c7\u00d5ES EM QUAL LOCALIDADE SE ENCONTRA TRABALHANDO A PATROLA RURAL NO MUNIC\u00cdPIO DE CAMPO LARGO."}, {"id": "14949", "ano": "2020", "numero": "1581", "tipo__sigla": "REQ", "tipo__descricao": "REQUERIMENTO", "autoria": "GIOVANI MARCON", "texto_original": "http://sapl.campolargo.pr.leg.br/media/sapl/public/materialegislativa/2020/14949/1581_2.pdf", "ementa": "\"VIABILIZAR RONDA OSTENSIVA DA GUARDA MUNICIPAL NO BAIRRO VILA SCRIPTZ.\""}, {"id": "14950", "ano": "2020", "numero": "1582", "tipo__sigla": "REQ", "tipo__descricao": "REQUERIMENTO", "autoria": "GIOVANI MARCON", "texto_original": "http://sapl.campolargo.pr.leg.br/media/sapl/public/materialegislativa/2020/14950/1582_2.pdf", "ementa": "\"QUE SEJA FEITO A SUBSTITUI\u00c7\u00c3O DE L\u00c2MPADAS COMUNS POR L\u00c2MPADAS DE LED NA RUA HUMBERTO BARONI, BAIRRO S\u00c3O JOS\u00c9.\""}, {"id": "14951", "ano": "2020", "numero": "1583", "tipo__sigla": "REQ", "tipo__descricao": "REQUERIMENTO", "autoria": "GIOVANI MARCON", "texto_original": "http://sapl.campolargo.pr.leg.br/media/sapl/public/materialegislativa/2020/14951/1583.pdf", "ementa": "\"VIABILIZAR O RECAPEAMENTO ASF\u00c1LTICO NA RUA S\u00c3O MATEUS, BAIRRO CRISTO REI.\""}, {"id": "14952", "ano": "2020", "numero": "1584", "tipo__sigla": "REQ", "tipo__descricao": "REQUERIMENTO", "autoria": "GIOVANI MARCON", "texto_original": "http://sapl.campolargo.pr.leg.br/media/sapl/public/materialegislativa/2020/14952/1584.pdf", "ementa": "\"VIABILIZAR O RECAPEAMENTO ASF\u00c1LTICO NA RUA S\u00c3O JOS\u00c9, BAIRRO SANTA ANA.\""}, {"id": "14947", "ano": "2020", "numero": "1592", "tipo__sigla": "REQ", "tipo__descricao": "REQUERIMENTO", "autoria": "TONINHO FERREIRA", "texto_original": "http://sapl.campolargo.pr.leg.br/media/sapl/public/materialegislativa/2020/14947/1592.pdf", "ementa": "\"INSTALA\u00c7\u00c3O DE LIXEIRAS NA AVENIDA DO CANAL.\""}, {"id": "14948", "ano": "2020", "numero": "1593", "tipo__sigla": "REQ", "tipo__descricao": "REQUERIMENTO", "autoria": "TONINHO FERREIRA", "texto_original": "http://sapl.campolargo.pr.leg.br/media/sapl/public/materialegislativa/2020/14948/1593.pdf", "ementa": "\"INSTALA\u00c7\u00c3O DE LIXEIRAS NA RUA MANOEL RIBAS, ENTRE A AV. PIGATO NATURAL E RUA FRANCISCO XAVIER DE ALMEIDA GARRET.\""}, {"id": "14945", "ano": "2020", "numero": "1594", "tipo__sigla": "REQ", "tipo__descricao": "REQUERIMENTO", "autoria": "TADEU DE PAULA", "texto_original": "http://sapl.campolargo.pr.leg.br/media/sapl/public/materialegislativa/2020/14945/1594.pdf", "ementa": "\"REVITALIZA\u00c7\u00c3O DA RUA AGNELO ZAMPIER, DISTRITO DE BATEIAS.\""}, {"id": "14946", "ano": "2020", "numero": "1595", "tipo__sigla": "REQ", "tipo__descricao": "REQUERIMENTO", "autoria": "TADEU DE PAULA", "texto_original": "http://sapl.campolargo.pr.leg.br/media/sapl/public/materialegislativa/2020/14946/1595.pdf", "ementa": "\"CONSTRU\u00c7\u00c3O DE UMA PRA\u00c7A NA RUA JOSE DOMINGUES PEREIRA, BAIRRO JARDIM PARA\u00cdSO MINERAL, PR\u00d3XIMO A ESTA\u00c7\u00c3O DE TRATAMENTO DA SANEPAR.\""}, {"id": "14941", "ano": "2020", "numero": "1603", "tipo__sigla": "REQ", "tipo__descricao": "REQUERIMENTO", "autoria": "JO\u00c3O D'\u00c1GUA", "texto_original": "http://sapl.campolargo.pr.leg.br/media/sapl/public/materialegislativa/2020/14941/1603.pdf", "ementa": "\"PEDIDO DE ADES\u00c3O AO MARCO DE SANEAMENTO B\u00c1SICO, LEI 14.026, DE JULHO DE 2020.\""}, {"id": "14986", "ano": "2020", "numero": "1605", "tipo__sigla": "REQ", "tipo__descricao": "REQUERIMENTO", "autoria": "TADEU DE PAULA", "texto_original": "http://sapl.campolargo.pr.leg.br/media/sapl/public/materialegislativa/2020/14986/1605.pdf", "ementa": "\"INSTALA\u00c7\u00c3O DE UMA LOMBADA NA RUA OLAVO BILAC NAS PROXIMIDADES DO N\u00daMERO 620, BAIRRO JARDIM BUSMAYER.\""}, {"id": "14987", "ano": "2020", "numero": "1606", "tipo__sigla": "REQ", "tipo__descricao": "REQUERIMENTO", "autoria": "BETE DAMACENO", "texto_original": "http://sapl.campolargo.pr.leg.br/media/sapl/public/materialegislativa/2020/14987/1606_2.pdf", "ementa": "\"OPERA\u00c7\u00c3O TAPA BURACOS NA RUA VICENTE NALEPA NA COL\u00d4NIA DOM PEDRO FERRARIA CAMPO LARGO.\""}, {"id": "14965", "ano": "2020", "numero": "1628", "tipo__sigla": "REQ", "tipo__descricao": "REQUERIMENTO", "autoria": "MARCIO BERALDO", "texto_original": "http://sapl.campolargo.pr.leg.br/media/sapl/public/materialegislativa/2020/14965/1628.pdf", "ementa": "IMPLANTA\u00c7\u00c3O DE UMA TRAVESSIA ELEVADA EM FRENTE AO PORT\u00c3O DE ACESSO \u00c0 ESCOLA MUNICIPAL MADALENA PORTELA, COM ENDERE\u00c7O NA RUA MARECHAL FLORIANO PEIXOTO, N\u00ba 400, LOTEAMENTO OURO VERDE, CAMPO LARGO."}, {"id": "14966", "ano": "2020", "numero": "1629", "tipo__sigla": "REQ", "tipo__descricao": "REQUERIMENTO", "autoria": "MARCIO BERALDO", "texto_original": "http://sapl.campolargo.pr.leg.br/media/sapl/public/materialegislativa/2020/14966/1629.pdf", "ementa": "IMPLANTA\u00c7\u00c3O DE UMA TRAVESSIA ELEVADA EM FRENTE AO PORT\u00c3O DE ACESSO \u00c0 ESCOLA MUNICIPAL VEREADOR JOS\u00c9 ANDREASSA, LOCALIZADO NA RUA SRA. DA APARECIDA, 301, BAIRRO CERCADINHO, CAMPO LARGO."}, {"id": "14967", "ano": "2020", "numero": "1630", "tipo__sigla": "REQ", "tipo__descricao": "REQUERIMENTO", "autoria": "MARCIO BERALDO", "texto_original": "http://sapl.campolargo.pr.leg.br/media/sapl/public/materialegislativa/2020/14967/1630.pdf", "ementa": "REPARO NO ASFALTO QUE EST\u00c1 APRESENTANDO UMA CRATERA/BURACO, NA RUA BENEDITO SOARES PINTO, EM FRENTE AO N\u00daMERO 1986, BAIRRO CENTRO, CAMPO LARGO."}, {"id": "14972", "ano": "2020", "numero": "1631", "tipo__sigla": "REQ", "tipo__descricao": "REQUERIMENTO", "autoria": "MARCIO BERALDO", "texto_original": "http://sapl.campolargo.pr.leg.br/media/sapl/public/materialegislativa/2020/14972/1631.pdf", "ementa": "PARA QUE SEJAM TOMADAS MEDIDAS AFIM DE COIBIR DESCARTE IRREGULAR DE ENTULHOS E LIXOS DIVERSOS, NA RUA BAPTISTA CAVALLIN ESQUINA COM RUA ADEMAR DE BARROS, BAIRRO JARDIM SOCIAL, CAMPO LARGO."}, {"id": "14970", "ano": "2020", "numero": "1634", "tipo__sigla": "REQ", "tipo__descricao": "REQUERIMENTO", "autoria": "MARCIO BERALDO", "texto_original": "http://sapl.campolargo.pr.leg.br/media/sapl/public/materialegislativa/2020/14970/1634.pdf", "ementa": "CONSTRU\u00c7\u00c3O DE RAMPA DE ACESSIBILIDADE PARA PESSOAS PORTADORAS DE DEFICI\u00caNCIA OU COM MOBILIDADE REDUZIDA, NA CAL\u00c7ADA DE ACESSO \u00c0 ESCOLA MUNICIPAL CAETANO MUNHOZ DA ROCHA, COM ENDERE\u00c7O NA ESTRADA DA SEREIA, N\u00ba 140, RONDINHA, CAMPO LARGO."}, {"id": "14974", "ano": "2020", "numero": "1636", "tipo__sigla": "REQ", "tipo__descricao": "REQUERIMENTO", "autoria": "CLEA OLIVEIRA", "texto_original": "http://sapl.campolargo.pr.leg.br/media/sapl/public/materialegislativa/2020/14974/1636.pdf", "ementa": "\"QUE SEJA VERIFICADA A POSSIBILIDADE DE SER PRESTADA ASSIST\u00caNCIA JUR\u00cdDICA GRATUITA PELO MUNIC\u00cdPIO A POPULA\u00c7\u00c3O QUE N\u00c3O TEM CONDI\u00c7\u00d5ES DE ARCAR COM AS CUSTAS DE UM ADVOGADO.\""}, {"id": "14975", "ano": "2020", "numero": "1637", "tipo__sigla": "REQ", "tipo__descricao": "REQUERIMENTO", "autoria": "CLEA OLIVEIRA", "texto_original": "http://sapl.campolargo.pr.leg.br/media/sapl/public/materialegislativa/2020/14975/1637.pdf", "ementa": "\"SOLICITANDO UMA INSTALA\u00c7\u00c3O DE EXAUSTOR NA UNIDADE B\u00c1SICA DE SA\u00daDE DO CENTRO, DESTE MUNIC\u00cdPIO.\""}, {"id": "14976", "ano": "2020", "numero": "1638", "tipo__sigla": "REQ", "tipo__descricao": "REQUERIMENTO", "autoria": "CLEA OLIVEIRA", "texto_original": "http://sapl.campolargo.pr.leg.br/media/sapl/public/materialegislativa/2020/14976/1638.pdf", "ementa": "\"SOLICITANDO PARA QUE SEJA VERIFICA UMA POSSIBILIDADE DE CONCEDER ANISTIA DOS IMPOSTOS MUNICIPAIS DE MICRO E PEQUENAS EMPRESAS NO ANO DE 2020 VISANDO DIMINUIR OS IMPACTOS FINANCEIROS CAUSADOS PELA COVID-19.\""}, {"id": "14969", "ano": "2020", "numero": "1641", "tipo__sigla": "REQ", "tipo__descricao": "REQUERIMENTO", "autoria": "GIOVANI MARCON", "texto_original": "http://sapl.campolargo.pr.leg.br/media/sapl/public/materialegislativa/2020/14969/1641.pdf", "ementa": "\"QUE SEJA REALIZADO MANILHAMENTO E INSTALA\u00c7\u00c3O DE BOCAS DE LOBO NA RUA B, VILA SCRIPTZ.\""}, {"id": "14978", "ano": "2020", "numero": "1642", "tipo__sigla": "REQ", "tipo__descricao": "REQUERIMENTO", "autoria": "DARCI ANDREASSA", "texto_original": "http://sapl.campolargo.pr.leg.br/media/sapl/public/materialegislativa/2020/14978/1642.pdf", "ementa": "OPERA\u00c7\u00c3O TAPA-BURACOS EM TODA EXTENS\u00c3O DA RUA GUATEMALA NO BAIRRO MONSENHOR FRANCISCO GORSKI."}, {"id": "14979", "ano": "2020", "numero": "1643", "tipo__sigla": "REQ", "tipo__descricao": "REQUERIMENTO", "autoria": "DARCI ANDREASSA", "texto_original": "http://sapl.campolargo.pr.leg.br/media/sapl/public/materialegislativa/2020/14979/1643.pdf", "ementa": "OPERA\u00c7\u00c3O TAPA-BURACOS EM TODA EXTENS\u00c3O DA RUA AVENIDA COL\u00d4NIA CRISTINA NO BAIRRO POPULARES NOVA."}, {"id": "14980", "ano": "2020", "numero": "1644", "tipo__sigla": "REQ", "tipo__descricao": "REQUERIMENTO", "autoria": "DARCI ANDREASSA", "texto_original": "http://sapl.campolargo.pr.leg.br/media/sapl/public/materialegislativa/2020/14980/1644.pdf", "ementa": "PATROLAMENTO E ENSAIBRAMENTO NA RUA PARAGUAI, EM TODA EXTENS\u00c3O NO BAIRRO MONSENHOR FRANCISCO GORSKI."}, {"id": "14981", "ano": "2020", "numero": "1645", "tipo__sigla": "REQ", "tipo__descricao": "REQUERIMENTO", "autoria": "DARCI ANDREASSA", "texto_original": "http://sapl.campolargo.pr.leg.br/media/sapl/public/materialegislativa/2020/14981/1645.pdf", "ementa": "PATROLAMENTO E ENSAIBRAMENTO NA RUA ARGENTINA, EM TODA EXTENS\u00c3O NO BAIRRO MONSENHOR FRANCISCO GORSKI."}, {"id": "14994", "ano": "2020", "numero": "1646", "tipo__sigla": "REQ", "tipo__descricao": "REQUERIMENTO", "autoria": "DARCI ANDREASSA", "texto_original": "http://sapl.campolargo.pr.leg.br/media/sapl/public/materialegislativa/2020/14994/1646.pdf", "ementa": "PATROLAMENTO E ENSAIBRAMENTO NA RUA VENEZUELA, EM TODA EXTENS\u00c3O NO BAIRRO MONSENHOR FRANCISCO GORSKI."}, {"id": "14971", "ano": "2020", "numero": "1647", "tipo__sigla": "REQ", "tipo__descricao": "REQUERIMENTO", "autoria": "CLEA OLIVEIRA", "texto_original": "http://sapl.campolargo.pr.leg.br/media/sapl/public/materialegislativa/2020/14971/1647pp.pdf", "ementa": "\"QUAIS PROVID\u00caNCIAS SER\u00c3O TOMADAS EM RELA\u00c7\u00c3O A FUN\u00c7\u00c3O DE AUXILIAR DE EDUCA\u00c7\u00c3O INFANTIL E SEU SEU ENQUADRAMENTO NO QUADRO DO MAGIST\u00c9RIO TENDO EM VISTA A DECIS\u00c3O DO STF QUE JULGOU CONSTITUCIONAL A LEI 1.202 / 2013.\""}, {"id": "14973", "ano": "2020", "numero": "1648", "tipo__sigla": "REQ", "tipo__descricao": "REQUERIMENTO", "autoria": "CLEA OLIVEIRA", "texto_original": "http://sapl.campolargo.pr.leg.br/media/sapl/public/materialegislativa/2020/14973/1648.pdf", "ementa": "\"SOLICITA INFORMA\u00c7\u00d5ES SOBRE AS CASTRA\u00c7\u00d5ES REALIZADAS NO MUNIC\u00cdPIO.\""}, {"id": "14982", "ano": "2020", "numero": "1653", "tipo__sigla": "REQ", "tipo__descricao": "REQUERIMENTO", "autoria": "CLAIRTON ALEM\u00c3O", "texto_original": "http://sapl.campolargo.pr.leg.br/media/sapl/public/materialegislativa/2020/14982/1653.pdf", "ementa": "SOLICITA A REALIZA\u00c7\u00c3O DE LIVES CULTURAIS ENQUANTO DURAR A PANDEMIA."}, {"id": "14983", "ano": "2020", "numero": "1654", "tipo__sigla": "REQ", "tipo__descricao": "REQUERIMENTO", "autoria": "CLAIRTON ALEM\u00c3O", "texto_original": "http://sapl.campolargo.pr.leg.br/media/sapl/public/materialegislativa/2020/14983/1654.pdf", "ementa": "SOLICITANDO A REALIZA\u00c7\u00c3O DE GINCANA ON-LINE PELOS ALUNOS DA REDE MUNICIPAL, SOBRE O TEMA: MEDIDAS DE PREVEN\u00c7\u00c3O AO COVID-19, ENQUANTO DURAR A PANDEMIA."}, {"id": "14984", "ano": "2020", "numero": "1655", "tipo__sigla": "REQ", "tipo__descricao": "REQUERIMENTO", "autoria": "CLAIRTON ALEM\u00c3O", "texto_original": "http://sapl.campolargo.pr.leg.br/media/sapl/public/materialegislativa/2020/14984/1655.pdf", "ementa": "SOLICITA INFORMA\u00c7\u00d5ES SOBRE QUAIS S\u00c3O OS M\u00c9TODOS ADOTADOS ATRAV\u00c9S DO SUS PARA IDENTIFICAR PRECOCEMENTE O AUTISMO NAS UBS."}, {"id": "14985", "ano": "2020", "numero": "1656", "tipo__sigla": "REQ", "tipo__descricao": "REQUERIMENTO", "autoria": "CLAIRTON ALEM\u00c3O", "texto_original": "http://sapl.campolargo.pr.leg.br/media/sapl/public/materialegislativa/2020/14985/1656.pdf", "ementa": "SOLICITA ESTUDOS PARA A IMPLANTA\u00c7\u00c3O DE \u00c1REA DESTINADA PARA CARGA E DESCARGA PR\u00d3XIMO A PONTOS COMERCIAIS NOS BAIRROS."}, {"id": "14988", "ano": "2020", "numero": "1661", "tipo__sigla": "REQ", "tipo__descricao": "REQUERIMENTO", "autoria": "CLAIRTON ALEM\u00c3O", "texto_original": "http://sapl.campolargo.pr.leg.br/media/sapl/public/materialegislativa/2020/14988/1661.pdf", "ementa": "\"SOLICITANDO ESTUDOS PARA A VIABILIDADE DE MELHORIA NA SINALIZA\u00c7\u00c3O NO CRUZAMENTO DA PASSARELA DA RUA LUIZ RIVABEM.\""}, {"id": "14991", "ano": "2020", "numero": "1665", "tipo__sigla": "REQ", "tipo__descricao": "REQUERIMENTO", "autoria": "JO\u00c3O D'\u00c1GUA", "texto_original": "http://sapl.campolargo.pr.leg.br/media/sapl/public/materialegislativa/2020/14991/1665.pdf", "ementa": "\"PEDIDO DE REDE DE ESGOTO NA RUA JO\u00c3O BORGES DE CARVALHO, NO JARDIM DAS PALMEIRAS, BOTIATUVA.\""}, {"id": "14997", "ano": "2020", "numero": "1681", "tipo__sigla": "REQ", "tipo__descricao": "REQUERIMENTO", "autoria": "JO\u00c3O D'\u00c1GUA", "texto_original": "http://sapl.campolargo.pr.leg.br/media/sapl/public/materialegislativa/2020/14997/1681.pdf", "ementa": "SOLICITA\u00c7\u00c3O DE CONSTRU\u00c7\u00c3O DE UMA TRAVESSIA (MANILHAMENTO) NA RUA BRASIL\u00c9IA CRUZAMENTO COM A VICENTE NALEPA NO BAIRRO DOM PEDRO II - FERRARIA."}, {"id": "14998", "ano": "2020", "numero": "1690", "tipo__sigla": "REQ", "tipo__descricao": "REQUERIMENTO", "autoria": "GIOVANI MARCON", "texto_original": "http://sapl.campolargo.pr.leg.br/media/sapl/public/materialegislativa/2020/14998/1690.pdf", "ementa": "QUE A COMPANHIA CAMPOLARGUENSE  DE ENERGIA FA\u00c7A A SUBSTITUI\u00c7\u00c3O DAS L\u00c2MPADAS COMUNS POR L\u00c2MPADAS DE LED NA RUA MARIA JOEZINA FERREIRA, BAIRRO FERRARIA/JARDIM ITAQUI."}, {"id": "15000", "ano": "2020", "numero": "1691", "tipo__sigla": "REQ", "tipo__descricao": "REQUERIMENTO", "autoria": "GIOVANI MARCON", "texto_original": "http://sapl.campolargo.pr.leg.br/media/sapl/public/materialegislativa/2020/15000/1691.pdf", "ementa": "VIABILIZAR RONDA OSTENSIVA DA GUARDA MUNICIPAL NO BAIRRO JARDIM EM\u00cdLIA."}, {"id": "15005", "ano": "2020", "numero": "1692", "tipo__sigla": "REQ", "tipo__descricao": "REQUERIMENTO", "autoria": "GIOVANI MARCON", "texto_original": "http://sapl.campolargo.pr.leg.br/media/sapl/public/materialegislativa/2020/15005/1692.pdf", "ementa": "QUE A EMPRESA TRANSPIEDADE RETORNE COM OS HOR\u00c1RIOS NORMAIS DA LINHA DE \u00d4NIBUS QUE TRANSITA NO BAIRRO JARDIM ITAQUI."}, {"id": "15006", "ano": "2020", "numero": "1693", "tipo__sigla": "REQ", "tipo__descricao": "REQUERIMENTO", "autoria": "GIOVANI MARCON", "texto_original": "http://sapl.campolargo.pr.leg.br/media/sapl/public/materialegislativa/2020/15006/1693.pdf", "ementa": "QUE SEJA FEITO UM ESTUDO PARA A PERFURA\u00c7\u00c3O DE UM PO\u00c7O ARTESIANO NA REGI\u00c3O DAS CAMARINHAS."}, {"id": "15007", "ano": "2020", "numero": "1694", "tipo__sigla": "REQ", "tipo__descricao": "REQUERIMENTO", "autoria": "GIOVANI MARCON", "texto_original": "http://sapl.campolargo.pr.leg.br/media/sapl/public/materialegislativa/2020/15007/1694.pdf", "ementa": "QUE O MUNIC\u00cdPIO VENHA ADERIR JUNTO AO GOVERNO FEDERAL O PROGRAMA \"BRASIL SORRIDENTE\" PARA QUE SEJA DISPONIBILIZADO OS PROCEDIMENTOS DE PR\u00d3TESES DENT\u00c1RIAS A POPULA\u00c7\u00c3O CAMPOLARGUENSE."}, {"id": "14999", "ano": "2020", "numero": "1698", "tipo__sigla": "REQ", "tipo__descricao": "REQUERIMENTO", "autoria": "CLEA OLIVEIRA", "texto_original": "http://sapl.campolargo.pr.leg.br/media/sapl/public/materialegislativa/2020/14999/1698.pdf", "ementa": "\"SOLICITANDO PATROLAMENTO E ENSAIBRAMENTO, NA RUA SEBASTI\u00c3O FONTANA, BAIRRO SALGADINHO, DESTE MUNIC\u00cdPIO.\""}, {"id": "15001", "ano": "2020", "numero": "1699", "tipo__sigla": "REQ", "tipo__descricao": "REQUERIMENTO", "autoria": "CLEA OLIVEIRA", "texto_original": "http://sapl.campolargo.pr.leg.br/media/sapl/public/materialegislativa/2020/15001/1699.pdf", "ementa": "\"SOLICITANDO PATROLAMENTO E ENSAIBRAMENTO, NA RUA S\u00c3O BENEDITO, BAIRRO SALGADINHO, DESTE MUNIC\u00cdPIO.\""}, {"id": "15002", "ano": "2020", "numero": "1700", "tipo__sigla": "REQ", "tipo__descricao": "REQUERIMENTO", "autoria": "CLEA OLIVEIRA", "texto_original": "http://sapl.campolargo.pr.leg.br/media/sapl/public/materialegislativa/2020/15002/1700.pdf", "ementa": "\"SOLICITANDO CERCA DE PROTE\u00c7\u00c3O EM VOLTA DO PARQUINHO LOCALIZADA NA VILA BANC\u00c1RIA, RUA CASTRO ALVES, DESTE MUNIC\u00cdPIO.\""}, {"id": "15003", "ano": "2020", "numero": "1701", "tipo__sigla": "REQ", "tipo__descricao": "REQUERIMENTO", "autoria": "CLEA OLIVEIRA", "texto_original": "http://sapl.campolargo.pr.leg.br/media/sapl/public/materialegislativa/2020/15003/1701.pdf", "ementa": "\"SOLICITA INFORMA\u00c7\u00d5ES, SOBRE UMA DISPENSA DE LICITA\u00c7\u00c3O PARA AQUISI\u00c7\u00c3O DE COBERTURA PARA \u00d3BITO, M\u00c1SCARA CIR\u00daRGICA E SAPATILHA DESCART\u00c1VEL PARA OS PROFISSIONAIS DE SA\u00daDE QUE EST\u00c3O NA LINHA DE FRENTE NO ENFRENTAMENTO DA PANDEMIA DO COVID - 19, NESTE MUNIC\u00cdPIO.\""}, {"id": "15004", "ano": "2020", "numero": "1702", "tipo__sigla": "REQ", "tipo__descricao": "REQUERIMENTO", "autoria": "CLEA OLIVEIRA", "texto_original": "http://sapl.campolargo.pr.leg.br/media/sapl/public/materialegislativa/2020/15004/1702.pdf", "ementa": "\"SOLICITA INFORMA\u00c7\u00d5ES SOBRE QUANTO O MUNIC\u00cdPIO ARRECADOU DE IMPOSTOS NOS \u00daLTIMOS VISITAS MESES TENDO EM VISTA OS IMPACTOS FINANCEIROS CAUSADOS PELA COVID-19 EMPRESAS E COM\u00c9RCIOS.\""}, {"id": "15012", "ano": "2020", "numero": "1710", "tipo__sigla": "REQ", "tipo__descricao": "REQUERIMENTO", "autoria": "MARCIO BERALDO", "texto_original": "http://sapl.campolargo.pr.leg.br/media/sapl/public/materialegislativa/2020/15012/1710.pdf", "ementa": "QUE SEJA  FEITO SERVI\u00c7O DE PATROLAMENTO E ENSAIBRAMENTO EM TODA A EXTENS\u00c3O DA RUA WENDELIN  JOHANN SWIERCZEK, COL\u00d4NIA DOM PEDRO, CAMPO LARGO."}, {"id": "15011", "ano": "2020", "numero": "1711", "tipo__sigla": "REQ", "tipo__descricao": "REQUERIMENTO", "autoria": "MARCIO BERALDO", "texto_original": "http://sapl.campolargo.pr.leg.br/media/sapl/public/materialegislativa/2020/15011/1711.pdf", "ementa": "QUE SEJA REALIZADO CORTE E/OU PODA DAS \u00c1RVORES QUE EST\u00c3O LOCALIZADAS NA RUA VIT\u00d3RIO SIQUEIRA, REGI\u00c3O DO MIQUELETO, CAMPO LARGO."}, {"id": "15010", "ano": "2020", "numero": "1712", "tipo__sigla": "REQ", "tipo__descricao": "REQUERIMENTO", "autoria": "MARCIO BERALDO", "texto_original": "http://sapl.campolargo.pr.leg.br/media/sapl/public/materialegislativa/2020/15010/1712.pdf", "ementa": "QUE SEJA FEITA MELHORIAS NA ILUMINA\u00c7\u00c3O P\u00daBLICA (AMPLIA\u00c7\u00c3O DO N\u00daMERO DE POSTES)  NA RUA FRIDOLIN HUBER, PR\u00d3XIMO AO N\u00ba 162, BAIRRO VILA BANC\u00c1RIA, CAMPO LARGO."}, {"id": "15009", "ano": "2020", "numero": "1713", "tipo__sigla": "REQ", "tipo__descricao": "REQUERIMENTO", "autoria": "MARCIO BERALDO", "texto_original": "http://sapl.campolargo.pr.leg.br/media/sapl/public/materialegislativa/2020/15009/1713.pdf", "ementa": "QUE SEJA FEITA MELHORIAS NA ILUMINA\u00c7\u00c3O P\u00daBLICA (AMPLIA\u00c7\u00c3O DO N\u00daMERO DE POSTES) NA RUA DAS MARGARIDAS, PR\u00d3XIMO AO N\u00ba 112, LOTEAMENTO MIRANDA, CAMPO LARGO."}, {"id": "15008", "ano": "2020", "numero": "1714", "tipo__sigla": "REQ", "tipo__descricao": "REQUERIMENTO", "autoria": "MARCIO BERALDO", "texto_original": "http://sapl.campolargo.pr.leg.br/media/sapl/public/materialegislativa/2020/15008/1714.pdf", "ementa": "INFORMA\u00c7\u00d5ES SOBRE QUAIS S\u00c3O AS A\u00c7\u00d5ES DESENVOLVIDAS NO MUNIC\u00cdPIO PARA CONSCIENTIZAR A POPULA\u00c7\u00c3O SOBRE A COLETA DE LIXO RECICL\u00c1VEL."}, {"id": "15014", "ano": "2020", "numero": "1715", "tipo__sigla": "REQ", "tipo__descricao": "REQUERIMENTO", "autoria": "BETE DAMACENO", "texto_original": "http://sapl.campolargo.pr.leg.br/media/sapl/public/materialegislativa/2020/15014/1715.pdf", "ementa": "\"INFORMA\u00c7\u00d5ES QUAIS OS CARROS (MODELOS E PLACAS) EST\u00c3O FAZENDO A CHAMADA FIQUE EM CASA, NO MUNIC\u00cdPIO DE CAMPO LARGO.\""}, {"id": "15015", "ano": "2020", "numero": "1716", "tipo__sigla": "REQ", "tipo__descricao": "REQUERIMENTO", "autoria": "BETE DAMACENO", "texto_original": "http://sapl.campolargo.pr.leg.br/media/sapl/public/materialegislativa/2020/15015/1716.pdf", "ementa": "\"C\u00d3PIA DO CONTROLE DI\u00c1RIO DOS VE\u00cdCULOS COM (DADOS, LOCAIS E HORAS RODADOS) QUE EST\u00c3O FAZENDO DIVULGA\u00c7\u00d5ES SOBRE O COVID19 NO MUNIC\u00cdPIO DE CAMPO LARGO.\""}, {"id": "15016", "ano": "2020", "numero": "1717", "tipo__sigla": "REQ", "tipo__descricao": "REQUERIMENTO", "autoria": "BETE DAMACENO", "texto_original": "http://sapl.campolargo.pr.leg.br/media/sapl/public/materialegislativa/2020/15016/1717.pdf", "ementa": "\"UMA EXTENS\u00c3O DE MAIS 2 QUIL\u00d4METROS DA REDE DE ABASTECIMENTO DE \u00c1GUA DO PO\u00c7O ARTESIANO ENTRE 3 C\u00d3RREGOS A SANTA CRUZ EM CAMPO LARGO.\""}, {"id": "15017", "ano": "2020", "numero": "1718", "tipo__sigla": "REQ", "tipo__descricao": "REQUERIMENTO", "autoria": "BETE DAMACENO", "texto_original": "http://sapl.campolargo.pr.leg.br/media/sapl/public/materialegislativa/2020/15017/1718.pdf", "ementa": "\" INFORMA\u00c7\u00d5ES SE HOUVE ALGUMA ALTERA\u00c7\u00c3O NO PROJETO DE REFORMA DA UNIDADE DE SA\u00daDE NO JARDIM GUARANY NO FERRARIA CAMPO LARGO.\""}, {"id": "15018", "ano": "2020", "numero": "1719", "tipo__sigla": "REQ", "tipo__descricao": "REQUERIMENTO", "autoria": "BETE DAMACENO", "texto_original": "http://sapl.campolargo.pr.leg.br/media/sapl/public/materialegislativa/2020/15018/1719.pdf", "ementa": "\"C\u00d3PIA DE NOTAS DE COMPRAS DE MANILHAS DO PRIMEIRO TRIMESTRE DE 2020 EM CAMPO LARGO.\""}, {"id": "15013", "ano": "2020", "numero": "1720", "tipo__sigla": "REQ", "tipo__descricao": "REQUERIMENTO", "autoria": "DARCI ANDREASSA", "texto_original": "http://sapl.campolargo.pr.leg.br/media/sapl/public/materialegislativa/2020/15013/1720.pdf", "ementa": "OPERA\u00c7\u00c3O TAPA-BURACOS EM TODA EXTENS\u00c3O DA RUA GUMERCINDO SANTANA NO BAIRRO S\u00c3O VICENTE."}, {"id": "15022", "ano": "2020", "numero": "1727", "tipo__sigla": "REQ", "tipo__descricao": "REQUERIMENTO", "autoria": "JO\u00c3O D'\u00c1GUA", "texto_original": "http://sapl.campolargo.pr.leg.br/media/sapl/public/materialegislativa/2020/15022/1727.pdf", "ementa": "\"SOLICITO COM URG\u00caNCIA A VIABILIDADE DE CORTE / RETIRADA DE UMA \u00c1RVORE (PINNUS) NA RUA IP\u00ca EM FRENTE AO N\u00ba 300 NO BAIRRO JARDIM GUARANI.\""}, {"id": "15025", "ano": "2020", "numero": "1731", "tipo__sigla": "REQ", "tipo__descricao": "REQUERIMENTO", "autoria": "GIOVANI MARCON", "texto_original": "http://sapl.campolargo.pr.leg.br/media/sapl/public/materialegislativa/2020/15025/1731.pdf", "ementa": "\"VIABILIZAR A PAVIMENTA\u00c7\u00c3O ASF\u00c1LTICA NA ESTRADA DO TAQUARAL, BAIRRO TAQUARAL.\""}, {"id": "15026", "ano": "2020", "numero": "1732", "tipo__sigla": "REQ", "tipo__descricao": "REQUERIMENTO", "autoria": "GIOVANI MARCON", "texto_original": "http://sapl.campolargo.pr.leg.br/media/sapl/public/materialegislativa/2020/15026/1732.pdf", "ementa": "\"QUE SEJA REALIZADO MELHORIAS NA ILUMINA\u00c7\u00c3O (COM L\u00c2MPADAS DE LED) NO TRECHO QUE COMPREENDE DA ESTRADA DO TAQUARAL AT\u00c9 A FAXINA.\""}, {"id": "15027", "ano": "2020", "numero": "1733", "tipo__sigla": "REQ", "tipo__descricao": "REQUERIMENTO", "autoria": "GIOVANI MARCON", "texto_original": "http://sapl.campolargo.pr.leg.br/media/sapl/public/materialegislativa/2020/15027/1733.pdf", "ementa": "\"VERIFICAR A POSSIBILIDADE JUNTO A EMPRESA SANEPAR PARA A INSTALA\u00c7\u00c3O DA REDE DE DISTRIBUI\u00c7\u00c3O DE \u00c1GUA NO LOTEAMENTO ROSSA, DISTRITO DE BATEIAS.\""}, {"id": "15028", "ano": "2020", "numero": "1734", "tipo__sigla": "REQ", "tipo__descricao": "REQUERIMENTO", "autoria": "GIOVANI MARCON", "texto_original": "http://sapl.campolargo.pr.leg.br/media/sapl/public/materialegislativa/2020/15028/1734.pdf", "ementa": "\"VERIFICAR A POSSIBILIDADE JUNTO A EMPRESA SANEPAR PARA A INSTALA\u00c7\u00c3O DA REDE DE DISTRIBUI\u00c7\u00c3O DE \u00c1GUA NO LOTEAMENTO LARA, DISTRITO DE BATEIAS.\""}, {"id": "15030", "ano": "2020", "numero": "1735", "tipo__sigla": "REQ", "tipo__descricao": "REQUERIMENTO", "autoria": "GIOVANI MARCON", "texto_original": "http://sapl.campolargo.pr.leg.br/media/sapl/public/materialegislativa/2020/15030/1735a.pdf", "ementa": "\"VIABILIZAR A PAVIMENTA\u00c7\u00c3O ASF\u00c1LTICA NA RUA STHEFANO BENATO, BAIRRO GUABIROBA.\""}, {"id": "15023", "ano": "2020", "numero": "1736", "tipo__sigla": "REQ", "tipo__descricao": "REQUERIMENTO", "autoria": "MARCIO BERALDO", "texto_original": "http://sapl.campolargo.pr.leg.br/media/sapl/public/materialegislativa/2020/15023/1736.pdf", "ementa": "CONSTRU\u00c7\u00c3O DE UMA RAMPA DE ACESSIBILIDADE PARA PESSOAS PORTADORAS DE DEFICI\u00caNCIA OU COM MOBILIDADE REDUZIDA, NA CAL\u00c7ADA DE ACESSO \u00c0 ESCOLA MUNICIPAL O ATENEU, COM ENDERE\u00c7O NA RUA IARA, N\u00ba 721, CENTRO, CAMPO LARGO."}, {"id": "15024", "ano": "2020", "numero": "1737", "tipo__sigla": "REQ", "tipo__descricao": "REQUERIMENTO", "autoria": "MARCIO BERALDO", "texto_original": "http://sapl.campolargo.pr.leg.br/media/sapl/public/materialegislativa/2020/15024/1737.pdf", "ementa": "INFORMA\u00c7\u00d5ES SOBRE QUAIS S\u00c3O AS ESCOLAS DO MUNIC\u00cdPIO DE CAMPO LARGO CONTEMPLADAS NO \u201cTERMO DE REFER\u00caNCIA\u201d DO PROCESSO ADMINISTRATIVO N\u00ba 24629/18, REFERENCIADO NO OF\u00cdCIO N\u00ba 444/2019 (EM ANEXO), BEM COMO, DETALHAMENTO DO ANDAMENTO DO PROCESSO LICITAT\u00d3RIO AO QUAL SE REFERE."}, {"id": "15029", "ano": "2020", "numero": "1742", "tipo__sigla": "REQ", "tipo__descricao": "REQUERIMENTO", "autoria": "CLEA OLIVEIRA", "texto_original": "http://sapl.campolargo.pr.leg.br/media/sapl/public/materialegislativa/2020/15029/1742.pdf", "ementa": "QUAIS PROVID\u00caNCIAS EST\u00c3O SENDO TOMADAS QUANTO AO USO DO LACRE NAS URNAS NOS CASOS SUSPEITOS OU CONFIRMADOS DA COVID-19 E O VALOR QUE EST\u00c1 SENDO COBRADO PELAS FUNER\u00c1RIAS."}, {"id": "15031", "ano": "2020", "numero": "1743", "tipo__sigla": "REQ", "tipo__descricao": "REQUERIMENTO", "autoria": "CLEA OLIVEIRA", "texto_original": "http://sapl.campolargo.pr.leg.br/media/sapl/public/materialegislativa/2020/15031/1743.pdf", "ementa": "QUE O PODER EXECUTIVO REALIZE A CONSTRU\u00c7\u00c3O DE UMA UNIDADE B\u00c1SICA DE SA\u00daDE NA ANTIGA ESCOLA MUNICIPAL RURAL NOSSA SENHORA DA POMP\u00c9IA REGI\u00c3O DO TAQUARAL."}, {"id": "15034", "ano": "2020", "numero": "1748", "tipo__sigla": "REQ", "tipo__descricao": "REQUERIMENTO", "autoria": "BETE DAMACENO", "texto_original": "http://sapl.campolargo.pr.leg.br/media/sapl/public/materialegislativa/2020/15034/1748.pdf", "ementa": "\"PATROLAMENTO E ENSAIBRAMENTO NA RUA BERNARDO MAROCHI, COL\u00d4NIA ANTONIO REBOU\u00c7AS, FERRARIA.\""}, {"id": "15035", "ano": "2020", "numero": "1749", "tipo__sigla": "REQ", "tipo__descricao": "REQUERIMENTO", "autoria": "BETE DAMACENO", "texto_original": "http://sapl.campolargo.pr.leg.br/media/sapl/public/materialegislativa/2020/15035/1749.pdf", "ementa": "\"PAVIMENTA\u00c7\u00c3O ASF\u00c1LTICA NA AVENIDA S\u00c3O JER\u00d4NIMO, BAIRRO DAVID ANTONIO, FERRARIA.\""}, {"id": "15036", "ano": "2020", "numero": "1750", "tipo__sigla": "REQ", "tipo__descricao": "REQUERIMENTO", "autoria": "BETE DAMACENO", "texto_original": "http://sapl.campolargo.pr.leg.br/media/sapl/public/materialegislativa/2020/15036/1750.pdf", "ementa": "\"PAVIMENTA\u00c7\u00c3O ASF\u00c1LTICA NA RUA SALVADOR CAVALIN, COL\u00d4NIA ANTONIO REBOU\u00c7AS, FERRARIA.\""}, {"id": "15037", "ano": "2020", "numero": "1751", "tipo__sigla": "REQ", "tipo__descricao": "REQUERIMENTO", "autoria": "BETE DAMACENO", "texto_original": "http://sapl.campolargo.pr.leg.br/media/sapl/public/materialegislativa/2020/15037/1751.pdf", "ementa": "\"PARA QUE O EXECUTIVO TENHA POSTES PADR\u00c3O PARA REPOSI\u00c7\u00c3O IMEDIATA QUANDO EM OBRAS ACABA QUEBRANDO.\""}, {"id": "15038", "ano": "2020", "numero": "1752", "tipo__sigla": "REQ", "tipo__descricao": "REQUERIMENTO", "autoria": "BETE DAMACENO", "texto_original": "http://sapl.campolargo.pr.leg.br/media/sapl/public/materialegislativa/2020/15038/1752.pdf", "ementa": "\"QUE OS APARTAMENTOS DE DESIST\u00caNCIAS SEJAM DESTINADOS AS PESSOAS QUE EST\u00c3O EM \u00c1REAS DE RISCO OU COM DECIS\u00c3O JUDICIAL PARA REMANEJO DE LOCAL.\""}, {"id": "15032", "ano": "2020", "numero": "1754", "tipo__sigla": "REQ", "tipo__descricao": "REQUERIMENTO", "autoria": "MARCIO BERALDO", "texto_original": "http://sapl.campolargo.pr.leg.br/media/sapl/public/materialegislativa/2020/15032/1754.pdf", "ementa": "MELHORIAS NA SINALIZA\u00c7\u00c3O/PINTURA DAS FAIXAS DE VAGA DE ESTAR \u2014 ESTACIONAMENTO ROTATIVO, EM TODA A EXTENS\u00c3O DA AV. DESEMBARGADOR CLOT\u00c1RIO PORTUGAL BAIRRO CENTRO CAMPO LARGO."}, {"id": "15033", "ano": "2020", "numero": "1755", "tipo__sigla": "REQ", "tipo__descricao": "REQUERIMENTO", "autoria": "MARCIO BERALDO", "texto_original": "http://sapl.campolargo.pr.leg.br/media/sapl/public/materialegislativa/2020/15033/1755.pdf", "ementa": "QUE SEJA REALIZADA A COLETA DE LIXO PERIODICAMENTE,  NA ESTRADA DO S\u00c3O JO\u00c3O DO POVINHO PR\u00d3XIMO \u00c0 IGREJA DA MADEIRA, INTERIOR DE CAMPO LARGO."}, {"id": "15039", "ano": "2020", "numero": "1756", "tipo__sigla": "REQ", "tipo__descricao": "REQUERIMENTO", "autoria": "MARCIO BERALDO", "texto_original": "http://sapl.campolargo.pr.leg.br/media/sapl/public/materialegislativa/2020/15039/1756.pdf", "ementa": "\"MELHORIAS NA SINALIZA\u00c7\u00c3O HORIZONTAL E VERTICAL DA RUA ANTONIO BOARON, BOTIATUVA.\""}, {"id": "15040", "ano": "2020", "numero": "1757", "tipo__sigla": "REQ", "tipo__descricao": "REQUERIMENTO", "autoria": "CLEA OLIVEIRA", "texto_original": "http://sapl.campolargo.pr.leg.br/media/sapl/public/materialegislativa/2020/15040/1757.pdf", "ementa": "\"CONCESS\u00c3O DE LOCAL E CONSTRU\u00c7\u00c3O DE UM CMEI - CENTRO MUNICIPAL DE EDUCA\u00c7\u00c3O INFANTIL NA REGI\u00c3O DO TAQUARAL.\""}, {"id": "15042", "ano": "2020", "numero": "1758", "tipo__sigla": "REQ", "tipo__descricao": "REQUERIMENTO", "autoria": "CLEA OLIVEIRA", "texto_original": "http://sapl.campolargo.pr.leg.br/media/sapl/public/materialegislativa/2020/15042/1758.pdf", "ementa": "\"CONSTRU\u00c7\u00c3O DE UMA ESCOLA MUNICIPAL NA REGI\u00c3O DO TAQUARAL.\""}, {"id": "15041", "ano": "2020", "numero": "1760", "tipo__sigla": "REQ", "tipo__descricao": "REQUERIMENTO", "autoria": "JO\u00c3O D'\u00c1GUA", "texto_original": "http://sapl.campolargo.pr.leg.br/media/sapl/public/materialegislativa/2020/15041/1760.pdf", "ementa": "\"REPERFILAMENTO NA RUA CINCO NO LOTEAMENTO HELV\u00cdDIA.\""}, {"id": "15043", "ano": "2020", "numero": "1761", "tipo__sigla": "REQ", "tipo__descricao": "REQUERIMENTO", "autoria": "JO\u00c3O D'\u00c1GUA", "texto_original": "http://sapl.campolargo.pr.leg.br/media/sapl/public/materialegislativa/2020/15043/1761.pdf", "ementa": "\"REPERFILAMENTO NA RUA ADEMIR BATISTA LIMA NO LOTEAMENTO HELV\u00cdDIA.\""}, {"id": "15044", "ano": "2020", "numero": "1762", "tipo__sigla": "REQ", "tipo__descricao": "REQUERIMENTO", "autoria": "JO\u00c3O D'\u00c1GUA", "texto_original": "http://sapl.campolargo.pr.leg.br/media/sapl/public/materialegislativa/2020/15044/1762.pdf", "ementa": "\"REPERFILAMENTO NA RUA BATISTA CAVALLIN, LOTEAMENTO HELV\u00cdDIA.\""}, {"id": "15045", "ano": "2020", "numero": "1763", "tipo__sigla": "REQ", "tipo__descricao": "REQUERIMENTO", "autoria": "CLEA OLIVEIRA", "texto_original": "http://sapl.campolargo.pr.leg.br/media/sapl/public/materialegislativa/2020/15045/1763.pdf", "ementa": "\"ABERTURA DO ESPA\u00c7O ARI MORO (ANTIGO CAMPO DO 21), ITAQUI.\""}, {"id": "15048", "ano": "2020", "numero": "1771", "tipo__sigla": "REQ", "tipo__descricao": "REQUERIMENTO", "autoria": "TADEU DE PAULA", "texto_original": "http://sapl.campolargo.pr.leg.br/media/sapl/public/materialegislativa/2020/15048/1771.pdf", "ementa": "\"CONSTRU\u00c7\u00c3O DE UM HELIPONTO NA REGI\u00c3O DOS TR\u00caS C\u00d3RREGOS.\""}, {"id": "15049", "ano": "2020", "numero": "1772", "tipo__sigla": "REQ", "tipo__descricao": "REQUERIMENTO", "autoria": "TADEU DE PAULA", "texto_original": "http://sapl.campolargo.pr.leg.br/media/sapl/public/materialegislativa/2020/15049/1772.pdf", "ementa": "\"QUE SEJA INSTALADO BARREIRAS DE PROTE\u00c7\u00c3O AO LONGO DE TODA EXTENS\u00c3O DA PISTA DE CAMINHADA AO LADO DO RIO CAMBU\u00cd.\""}, {"id": "15050", "ano": "2020", "numero": "1773", "tipo__sigla": "REQ", "tipo__descricao": "REQUERIMENTO", "autoria": "MARCIO BERALDO", "texto_original": "http://sapl.campolargo.pr.leg.br/media/sapl/public/materialegislativa/2020/15050/1_1778_2020_pg_02_abertura.pdf", "ementa": "\"REQUERENDO ESTUDO PARA IMPLANTA\u00c7\u00c3O DE UMA LOMBADA / TRAVESSIA ELEVADA, NA RUA ANT\u00d4NIO BOARON, NO BAIRRO BOTIATUVA, CAMPO LARGO.\""}, {"id": "15051", "ano": "2020", "numero": "1774", "tipo__sigla": "REQ", "tipo__descricao": "REQUERIMENTO", "autoria": "MARCIO BERALDO", "texto_original": "http://sapl.campolargo.pr.leg.br/media/sapl/public/materialegislativa/2020/15051/1_1779_2020_pg_02_abertura.pdf", "ementa": "\"REQUERENDO QUE SEJA FEITO REPERFILAMENTO ASF\u00c1LTICO NA RUA CONSTANTINO MAROCHI, ENTRE AS RUAS EMA TANER DE ANDRADE E VISCONDE DE NACAR, NO BAIRRO OURO VERDE, CAMPO LARGO.\""}, {"id": "15079", "ano": "2020", "numero": "1778", "tipo__sigla": "REQ", "tipo__descricao": "REQUERIMENTO", "autoria": "MARCIO BERALDO", "texto_original": "http://sapl.campolargo.pr.leg.br/media/sapl/public/materialegislativa/2020/15079/1778.pdf", "ementa": "\"REQUERENDO ESTUDO PARA IMPLANTA\u00c7\u00c3O DE UMA LOMBADA / TRAVESSIA ELEVADA, NA RUA ANT\u00d4NIO BOARON, NO BAIRRO BOTIATUVA, CAMPO LARGO.\""}, {"id": "15080", "ano": "2020", "numero": "1779", "tipo__sigla": "REQ", "tipo__descricao": "REQUERIMENTO", "autoria": "MARCIO BERALDO", "texto_original": "http://sapl.campolargo.pr.leg.br/media/sapl/public/materialegislativa/2020/15080/1779.pdf", "ementa": "\"REQUERENDO QUE SEJA FEITO REPERFILAMENTO ASF\u00c1LTICO NA RUA CONSTANTINO MAROCHI, ENTRE AS RUAS EMA TANER DE ANDRADE E VISCONDE DE NACAR, NO BAIRRO OURO VERDE, CAMPO LARGO.\""}, {"id": "15053", "ano": "2020", "numero": "1780", "tipo__sigla": "REQ", "tipo__descricao": "REQUERIMENTO", "autoria": "MARCIO BERALDO", "texto_original": "http://sapl.campolargo.pr.leg.br/media/sapl/public/materialegislativa/2020/15053/1780.pdf", "ementa": "\"REQUERENDO QUE SEJA FEITA RECUPERA\u00c7\u00c3O ASF\u00c1LTICA, \u201cOPERA\u00c7\u00c3O TAPA BURACO\u201d, NA RUA ELIAS RIVABEM, ENTRE A RUA CONSTANTINO MAROCHI EA AVENIDA AYRTON SENNA, NO BAIRRO OURO VERDE, CAMPO LARGO.\""}, {"id": "15052", "ano": "2020", "numero": "1782", "tipo__sigla": "REQ", "tipo__descricao": "REQUERIMENTO", "autoria": "BETINHO", "texto_original": "http://sapl.campolargo.pr.leg.br/media/sapl/public/materialegislativa/2020/15052/1782.pdf", "ementa": "QUE SEJA REALIZADA UMA REESTRUTURA\u00c7\u00c3O DO TRECHO DA RUA ENG. TOURINHO NO ACESSO PRINCIPAL DE ENTRADA DOS ALUNOS DO COL\u00c9GIO SAGRADA FAM\u00cdLIA."}, {"id": "15056", "ano": "2020", "numero": "1789", "tipo__sigla": "REQ", "tipo__descricao": "REQUERIMENTO", "autoria": "MARCIO BERALDO", "texto_original": "http://sapl.campolargo.pr.leg.br/media/sapl/public/materialegislativa/2020/15056/1789.pdf", "ementa": "\"REQUERENDO CONSTRU\u00c7\u00c3O DE RAMPA DE ACESSIBILIDADE PARA PESSOAS PORTADORAS DE DEFICI\u00caNCIA OU COM MOBILIDADE REDUZIDA, NA CAL\u00c7ADA DE ACESSO AO CMEI OURO VERDE, COM ENDERE\u00c7O \u200b\u200bNA VISCONDE DO RIO BRANCO, N\u00ba 390 NO BAIRRO OURO VERDE, CAMPO LARGO.\""}, {"id": "15058", "ano": "2020", "numero": "1791", "tipo__sigla": "REQ", "tipo__descricao": "REQUERIMENTO", "autoria": "BETE DAMACENO", "texto_original": "http://sapl.campolargo.pr.leg.br/media/sapl/public/materialegislativa/2020/15058/1791.pdf", "ementa": "QUE SEJA COLOCADO MATERIAL FREZADO EM TODA EXTEN\u00c7\u00c3O DA RUA S\u00c3O SILVESTRE NO S\u00c3O LUIZ FERRARIA CAMPO LARGO."}, {"id": "15060", "ano": "2020", "numero": "1792", "tipo__sigla": "REQ", "tipo__descricao": "REQUERIMENTO", "autoria": "BETE DAMACENO", "texto_original": "http://sapl.campolargo.pr.leg.br/media/sapl/public/materialegislativa/2020/15060/1792.pdf", "ementa": "QUE SEJA FEITA UMA PISTA T\u00c1TIL PARA DEFICIENTES VISUAL NOS CONJUNTOS HABITACIONAL CAMPO LARGO 1 E 2 NO MUNIC\u00cdPIO DE CAMPO LARGO."}, {"id": "15062", "ano": "2020", "numero": "1793", "tipo__sigla": "REQ", "tipo__descricao": "REQUERIMENTO", "autoria": "BETE DAMACENO", "texto_original": "http://sapl.campolargo.pr.leg.br/media/sapl/public/materialegislativa/2020/15062/1793.pdf", "ementa": "POSSIBILIDADE DE SE CRIAR A ESCOLA DO LEGISLATIVO ON LINE NO MUNICIPIO DE CAMPO LARGO PR."}, {"id": "15064", "ano": "2020", "numero": "1794", "tipo__sigla": "REQ", "tipo__descricao": "REQUERIMENTO", "autoria": "BETE DAMACENO", "texto_original": "http://sapl.campolargo.pr.leg.br/media/sapl/public/materialegislativa/2020/15064/1794.pdf", "ementa": "QUE SEJA FEITA UMA VISTORIA NO LOTE L19E813 DOS MEDICAMENTOS AMOXICILINA 150 ML COM VALIDADE 05/21 NO MUNICIPIO DE CAMPO LARGO PR."}, {"id": "15065", "ano": "2020", "numero": "1795", "tipo__sigla": "REQ", "tipo__descricao": "REQUERIMENTO", "autoria": "BETE DAMACENO", "texto_original": "http://sapl.campolargo.pr.leg.br/media/sapl/public/materialegislativa/2020/15065/1795.pdf", "ementa": "DETALHAMENTO DOS ITENS QUE COMP\u00d5E AS SEXTAS B\u00c1SICAS DO CONTRATO 143/2020 EM CAMPO LARGO."}, {"id": "15059", "ano": "2020", "numero": "1796", "tipo__sigla": "REQ", "tipo__descricao": "REQUERIMENTO", "autoria": "DARCI ANDREASSA", "texto_original": "http://sapl.campolargo.pr.leg.br/media/sapl/public/materialegislativa/2020/15059/1796.pdf", "ementa": "\"COLOCA\u00c7\u00c3O DE TACH\u00c3O E PLACAS DE SINALIZA\u00c7\u00c3O NA AVENIDA BRASIL N\u00ba 340, LOTEAMENTO IARA.\""}, {"id": "15061", "ano": "2020", "numero": "1797", "tipo__sigla": "REQ", "tipo__descricao": "REQUERIMENTO", "autoria": "DARCI ANDREASSA", "texto_original": "http://sapl.campolargo.pr.leg.br/media/sapl/public/materialegislativa/2020/15061/1797.pdf", "ementa": "\"OPERA\u00c7\u00c3O TAPA BURACOS NA AVENIDA BRASIL, LOTEAMENTO IARA.\""}, {"id": "15063", "ano": "2020", "numero": "1798", "tipo__sigla": "REQ", "tipo__descricao": "REQUERIMENTO", "autoria": "DARCI ANDREASSA", "texto_original": "http://sapl.campolargo.pr.leg.br/media/sapl/public/materialegislativa/2020/15063/1798.pdf", "ementa": "\"ENVIO DE OF\u00cdCIO AO SECRET\u00c1RIO DE ESTADO DE SEGURAN\u00c7A P\u00daBLICA, CEL. ROMULO MARINHO SOARES, SOLICITANDO QUE SEJA DADA PRIORIDADE AOS CONCURSOS P\u00daBLICOS VISANDO A CONTRATA\u00c7\u00c3O DE MAIS AGENTES PARA A POL\u00cdCIA CIVIL DO PARAN\u00c1, E CONSEQUENTEMENTE SEJA AMPLIADO O EFETIVO DA 3\u00aa DELEGACIA DE POL\u00cdCIA CIVIL.\""}, {"id": "15067", "ano": "2020", "numero": "1801", "tipo__sigla": "REQ", "tipo__descricao": "REQUERIMENTO", "autoria": "MARCIO BERALDO", "texto_original": "http://sapl.campolargo.pr.leg.br/media/sapl/public/materialegislativa/2020/15067/1801.pdf", "ementa": "\"PINTURA DE FAIXA DE PEDESTRES EM FRENTE A ESCOLA MUNICIPAL POLICARPO MIRANDA, RUA JOS\u00c9 FEDALTO N\u00ba 110, ITABOA.\""}, {"id": "15066", "ano": "2020", "numero": "1802", "tipo__sigla": "REQ", "tipo__descricao": "REQUERIMENTO", "autoria": "GIOVANI MARCON", "texto_original": "http://sapl.campolargo.pr.leg.br/media/sapl/public/materialegislativa/2020/15066/1802.pdf", "ementa": "INSTALA\u00c7\u00c3O DE L\u00c2MPADAS DE LED NA RUA BERNARDINO BASSANI, BAIRRO MORADIAS BOM JESUS."}, {"id": "15068", "ano": "2020", "numero": "1804", "tipo__sigla": "REQ", "tipo__descricao": "REQUERIMENTO", "autoria": "GIOVANI MARCON", "texto_original": "http://sapl.campolargo.pr.leg.br/media/sapl/public/materialegislativa/2020/15068/1804.pdf", "ementa": "ALARGAMENTO DA ESTRADA DO TAQUARAL AT\u00c9 A FAXINA."}, {"id": "15069", "ano": "2020", "numero": "1805", "tipo__sigla": "REQ", "tipo__descricao": "REQUERIMENTO", "autoria": "GIOVANI MARCON", "texto_original": "http://sapl.campolargo.pr.leg.br/media/sapl/public/materialegislativa/2020/15069/1805.pdf", "ementa": "QUE SEJA REALIZADO UM ESTUDO PARA A AQUISI\u00c7\u00c3O DE UM LOCAL E FEITO UM PROJETO PARA A INSTALA\u00c7\u00c3O DE UNIDADE DE SA\u00daDE NO \r\n BAIRRO MORADIAS BOM JESUS."}, {"id": "15070", "ano": "2020", "numero": "1806", "tipo__sigla": "REQ", "tipo__descricao": "REQUERIMENTO", "autoria": "GIOVANI MARCON", "texto_original": "http://sapl.campolargo.pr.leg.br/media/sapl/public/materialegislativa/2020/15070/1806.pdf", "ementa": "RONDA OSTENSIVA DA GUARDA MUNICIPAL NO BAIRRO MORADIAS BOM JESUS."}, {"id": "15071", "ano": "2020", "numero": "1812", "tipo__sigla": "REQ", "tipo__descricao": "REQUERIMENTO", "autoria": "CLEA OLIVEIRA", "texto_original": "http://sapl.campolargo.pr.leg.br/media/sapl/public/materialegislativa/2020/15071/1812.pdf", "ementa": "\"QUE O PODER EXECUTIVO REGULAMENTE A LEI N\u00ba 3.227 / 2020, QUE AUTORIZA O PODER EXECUTIVO A CRIAR PARCERIAS COM COSTUREIRAS AUT\u00d4NOMAS E PEQUENAS EMPRESAS DE COSTURA DE TECIDOS, A FIM DE CONFECCIONAR M\u00c1SCARAS PARA A POPULA\u00c7\u00c3O DE BAIXA RENDA DO MUNIC\u00cdPIO.\""}, {"id": "15072", "ano": "2020", "numero": "1813", "tipo__sigla": "REQ", "tipo__descricao": "REQUERIMENTO", "autoria": "CLEA OLIVEIRA", "texto_original": "http://sapl.campolargo.pr.leg.br/media/sapl/public/materialegislativa/2020/15072/1813.pdf", "ementa": "\"ABERTURA DA QUADRA DE T\u00caNIS DO PARQUE NEWTON PUPPI.\""}, {"id": "15073", "ano": "2020", "numero": "1814", "tipo__sigla": "REQ", "tipo__descricao": "REQUERIMENTO", "autoria": "CLEA OLIVEIRA", "texto_original": "http://sapl.campolargo.pr.leg.br/media/sapl/public/materialegislativa/2020/15073/1814.pdf", "ementa": "\"PARA QUE O EXECUTIVO DISPONIBILIZE \u00d4NIBUS EXPRESSO SA\u00daDE PARA ATENDER OS MORADORES DA REGI\u00c3O DO TAQUARAL.\""}, {"id": "15076", "ano": "2020", "numero": "1816", "tipo__sigla": "REQ", "tipo__descricao": "REQUERIMENTO", "autoria": "CLEA OLIVEIRA", "texto_original": "http://sapl.campolargo.pr.leg.br/media/sapl/public/materialegislativa/2020/15076/1816.pdf", "ementa": "\"PARA QUE SEJA INSTALADA PLACA DE ACR\u00cdLICO MA RECEP\u00c7\u00c3O DA UNIDADE B\u00c1SICA DE SA\u00daDE DO CENTRO.\""}, {"id": "15074", "ano": "2020", "numero": "1817", "tipo__sigla": "REQ", "tipo__descricao": "REQUERIMENTO", "autoria": "CLAIRTON ALEM\u00c3O", "texto_original": "http://sapl.campolargo.pr.leg.br/media/sapl/public/materialegislativa/2020/15074/1817.pdf", "ementa": "\"ANTI-P\u00d3 NA RUA FRANCISCO GON\u00c7ALVES FABR\u00cdCIO, BATEIAS.\""}, {"id": "15075", "ano": "2020", "numero": "1818", "tipo__sigla": "REQ", "tipo__descricao": "REQUERIMENTO", "autoria": "CLAIRTON ALEM\u00c3O", "texto_original": "http://sapl.campolargo.pr.leg.br/media/sapl/public/materialegislativa/2020/15075/1818.pdf", "ementa": "\"REPARO NA RAMPA DE ACESSIBILIDADE NA AVENIDA DOS EXPEDICION\u00c1RIOS, NO TRECHO QUE COMPREENDE AS DUAS ENTRADAS DOS BAIRROS NOVA TRENTO I E II.\""}, {"id": "15081", "ano": "2020", "numero": "1841", "tipo__sigla": "REQ", "tipo__descricao": "REQUERIMENTO", "autoria": "DARCI ANDREASSA", "texto_original": "http://sapl.campolargo.pr.leg.br/media/sapl/public/materialegislativa/2020/15081/1841.pdf", "ementa": "A MANUTEN\u00c7\u00c3O E PINTURA DO PONTO DE T\u00c1XI EM FRENTE A IGREJA MATRIZ NA RUA XV DE NOVEMBRO - CENTRO."}, {"id": "15082", "ano": "2020", "numero": "1842", "tipo__sigla": "REQ", "tipo__descricao": "REQUERIMENTO", "autoria": "DARCI ANDREASSA", "texto_original": "http://sapl.campolargo.pr.leg.br/media/sapl/public/materialegislativa/2020/15082/1842.pdf", "ementa": "CONSTRU\u00c7\u00c3O DE BOCA DE LOBO E COLOCA\u00c7\u00c3O DE MANILHAS NA RUA SANTA MARIANA, ESQUINA COM A RUA VENEZA, BAIRRO PADRE JOSE DE ANCHIETA."}, {"id": "15083", "ano": "2020", "numero": "1844", "tipo__sigla": "REQ", "tipo__descricao": "REQUERIMENTO", "autoria": "DARCI ANDREASSA", "texto_original": "http://sapl.campolargo.pr.leg.br/media/sapl/public/materialegislativa/2020/15083/1844.pdf", "ementa": "COLOCA\u00c7\u00c3O DE MEIO FIO EM TODA A EXTENS\u00c3O DA RUA AFONSO GUIMAR\u00c3ES - VILA NOVA."}, {"id": "15084", "ano": "2020", "numero": "1845", "tipo__sigla": "REQ", "tipo__descricao": "REQUERIMENTO", "autoria": "DARCI ANDREASSA", "texto_original": "http://sapl.campolargo.pr.leg.br/media/sapl/public/materialegislativa/2020/15084/1845.pdf", "ementa": "COLOCA\u00c7\u00c3O DE REL\u00d3GIO DIGITAL EM FRENTE AO TERMINAL URBANO NA RUA ROMUALDO PORTUGAL - CENTRO."}, {"id": "15087", "ano": "2020", "numero": "1849", "tipo__sigla": "REQ", "tipo__descricao": "REQUERIMENTO", "autoria": "GIOVANI MARCON", "texto_original": "http://sapl.campolargo.pr.leg.br/media/sapl/public/materialegislativa/2020/15087/1_1849_2020_pg_02_abertura.pdf", "ementa": "VIABILIZAR A CONSTRU\u00c7\u00c3O DE UMA PONTE EM FORMA DE GALERIA NA RUA CASEMIRO KARMAN (ENTRE A ESCOLA E O POSTO DE SA\u00daDE), NA REGI\u00c3O DO ITAMB\u00c9ZINHO."}, {"id": "15090", "ano": "2020", "numero": "1854", "tipo__sigla": "REQ", "tipo__descricao": "REQUERIMENTO", "autoria": "BETE DAMACENO", "texto_original": "http://sapl.campolargo.pr.leg.br/media/sapl/public/materialegislativa/2020/15090/1854.pdf", "ementa": "CONVOCA\u00c7\u00c3O PARA COMPARECER NESTA C\u00c2MARA MUNICIPAL O SECRET\u00c1RIO MUNICIPAL DE OBRAS VI\u00c1RIAS, NOS TERMOS DOS ARTIGOS 31, XVII DO REGIMENTO INTERNO E 39, XIII E XXII DA LEI ORG\u00c2NICA MUNICIPAL, BEM COMO SEJA CONVOCADA SESS\u00c3O EXTRAORDIN\u00c1RIA PARA ESTE FIM NO DIA 14 DE SETEMBRO DE 2020 AS 10H30."}, {"id": "15091", "ano": "2020", "numero": "1855", "tipo__sigla": "REQ", "tipo__descricao": "REQUERIMENTO", "autoria": "BETE DAMACENO", "texto_original": "http://sapl.campolargo.pr.leg.br/media/sapl/public/materialegislativa/2020/15091/1855.pdf", "ementa": "PARA QUE SEJA ENCAMINHADO A C\u00c2MARA MUNICIPAL RELAT\u00d3RIO ANUAL DE GEST\u00c3O DA SECRETARIA MUNICIPAL DE OBRAS VI\u00c1RIAS, NOS TERMOS DO ARTIGO 90, II DA LEI ORG\u00c2NICA MUNICIPAL."}, {"id": "15092", "ano": "2020", "numero": "1856", "tipo__sigla": "REQ", "tipo__descricao": "REQUERIMENTO", "autoria": "BETE DAMACENO", "texto_original": "http://sapl.campolargo.pr.leg.br/media/sapl/public/materialegislativa/2020/15092/1856.pdf", "ementa": "PAVIMENTA\u00c7\u00c3O ASF\u00c1LTICA NA TRAVESSA 1, BAIRRO PASSA\u00daNA, FERRARIA."}, {"id": "15093", "ano": "2020", "numero": "1857", "tipo__sigla": "REQ", "tipo__descricao": "REQUERIMENTO", "autoria": "BETE DAMACENO", "texto_original": "http://sapl.campolargo.pr.leg.br/media/sapl/public/materialegislativa/2020/15093/1857.pdf", "ementa": "CONCLUS\u00c3O DAS OBRAS NA RUA S\u00c3O CAETANO, ITAQUI DE CIMA."}, {"id": "15094", "ano": "2020", "numero": "1858", "tipo__sigla": "REQ", "tipo__descricao": "REQUERIMENTO", "autoria": "BETE DAMACENO", "texto_original": "http://sapl.campolargo.pr.leg.br/media/sapl/public/materialegislativa/2020/15094/1858.pdf", "ementa": "PATROLAMENTO E ENSAIBRAMENTO NA RUA SALVADOR CAVALIN, COL\u00d4NIA ANTONIO REBOU\u00c7AS, FERRARIA."}, {"id": "15095", "ano": "2020", "numero": "1859", "tipo__sigla": "REQ", "tipo__descricao": "REQUERIMENTO", "autoria": "MARCIO BERALDO", "texto_original": "http://sapl.campolargo.pr.leg.br/media/sapl/public/materialegislativa/2020/15095/1859.pdf", "ementa": "IMPLANTA\u00c7\u00c3O DE UMA LOMBADA/TRAVESSIA ELEVADA NA RUA JO\u00c3O STUKAS, N\u00ba 3746, JARDIM S\u00c3O VICENTE."}, {"id": "15096", "ano": "2020", "numero": "1860", "tipo__sigla": "REQ", "tipo__descricao": "REQUERIMENTO", "autoria": "MARCIO BERALDO", "texto_original": "http://sapl.campolargo.pr.leg.br/media/sapl/public/materialegislativa/2020/15096/1860.pdf", "ementa": "REPERFILAMENTO ASF\u00c1LTICO NA AVENIDA BRASIL, JARDIM RIVABEM."}, {"id": "15097", "ano": "2020", "numero": "1861", "tipo__sigla": "REQ", "tipo__descricao": "REQUERIMENTO", "autoria": "TONINHO FERREIRA", "texto_original": "http://sapl.campolargo.pr.leg.br/media/sapl/public/materialegislativa/2020/15097/1861.pdf", "ementa": "PATROLAMENTO E ENSAIBRAMENTO NA RUA RIO IGUA\u00c7U, BAIRRO TR\u00caS RIOS."}, {"id": "15098", "ano": "2020", "numero": "1863", "tipo__sigla": "REQ", "tipo__descricao": "REQUERIMENTO", "autoria": "CLEA OLIVEIRA", "texto_original": "http://sapl.campolargo.pr.leg.br/media/sapl/public/materialegislativa/2020/15098/1863.pdf", "ementa": "CICLOVIA OU CICLOFAIXA NA RUA PADRE ALCIDES ZANELLA, BAIRRO RONDINHA."}, {"id": "15099", "ano": "2020", "numero": "1865", "tipo__sigla": "REQ", "tipo__descricao": "REQUERIMENTO", "autoria": "CLEA OLIVEIRA", "texto_original": "http://sapl.campolargo.pr.leg.br/media/sapl/public/materialegislativa/2020/15099/1865.pdf", "ementa": "AQUISI\u00c7\u00c3O DE APARELHO DE TESTE ERGOM\u00c9TRICO."}, {"id": "15100", "ano": "2020", "numero": "1866", "tipo__sigla": "REQ", "tipo__descricao": "REQUERIMENTO", "autoria": "CLEA OLIVEIRA", "texto_original": "http://sapl.campolargo.pr.leg.br/media/sapl/public/materialegislativa/2020/15100/1866.pdf", "ementa": "VERIFICA\u00c7\u00c3O DA ALTURA DAS LOMBADAS NA RUA JO\u00c3O STUKAS."}, {"id": "15101", "ano": "2020", "numero": "1867", "tipo__sigla": "REQ", "tipo__descricao": "REQUERIMENTO", "autoria": "DARCI ANDREASSA", "texto_original": "http://sapl.campolargo.pr.leg.br/media/sapl/public/materialegislativa/2020/15101/1867.pdf", "ementa": "PAVIMENTA\u00c7\u00c3O ASF\u00c1LTICA NA RUA ALICE FERREIRA DE LIMA, MONSENHOR FRANCISCO GORSKI."}, {"id": "15104", "ano": "2020", "numero": "1870", "tipo__sigla": "REQ", "tipo__descricao": "REQUERIMENTO", "autoria": "CLAIRTON ALEM\u00c3O", "texto_original": "http://sapl.campolargo.pr.leg.br/media/sapl/public/materialegislativa/2020/15104/1870.pdf", "ementa": "INFORMA\u00c7\u00d5ES SOBRE A CASTRA\u00c7\u00c3O DE C\u00c3ES E GATOS NO MUNIC\u00cdPIO, DE ACORDO COM O PREG\u00c3O 30/2019."}, {"id": "15105", "ano": "2020", "numero": "1871", "tipo__sigla": "REQ", "tipo__descricao": "REQUERIMENTO", "autoria": "CLAIRTON ALEM\u00c3O", "texto_original": "http://sapl.campolargo.pr.leg.br/media/sapl/public/materialegislativa/2020/15105/1871.pdf", "ementa": "LOMBADA OU TRAVESSIA ELEVADA NA RUA ESP\u00cdRITO SANTO, PR\u00d3XIMO AOS NUMERAIS 171 E 159, JARDIM ESMERALDA."}, {"id": "15106", "ano": "2020", "numero": "1872", "tipo__sigla": "REQ", "tipo__descricao": "REQUERIMENTO", "autoria": "CLAIRTON ALEM\u00c3O", "texto_original": "http://sapl.campolargo.pr.leg.br/media/sapl/public/materialegislativa/2020/15106/1872.pdf", "ementa": "PARCERIA ENTRE OS MUNIC\u00cdPIOS DE CAMPO LARGO E BALSA NOVA, PARA EXECU\u00c7\u00c3O DE ANTI-P\u00d3 NA RUA DOS PESSEGUEIROS."}, {"id": "15107", "ano": "2020", "numero": "1874", "tipo__sigla": "REQ", "tipo__descricao": "REQUERIMENTO", "autoria": "CLAIRTON ALEM\u00c3O", "texto_original": "http://sapl.campolargo.pr.leg.br/media/sapl/public/materialegislativa/2020/15107/1874.pdf", "ementa": "TRIBUNA LIVRE PARA A SECRET\u00c1RIA DE SA\u00daDE - SRA. DANIELLE CRISTINE FEDALTO, PARA PRESTAR INFORMA\u00c7\u00d5ES DOS RECURSOS DISPONIBILIZADOS E GASTOS COM A PANDEMIA."}, {"id": "15108", "ano": "2020", "numero": "1878", "tipo__sigla": "REQ", "tipo__descricao": "REQUERIMENTO", "autoria": "MARCIO BERALDO", "texto_original": "http://sapl.campolargo.pr.leg.br/media/sapl/public/materialegislativa/2020/15108/1878.pdf", "ementa": "PARA QUE OS BARES PERMITIDOS A ABRIR, POSSAM APRESENTAR M\u00daSICA AO VIVO, COM BANDA AT\u00c9 5 (CINCO) M\u00daSICOS, RESPEITANDO TODOS OS PROTOCOLOS EXIGIDOS PELOS \u00d3RG\u00c3OS DE SA\u00daDE."}, {"id": "15109", "ano": "2020", "numero": "1879", "tipo__sigla": "REQ", "tipo__descricao": "REQUERIMENTO", "autoria": "MARCIO BERALDO", "texto_original": "http://sapl.campolargo.pr.leg.br/media/sapl/public/materialegislativa/2020/15109/1879.pdf", "ementa": "CONSTRU\u00c7\u00c3O DE RAMPA DE ACESSIBILIDADE NA CAL\u00c7ADA DE ACESSO A FRENTE AO PORT\u00c3O DO CMEI VICTOR DE ALMEIDA BARBOSA - RUA BENEDITO SOARES PINTO N\u00ba 2300."}, {"id": "15110", "ano": "2020", "numero": "1883", "tipo__sigla": "REQ", "tipo__descricao": "REQUERIMENTO", "autoria": "GIOVANI MARCON", "texto_original": "http://sapl.campolargo.pr.leg.br/media/sapl/public/materialegislativa/2020/15110/1_1883_2020_ronda_itaqui_de_cima.pdf", "ementa": "VIABILIZAR RONDA OSTENSIVA DA GUARDA MUNICIPAL NO BAIRRO ITAQUI DE CIMA."}, {"id": "15111", "ano": "2020", "numero": "1884", "tipo__sigla": "REQ", "tipo__descricao": "REQUERIMENTO", "autoria": "GIOVANI MARCON", "texto_original": "http://sapl.campolargo.pr.leg.br/media/sapl/public/materialegislativa/2020/15111/1_1884_2020_led_joao_bertoja.pdf", "ementa": "QUE SEJA FEITO A INSTALA\u00c7\u00c3O DE L\u00c2MPADAS DE LED NA RUA JO\u00c3O BERTOJA, BAIRRO ITAQUI DE CIMA."}, {"id": "15112", "ano": "2020", "numero": "1885", "tipo__sigla": "REQ", "tipo__descricao": "REQUERIMENTO", "autoria": "GIOVANI MARCON", "texto_original": "http://sapl.campolargo.pr.leg.br/media/sapl/public/materialegislativa/2020/15112/1_1885_2020_sinaliz_constantino_marochi.pdf", "ementa": "QUE SEJA FEITO A PINTURA DAS FAIXAS DE SEGURAN\u00c7A E SINALIZA\u00c7\u00c3O NA RUA CONSTANTINO MAROCHI, BAIRRO OURO VERDE."}, {"id": "15113", "ano": "2020", "numero": "1886", "tipo__sigla": "REQ", "tipo__descricao": "REQUERIMENTO", "autoria": "GIOVANI MARCON", "texto_original": "http://sapl.campolargo.pr.leg.br/media/sapl/public/materialegislativa/2020/15113/1_1886_2020_sinaliz_marechal_floriano.pdf", "ementa": "QUE SEJA FEITO A PINTURA DAS FAIXAS DE SEGURAN\u00c7A E SINALIZA\u00c7\u00c3O NA RUA MARECHAL FLORIANO PEIXOTO, BAIRRO OURO VERDE."}, {"id": "15114", "ano": "2020", "numero": "1887", "tipo__sigla": "REQ", "tipo__descricao": "REQUERIMENTO", "autoria": "JO\u00c3O D'\u00c1GUA", "texto_original": "http://sapl.campolargo.pr.leg.br/media/sapl/public/materialegislativa/2020/15114/1887.pdf", "ementa": "PEDIDO DE UMA COBERTURA PARA O ELEVADOR DE CADEIRANTES, NO POSTO GUARANI, FERRARIA."}, {"id": "15115", "ano": "2020", "numero": "1888", "tipo__sigla": "REQ", "tipo__descricao": "REQUERIMENTO", "autoria": "JO\u00c3O D'\u00c1GUA", "texto_original": "http://sapl.campolargo.pr.leg.br/media/sapl/public/materialegislativa/2020/15115/1888.pdf", "ementa": "PEDIDO DE ESTUDO DE IMPLANTA\u00c7\u00c3O DE MAIS UMA LIXEIRA OU DE UMA LIXEIRA MAIOR NA REGI\u00c3O DE S\u00c3O JO\u00c3O DO POVINHO, INTERIOR DO MUNIC\u00cdPIO, NAS PROXIMIDADES DA ITAMB\u00c9."}, {"id": "15116", "ano": "2020", "numero": "1892", "tipo__sigla": "REQ", "tipo__descricao": "REQUERIMENTO", "autoria": "MARCIO BERALDO", "texto_original": "http://sapl.campolargo.pr.leg.br/media/sapl/public/materialegislativa/2020/15116/1892.pdf", "ementa": "REQUERENDO QUE SEJA FEITO REPERFILAMENTO ASF\u00c1LTICO NA RUA NEIVA CHAVES ZELAYA, BAIRRO \u00c1GUAS CLARAS, CAMPO LARGO."}, {"id": "15117", "ano": "2020", "numero": "1896", "tipo__sigla": "REQ", "tipo__descricao": "REQUERIMENTO", "autoria": "CLEA OLIVEIRA", "texto_original": "http://sapl.campolargo.pr.leg.br/media/sapl/public/materialegislativa/2020/15117/1896.pdf", "ementa": "SOLICITA INFORMA\u00c7\u00d5ES SOBRE A APLICABILIDADE DA LEI 3.206/2020, E SE EXISTE FISCALIZA\u00c7\u00c3O DE ESTABELECIMENTOS QUE REALIZEM VENDA PROIBIDA DESTE MATERIAL."}, {"id": "15118", "ano": "2020", "numero": "1903", "tipo__sigla": "REQ", "tipo__descricao": "REQUERIMENTO", "autoria": "CLAIRTON ALEM\u00c3O", "texto_original": "http://sapl.campolargo.pr.leg.br/media/sapl/public/materialegislativa/2020/15118/1903.pdf", "ementa": "REQUERENDO PARA QUE HAJA UMA FISCALIZA\u00c7\u00c3O POR PARTE DA SECRETARIA COMPETENTE NO EMPREENDIMENTO HABITACIONAL CAMPO LARGO | E II NO BAIRRO S\u00c3O JER\u00d4NIMO PARA APURAR A VENDA DE ALGUNS APARTAMENTOS POR PARTE DE ALGUNS BENEFICI\u00c1RIOS."}, {"id": "15122", "ano": "2020", "numero": "1928", "tipo__sigla": "REQ", "tipo__descricao": "REQUERIMENTO", "autoria": "MARCIO BERALDO", "texto_original": "http://sapl.campolargo.pr.leg.br/media/sapl/public/materialegislativa/2020/15122/1928.pdf", "ementa": "REQUERENDO ESTUDO PARA IMPLANTA\u00c7\u00c3O DE REDE DE ESGOTO EM TODA A EXTENS\u00c3O DA RUA NEIVA CHAVES ZELAYA, BAIRRO \u00c1GUAS CLARAS, CAMPO LARGO."}, {"id": "15123", "ano": "2020", "numero": "1929", "tipo__sigla": "REQ", "tipo__descricao": "REQUERIMENTO", "autoria": "MARCIO BERALDO", "texto_original": "http://sapl.campolargo.pr.leg.br/media/sapl/public/materialegislativa/2020/15123/1929.pdf", "ementa": "SOLICITANDO QUE SEJA FEITO SERVI\u00c7O DE PATROLAMENTO E ENSAIBRAMENTO EM TODA A EXTENS\u00c3O DA RUA APOLONIA KRUL KAMINSKI, NO BAIRRO BOTIATUVA, CAMPO LARGO."}, {"id": "15124", "ano": "2020", "numero": "1930", "tipo__sigla": "REQ", "tipo__descricao": "REQUERIMENTO", "autoria": "MARCIO BERALDO", "texto_original": "http://sapl.campolargo.pr.leg.br/media/sapl/public/materialegislativa/2020/15124/1930.pdf", "ementa": "SOLICITANDO QUE SEJA FEITO SERVI\u00c7O DE PATROLAMENTO E ENSAIBRAMENTO EM TODA A EXTENS\u00c3O DA RUA SEM NOME, QUE SE INICIA NA RODOVIA PR 423, NO BAIRRO JARDIM MELIANE, CAMPO LARGO (CONFORME FOTO ANEXO)."}, {"id": "15125", "ano": "2020", "numero": "1931", "tipo__sigla": "REQ", "tipo__descricao": "REQUERIMENTO", "autoria": "MARCIO BERALDO", "texto_original": "http://sapl.campolargo.pr.leg.br/media/sapl/public/materialegislativa/2020/15125/1931.pdf", "ementa": "REQUERENDO QUE SEJA COLOCADO UMA CAMADA DE MATERIAL FRESADO (ASFALTO MO\u00cdDO) EM TODA A EXTENS\u00c3O DA RUA PEDRO MANESKI, REGI\u00c3O DE QUEIMADAS, NO DISTRITO DE BATEIAS, CAMPO LARGO."}, {"id": "15126", "ano": "2020", "numero": "1932", "tipo__sigla": "REQ", "tipo__descricao": "REQUERIMENTO", "autoria": "MARCIO BERALDO", "texto_original": "http://sapl.campolargo.pr.leg.br/media/sapl/public/materialegislativa/2020/15126/1932.pdf", "ementa": "REQUERENDO QUE SEJA COLOCADO UMA CAMADA DE MATERIAL FRESADO (ASFALTO MO\u00cdDO) EM TODA A EXTENS\u00c3O DA RUA MIGUEL SCLUSCHINASKI, REGI\u00c3O DE QUEIMADAS, NO DISTRITO DE BATEIAS, CAMPO LARGO."}, {"id": "15130", "ano": "2020", "numero": "1974", "tipo__sigla": "REQ", "tipo__descricao": "REQUERIMENTO", "autoria": "DARCI ANDREASSA", "texto_original": "http://sapl.campolargo.pr.leg.br/media/sapl/public/materialegislativa/2020/15130/1974.pdf", "ementa": "PINTURA DE LOMBADA E FAIXAS NA RUA AMAZONAS, BAIRRO ITAQUI, NESTE MUNIC\u00cdPIO DE CAMPO LARGO-PR."}, {"id": "15131", "ano": "2020", "numero": "1975", "tipo__sigla": "REQ", "tipo__descricao": "REQUERIMENTO", "autoria": "DARCI ANDREASSA", "texto_original": "http://sapl.campolargo.pr.leg.br/media/sapl/public/materialegislativa/2020/15131/1975.pdf", "ementa": "COLOCA\u00c7\u00c3O DE PLACAS DE SINALIZA\u00c7\u00c3O NA RUA JO\u00c3O STUKAS COM ESQUINA \u00c0 RUA DAS AC\u00c1CIAS, NO SENTIDO PR 423 COM A ENTRADA PARA O BAIRRO JARDIM DAS AC\u00c1CIAS, NESTE MUNIC\u00cdPIO DE CAMPO LARGO- PR"}, {"id": "15135", "ano": "2020", "numero": "1988", "tipo__sigla": "REQ", "tipo__descricao": "REQUERIMENTO", "autoria": "MARCIO BERALDO", "texto_original": "http://sapl.campolargo.pr.leg.br/media/sapl/public/materialegislativa/2020/15135/1988.pdf", "ementa": "SOLICITAR A INSTALA\u00c7\u00c3O DE UMA ANTENA TELEF\u00d4NICA COM INTERNET PRA ATENDER A REGI\u00c3O DE QUEIMADAS, DISTRITO DE BATEIAS, EM CAMPO LARGO."}, {"id": "15136", "ano": "2020", "numero": "1989", "tipo__sigla": "REQ", "tipo__descricao": "REQUERIMENTO", "autoria": "MARCIO BERALDO", "texto_original": "http://sapl.campolargo.pr.leg.br/media/sapl/public/materialegislativa/2020/15136/1989.pdf", "ementa": "REQUERENDO ESTUDO PARA PERFURA\u00c7\u00c3O DE UM PO\u00c7O ARTESIANO COMUNIT\u00c1RIO NA REGI\u00c3O DA COL\u00d4NIA FIGUEIREDO, CAMPO LARGO."}, {"id": "15137", "ano": "2020", "numero": "1992", "tipo__sigla": "REQ", "tipo__descricao": "REQUERIMENTO", "autoria": "TONINHO FERREIRA", "texto_original": "http://sapl.campolargo.pr.leg.br/media/sapl/public/materialegislativa/2020/15137/1992.pdf", "ementa": "CONSERTO DA BOCA DE LOBO, LOCALIZADA NA RUA SANTA MARIANA ESQUINA COM A RUA RETIRO S\u00c3O JOS\u00c9."}, {"id": "15138", "ano": "2020", "numero": "1995", "tipo__sigla": "REQ", "tipo__descricao": "REQUERIMENTO", "autoria": "DARCI ANDREASSA", "texto_original": "http://sapl.campolargo.pr.leg.br/media/sapl/public/materialegislativa/2020/15138/1995.pdf", "ementa": "LIMPEZA NA CANCHA DO PARTENOPE NESTE MUNIC\u00cdPIO DE CAMPO LARGO-PR."}, {"id": "15139", "ano": "2020", "numero": "1996", "tipo__sigla": "REQ", "tipo__descricao": "REQUERIMENTO", "autoria": "DARCI ANDREASSA", "texto_original": "http://sapl.campolargo.pr.leg.br/media/sapl/public/materialegislativa/2020/15139/1996.pdf", "ementa": "SOLICITO REPERFILAMENTO ASF\u00c1LTICO NA RUA JOS\u00c9 RODRIGUES DOS PASSOS NO BAIRRO \u00c1GUAS CLARAS."}, {"id": "15143", "ano": "2020", "numero": "2001", "tipo__sigla": "REQ", "tipo__descricao": "REQUERIMENTO", "autoria": "BETE DAMACENO", "texto_original": "http://sapl.campolargo.pr.leg.br/media/sapl/public/materialegislativa/2020/15143/2001.pdf", "ementa": "A POSSIBILIDADE DE INTERLIGAR A RUA UM, DO BAIRRO CONCEI\u00c7\u00c3O EM CAMPO LARGO COM A RUA MONTE CLARO."}, {"id": "15144", "ano": "2020", "numero": "2003", "tipo__sigla": "REQ", "tipo__descricao": "REQUERIMENTO", "autoria": "BETE DAMACENO", "texto_original": "http://sapl.campolargo.pr.leg.br/media/sapl/public/materialegislativa/2020/15144/2003.pdf", "ementa": "QUE LOCAL SER\u00c1 DESCARTADO OS ENTULHOS QUE SER\u00c3O RETIRADOS DO RASEIRA."}, {"id": "15145", "ano": "2020", "numero": "2004", "tipo__sigla": "REQ", "tipo__descricao": "REQUERIMENTO", "autoria": "BETE DAMACENO", "texto_original": "http://sapl.campolargo.pr.leg.br/media/sapl/public/materialegislativa/2020/15145/2004.pdf", "ementa": "QUE SEJA INFORMADO QUAL SERA A PROVIDENCIA TOMADA REFERENTE AOS ANIMAIS DEIXADOS NOS ESCOMBROS DAS CASAS, NOS BAIRROS AONDE FORAM RELOCADAS AS FAM\u00cdLIAS."}, {"id": "15146", "ano": "2020", "numero": "2005", "tipo__sigla": "REQ", "tipo__descricao": "REQUERIMENTO", "autoria": "BETE DAMACENO", "texto_original": "http://sapl.campolargo.pr.leg.br/media/sapl/public/materialegislativa/2020/15146/2005.pdf", "ementa": "QUE SEJA FEITO PATROLAMENTO E SAIBRAMENTO NA RUA JOAQUIM EVARISTO FRESSATO NO FERRARIA CAMPO LARGO."}, {"id": "15147", "ano": "2020", "numero": "2006", "tipo__sigla": "REQ", "tipo__descricao": "REQUERIMENTO", "autoria": "BETE DAMACENO", "texto_original": "http://sapl.campolargo.pr.leg.br/media/sapl/public/materialegislativa/2020/15147/2006.pdf", "ementa": "QUE SEJA FEITO PAVIMENTA\u00c7\u00c3O ASF\u00c1LTICA NA RUA JOAQUIM EVARISTO FRESSATO NO FERRARIA CAMPO LARGO."}, {"id": "15148", "ano": "2020", "numero": "2007", "tipo__sigla": "REQ", "tipo__descricao": "REQUERIMENTO", "autoria": "BETE DAMACENO", "texto_original": "http://sapl.campolargo.pr.leg.br/media/sapl/public/materialegislativa/2020/15148/2007.pdf", "ementa": "QUE SEJA FEITO RECAPE NA PARTE AONDE FOI TIRADO O ASFALTO NA RUA SANTA BARBARA NO JARDIM GUARANI NO FERRARIA CAMPO LARGO."}, {"id": "15149", "ano": "2020", "numero": "2008", "tipo__sigla": "REQ", "tipo__descricao": "REQUERIMENTO", "autoria": "BETE DAMACENO", "texto_original": "http://sapl.campolargo.pr.leg.br/media/sapl/public/materialegislativa/2020/15149/2008.pdf", "ementa": "QUE SEJA FEITO DESOBSTRU\u00c7\u00c3O DAS MANILHAS DA RUA CUBA EM CAMPO LARGO."}, {"id": "15140", "ano": "2020", "numero": "2009", "tipo__sigla": "REQ", "tipo__descricao": "REQUERIMENTO", "autoria": "BETE DAMACENO", "texto_original": "http://sapl.campolargo.pr.leg.br/media/sapl/public/materialegislativa/2020/15140/2009.pdf", "ementa": "C\u00d3PIA DO PROJETO DO ELEVADOR DA UNIDADE DE SA\u00daDE DO JARDIM GUARANY NO FERRARIA CAMPO LARGO."}, {"id": "15142", "ano": "2020", "numero": "2010", "tipo__sigla": "REQ", "tipo__descricao": "REQUERIMENTO", "autoria": "MARCIO BERALDO", "texto_original": "http://sapl.campolargo.pr.leg.br/media/sapl/public/materialegislativa/2020/15142/2010.pdf", "ementa": "REQUERENDO PLACA DE IDENTIFICA\u00c7\u00c3O DA RUA \"LOURIVAL DA SILVA\", BAIRRO JARDIM C\u00c9U AZUL, ITAQUI, CAMPO LARGO."}, {"id": "15150", "ano": "2020", "numero": "2014", "tipo__sigla": "REQ", "tipo__descricao": "REQUERIMENTO", "autoria": "MARCIO BERALDO", "texto_original": "http://sapl.campolargo.pr.leg.br/media/sapl/public/materialegislativa/2020/15150/2014.pdf", "ementa": "REQUERENDO QUE SEJA COLOCADO UMA CAMADA DE MATERIAL FRESADO (ASFALTO MO\u00cdDO) EM TODA A EXTENS\u00c3O DA RUA PRINCIPAL, NA COL\u00d4NIA ANT\u00d4NIO REBOU\u00c7AS, CAMPO LARGO."}, {"id": "15151", "ano": "2020", "numero": "2015", "tipo__sigla": "REQ", "tipo__descricao": "REQUERIMENTO", "autoria": "MARCIO BERALDO", "texto_original": "http://sapl.campolargo.pr.leg.br/media/sapl/public/materialegislativa/2020/15151/2015.pdf", "ementa": "REQUERENDO ESTUDO PARA IMPLANTA\u00c7\u00c3O DE UMA LOMBADA/TRAVESSIA ELEVADA, NA RUA PRINCIPAL, PR\u00d3XIMO AO N\u00ba 2403, NA COL\u00d4NIA ANT\u00d4NIO REBOU\u00c7AS, CAMPO LARGO."}, {"id": "15152", "ano": "2020", "numero": "2017", "tipo__sigla": "REQ", "tipo__descricao": "REQUERIMENTO", "autoria": "JO\u00c3O D'\u00c1GUA", "texto_original": "http://sapl.campolargo.pr.leg.br/media/sapl/public/materialegislativa/2020/15152/2017.pdf", "ementa": "PEDIDO DE ESTUDO DE IMPLANTA\u00c7\u00c3O DE REDE DE \u00c1GUA NA REGI\u00c3O DA COL\u00d4NIA MARIANA."}, {"id": "15158", "ano": "2020", "numero": "2023", "tipo__sigla": "REQ", "tipo__descricao": "REQUERIMENTO", "autoria": "CLEA OLIVEIRA", "texto_original": "http://sapl.campolargo.pr.leg.br/media/sapl/public/materialegislativa/2020/15158/2023.pdf", "ementa": "SOLICITANDO REVESTIMENTO ASF\u00c1LTICO, NA CONTINUA\u00c7\u00c3O DA RUA ANT\u00d4NIO ADOLFO BOARON, BAIRRO JARDIM DAS PALMAS, DESTE MUNIC\u00cdPIO."}, {"id": "15154", "ano": "2020", "numero": "2024", "tipo__sigla": "REQ", "tipo__descricao": "REQUERIMENTO", "autoria": "CLEA OLIVEIRA", "texto_original": "http://sapl.campolargo.pr.leg.br/media/sapl/public/materialegislativa/2020/15154/2024.pdf", "ementa": "SOLICITANDO REFORMA DA PISTA DE SKATE, LOCALIZADA NA RUA QUINTINO BOCAI\u00daVA, DESTE MUNIC\u00cdPIO."}, {"id": "15155", "ano": "2020", "numero": "2025", "tipo__sigla": "REQ", "tipo__descricao": "REQUERIMENTO", "autoria": "CLEA OLIVEIRA", "texto_original": "http://sapl.campolargo.pr.leg.br/media/sapl/public/materialegislativa/2020/15155/2025.pdf", "ementa": "SOLICITANDO PATROLAMENTO E ENSAIBRAMENTO, NO FINAL DA RUA MANIF J\u00daLIO, VILA S\u00c3O LUIZ, DESTE MUNIC\u00cdPIO."}, {"id": "15156", "ano": "2020", "numero": "2026", "tipo__sigla": "REQ", "tipo__descricao": "REQUERIMENTO", "autoria": "CLEA OLIVEIRA", "texto_original": "http://sapl.campolargo.pr.leg.br/media/sapl/public/materialegislativa/2020/15156/2026.pdf", "ementa": "ESTUDO DE IMPACTO DE VIZINHAN\u00c7A DO RESIDENCIAL QUE EST\u00c1 SENDO CONSTRU\u00cdDO NA RUA \u00c2NGELO ZANETTI, N\u00ba 795 JARDIM BELA VISTA, DESTE MUNIC\u00cdPIO."}, {"id": "15157", "ano": "2020", "numero": "2027", "tipo__sigla": "REQ", "tipo__descricao": "REQUERIMENTO", "autoria": "CLEA OLIVEIRA", "texto_original": "http://sapl.campolargo.pr.leg.br/media/sapl/public/materialegislativa/2020/15157/2027.pdf", "ementa": "SOLICITANDO QUE O PODER EXECUTIVO CONCEDA UM LOCAL E REALIZE A CONSTRU\u00c7\u00c3O DE PARQUINHO, NA REGI\u00c3O DO ITAMB\u00c9ZINHO, DESTE MUNIC\u00cdPIO."}, {"id": "15159", "ano": "2020", "numero": "2029", "tipo__sigla": "REQ", "tipo__descricao": "REQUERIMENTO", "autoria": "CLEA OLIVEIRA", "texto_original": "http://sapl.campolargo.pr.leg.br/media/sapl/public/materialegislativa/2020/15159/2029.pdf", "ementa": "SOLICITANDO OPERA\u00c7\u00c3O TAPA BURACO NA RUA PROF. OV\u00cdDIO JORGE NOGUEIRA, BAIRRO CRISTO REI, DESTE MUNIC\u00cdPIO."}, {"id": "15160", "ano": "2020", "numero": "2030", "tipo__sigla": "REQ", "tipo__descricao": "REQUERIMENTO", "autoria": "CLEA OLIVEIRA", "texto_original": "http://sapl.campolargo.pr.leg.br/media/sapl/public/materialegislativa/2020/15160/2030.pdf", "ementa": "SOLICITANDO REDE DE ESGOTO, EM TODA A EXTENS\u00c3O DA RUA FRANCISCO ALVES MENDES FILHO, BAIRRO BOM JESUS, DESTE MUNIC\u00cdPIO."}, {"id": "15161", "ano": "2020", "numero": "2031", "tipo__sigla": "REQ", "tipo__descricao": "REQUERIMENTO", "autoria": "CLEA OLIVEIRA", "texto_original": "http://sapl.campolargo.pr.leg.br/media/sapl/public/materialegislativa/2020/15161/2031.pdf", "ementa": "PARA QUE SEJA CONTRATADO PSIQUIATRA INFANTIL, PARA PRESTAR ATENDIMENTO NA UNIDADE DE SA\u00daDE DA CRIAN\u00c7A E DA MULHER DESTE MUNIC\u00cdPIO."}, {"id": "15162", "ano": "2020", "numero": "2032", "tipo__sigla": "REQ", "tipo__descricao": "REQUERIMENTO", "autoria": "BETE DAMACENO", "texto_original": "http://sapl.campolargo.pr.leg.br/media/sapl/public/materialegislativa/2020/15162/2032.pdf", "ementa": "QUE SEJA COLOCADO MATERIAL FRESADO NA RUA JO\u00c3O CAVALLI NO JARDIM SOCIAL EM CAMPO LARGO."}, {"id": "15163", "ano": "2020", "numero": "2033", "tipo__sigla": "REQ", "tipo__descricao": "REQUERIMENTO", "autoria": "BETE DAMACENO", "texto_original": "http://sapl.campolargo.pr.leg.br/media/sapl/public/materialegislativa/2020/15163/2033.pdf", "ementa": "QUE SEJA REALIZADO A REMO\u00c7\u00c3O DOS ENTULHOS ORIUNDOS DE DEMOLI\u00c7\u00c3O DE CASAS REALIZADA PELA PREFEITURA NA LOCALIDADE DO RASEIRA, A CERCA DE UM M\u00caS."}, {"id": "15164", "ano": "2020", "numero": "2034", "tipo__sigla": "REQ", "tipo__descricao": "REQUERIMENTO", "autoria": "CLAIRTON ALEM\u00c3O", "texto_original": "http://sapl.campolargo.pr.leg.br/media/sapl/public/materialegislativa/2020/15164/2034.pdf", "ementa": "REQUERENDO PARA QUE SEJA FEITO UMA VISTORIA NAS PLACAS DE IDENTIFICA\u00c7\u00c3O DE DIVISAS COM OS OUTROS 8 MUNIC\u00cdPIOS LIM\u00cdTROFES DE CAMPO LARGO - (CASTRO, CAMPO MAGRO , ITAPERU\u00c7U, PONTA GROSSA, ARAUC\u00c1RIA, BALSA NOVA, CURITIBA E PALMEIRA); ASSIM POSTERIORMENTE TAMB\u00c9M, SUBSTITUINDO OU FAZENDO A DEVIDA MANUTEN\u00c7\u00c3O NAS QUE NECESSITEM."}, {"id": "15165", "ano": "2020", "numero": "2035", "tipo__sigla": "REQ", "tipo__descricao": "REQUERIMENTO", "autoria": "CLAIRTON ALEM\u00c3O", "texto_original": "http://sapl.campolargo.pr.leg.br/media/sapl/public/materialegislativa/2020/15165/2035.pdf", "ementa": "REQUERENDO INFORMA\u00c7\u00d5ES SOBRE O QUANTITATIVO DE CESTAS B\u00c1SICAS DISTRIBU\u00cdDAS AT\u00c9 O PRESENTE MOMENTO, E TAMB\u00c9M QUANTAS FAM\u00cdLIAS FORAM BENEFICIADAS NESSA PANDEMIA; CONSIDERANDO ASSIM, A LEI DE BENEF\u00cdCIOS EVENTUAIS E DOA\u00c7\u00d5ES RECEBIDAS."}, {"id": "15166", "ano": "2020", "numero": "2036", "tipo__sigla": "REQ", "tipo__descricao": "REQUERIMENTO", "autoria": "CLAIRTON ALEM\u00c3O", "texto_original": "http://sapl.campolargo.pr.leg.br/media/sapl/public/materialegislativa/2020/15166/2036.pdf", "ementa": "REQUERENDO A IMPLANTA\u00c7\u00c3O DE MAIS UM CART\u00d3RIO DE REGISTRO DE T\u00cdTULOS E DOCUMENTOS NO MUNIC\u00cdPIO."}, {"id": "15167", "ano": "2020", "numero": "2038", "tipo__sigla": "REQ", "tipo__descricao": "REQUERIMENTO", "autoria": "TADEU DE PAULA", "texto_original": "http://sapl.campolargo.pr.leg.br/media/sapl/public/materialegislativa/2020/15167/1_2038_2020_pg_02_abertura.pdf", "ementa": "SOLICITO AO PODER EXECUTIVO A AQUISI\u00c7\u00c3O DE 2 CAMINH\u00d5ES PIPAS PARA O TRANSPORTE DE \u00c1GUA POT\u00c1VEL."}, {"id": "15168", "ano": "2020", "numero": "2051", "tipo__sigla": "REQ", "tipo__descricao": "REQUERIMENTO", "autoria": "CLAIRTON ALEM\u00c3O", "texto_original": "http://sapl.campolargo.pr.leg.br/media/sapl/public/materialegislativa/2020/15168/2051.pdf", "ementa": "REQUERENDO INFORMA\u00c7\u00d5ES SOBRE O QUANTITATIVO DE ATENDIMENTOS REALIZADOS ATRAV\u00c9S DA UPA (DESDE A INAUGURA\u00c7\u00c3O AT\u00c9 O PRESENTE MOMENTO). ASSIM COMO, QUANTOS M\u00c9DICOS EST\u00c3O ATUANDO NA MESMA, E A M\u00c9DIA DI\u00c1RIA DE ATENDIMENTOS."}, {"id": "15174", "ano": "2020", "numero": "2067", "tipo__sigla": "REQ", "tipo__descricao": "REQUERIMENTO", "autoria": "TONINHO FERREIRA", "texto_original": "http://sapl.campolargo.pr.leg.br/media/sapl/public/materialegislativa/2020/15174/2067.pdf", "ementa": "SOLICITA INSTALA\u00c7\u00c3O DE PLACA E PINTURA DE PARE, NA RUA \u00c2NGELO ZANETI ESQUINA COM A MARGINAL DA ANTIGA BR 277."}, {"id": "15177", "ano": "2020", "numero": "2068", "tipo__sigla": "REQ", "tipo__descricao": "REQUERIMENTO", "autoria": "MARCIO BERALDO", "texto_original": "http://sapl.campolargo.pr.leg.br/media/sapl/public/materialegislativa/2020/15177/2068.pdf", "ementa": "REQUERENDO CONSERTO NO BUEIRO, LOCALIZADO NA RUA OTAL\u00cdPIO PEREIRA DE ANDRADE, EM FRENTE AO N\u00ba 190, BAIRRO JARDIM SOCIAL, CAMPO LARGO."}, {"id": "15178", "ano": "2020", "numero": "2070", "tipo__sigla": "REQ", "tipo__descricao": "REQUERIMENTO", "autoria": "MARCIO BERALDO", "texto_original": "http://sapl.campolargo.pr.leg.br/media/sapl/public/materialegislativa/2020/15178/2070.pdf", "ementa": "REQUERENDO QUE SEJA IMPLANTADO ILUMINA\u00c7\u00c3O P\u00daBLICA NA RUA APOLONIA KRUL KAMINSKI, NO BAIRRO BOTIATUVA, CAMPO LARGO."}, {"id": "15180", "ano": "2020", "numero": "2074", "tipo__sigla": "REQ", "tipo__descricao": "REQUERIMENTO", "autoria": "MARCIO BERALDO", "texto_original": "http://sapl.campolargo.pr.leg.br/media/sapl/public/materialegislativa/2020/15180/2074.pdf", "ementa": "REQUERENDO CONSTRU\u00c7\u00c3O DE RAMPA DE ACESSIBILIDADE PARA PESSOAS PORTADORAS DE DEFICI\u00caNCIA OU COM MOBILIDADE REDUZIDA, NA CAL\u00c7ADA DE ACESSO EM FRENTE AO PORT\u00c3O DO CMEI MARIA DE JESUS FERREIRA, COM ENDERE\u00c7O NA ESTRADA DA SEREIA, N\u00ba 190, JARDIM RONDINHA, CAMPO LARGO."}, {"id": "15181", "ano": "2020", "numero": "2075", "tipo__sigla": "REQ", "tipo__descricao": "REQUERIMENTO", "autoria": "MARCIO BERALDO", "texto_original": "http://sapl.campolargo.pr.leg.br/media/sapl/public/materialegislativa/2020/15181/2075.pdf", "ementa": "REQUERENDO CONSTRU\u00c7\u00c3O DE RAMPA DE ACESSIBILIDADE PARA PESSOAS PORTADORAS DE DEFICI\u00caNCIA OU COM MOBILIDADE REDUZIDA, NA CAL\u00c7ADA DE ACESSO EM FRENTE AO PORT\u00c3O DO CMEI MARIA DE JESUS FERREIRA, COM ENDERE\u00c7O NA ESTRADA DA SEREIA, N\u00ba 190, JARDIM RONDINHA, CAMPO LARGO."}, {"id": "15179", "ano": "2020", "numero": "2077", "tipo__sigla": "REQ", "tipo__descricao": "REQUERIMENTO", "autoria": "MARCIO BERALDO", "texto_original": "http://sapl.campolargo.pr.leg.br/media/sapl/public/materialegislativa/2020/15179/2077.pdf", "ementa": "REQUERENDO QUE SEJA INTENSIFICADO A RONDA OSTENSIVA DA GUARDA MUNICIPAL DESTE MUNIC\u00cdPIO, NA REGI\u00c3O DE QUEIMADAS E OURO FINO, INTERIOR DE CAMPO LARGO."}, {"id": "15182", "ano": "2020", "numero": "2080", "tipo__sigla": "REQ", "tipo__descricao": "REQUERIMENTO", "autoria": "BETE DAMACENO", "texto_original": "http://sapl.campolargo.pr.leg.br/media/sapl/public/materialegislativa/2020/15182/2080.pdf", "ementa": "TELA DE PROTE\u00c7\u00c3O NA QUADRA DE ESPORTE DO COLEGIO MUNICIPAL NO SANTA ANGELA FERRARIA CAMPO LARGO."}, {"id": "15183", "ano": "2020", "numero": "2081", "tipo__sigla": "REQ", "tipo__descricao": "REQUERIMENTO", "autoria": "BETE DAMACENO", "texto_original": "http://sapl.campolargo.pr.leg.br/media/sapl/public/materialegislativa/2020/15183/2081.pdf", "ementa": "QUE SEJA COLOCADO MATERIAL FRESADO NA RUA ISIDIO CRUZARA NO FERRARIA CAMPO LARGO."}, {"id": "15184", "ano": "2020", "numero": "2082", "tipo__sigla": "REQ", "tipo__descricao": "REQUERIMENTO", "autoria": "BETE DAMACENO", "texto_original": "http://sapl.campolargo.pr.leg.br/media/sapl/public/materialegislativa/2020/15184/2082.pdf", "ementa": "QUE SEJA FEITO TAPA BURACOS NA RUA DOS PAPAGAIOS NO FERRARIA CAMPO LARGO."}, {"id": "15185", "ano": "2020", "numero": "2083", "tipo__sigla": "REQ", "tipo__descricao": "REQUERIMENTO", "autoria": "BETE DAMACENO", "texto_original": "http://sapl.campolargo.pr.leg.br/media/sapl/public/materialegislativa/2020/15185/2083.pdf", "ementa": "QUE SEJA FEITO RECAPE DA RUA GAIVOTAS ENTRE A RUA CURI\u00d3 E A RUA PINTASSILGO NO FERRARIA CAMPO LARGO."}, {"id": "15187", "ano": "2020", "numero": "2088", "tipo__sigla": "REQ", "tipo__descricao": "REQUERIMENTO", "autoria": "BETE DAMACENO", "texto_original": "http://sapl.campolargo.pr.leg.br/media/sapl/public/materialegislativa/2020/15187/2088.pdf", "ementa": "QUE SEJA REDOBRADO O PATRULHAMENTO NAS PROXIMIDADES DA IGREJA NOSSA SENHORA DA ANUNCIA\u00c7\u00c3O, NA RUA MARIA BIERNASKI - CAMPO LARGO."}, {"id": "15190", "ano": "2020", "numero": "2098", "tipo__sigla": "REQ", "tipo__descricao": "REQUERIMENTO", "autoria": "DARCI ANDREASSA", "texto_original": "http://sapl.campolargo.pr.leg.br/media/sapl/public/materialegislativa/2020/15190/2098.pdf", "ementa": "COLOCA\u00c7\u00c3O DE (TACH\u00c3O), PLACAS DE SINALIZA\u00c7\u00c3O E FAIXA AMARELA NA RUA MARECHAL FLORIANO PEIXOTO, BAIRRO OURO VERDE NA ALTURA DA VENICULA CAMPO LARGO E DA ESCOLA MADALENA PORTELA."}, {"id": "15191", "ano": "2020", "numero": "2110", "tipo__sigla": "REQ", "tipo__descricao": "REQUERIMENTO", "autoria": "CLAIRTON ALEM\u00c3O", "texto_original": "http://sapl.campolargo.pr.leg.br/media/sapl/public/materialegislativa/2020/15191/2110.pdf", "ementa": "REQUERENDO PLACAS DE SINALIZA\u00c7\u00c3O NA RUA SEBASTI\u00c3O BORGES (TRECHO PROX. AOS NUMERAIS 157 E 167), BAIRRO ITAQUI DE CIMA."}, {"id": "15192", "ano": "2020", "numero": "2111", "tipo__sigla": "REQ", "tipo__descricao": "REQUERIMENTO", "autoria": "CLAIRTON ALEM\u00c3O", "texto_original": "http://sapl.campolargo.pr.leg.br/media/sapl/public/materialegislativa/2020/15192/2111.pdf", "ementa": "REQUERENDO INFORMA\u00c7\u00d5ES SOBRE O ANDAMENTO DE PROJETOS A SEREM INSTALADOS NA ANTIGA LEGRAND."}, {"id": "15193", "ano": "2020", "numero": "2112", "tipo__sigla": "REQ", "tipo__descricao": "REQUERIMENTO", "autoria": "CLAIRTON ALEM\u00c3O", "texto_original": "http://sapl.campolargo.pr.leg.br/media/sapl/public/materialegislativa/2020/15193/2112.pdf", "ementa": "SOLICITANDO PROVID\u00caNCIAS QUANTO AOS LIXOS/ENTULHOS DESCARTADOS NA RUA THEODORO KOCHINSKI (TRECHO QUE LIGA O NOVO HORIZONTE AO CAMPINA."}, {"id": "15194", "ano": "2020", "numero": "2113", "tipo__sigla": "REQ", "tipo__descricao": "REQUERIMENTO", "autoria": "CLAIRTON ALEM\u00c3O", "texto_original": "http://sapl.campolargo.pr.leg.br/media/sapl/public/materialegislativa/2020/15194/2113.pdf", "ementa": "SOLICITANDO INFORMA\u00c7\u00d5ES ATRAV\u00c9S DE UM RELAT\u00d3RIO DETALHADO SOBRE OS ATENDIMENTOS REALIZADOS ATRAV\u00c9S DO CANAL DE ATENDIMENTO 156, NO PER\u00cdODO COMPREENDIDO DE SETEMBRO DE 2018 \u00c0 SETEMBRO DE 2020."}, {"id": "15195", "ano": "2020", "numero": "2114", "tipo__sigla": "REQ", "tipo__descricao": "REQUERIMENTO", "autoria": "CLEA OLIVEIRA", "texto_original": "http://sapl.campolargo.pr.leg.br/media/sapl/public/materialegislativa/2020/15195/2114.pdf", "ementa": "SOLICITANDO REVERSTIMENTO ASF\u00c1LTICO, NA RUA S\u00c3O LUIZ, BAIRRO VILA S\u00c3O LUIZ, NESTE MUNIC\u00cdPIO."}, {"id": "15196", "ano": "2020", "numero": "2115", "tipo__sigla": "REQ", "tipo__descricao": "REQUERIMENTO", "autoria": "CLEA OLIVEIRA", "texto_original": "http://sapl.campolargo.pr.leg.br/media/sapl/public/materialegislativa/2020/15196/2115.pdf", "ementa": "SOLICITANDO PATROLAMENTO E ENSAIBRAMENTO, NA RUA S\u00c3O SILVESTRE, VILA S\u00c3O LUIZ, NESTE MUNIC\u00cdPIO."}, {"id": "15197", "ano": "2020", "numero": "2116", "tipo__sigla": "REQ", "tipo__descricao": "REQUERIMENTO", "autoria": "CLEA OLIVEIRA", "texto_original": "http://sapl.campolargo.pr.leg.br/media/sapl/public/materialegislativa/2020/15197/2116.pdf", "ementa": "QUAL O ANDAMENTO DA INDICA\u00c7\u00c3O DE PROJETO DE LEI N\u00ba 12 QUE DISP\u00d5E SOBRE A CONSTRU\u00c7\u00c3O DE BANHEIROS P\u00daBLICOS NO MUNIC\u00cdPIO."}, {"id": "15198", "ano": "2020", "numero": "2117", "tipo__sigla": "REQ", "tipo__descricao": "REQUERIMENTO", "autoria": "CLEA OLIVEIRA", "texto_original": "http://sapl.campolargo.pr.leg.br/media/sapl/public/materialegislativa/2020/15198/2117.pdf", "ementa": "PEDIDO DE INFORMA\u00c7\u00c3OES SOBRE OS CONCURSOS P\u00daBLICOS VIGENTES NO MUNIC\u00cdPIO."}, {"id": "15204", "ano": "2020", "numero": "2139", "tipo__sigla": "REQ", "tipo__descricao": "REQUERIMENTO", "autoria": "JO\u00c3O D'\u00c1GUA", "texto_original": "http://sapl.campolargo.pr.leg.br/media/sapl/public/materialegislativa/2020/15204/2139.pdf", "ementa": "PEDIDO DE ESTUDO DE IMPLANTA\u00c7\u00c3O DE MAIS 2 SEGURAN\u00c7AS NA UPA 24H."}, {"id": "15205", "ano": "2020", "numero": "2170", "tipo__sigla": "REQ", "tipo__descricao": "REQUERIMENTO", "autoria": "MARCIO BERALDO", "texto_original": "http://sapl.campolargo.pr.leg.br/media/sapl/public/materialegislativa/2020/15205/2170.pdf", "ementa": "SOLICITANDO QUE SEJA FEITO SERVI\u00c7O DE PATROLAMENTO E ENSAIBRAMENTO NA RUA VIRGILIO GOMES CRUZARA, NO TRECHO DESDE A RUA AMBR\u00d3SIO CRUZARA AT\u00c9 O SEU T\u00c9RMINO, NO BAIRRO VILA TORRES, CAMPO LARGO."}, {"id": "15206", "ano": "2020", "numero": "2171", "tipo__sigla": "REQ", "tipo__descricao": "REQUERIMENTO", "autoria": "MARCIO BERALDO", "texto_original": "http://sapl.campolargo.pr.leg.br/media/sapl/public/materialegislativa/2020/15206/2171.pdf", "ementa": "REQUERENDO QUE SEJA COLOCADO UMA CAMADA DE MATERIAL FRESADO (ASFALTO MO\u00cdDO) NA RUA VIRGILIO GOMES CRUZARA, NO TRECHO DESDE A RUA AMBR\u00d3SIO CRUZARA AT\u00c9 O SEU T\u00c9RMINO, NO BAIRRO VILA TORRES, CAMPO LARGO."}, {"id": "15207", "ano": "2020", "numero": "2177", "tipo__sigla": "REQ", "tipo__descricao": "REQUERIMENTO", "autoria": "MARCIO BERALDO", "texto_original": "http://sapl.campolargo.pr.leg.br/media/sapl/public/materialegislativa/2020/15207/2177.pdf", "ementa": "REQUERENDO QUE SEJA COLOCADO UMA CAMADA DE MATERIAL FRESADO (ASFALTO MO\u00cdDO) EM TODA A EXTENS\u00c3O DA RUA JOS\u00c9 BISCOUTO, NO BAIRRO VILA TORRES, CAMPO LARGO."}, {"id": "15208", "ano": "2020", "numero": "2178", "tipo__sigla": "REQ", "tipo__descricao": "REQUERIMENTO", "autoria": "MARCIO BERALDO", "texto_original": "http://sapl.campolargo.pr.leg.br/media/sapl/public/materialegislativa/2020/15208/2178.pdf", "ementa": "SOLICITANDO QUE SEJA FEITO SERVI\u00c7O DE PATROLAMENTO E ENSAIBRAMENTO NA RUA JOS\u00c9 BISCOUTO, NO BAIRRO VILA TORRES, CAMPO LARGO."}, {"id": "15209", "ano": "2020", "numero": "2180", "tipo__sigla": "REQ", "tipo__descricao": "REQUERIMENTO", "autoria": "BETE DAMACENO", "texto_original": "http://sapl.campolargo.pr.leg.br/media/sapl/public/materialegislativa/2020/15209/2180.pdf", "ementa": "C\u00d3PIA DO PROJETO DO PARQUE FERRARIA DIVISA COM O PARQUE PASSA\u00daNA NO DISTRITO DE FERRARIA CAMPO LARGO."}, {"id": "15210", "ano": "2020", "numero": "2181", "tipo__sigla": "REQ", "tipo__descricao": "REQUERIMENTO", "autoria": "BETE DAMACENO", "texto_original": "http://sapl.campolargo.pr.leg.br/media/sapl/public/materialegislativa/2020/15210/2181.pdf", "ementa": "C\u00d3PIA DA RENOVA\u00c7\u00c3O DE CONTRATO FIRMADO ENTRE A PREFEITURA DE CAMPO LARGO E A SANEPAR OCORRIDA NA DATA DE 26/02/2018."}, {"id": "15211", "ano": "2020", "numero": "2182", "tipo__sigla": "REQ", "tipo__descricao": "REQUERIMENTO", "autoria": "BETE DAMACENO", "texto_original": "http://sapl.campolargo.pr.leg.br/media/sapl/public/materialegislativa/2020/15211/2182.pdf", "ementa": "QUE SEJA FEITA PAVIMENTA\u00c7\u00c3O ASF\u00c1LTICA NA RUA SABI\u00c1 NA COL\u00d4NIA REVIER NO FERRARIA CAMPO LARGO."}, {"id": "15212", "ano": "2020", "numero": "2183", "tipo__sigla": "REQ", "tipo__descricao": "REQUERIMENTO", "autoria": "BETE DAMACENO", "texto_original": "http://sapl.campolargo.pr.leg.br/media/sapl/public/materialegislativa/2020/15212/2183.pdf", "ementa": "QUE SEJA FEITO PATROLAMENTO E SAIBRAMENTO NA RUA SABI\u00c1 NA COL\u00d4NIA REVIER NO FERRARIA CAMPO LARGO."}, {"id": "15213", "ano": "2020", "numero": "2184", "tipo__sigla": "REQ", "tipo__descricao": "REQUERIMENTO", "autoria": "BETE DAMACENO", "texto_original": "http://sapl.campolargo.pr.leg.br/media/sapl/public/materialegislativa/2020/15213/2184.pdf", "ementa": "QUE SEJA FEITA MELHORIAS NA ILUMINA\u00c7\u00c3O P\u00daBLICA EM TOD A EXTENS\u00c3O DA RUA, JOS\u00c9 ROSSA NO BAIRRO TIMBOTUVA NO FERRARIA CAMPO LARGO."}, {"id": "15214", "ano": "2020", "numero": "2187", "tipo__sigla": "REQ", "tipo__descricao": "REQUERIMENTO", "autoria": "MARCIO BERALDO", "texto_original": "http://sapl.campolargo.pr.leg.br/media/sapl/public/materialegislativa/2020/15214/2187.pdf", "ementa": "REQUERENDO QUE O PODER EXECUTIVO MUNICIPAL OFICIALIZE A EMPRESA BRASILEIRA DE CORREIOS E TEL\u00c9GRAFOS PARA QUE REALIZE A DISTRIBUI\u00c7\u00c3O DE CORRESPOND\u00caNCIAS NA RUA C\u00c9ZAR SCAPIM, SALGADINHO, CEP 83606-475, CAMPO LARGO."}, {"id": "15215", "ano": "2020", "numero": "2193", "tipo__sigla": "REQ", "tipo__descricao": "REQUERIMENTO", "autoria": "CLEA OLIVEIRA", "texto_original": "http://sapl.campolargo.pr.leg.br/media/sapl/public/materialegislativa/2020/15215/2193.pdf", "ementa": "SOLICITANDO QUE SEJA REALIZADO ESTUDO DE VIABILIDADE PARA CONSTRU\u00c7\u00c3O DE UM COZINHA NA BIBLIOTECA P\u00daBLICA MUNICIPAL (OSVALDO ANDRADE ZOTTO), LOCALIZADA NA RUA BAPTISTA CAVALLIN, BAIRRO LOTEAMENTO HELV\u00cdDIA, DESTE MUNIC\u00cdPIO."}, {"id": "15216", "ano": "2020", "numero": "2194", "tipo__sigla": "REQ", "tipo__descricao": "REQUERIMENTO", "autoria": "CLEA OLIVEIRA", "texto_original": "http://sapl.campolargo.pr.leg.br/media/sapl/public/materialegislativa/2020/15216/2194.pdf", "ementa": "PARA QUE SEJA SOLICITADO \u00c0 COMPANHIA CAMPO-LARGUENSE DE ENERGIA ELETRICA (COCEL), A INSTALA\u00c7\u00c3O DE L\u00c2MPADAS DE LED EM TODA A EXTENS\u00c3O DA RUA MANIF J\u00daLIO, VILA S\u00c3O LUIZ, DESTE MUNIC\u00cdPIO."}, {"id": "15217", "ano": "2020", "numero": "2195", "tipo__sigla": "REQ", "tipo__descricao": "REQUERIMENTO", "autoria": "CLEA OLIVEIRA", "texto_original": "http://sapl.campolargo.pr.leg.br/media/sapl/public/materialegislativa/2020/15217/2195.pdf", "ementa": "SOLICITANDO PATROLAMENTO E ENSAIBRAMENTO, NA RUA JO\u00c3O PEDRO RAMOS, BAIRRO BOM JESUS, DESTE MUNIC\u00cdPIO."}, {"id": "15218", "ano": "2020", "numero": "2196", "tipo__sigla": "REQ", "tipo__descricao": "REQUERIMENTO", "autoria": "CLEA OLIVEIRA", "texto_original": "http://sapl.campolargo.pr.leg.br/media/sapl/public/materialegislativa/2020/15218/2196.pdf", "ementa": "SOLICITANDO QUE SEJA REALIZADO O EMPR\u00c9STIMO DE LIVROS NA BIBLIOTECA P\u00daBLICA MUNICIPAL (OSVALDO ANDRADE ZOTTO), LOCALIZADA NA RUA BAPTISTA CAVALLIN, BAIRRO LOTEAMENTO HELV\u00cdDIA, DESTE MUNIC\u00cdPIO."}, {"id": "15219", "ano": "2020", "numero": "2197", "tipo__sigla": "REQ", "tipo__descricao": "REQUERIMENTO", "autoria": "CLEA OLIVEIRA", "texto_original": "http://sapl.campolargo.pr.leg.br/media/sapl/public/materialegislativa/2020/15219/2197.pdf", "ementa": "SOLICITANDO QUE SEJA REALIZADO ESTUDO DE VIABILIDADE PARA CONSTRU\u00c7\u00c3O DE MAIS UM BANHEIRO COM ESPECIFICA\u00c7\u00c3O MASCULINO OU FEMININO NA BIBLIOTECA P\u00daBLICA MUNICIPAL (OSVALDO ANDRADE ZOTTO), LOCALIZADA NA RUA BAPTISTA CAVALLIN, BAIRRO LOTEAMENTO HELV\u00cdDIA, DESTE MUNIC\u00cdPIO."}, {"id": "15220", "ano": "2020", "numero": "2198", "tipo__sigla": "REQ", "tipo__descricao": "REQUERIMENTO", "autoria": "CLAIRTON ALEM\u00c3O", "texto_original": "http://sapl.campolargo.pr.leg.br/media/sapl/public/materialegislativa/2020/15220/2198.pdf", "ementa": "SOLICITANDO ESTUDOS PARA VIABILIDADE DE INSTALA\u00c7\u00c3O DE TOLDO NA UBS DANTE ANT\u00d4NIO PORTUGAL CASTAGNOLLI (PORT\u00c3O DE ENTRADA AT\u00c9 A PORTA DA UNIDADE)."}, {"id": "15221", "ano": "2020", "numero": "2199", "tipo__sigla": "REQ", "tipo__descricao": "REQUERIMENTO", "autoria": "CLAIRTON ALEM\u00c3O", "texto_original": "http://sapl.campolargo.pr.leg.br/media/sapl/public/materialegislativa/2020/15221/2199.pdf", "ementa": "SOLICITANDO ESTUDOS PARA VIABILIDADE DE BANCOS NA UBS DANTE ANT\u00d4NIO PORTUGAL CASTAGNOLLI."}, {"id": "15223", "ano": "2020", "numero": "2203", "tipo__sigla": "REQ", "tipo__descricao": "REQUERIMENTO", "autoria": "DARCI ANDREASSA", "texto_original": "http://sapl.campolargo.pr.leg.br/media/sapl/public/materialegislativa/2020/15223/2203.pdf", "ementa": "SOLICITO REPERFILAMENTO ASF\u00c1LTICO NA RUA VALENTIN FEDALTO, BAIRRO FERRARI."}, {"id": "15224", "ano": "2020", "numero": "2204", "tipo__sigla": "REQ", "tipo__descricao": "REQUERIMENTO", "autoria": "DARCI ANDREASSA", "texto_original": "http://sapl.campolargo.pr.leg.br/media/sapl/public/materialegislativa/2020/15224/2204.pdf", "ementa": "SOLICITO REPERFILAMENTO ASF\u00c1LTICO NA RUA JOSE LUNARDON, BAIRRO FERRARI."}, {"id": "15229", "ano": "2020", "numero": "2230", "tipo__sigla": "REQ", "tipo__descricao": "REQUERIMENTO", "autoria": "MARCIO BERALDO", "texto_original": "http://sapl.campolargo.pr.leg.br/media/sapl/public/materialegislativa/2020/15229/2230.pdf", "ementa": "REQUERER A DISPONIBILIDADE DE UMA SALA PARA OS MOTORISTAS LOTADOS NA SECRETARIA DE SA\u00daDE DO MUNIC\u00cdPIO POSSAM FAZER SUAS REFEI\u00c7\u00d5ES DI\u00c1RIAS."}, {"id": "15230", "ano": "2020", "numero": "2231", "tipo__sigla": "REQ", "tipo__descricao": "REQUERIMENTO", "autoria": "MARCIO BERALDO", "texto_original": "http://sapl.campolargo.pr.leg.br/media/sapl/public/materialegislativa/2020/15230/2231.pdf", "ementa": "REQUERENDO QUE O PODER EXECUTIVO MUNICIPAL OFICIALIZE A EMPRESA BRASILEIRA DE CORREIOS E TEL\u00c9GRAFOS QUANTO A IMPLANTA\u00c7\u00c3O DO CEP NA RUA LOURIVAL DA SILVA, NO BAIRRO JARDIM C\u00c9U AZUL, ITAQUI, CAMPO LARGO."}, {"id": "15231", "ano": "2020", "numero": "2235", "tipo__sigla": "REQ", "tipo__descricao": "REQUERIMENTO", "autoria": "DARCI ANDREASSA", "texto_original": "http://sapl.campolargo.pr.leg.br/media/sapl/public/materialegislativa/2020/15231/2235.pdf", "ementa": "\"PINTURA DE FAIXAS NA RUA CLEMENTINO BASSO, LOTEAMENTO LEAL, NESTE MUNIC\u00cdPIO DE CAMPO LARGO-PR.\""}, {"id": "15232", "ano": "2020", "numero": "2236", "tipo__sigla": "REQ", "tipo__descricao": "REQUERIMENTO", "autoria": "DARCI ANDREASSA", "texto_original": "http://sapl.campolargo.pr.leg.br/media/sapl/public/materialegislativa/2020/15232/2236.pdf", "ementa": "\"PINTURA DE FAIXAS NA RUA LIBERDADE, LOTEAMENTO LEAL, NESTE MUNIC\u00cdPIO DE CAMPO LARGO-PR.\""}, {"id": "15233", "ano": "2020", "numero": "2238", "tipo__sigla": "REQ", "tipo__descricao": "REQUERIMENTO", "autoria": "MARCIO BERALDO", "texto_original": "http://sapl.campolargo.pr.leg.br/media/sapl/public/materialegislativa/2020/15233/2238.pdf", "ementa": "\"REQUERER QUE O PODER EXECUTIVO MUNICIPAL OFICIALIZE O PROPRIET\u00c1RIO DA VAN QUE SE ENCONTRA ABANDONADA (FOTO ANEXO), NA RUA MANAUS, EM FRENTE AO N\u00daMERO 904, JARDIM ESMERALDA, CAMPO LARGO.\""}, {"id": "15234", "ano": "2020", "numero": "2240", "tipo__sigla": "REQ", "tipo__descricao": "REQUERIMENTO", "autoria": "MARCIO BERALDO", "texto_original": "http://sapl.campolargo.pr.leg.br/media/sapl/public/materialegislativa/2020/15234/2240.pdf", "ementa": "\"REQUERENDO ADICIONAL DE INSALUBRIDADE PARA TODOS OS MOTORISTAS DE VE\u00cdCULOS LEVES ALOCADOS NA SECRETARIA DE SA\u00daDE DO MUNIC\u00cdPIO DE CAMPO LARGO.\""}, {"id": "15235", "ano": "2020", "numero": "2248", "tipo__sigla": "REQ", "tipo__descricao": "REQUERIMENTO", "autoria": "BETE DAMACENO", "texto_original": "http://sapl.campolargo.pr.leg.br/media/sapl/public/materialegislativa/2020/15235/2248.pdf", "ementa": "COPIA INTEGRAL DO CONTRATO 132/2020 REFERENTE A LIMPEZA DE ENTULHOS NO RAZERA."}, {"id": "15236", "ano": "2020", "numero": "2249", "tipo__sigla": "REQ", "tipo__descricao": "REQUERIMENTO", "autoria": "BETE DAMACENO", "texto_original": "http://sapl.campolargo.pr.leg.br/media/sapl/public/materialegislativa/2020/15236/2249.pdf", "ementa": "RELATORIO DAS DENUNCIAS FEITAS PELO 156 DO M\u00caS DE JUNHO AT\u00c9 O M\u00caS DE SETEMBRO EM CAMPO LARGO."}, {"id": "15237", "ano": "2020", "numero": "2250", "tipo__sigla": "REQ", "tipo__descricao": "REQUERIMENTO", "autoria": "BETE DAMACENO", "texto_original": "http://sapl.campolargo.pr.leg.br/media/sapl/public/materialegislativa/2020/15237/2250.pdf", "ementa": "QUE SEJA COLOCADO MATERIAL FRESADO NA AVENIDA MARIANO TORRES ENTRE A RUA SEBASTI\u00c3O RESENDE AT\u00c9 A RUA MATO GROSSO CARATUVA FERRARIA CAMPO LARGO."}, {"id": "15238", "ano": "2020", "numero": "2252", "tipo__sigla": "REQ", "tipo__descricao": "REQUERIMENTO", "autoria": "BETE DAMACENO", "texto_original": "http://sapl.campolargo.pr.leg.br/media/sapl/public/materialegislativa/2020/15238/2252.pdf", "ementa": "QUE SEJA FEITO UMA LOMBADA, NA RUA PROFESSOR OVIDIO JORGE NOGUEIRA, NA PROXIMIDADE DO N\u00daMERO 99, JARDIM CRISTO REI - CAMPO LARGO."}, {"id": "15239", "ano": "2020", "numero": "2256", "tipo__sigla": "REQ", "tipo__descricao": "REQUERIMENTO", "autoria": "MARCIO BERALDO", "texto_original": "http://sapl.campolargo.pr.leg.br/media/sapl/public/materialegislativa/2020/15239/2256.pdf", "ementa": "\"REQUERENDO INFORMA\u00c7\u00d5ES QUANTO AO AVAN\u00c7O FUNCIONAL PREVISTO PARA OS MOTORISTAS DE AMBUL\u00c2NCIA ALOCADOS NA SECRETARIA DE SA\u00daDE DO MUNIC\u00cdPIO CAMPO LARGO, SENDO ESPECIFICAMENTE: A) SE OS AVAN\u00c7OS EST\u00c3O EM DIA CADA SERVIDOR; B) SE TEM PREVIS\u00c3O E QUANTO SERIA O AUMENTO INCORPORADO AOS VENCIMENTOS.\""}, {"id": "15240", "ano": "2020", "numero": "2263", "tipo__sigla": "REQ", "tipo__descricao": "REQUERIMENTO", "autoria": "BETE DAMACENO", "texto_original": "http://sapl.campolargo.pr.leg.br/media/sapl/public/materialegislativa/2020/15240/2263.pdf", "ementa": "\"SE FOI EFETUADO A REFORMA NO TELHADO DA UNIDADE DE SA\u00daDE DO GUARANI, NO FERRARIA CAMPO LARGO / PR.\""}, {"id": "15241", "ano": "2020", "numero": "2265", "tipo__sigla": "REQ", "tipo__descricao": "REQUERIMENTO", "autoria": "CLEA OLIVEIRA", "texto_original": "http://sapl.campolargo.pr.leg.br/media/sapl/public/materialegislativa/2020/15241/2265.pdf", "ementa": "\"SOLICITANDO RECAPEAMENTO ASF\u00c1LTICO, NA RUA VICTOR ALMEIDA BARBOSA, BAIRRO VILA ELISABETH, NESTE MUNIC\u00cdPIO.\""}, {"id": "15242", "ano": "2020", "numero": "2266", "tipo__sigla": "REQ", "tipo__descricao": "REQUERIMENTO", "autoria": "CLEA OLIVEIRA", "texto_original": "http://sapl.campolargo.pr.leg.br/media/sapl/public/materialegislativa/2020/15242/2266.pdf", "ementa": "\"PERA\u00c7\u00c3O TAPA BURACO NA RUA REGINALDO ROSA, BAIRRO VILA GL\u00d3RIA, DESTE MUNIC\u00cdPIO.\""}, {"id": "15244", "ano": "2020", "numero": "2267", "tipo__sigla": "REQ", "tipo__descricao": "REQUERIMENTO", "autoria": "CLEA OLIVEIRA", "texto_original": "http://sapl.campolargo.pr.leg.br/media/sapl/public/materialegislativa/2020/15244/2267.pdf", "ementa": "\"REGULARIZA\u00c7\u00c3O DE CEP DA RUA A, E PLACA INDICATIVA COM NOME DA VIA E CEP, BAIRRO JARDIM NOVO HORIZONTE, DESTE MUNIC\u00cdPIO.\""}, {"id": "15245", "ano": "2020", "numero": "2268", "tipo__sigla": "REQ", "tipo__descricao": "REQUERIMENTO", "autoria": "CLEA OLIVEIRA", "texto_original": "http://sapl.campolargo.pr.leg.br/media/sapl/public/materialegislativa/2020/15245/2268.pdf", "ementa": "\"OPERA\u00c7\u00c3O TAPA BURACO NA AV. MARIANO TORRES, SANTA NELLY, DESTE MUNIC\u00cdPIO.\""}, {"id": "15246", "ano": "2020", "numero": "2269", "tipo__sigla": "REQ", "tipo__descricao": "REQUERIMENTO", "autoria": "CLAIRTON ALEM\u00c3O", "texto_original": "http://sapl.campolargo.pr.leg.br/media/sapl/public/materialegislativa/2020/15246/2269.pdf", "ementa": "\"REQUERENDO PARA QUE SEJA FEITA UMA MURETA (CONTEN\u00c7\u00c3O), NO C\u00d3RREGO QUE EST\u00c1 EM ABERTO, FAZENDO ESQUINA COM A RUA ERMELINO RIBAS DE RAMOS EA FRANCISCO ALVES DE LIMA.\""}, {"id": "15247", "ano": "2020", "numero": "2270", "tipo__sigla": "REQ", "tipo__descricao": "REQUERIMENTO", "autoria": "CLAIRTON ALEM\u00c3O", "texto_original": "http://sapl.campolargo.pr.leg.br/media/sapl/public/materialegislativa/2020/15247/2270.pdf", "ementa": "\"REQUERENDO PELA SECRETARIA COMPETENTE, TRAVESSIA ELEVADA NA RUA FRANCISCO ALVES DE LIMA, NA VILA CAMPESI.\""}, {"id": "15248", "ano": "2020", "numero": "2271", "tipo__sigla": "REQ", "tipo__descricao": "REQUERIMENTO", "autoria": "CLAIRTON ALEM\u00c3O", "texto_original": "http://sapl.campolargo.pr.leg.br/media/sapl/public/materialegislativa/2020/15248/2271.pdf", "ementa": "\"REQUERENDO PARA QUE SEJA FEITA A LIMPEZA NO C\u00d3RREGO EM ABERTO NA RUA ERMELINO RIBAS DE RAMOS COM A FRANCISCO ALVES DE LIMA.\""}, {"id": "15254", "ano": "2020", "numero": "2301", "tipo__sigla": "REQ", "tipo__descricao": "REQUERIMENTO", "autoria": "MARCIO BERALDO", "texto_original": "http://sapl.campolargo.pr.leg.br/media/sapl/public/materialegislativa/2020/15254/2301.pdf", "ementa": "MANUTEN\u00c7\u00c3O/CONSERTO NO BUEIRO, LOCALIZADO NA RUA MONSENHOR ALO\u00cdZIO DOMANSKI, EM FRENTE AO N\u00ba 607, BAIRRO CENTRO, CAMPO LARGO."}, {"id": "15255", "ano": "2020", "numero": "2304", "tipo__sigla": "REQ", "tipo__descricao": "REQUERIMENTO", "autoria": "DARCI ANDREASSA", "texto_original": "http://sapl.campolargo.pr.leg.br/media/sapl/public/materialegislativa/2020/15255/2304.pdf", "ementa": "REDUTOR DE VELOCIDADE NA AVENIDA RAIMUNDO FERREIRA PORTELA, NO BAIRRO ITAQUI, MUNICIPIO DE CAMPO LARGO-PR."}, {"id": "15256", "ano": "2020", "numero": "2305", "tipo__sigla": "REQ", "tipo__descricao": "REQUERIMENTO", "autoria": "MARCIO BERALDO", "texto_original": "http://sapl.campolargo.pr.leg.br/media/sapl/public/materialegislativa/2020/15256/2305.pdf", "ementa": "REQUERENDO INFORMA\u00c7\u00d5ES QUANTO AO AVAN\u00c7O FUNCIONAL PREVISTO PARA OS OCUPANTES DO CARGO DE T\u00c9CNICO DE ENFERMAGEM ALOCADOS NA SECRETARIA DE SA\u00daDE DO MUNIC\u00cdPIO CAMPO LARGO, SENDO ESPECIFICAMENTE: A) SE OS AVAN\u00c7OS EST\u00c3O EM DIA PARA CADA SERVIDOR; B) SE TEM PREVIS\u00c3O E QUANTO SERIA O AUMENTO INCORPORADO AOS VENCIMENTOS."}, {"id": "15257", "ano": "2020", "numero": "2308", "tipo__sigla": "REQ", "tipo__descricao": "REQUERIMENTO", "autoria": "BETE DAMACENO", "texto_original": "http://sapl.campolargo.pr.leg.br/media/sapl/public/materialegislativa/2020/15257/2308.pdf", "ementa": "A POSSIBILIDADE DE FAZER EVENTOS NO P\u00c1TIO DA LEGRAND EM CAMPO LARGO."}, {"id": "15258", "ano": "2020", "numero": "2309", "tipo__sigla": "REQ", "tipo__descricao": "REQUERIMENTO", "autoria": "BETE DAMACENO", "texto_original": "http://sapl.campolargo.pr.leg.br/media/sapl/public/materialegislativa/2020/15258/2309.pdf", "ementa": "QUE O EXECUTIVO COBRE PROVID\u00caNCIAS DA EMPRESA QUE EST\u00c1 FAZENDO AS OBRAS NA RUA MATO GROSSO, PARA MELHORIAS NA RUA MATO\r\nGROSSO DO COME\u00c7O DA RUA ISIDIO CRUZARA AT\u00c9 O COME\u00c7O DA RUA ERNESTO PEDRO CRUZARA NO FERRARIA CAMPO LARGO."}, {"id": "15259", "ano": "2020", "numero": "2310", "tipo__sigla": "REQ", "tipo__descricao": "REQUERIMENTO", "autoria": "BETE DAMACENO", "texto_original": "http://sapl.campolargo.pr.leg.br/media/sapl/public/materialegislativa/2020/15259/2310.pdf", "ementa": "QUE SEJAM FORNECIDAS C\u00d3PIAS DOS MAPAS OFICIAIS DA LOCALIDADE VILA D\u00c9IA, NO DISTRITO DA FERRARIA; CONTENDO AS DENOMINA\u00c7\u00d5ES DAS RUAS, BEM COMO AS COORDENADAS DE IN\u00cdCIO E FIM DA RUA CARLOS GOMES, NO FERRARIA CAMPO LARGO."}, {"id": "15260", "ano": "2020", "numero": "2311", "tipo__sigla": "REQ", "tipo__descricao": "REQUERIMENTO", "autoria": "BETE DAMACENO", "texto_original": "http://sapl.campolargo.pr.leg.br/media/sapl/public/materialegislativa/2020/15260/2311.pdf", "ementa": "C\u00d3PIA DO CONTRATO FIRMADO ENTRE A PREFEITURA MUNICIPAL DE CURITIBA COM A PREFEITURA MUNICIPAL DE CAMPO LARGO REFERENTE AS\r\nCARTEIRINHAS DO MERCADO DA FAMILIA."}, {"id": "15261", "ano": "2020", "numero": "2312", "tipo__sigla": "REQ", "tipo__descricao": "REQUERIMENTO", "autoria": "BETE DAMACENO", "texto_original": "http://sapl.campolargo.pr.leg.br/media/sapl/public/materialegislativa/2020/15261/2312.pdf", "ementa": "QUE COLOQUEM UMA PLACA NA LOCALIDADE DA BR-423/111, INFORMANDO PARA QUE N\u00c3O DEPOSITEM LIXOS E ENTULHOS NA BEIRA DA ESTRADA, (ANTES DA ENTRADA DA RATADA) CAMPO DO MEIO - CAMPO LARGO."}, {"id": "15264", "ano": "2020", "numero": "2323", "tipo__sigla": "REQ", "tipo__descricao": "REQUERIMENTO", "autoria": "MARCIO BERALDO", "texto_original": "http://sapl.campolargo.pr.leg.br/media/sapl/public/materialegislativa/2020/15264/2323.pdf", "ementa": "QUE SEJA FEITO RECUPERA\u00c7\u00c3O ASF\u00c1LTICA, \u201cOPERA\u00c7\u00c3O TAPA BURACO\u201d, NA RUA DA MARGARIDAS, ESQUINA COM A ESTRADA DOM RODRIGO, PR\u00d3XIMO AO N\u00daMERO 251, LOTAMENTO MIRANDA, CAMPO LARGO."}, {"id": "15263", "ano": "2020", "numero": "2325", "tipo__sigla": "REQ", "tipo__descricao": "REQUERIMENTO", "autoria": "MARCIO BERALDO", "texto_original": "http://sapl.campolargo.pr.leg.br/media/sapl/public/materialegislativa/2020/15263/2325.pdf", "ementa": "QUE SEJA FEITO A EXTENS\u00c3O DE REDE P\u00daBLICA DE ENERGIA EL\u00c9TRICA NO TRECHO DA RUA BENJAMIN CARDOSO LEAL, NO LOTEAMENTO MIRANDA, BAIRRO BOM JESUS, CAMPO LARGO."}, {"id": "15262", "ano": "2020", "numero": "2326", "tipo__sigla": "REQ", "tipo__descricao": "REQUERIMENTO", "autoria": "MARCIO BERALDO", "texto_original": "http://sapl.campolargo.pr.leg.br/media/sapl/public/materialegislativa/2020/15262/2326.pdf", "ementa": "QUE SEJA FEITO PAVIMENTA\u00c7\u00c3O ASF\u00c1LTICA NA ESTRADA DO GALARDA, NO BAIRRO CERCADINHO, A PARTIR DO T\u00c9RMINO DO ASFALTO AT\u00c9 O FINAL DE SUA EXTENS\u00c3O, CAMPO LARGO."}, {"id": "15267", "ano": "2020", "numero": "2329", "tipo__sigla": "REQ", "tipo__descricao": "REQUERIMENTO", "autoria": "CLEA OLIVEIRA", "texto_original": "http://sapl.campolargo.pr.leg.br/media/sapl/public/materialegislativa/2020/15267/2329.pdf", "ementa": "OPERA\u00c7\u00c3O TAPA BURACO NA RUA MARTA S\u00c3O DERING, BAIRRO FERRARI, DESTE MUNIC\u00cdPIO."}, {"id": "15268", "ano": "2020", "numero": "2330", "tipo__sigla": "REQ", "tipo__descricao": "REQUERIMENTO", "autoria": "CLEA OLIVEIRA", "texto_original": "http://sapl.campolargo.pr.leg.br/media/sapl/public/materialegislativa/2020/15268/2330.pdf", "ementa": "REGULARIZA\u00c7\u00c3O DE CEP DA RUA \"B\", E PLACA INDICATIVA COM NOME DA VIA E CEP, BAIRRO JARDIM NOVO HORIZONTE, DESTE MUNIC\u00cdPIO."}, {"id": "15272", "ano": "2020", "numero": "2381", "tipo__sigla": "REQ", "tipo__descricao": "REQUERIMENTO", "autoria": "MARCIO BERALDO", "texto_original": "http://sapl.campolargo.pr.leg.br/media/sapl/public/materialegislativa/2020/15272/2381.pdf", "ementa": "QUE SEJA FEITO SERVI\u00c7O DE PATROLAMENTO E ENSAIBRAMENTO NA RUA WADISLAO GURSKI, A PARTIR DO N\u00ba 92 AT\u00c9 O FINAL DE SUA EXTENS\u00c3O, NO BAIRRO VILA GILCY, CAMPO LARGO."}, {"id": "15276", "ano": "2020", "numero": "2382", "tipo__sigla": "REQ", "tipo__descricao": "REQUERIMENTO", "autoria": "MARCIO BERALDO", "texto_original": "http://sapl.campolargo.pr.leg.br/media/sapl/public/materialegislativa/2020/15276/2382.pdf", "ementa": "REQUERENDO LIMPEZA EM TORNO DA CANCHA DE AREIA LOCALIZADA NO BAIRRO POPULAR NOVA, CAMPO LARGO."}, {"id": "15271", "ano": "2020", "numero": "2383", "tipo__sigla": "REQ", "tipo__descricao": "REQUERIMENTO", "autoria": "MARCIO BERALDO", "texto_original": "http://sapl.campolargo.pr.leg.br/media/sapl/public/materialegislativa/2020/15271/2383.pdf", "ementa": "REQUERENDO QUE AS VAGAS DESTINADAS PARA MOTOS NA RUA ESTRADA DOM RODRIGO, EM FRENTE AO N\u00ba 968, SEJAM ALTERADAS PARA VAGAS DE AUTOM\u00d3VEIS."}, {"id": "15275", "ano": "2020", "numero": "2384", "tipo__sigla": "REQ", "tipo__descricao": "REQUERIMENTO", "autoria": "MARCIO BERALDO", "texto_original": "http://sapl.campolargo.pr.leg.br/media/sapl/public/materialegislativa/2020/15275/2384.pdf", "ementa": "PEDIDO DE REFORMA DO PARQUINHO NA RUA ERNERTO CARLOS ZOPPO, NO BAIRRO SANTA \u00c2NGELA NO FERRARIA."}, {"id": "15273", "ano": "2020", "numero": "2386", "tipo__sigla": "REQ", "tipo__descricao": "REQUERIMENTO", "autoria": "MARCIO BERALDO", "texto_original": "http://sapl.campolargo.pr.leg.br/media/sapl/public/materialegislativa/2020/15273/2386.pdf", "ementa": "REQUERENDO A POSSIBILIDADE DE CEDER UM SERVIDOR DA ADMINISTRA\u00c7\u00c3O P\u00daBLICA MUNICIPAL AO 51\u00ba CIRETRAN DE CAMPO LARGO."}, {"id": "15274", "ano": "2020", "numero": "2387", "tipo__sigla": "REQ", "tipo__descricao": "REQUERIMENTO", "autoria": "MARCIO BERALDO", "texto_original": "http://sapl.campolargo.pr.leg.br/media/sapl/public/materialegislativa/2020/15274/2387.pdf", "ementa": "QUE SEJA INSTALADA UMA LIXEIRA COMUNIT\u00c1RIA NA ESTRADA DO CERRADO - PR\u00d3XIMO A IGREJA ISIDORO, INTERIOR DE CAMPO LARGO."}, {"id": "15281", "ano": "2020", "numero": "2391", "tipo__sigla": "REQ", "tipo__descricao": "REQUERIMENTO", "autoria": "TONINHO FERREIRA", "texto_original": "http://sapl.campolargo.pr.leg.br/media/sapl/public/materialegislativa/2020/15281/2391.pdf", "ementa": "SOLICITA AO COMIT\u00ca DO COMBATE A PANDEMIA COVID 19, PARA QUE SEJA LIBERADO PARA 40 % A CAPACIDADE DE P\u00daBLICO EM LOCAIS PARA EVENTOS SOCIAIS."}, {"id": "15279", "ano": "2020", "numero": "2395", "tipo__sigla": "REQ", "tipo__descricao": "REQUERIMENTO", "autoria": "DARCI ANDREASSA", "texto_original": "http://sapl.campolargo.pr.leg.br/media/sapl/public/materialegislativa/2020/15279/2395.pdf", "ementa": "TROCA DE L\u00c2MPADA DE LED, NA RUA EUCLIDES DE ANDRADE, BAIRRO SANTA RITA, NESTE MUNIC\u00cdPIO DE CAMPO LARGO - PR."}, {"id": "15280", "ano": "2020", "numero": "2396", "tipo__sigla": "REQ", "tipo__descricao": "REQUERIMENTO", "autoria": "DARCI ANDREASSA", "texto_original": "http://sapl.campolargo.pr.leg.br/media/sapl/public/materialegislativa/2020/15280/2396.pdf", "ementa": "REDUTOR DE VELOCIDADE NA RUA CASSEMIRO CARMO, ITAMBEZINHO, PR\u00d3XIMO A IGREJA CONGREGA\u00c7\u00c3O CRIST\u00c3, NESTE MUNIC\u00cdPIO DE CAMPO LARGO -PR."}, {"id": "15283", "ano": "2020", "numero": "2397", "tipo__sigla": "REQ", "tipo__descricao": "REQUERIMENTO", "autoria": "BETE DAMACENO", "texto_original": "http://sapl.campolargo.pr.leg.br/media/sapl/public/materialegislativa/2020/15283/2397.pdf", "ementa": "QUE SEJA REALIZADO PINTURA DAS FAIXAS, POR TODA A EXTENS\u00c3O DA VIA RUA EMA TUNER DE ANDRADE."}, {"id": "15284", "ano": "2020", "numero": "2398", "tipo__sigla": "REQ", "tipo__descricao": "REQUERIMENTO", "autoria": "BETE DAMACENO", "texto_original": "http://sapl.campolargo.pr.leg.br/media/sapl/public/materialegislativa/2020/15284/2398.pdf", "ementa": "PAVIMENTA\u00c7\u00c3O ASF\u00c1LTICA EM TODA EXTENS\u00c3O DA RUA TIET\u00ca NO PASSA\u00daNA, FERRARIA, CAMPO LARGO."}, {"id": "15285", "ano": "2020", "numero": "2399", "tipo__sigla": "REQ", "tipo__descricao": "REQUERIMENTO", "autoria": "BETE DAMACENO", "texto_original": "http://sapl.campolargo.pr.leg.br/media/sapl/public/materialegislativa/2020/15285/2399.pdf", "ementa": "PERFILAMENTO ASFALTICA EM TODA EXTEN\u00c7\u00c3O DA RUA FREI JO\u00c3O CRIS\u00d3STOMO ARNS, NO TIMBOTUVA, COM INICIO NA RUA MATO GROSSO E FINAL NA RUA JOS\u00c9 ROSSA, FERRARIA, CAMPO LARGO."}, {"id": "15286", "ano": "2020", "numero": "2400", "tipo__sigla": "REQ", "tipo__descricao": "REQUERIMENTO", "autoria": "BETE DAMACENO", "texto_original": "http://sapl.campolargo.pr.leg.br/media/sapl/public/materialegislativa/2020/15286/2400.pdf", "ementa": "QUE SEJA COLOCADO MATERIAL FRESADO EM TODA A EXTENS\u00c3O DA RUA DAS ARAUC\u00c1RIAS, NO JARDIM DAS AC\u00c1CIAS - CAMPO LARGO."}, {"id": "15287", "ano": "2020", "numero": "2401", "tipo__sigla": "REQ", "tipo__descricao": "REQUERIMENTO", "autoria": "BETE DAMACENO", "texto_original": "http://sapl.campolargo.pr.leg.br/media/sapl/public/materialegislativa/2020/15287/2401.pdf", "ementa": "QUE SEJA COLOCADO MATERIAL FRESADO EM TODA A EXTENS\u00c3O DA RUA ANESTOR ANT\u00d4NIO WELTER, NO BAIRRO JARDIM RONDINHA - CAMPO LARGO."}, {"id": "15288", "ano": "2020", "numero": "2412", "tipo__sigla": "REQ", "tipo__descricao": "REQUERIMENTO", "autoria": "CLEA OLIVEIRA", "texto_original": "http://sapl.campolargo.pr.leg.br/media/sapl/public/materialegislativa/2020/15288/2412.pdf", "ementa": "SOLICITANDO REDE DE ESGOTO, EM TODA EXTENS\u00c3O DA RUA DAS MARGARIDAS, BAIRRO LOTEAMENTO MIRANDA, DESTE MUNIC\u00cdPIO."}, {"id": "15289", "ano": "2020", "numero": "2413", "tipo__sigla": "REQ", "tipo__descricao": "REQUERIMENTO", "autoria": "CLEA OLIVEIRA", "texto_original": "http://sapl.campolargo.pr.leg.br/media/sapl/public/materialegislativa/2020/15289/2413.pdf", "ementa": "INSTALA\u00c7\u00c3O DE L\u00c2MPADAS DE LED EM TODA A EXTENS\u00c3O DA RUA ESP\u00cdRITO SANTO, VILA CAMPESI, DESTE MUNIC\u00cdPIO."}, {"id": "15290", "ano": "2020", "numero": "2414", "tipo__sigla": "REQ", "tipo__descricao": "REQUERIMENTO", "autoria": "CLEA OLIVEIRA", "texto_original": "http://sapl.campolargo.pr.leg.br/media/sapl/public/materialegislativa/2020/15290/2414.pdf", "ementa": "SOLICITANDO REDE DE ESGOTO, EM TODA A EXTENS\u00c3O DA RUA MANOEL LOPES VIEIRA, BAIRRO JARDIM TROPICAL, DESTE MUNIC\u00cdPIO."}, {"id": "15291", "ano": "2020", "numero": "2415", "tipo__sigla": "REQ", "tipo__descricao": "REQUERIMENTO", "autoria": "CLEA OLIVEIRA", "texto_original": "http://sapl.campolargo.pr.leg.br/media/sapl/public/materialegislativa/2020/15291/2415.pdf", "ementa": "SOLICITANDO REPERFILAMENTO ASF\u00c1LTICO, NA MARGINAL DA BR-277, TRECHO ENTRE A RUA PARA\u00cdBA E A AVENIDA BOM JESUS, DESTE MUNIC\u00cdPIO."}, {"id": "15292", "ano": "2020", "numero": "2416", "tipo__sigla": "REQ", "tipo__descricao": "REQUERIMENTO", "autoria": "ROGERIO DAS TINTAS", "texto_original": "http://sapl.campolargo.pr.leg.br/media/sapl/public/materialegislativa/2020/15292/2416.pdf", "ementa": "IMPLANTA\u00c7\u00c3O DE VAGA DE EMBARQUE E DESEMBARQUE DE PASSAGEIROS DE CARROS PARTICULARES E DE APLICATIVOS, SITUADA EM FRENTE AO TERMINAL URBANO DE CAMPO LARGO, NAS PROXIMIDADES DO PONTO DE TAXI."}, {"id": "15293", "ano": "2020", "numero": "2417", "tipo__sigla": "REQ", "tipo__descricao": "REQUERIMENTO", "autoria": "ROGERIO DAS TINTAS", "texto_original": "http://sapl.campolargo.pr.leg.br/media/sapl/public/materialegislativa/2020/15293/2417.pdf", "ementa": "REMODELAGEM DOS HOR\u00c1RIOS DE \u00d4NIBUS PARA A LOCALIDADE DE ITAMBEZINHO, TENDO EM VISTA A MUDAN\u00c7A DE BANDEIRA NO ENFRETAMENTO \u00c0 COVID-19."}, {"id": "15297", "ano": "2020", "numero": "2446", "tipo__sigla": "REQ", "tipo__descricao": "REQUERIMENTO", "autoria": "MARCIO BERALDO", "texto_original": "http://sapl.campolargo.pr.leg.br/media/sapl/public/materialegislativa/2020/15297/2446.pdf", "ementa": "REQUERENDO QUE SEJA FEITO REPERFILAMENTO ASF\u00c1LTICO EM TODA A EXTENS\u00c3O DA RUA SIZEFREDO MENEGUSSO, NO LOTEAMENTO VILA VERDE, CAMPO LARGO."}, {"id": "15299", "ano": "2020", "numero": "2447", "tipo__sigla": "REQ", "tipo__descricao": "REQUERIMENTO", "autoria": "MARCIO BERALDO", "texto_original": "http://sapl.campolargo.pr.leg.br/media/sapl/public/materialegislativa/2020/15299/2447.pdf", "ementa": "QUE SEJA FEITO COLOCA\u00c7\u00c3O DE MEIO-FIO NA RUA JO\u00c3O JOS\u00c9 MAROCHI, NO TRECHO ENTRE O N\u00daMERO 360 AT\u00c9 O CEMIT\u00c9RIO DA COL\u00d4NIA REBOU\u00c7AS, TOTALIZANDO 400 METROS DE EXTENS\u00c3O DA VIA, EM CAMPO LARGO."}, {"id": "15300", "ano": "2020", "numero": "2448", "tipo__sigla": "REQ", "tipo__descricao": "REQUERIMENTO", "autoria": "MARCIO BERALDO", "texto_original": "http://sapl.campolargo.pr.leg.br/media/sapl/public/materialegislativa/2020/15300/2448.pdf", "ementa": "REQUERENDO CONSTRU\u00c7\u00c3O DE UMA UNIDADE B\u00c1SICA DE SA\u00daDE - UBS, EM JO\u00c3O DO POVINHO, INTERIOR DE CAMPO LARGO."}, {"id": "15321", "ano": "2020", "numero": "2449", "tipo__sigla": "REQ", "tipo__descricao": "REQUERIMENTO", "autoria": "MARCIO BERALDO", "texto_original": "http://sapl.campolargo.pr.leg.br/media/sapl/public/materialegislativa/2020/15321/2449.pdf", "ementa": "SOLICITANDO QUE SEJA FEITO MELHORIAS NA ILUMINA\u00c7\u00c3O P\u00daBLICA (AMPLIA\u00c7\u00c3O NO N\u00daMERO DE POSTES) NO PARQUINHO E QUADRA DO PARQUE DA LAGOA, CAMPO LARGO."}, {"id": "15301", "ano": "2020", "numero": "2452", "tipo__sigla": "REQ", "tipo__descricao": "REQUERIMENTO", "autoria": "TONINHO FERREIRA", "texto_original": "http://sapl.campolargo.pr.leg.br/media/sapl/public/materialegislativa/2020/15301/2452.pdf", "ementa": "PROVID\u00caNCIAS CAB\u00cdVEIS QUANTO AO BURACO EXISTENTE NA RUA BALDU\u00cdNO VIDAL, ESQUINA COM A AVENIDA AIRTON SENNA DA SILVA."}, {"id": "15302", "ano": "2020", "numero": "2459", "tipo__sigla": "REQ", "tipo__descricao": "REQUERIMENTO", "autoria": "JO\u00c3O D'\u00c1GUA", "texto_original": "http://sapl.campolargo.pr.leg.br/media/sapl/public/materialegislativa/2020/15302/2459.pdf", "ementa": "EXPLICA\u00c7\u00d5ES SOBRE O PO\u00c7O ARTESIANO QUE SE ENCONTRA DESATIVADO NA RUA GRALHA AZUL, NO BAIRRO DONA FINA, NO FERRARIA."}, {"id": "15303", "ano": "2020", "numero": "2460", "tipo__sigla": "REQ", "tipo__descricao": "REQUERIMENTO", "autoria": "MARCIO BERALDO", "texto_original": "http://sapl.campolargo.pr.leg.br/media/sapl/public/materialegislativa/2020/15303/2460.pdf", "ementa": "ESTUDO PARA IMPLANTA\u00c7\u00c3O DE REDE DE ESGOTO NA RUA ALCEB\u00cdADES AFFONSO GUIMAR\u00c3ES, ENTRE A RUA OSCAR FERREIRA E RUA ANT\u00d4NIO GABARDO JUNIOR, BAIRRO \u00c1GUAS CLARAS, CAMPO LARGO."}, {"id": "15320", "ano": "2020", "numero": "2461", "tipo__sigla": "REQ", "tipo__descricao": "REQUERIMENTO", "autoria": "DARCI ANDREASSA", "texto_original": "http://sapl.campolargo.pr.leg.br/media/sapl/public/materialegislativa/2020/15320/2461.pdf", "ementa": "SOLICITO COLOCA\u00c7\u00c3O DE (TACH\u00c3O) NA RUA JOSE DE PAIVA VIDAL, PROXIMO AO NUMERO 930, BAIRRO SANTA TEREZINHA - TIJOL\u00c3O."}, {"id": "15305", "ano": "2020", "numero": "2469", "tipo__sigla": "REQ", "tipo__descricao": "REQUERIMENTO", "autoria": "CLEA OLIVEIRA", "texto_original": "http://sapl.campolargo.pr.leg.br/media/sapl/public/materialegislativa/2020/15305/2469.pdf", "ementa": "\"OPERA\u00c7\u00c3O TAPA BURACO\" NA RUA ZEFERINO MARCHIORATO, BAIRRO VILA ELIZABETH, DESTE MUNIC\u00cdPIO."}, {"id": "15306", "ano": "2020", "numero": "2470", "tipo__sigla": "REQ", "tipo__descricao": "REQUERIMENTO", "autoria": "CLEA OLIVEIRA", "texto_original": "http://sapl.campolargo.pr.leg.br/media/sapl/public/materialegislativa/2020/15306/2470.pdf", "ementa": "CERCA DE PROTE\u00c7\u00c3O EM VOLTA DO PARQUINHO LOCALIZADO NO JARDIM TROPICAL, RUA JO\u00c3O ZANLORENCI, DESTE MUNIC\u00cdPIO."}, {"id": "15308", "ano": "2020", "numero": "2474", "tipo__sigla": "REQ", "tipo__descricao": "REQUERIMENTO", "autoria": "CLAIRTON ALEM\u00c3O", "texto_original": "http://sapl.campolargo.pr.leg.br/media/sapl/public/materialegislativa/2020/15308/2474.pdf", "ementa": "QUE SEJA FEITA RECAPEAMENTO ASF\u00c1LTICO NA RUA FRANCISCO COLTRO, NO BAIRRO NOVA TRENTO."}, {"id": "15309", "ano": "2020", "numero": "2475", "tipo__sigla": "REQ", "tipo__descricao": "REQUERIMENTO", "autoria": "BETE DAMACENO", "texto_original": "http://sapl.campolargo.pr.leg.br/media/sapl/public/materialegislativa/2020/15309/2475.pdf", "ementa": "QUE SEJA FEITO O PATRULHAMENTO E COLOCADO MATERIAL FRESADO EM TODA A EXTENS\u00c3O DA RUA PEDRO CULPI PAULIN, NO BAIRRO S\u00c3O LUIZ - CAMPO LARGO."}, {"id": "15317", "ano": "2020", "numero": "2476", "tipo__sigla": "REQ", "tipo__descricao": "REQUERIMENTO", "autoria": "BETE DAMACENO", "texto_original": "http://sapl.campolargo.pr.leg.br/media/sapl/public/materialegislativa/2020/15317/2476.pdf", "ementa": "UM POSTO AVAN\u00c7ADO DA COCEL NO INTERIOR DO MUNIC\u00cdPIO DE CAMPO LARGO, NA LOCALIDADE DE TR\u00caS C\u00d3RREGOS."}, {"id": "15310", "ano": "2020", "numero": "2477", "tipo__sigla": "REQ", "tipo__descricao": "REQUERIMENTO", "autoria": "BETE DAMACENO", "texto_original": "http://sapl.campolargo.pr.leg.br/media/sapl/public/materialegislativa/2020/15310/2477.pdf", "ementa": "C\u00d3PIAS DAS NOTAS DA \u00daLTIMA AQUISI\u00c7\u00c3O DE TINTAS ASF\u00c1LTICAS COMPRADAS NO MUNIC\u00cdPIO DE CAMPO LARGO."}, {"id": "15311", "ano": "2020", "numero": "2478", "tipo__sigla": "REQ", "tipo__descricao": "REQUERIMENTO", "autoria": "BETE DAMACENO", "texto_original": "http://sapl.campolargo.pr.leg.br/media/sapl/public/materialegislativa/2020/15311/2478.pdf", "ementa": "POSSIBILIDADE DE AUMENTAR OS HOR\u00c1RIOS INCLUINDO OS FINAIS DE SEMANA DO \u00d4NIBUS QUE FAZ A LINHA J17, DOM PEDRO II, CAMPO COMPRIDO."}, {"id": "15312", "ano": "2020", "numero": "2479", "tipo__sigla": "REQ", "tipo__descricao": "REQUERIMENTO", "autoria": "DARCI ANDREASSA", "texto_original": "http://sapl.campolargo.pr.leg.br/media/sapl/public/materialegislativa/2020/15312/2479.pdf", "ementa": "MANUTEN\u00c7\u00c3O DE PLACAS DE DENOMINA\u00c7\u00c3O DE RUA NA AVENIDA CAMPO LARGO, LOTEAMENTO S\u00c3O GERONIMO, NESTE MUNICIPIO DE CAMPO LARGO- PR."}, {"id": "15313", "ano": "2020", "numero": "2480", "tipo__sigla": "REQ", "tipo__descricao": "REQUERIMENTO", "autoria": "DARCI ANDREASSA", "texto_original": "http://sapl.campolargo.pr.leg.br/media/sapl/public/materialegislativa/2020/15313/2480.pdf", "ementa": "MANUTEN\u00c7\u00c3O DE PLACAS DE DENOMINA\u00c7\u00c3O DE RUA NA RUA CARLOS STOCCO, LOTEAMENTO S\u00c3O GER\u00d4NIMO, NESTE MUNIC\u00cdPIO DE CAMPO LARGO."}, {"id": "15314", "ano": "2020", "numero": "2481", "tipo__sigla": "REQ", "tipo__descricao": "REQUERIMENTO", "autoria": "DARCI ANDREASSA", "texto_original": "http://sapl.campolargo.pr.leg.br/media/sapl/public/materialegislativa/2020/15314/2481.pdf", "ementa": "MANUTEN\u00c7\u00c3O DE PLACAS DE DENOMINA\u00c7\u00c3O DE RUA NA RUA JORGE DEMETRIO PAULISTA, LOTEAMENTO S\u00c3O GER\u00d4NIMO, NESTE MUNIC\u00cdPIO DE CAMPO LARGO - PR."}, {"id": "15315", "ano": "2020", "numero": "2482", "tipo__sigla": "REQ", "tipo__descricao": "REQUERIMENTO", "autoria": "BETE DAMACENO", "texto_original": "http://sapl.campolargo.pr.leg.br/media/sapl/public/materialegislativa/2020/15315/2482.pdf", "ementa": "QUE SEJA REALIZADO PERIODICAMENTE A COLETA DE LIXO NA RUA HORT\u00caNCIA, NO REVIER - CAMPO LARGO."}, {"id": "15316", "ano": "2020", "numero": "2484", "tipo__sigla": "REQ", "tipo__descricao": "REQUERIMENTO", "autoria": "ROGERIO DAS TINTAS", "texto_original": "http://sapl.campolargo.pr.leg.br/media/sapl/public/materialegislativa/2020/15316/2484.pdf", "ementa": "IMPLANTA\u00c7\u00c3O DE TRAVESSIA ELEVADA NA RUA ALCEB\u00cdADES AFONSO GUIMAR\u00c3ES, N\u00ba 49 - EM FRENTE A IGREJA DO EVANGELHO QUADRANGULAR, BAIRRO \u00c1GUAS CLARAS."}, {"id": "15324", "ano": "2020", "numero": "2497", "tipo__sigla": "REQ", "tipo__descricao": "REQUERIMENTO", "autoria": "MARCIO BERALDO", "texto_original": "http://sapl.campolargo.pr.leg.br/media/sapl/public/materialegislativa/2020/15324/2497.pdf", "ementa": "REQUERENDO ESTUDO PARA IMPLANTA\u00c7\u00c3O DE UMA LOMBADA/TRAVESSIA ELEVADA, NA RUA ANGELO ZAMPIER, PR\u00d3XIMO AO N\u00ba 200, EM BATEIAS, CAMPO LARGO."}, {"id": "15325", "ano": "2020", "numero": "2498", "tipo__sigla": "REQ", "tipo__descricao": "REQUERIMENTO", "autoria": "MARCIO BERALDO", "texto_original": "http://sapl.campolargo.pr.leg.br/media/sapl/public/materialegislativa/2020/15325/2498.pdf", "ementa": "REQUERENDO QUE SEJA FEITO MELHORIAS NA SINALIZA\u00c7\u00c3O, HORIZONTAL E VERTICAL (INCLUINDO TODAS AS PLACAS DE SINALIZA\u00c7\u00c3O), EM TODA A EXTENS\u00c3O DA RUA JO\u00c3O JOS\u00c9 MAROCHI, COL\u00d4NIA REBOU\u00c7AS, CAMPO LARGO."}, {"id": "15326", "ano": "2020", "numero": "2499", "tipo__sigla": "REQ", "tipo__descricao": "REQUERIMENTO", "autoria": "MARCIO BERALDO", "texto_original": "http://sapl.campolargo.pr.leg.br/media/sapl/public/materialegislativa/2020/15326/2499.pdf", "ementa": "REQUERENDO ESTUDO PARA IMPLANTA\u00c7\u00c3O DE UMA LOMBADA/TRAVESSIA ELEVADA, NA RUA JO\u00c3O JOS\u00c9 MAROCHI, COL\u00d4NIA REBOU\u00c7AS, CAMPO LARGO."}, {"id": "15327", "ano": "2020", "numero": "2500", "tipo__sigla": "REQ", "tipo__descricao": "REQUERIMENTO", "autoria": "MARCIO BERALDO", "texto_original": "http://sapl.campolargo.pr.leg.br/media/sapl/public/materialegislativa/2020/15327/2500.pdf", "ementa": "REQUERENDO QUE SEJA FEITO A EXTENS\u00c3O DA REDE P\u00daBLICA DE ENERGIA EL\u00c9TRICA NO TRECHO DA RUA ESTRADA DOM RODRIGO DA UC1422400-3 AT\u00c9 A UC1616601-9 (CONFORME FOTOS ANEXO), NO BAIRRO S\u00c3O CAETANO, CAMPO LARGO."}, {"id": "15328", "ano": "2020", "numero": "2503", "tipo__sigla": "REQ", "tipo__descricao": "REQUERIMENTO", "autoria": "CLEA OLIVEIRA", "texto_original": "http://sapl.campolargo.pr.leg.br/media/sapl/public/materialegislativa/2020/15328/2503.pdf", "ementa": "OPERA\u00c7\u00c3O TAPA BURACO NA RUA GON\u00c7ALVES DIAS,(TRECHO QUE INICIA NO MATERIAIS DE CONSTRU\u00c7\u00c3O ENGERAMA EM DIANTE) BAIRRO APARECIDA, DESTE MUNIC\u00cdPIO."}, {"id": "15329", "ano": "2020", "numero": "2504", "tipo__sigla": "REQ", "tipo__descricao": "REQUERIMENTO", "autoria": "CLEA OLIVEIRA", "texto_original": "http://sapl.campolargo.pr.leg.br/media/sapl/public/materialegislativa/2020/15329/2504.pdf", "ementa": "CERCA DE PROTE\u00c7\u00c3O EM VOLTA DO PARQUINHO LOCALIZADO NO JARDIM TR\u00caS RIOS, DESTE MUNIC\u00cdPIO."}, {"id": "15330", "ano": "2020", "numero": "2507", "tipo__sigla": "REQ", "tipo__descricao": "REQUERIMENTO", "autoria": "DARCI ANDREASSA", "texto_original": "http://sapl.campolargo.pr.leg.br/media/sapl/public/materialegislativa/2020/15330/2507.pdf", "ementa": "MANUTEN\u00c7\u00c3O DE PLACAS DE DENOMINA\u00c7\u00c3O DE RUA NA RUA JO\u00c3O ALBERTO TREVISAN, LOTEAMENTO S\u00c3O GERONIMO, NESTE MUNICIPIO DE CAMPO LARGO- PR."}, {"id": "15331", "ano": "2020", "numero": "2508", "tipo__sigla": "REQ", "tipo__descricao": "REQUERIMENTO", "autoria": "DARCI ANDREASSA", "texto_original": "http://sapl.campolargo.pr.leg.br/media/sapl/public/materialegislativa/2020/15331/2508.pdf", "ementa": "MANUTEN\u00c7\u00c3O DE PLACAS DE DENOMINA\u00c7\u00c3O DE RUA NA RUA JO\u00c3O ANT\u00d4NIO S\u00c1VIO, LOTEAMENTO S\u00c3O GERONIMO, NESTE MUNICIPIO DE CAMPO LARGO- PR."}, {"id": "15332", "ano": "2020", "numero": "2510", "tipo__sigla": "REQ", "tipo__descricao": "REQUERIMENTO", "autoria": "DARCI ANDREASSA", "texto_original": "http://sapl.campolargo.pr.leg.br/media/sapl/public/materialegislativa/2020/15332/2510.pdf", "ementa": "PINTURA DE FAIXA NA RUA MARIA JOEZINA FERREIRA, BAIRRO JARDIM ITAQUI, NESTE MUNICIPIO DE CAMPO LARGO- PR."}, {"id": "15337", "ano": "2020", "numero": "2515", "tipo__sigla": "REQ", "tipo__descricao": "REQUERIMENTO", "autoria": "BETE DAMACENO", "texto_original": "http://sapl.campolargo.pr.leg.br/media/sapl/public/materialegislativa/2020/15337/2515.pdf", "ementa": "QUE SEJAM FORNECIDAS AS SEGUINTES INFORMA\u00c7\u00d5ES REFERENTES AOS PO\u00c7OS PERFURADOS NO INTERIOR DO MUNIC\u00cdPIO: COMO SER\u00c1 FEITA A IMPLANTA\u00c7\u00c3O DE REDE DE DISTRIBUI\u00c7\u00c3O; QUAL SER\u00c1 A FONTE DOS RECURSOS DESTINADOS; SE EXISTE ALGUMA PARCERIA OU TERMO DE COOPERA\u00c7\u00c3O ENTRE O MUNIC\u00cdPIO E A SANEPAR; E QUAL CRONOGRAMA DE EXECU\u00c7\u00c3O DE OBRAS."}, {"id": "15333", "ano": "2020", "numero": "2516", "tipo__sigla": "REQ", "tipo__descricao": "REQUERIMENTO", "autoria": "BETE DAMACENO", "texto_original": "http://sapl.campolargo.pr.leg.br/media/sapl/public/materialegislativa/2020/15333/2516.pdf", "ementa": "INSTALA\u00c7\u00c3O DE UM BUEIRO NA RUA JO\u00c3O STUKAS EM FRENTE NUMERAL 6379, PR\u00d3XIMO A ESQUNA COM A RUA REINALDO GADENS, BAIRRO JARDIM DAS AC\u00c1CIAS - CAMPO LARGO."}, {"id": "15334", "ano": "2020", "numero": "2517", "tipo__sigla": "REQ", "tipo__descricao": "REQUERIMENTO", "autoria": "BETE DAMACENO", "texto_original": "http://sapl.campolargo.pr.leg.br/media/sapl/public/materialegislativa/2020/15334/2517.pdf", "ementa": "QUE SEJA COLOCADO UMA PLACA NO ACOSTAMENTO DA BR-277 INDICANDO PARA QUE OS VE\u00cdCULOS REDUZAM A VELOCIDADE, ANTES DA ENTRADA DA RUA UM, DO BAIRRO CONCEI\u00c7\u00c3O - CAMPO LARGO."}, {"id": "15335", "ano": "2020", "numero": "2518", "tipo__sigla": "REQ", "tipo__descricao": "REQUERIMENTO", "autoria": "MARCIO BERALDO", "texto_original": "http://sapl.campolargo.pr.leg.br/media/sapl/public/materialegislativa/2020/15335/2518.pdf", "ementa": "REQUERENDO QUE SEJA COLOCADO UMA CAMADA DE MATERIAL BRITADO EM TODA A EXTENS\u00c3O DA RUA MIGUEL SCLUSCHINASKI, REGI\u00c3O DE QUEIMADAS, BATEIAS, CAMPO LARGO."}, {"id": "15338", "ano": "2020", "numero": "2520", "tipo__sigla": "REQ", "tipo__descricao": "REQUERIMENTO", "autoria": "BETE DAMACENO", "texto_original": "http://sapl.campolargo.pr.leg.br/media/sapl/public/materialegislativa/2020/15338/2520.pdf", "ementa": "QUE SEJA REALIZADO A PODA DAS \u00c1RVORES SITUADAS NA RUA JO\u00c3O STUKAS, NA FRENTE DA ANTIGA LORENZETTI (LEGRAND), AS \u00c1RVORES EST\u00c3O TAMPANDO A VISIBILIDADE DAS PLACAS DE SINALIZA\u00c7\u00d5ES DAS LOMBADAS."}, {"id": "15339", "ano": "2020", "numero": "2521", "tipo__sigla": "REQ", "tipo__descricao": "REQUERIMENTO", "autoria": "CLAIRTON ALEM\u00c3O", "texto_original": "http://sapl.campolargo.pr.leg.br/media/sapl/public/materialegislativa/2020/15339/2521.pdf", "ementa": "REQUERENDO MELHORIAS NA PONTE DE ACESSO A LOCALIDADE OURO FINO GRANDE."}, {"id": "15340", "ano": "2020", "numero": "2522", "tipo__sigla": "REQ", "tipo__descricao": "REQUERIMENTO", "autoria": "BETE DAMACENO", "texto_original": "http://sapl.campolargo.pr.leg.br/media/sapl/public/materialegislativa/2020/15340/2522.pdf", "ementa": "QUE SEJA REDUZIDO O N\u00daMERO DE VAGAS DE VE\u00cdCULOS NO ESTACIONAMENTO DA FARM\u00c1RCIA ESPECIAL DE CAMPO LARGO, PARA QUE AS PESSOAS POSSAM AGUARDAR O ATENDIMENTO NO AMBIENTE DE FORA DA FARM\u00c1CIA, E N\u00c3O NA CAL\u00c7ADA DA RUA."}, {"id": "15341", "ano": "2020", "numero": "2563", "tipo__sigla": "REQ", "tipo__descricao": "REQUERIMENTO", "autoria": "ROGERIO DAS TINTAS", "texto_original": "http://sapl.campolargo.pr.leg.br/media/sapl/public/materialegislativa/2020/15341/2563.pdf", "ementa": "APLICA\u00c7\u00c3O DE 500 METROS DE FRESADO NA RUA JOAQUIM FERREIRA VIEIRA (ESTRADA DO FELPUDO) BAIRRO GUABIROBA, A PARTIR  DA ESTRADA DOS PIANARO."}, {"id": "15342", "ano": "2020", "numero": "2565", "tipo__sigla": "REQ", "tipo__descricao": "REQUERIMENTO", "autoria": "ROGERIO DAS TINTAS", "texto_original": "http://sapl.campolargo.pr.leg.br/media/sapl/public/materialegislativa/2020/15342/2565.pdf", "ementa": "QUE SEJA INSTALADA TRAVESSIA ELEVADA NA RUA AUGUSTO PERUSSOLO, 104, JARDIM ITABOA, EM FRENTE \u00c0 IGREJA EVANG\u00c9LICA ASSEMBLEIA DE DEUS."}, {"id": "15343", "ano": "2020", "numero": "2566", "tipo__sigla": "REQ", "tipo__descricao": "REQUERIMENTO", "autoria": "ROGERIO DAS TINTAS", "texto_original": "http://sapl.campolargo.pr.leg.br/media/sapl/public/materialegislativa/2020/15343/2566.pdf", "ementa": "QUE SEJA APLICADA DE IMEDIATO A LEI MUNICIPAL N\u00ba 3231 DE 01 DE JULHO DE 2020, CONFORME O ARTIGO 16 DA MESMA."}, {"id": "15344", "ano": "2020", "numero": "2567", "tipo__sigla": "REQ", "tipo__descricao": "REQUERIMENTO", "autoria": "ROGERIO DAS TINTAS", "texto_original": "http://sapl.campolargo.pr.leg.br/media/sapl/public/materialegislativa/2020/15344/2567.pdf", "ementa": "QUE SEJA LEVANTADA QUANTIDADE DE FAM\u00cdLIAS CADASTRADAS NA SECRETARIA MUNICIPAL DE DESENVOLVIMENTO ECON\u00d4MICO, ATRAV\u00c9S DO DEPARTAMENTO DE AGROPECU\u00c1RIA DO MUNIC\u00cdPIO DE CAMPO LARGO QUE PODEM TER ACESSO AOS BENEF\u00cdCIOS DA LEI MUNICIPAL N\u00ba 3231 DE 01 DE JULHO DE 2020."}, {"id": "15348", "ano": "2020", "numero": "2592", "tipo__sigla": "REQ", "tipo__descricao": "REQUERIMENTO", "autoria": "JO\u00c3O D'\u00c1GUA", "texto_original": "http://sapl.campolargo.pr.leg.br/media/sapl/public/materialegislativa/2020/15348/2592.pdf", "ementa": "SOLICITO AO PODER EXECUTIVO A IMPLANTA\u00c7\u00c3O DE UM PO\u00c7O ARTESIANO NA REGI\u00c3O DO FELPUDO."}, {"id": "15349", "ano": "2020", "numero": "2593", "tipo__sigla": "REQ", "tipo__descricao": "REQUERIMENTO", "autoria": "JO\u00c3O D'\u00c1GUA", "texto_original": "http://sapl.campolargo.pr.leg.br/media/sapl/public/materialegislativa/2020/15349/2593.pdf", "ementa": "SOLICITO AO PODER EXECUTIVO QUE D\u00ca DENOMINA\u00c7\u00c3O A TRINCHEIRA NO JARDIM GUARANI COMO, \u201cSOLDADO LUCAS LI\u00c7A\u201d."}, {"id": "15350", "ano": "2020", "numero": "2595", "tipo__sigla": "REQ", "tipo__descricao": "REQUERIMENTO", "autoria": "MARCIO BERALDO", "texto_original": "http://sapl.campolargo.pr.leg.br/media/sapl/public/materialegislativa/2020/15350/2595.pdf", "ementa": "REQUERENDO, QUE A LINHA DO \u00d4NIBUS QUE ATENDE A REGI\u00c3O DO CAMPINA NO MUNIC\u00cdPIO, ESTENDA SUA ROTA AT\u00c9 O PONTO FINAL (NAS PROXIMIDADES DO BAR DO FIOR), NOS SEUS HOR\u00c1RIOS NOTURNOS."}, {"id": "15351", "ano": "2020", "numero": "2602", "tipo__sigla": "REQ", "tipo__descricao": "REQUERIMENTO", "autoria": "DARCI ANDREASSA", "texto_original": "http://sapl.campolargo.pr.leg.br/media/sapl/public/materialegislativa/2020/15351/2602.pdf", "ementa": "MANUTEN\u00c7\u00c3O DE PLACAS DE DENOMINA\u00c7\u00c3O DE RUA NA RUA JO\u00c3O FERREIRA MACHADO, LOTEAMENTO S\u00c3O GERONIMO, NESTE MUNICIPIO DE CAMPO LARGO- PR."}, {"id": "15352", "ano": "2020", "numero": "2603", "tipo__sigla": "REQ", "tipo__descricao": "REQUERIMENTO", "autoria": "DARCI ANDREASSA", "texto_original": "http://sapl.campolargo.pr.leg.br/media/sapl/public/materialegislativa/2020/15352/2603.pdf", "ementa": "MANUTEN\u00c7\u00c3O DE PLACAS DE DENOMINA\u00c7\u00c3O DE RUA NA RUA JO\u00c3O MOCELIN FERREIRA, LOTEAMENTO S\u00c3O GERONIMO, NESTE MUNICIPIO DE CAMPO LARGO- PR."}, {"id": "15353", "ano": "2020", "numero": "2604", "tipo__sigla": "REQ", "tipo__descricao": "REQUERIMENTO", "autoria": "MARCIO BERALDO", "texto_original": "http://sapl.campolargo.pr.leg.br/media/sapl/public/materialegislativa/2020/15353/2604.pdf", "ementa": "REQUERENDO IMPLANTA\u00c7\u00c3O DE UMA LOMBADA/TRAVESSIA ELEVADA, NA RUA SEBASTI\u00c3O GON\u00c7ALVES REZENDE, EM FRENTE AO N\u00ba 171, BAIRRO S\u00c3O LUIZ, CAMPO LARGO."}, {"id": "15355", "ano": "2020", "numero": "2612", "tipo__sigla": "REQ", "tipo__descricao": "REQUERIMENTO", "autoria": "MARCIO BERALDO", "texto_original": "http://sapl.campolargo.pr.leg.br/media/sapl/public/materialegislativa/2020/15355/2612.pdf", "ementa": "QUE SEJA FEITO PAVIMENTA\u00c7\u00c3O ASF\u00c1LTICA EM TODA A EXTENS\u00c3O DA ESTRADA FIGUEIREDO, NA VILA MARIANO TORRES, BAIRRO CERCADINHO, CAMPO LARGO."}, {"id": "15356", "ano": "2020", "numero": "2617", "tipo__sigla": "REQ", "tipo__descricao": "REQUERIMENTO", "autoria": "BETE DAMACENO", "texto_original": "http://sapl.campolargo.pr.leg.br/media/sapl/public/materialegislativa/2020/15356/2617.pdf", "ementa": "QUE SEJA COLOCADO UMA PLACA, INDICANDO PARA QUE OS VE\u00cdCULOS REDUZAM A VELOCIDADE, NA RUA LOCALIZADA PERTO DA PASSARELA DO JARDIM GUARANY, PARALELA COM A RUA DE CH\u00c3O PRINCIPAL, A QUAL PASSA AO LADO DA BR-277, KM 104, RODOVIA DO CAF\u00c9."}, {"id": "15357", "ano": "2020", "numero": "2618", "tipo__sigla": "REQ", "tipo__descricao": "REQUERIMENTO", "autoria": "BETE DAMACENO", "texto_original": "http://sapl.campolargo.pr.leg.br/media/sapl/public/materialegislativa/2020/15357/2618.pdf", "ementa": "QUE SEJA RETIRADO O PONTO DE \u00d4NIBUS O QUAL EST\u00c1 LOCALIZADO NA ESTRADA DA MATO GROSSO DO LADO DO RESTAURANTE DOM MINEIRO,  E QUE SEJA COLOCADO O MESMO NA FRENTE DO NUMERAL 9785, ESTRADA DA MATO GROSSO, FERRARIA - CAMPO LARGO."}, {"id": "15358", "ano": "2020", "numero": "2619", "tipo__sigla": "REQ", "tipo__descricao": "REQUERIMENTO", "autoria": "BETE DAMACENO", "texto_original": "http://sapl.campolargo.pr.leg.br/media/sapl/public/materialegislativa/2020/15358/2619.pdf", "ementa": "INFORMEM A ORIGEM DOS RECURSOS DESTINADOS A PAVIMENTA\u00c7\u00c3O DA AVENIDA VEREADOR ARLINDO CHEMIN ( EM FRENTE AO CEMIT\u00c9RIO MUNICIPAL)."}, {"id": "15359", "ano": "2020", "numero": "2620", "tipo__sigla": "REQ", "tipo__descricao": "REQUERIMENTO", "autoria": "BETE DAMACENO", "texto_original": "http://sapl.campolargo.pr.leg.br/media/sapl/public/materialegislativa/2020/15359/2620.pdf", "ementa": "QUE SEJA INFORMADO O VALOR DA REFORMA QUE EST\u00c3O FAZENDO NA C\u00c2MARA MUNICIPAL DE CAMPO LARGO."}, {"id": "15360", "ano": "2020", "numero": "2621", "tipo__sigla": "REQ", "tipo__descricao": "REQUERIMENTO", "autoria": "BETE DAMACENO", "texto_original": "http://sapl.campolargo.pr.leg.br/media/sapl/public/materialegislativa/2020/15360/2621.pdf", "ementa": "QUE SEJA LIBERADO O FUNCIONAMENTO DO CINEMA EM CAMPO LARGO, COM TODAS AS PREVEN\u00c7\u00d5ES E DISTANCIAMENTO DEVIDO AO COVID-19."}, {"id": "15361", "ano": "2020", "numero": "2624", "tipo__sigla": "REQ", "tipo__descricao": "REQUERIMENTO", "autoria": "MARCIO BERALDO", "texto_original": "http://sapl.campolargo.pr.leg.br/media/sapl/public/materialegislativa/2020/15361/2624.pdf", "ementa": "REQUERENDO PONTO DE \u00d4NIBUS COBERTO NA RUA PEDRO MANESKI, NA REGI\u00c3O DE QUEIMADAS, DISTRITO DE BATEIAS CAMPO LARGO."}, {"id": "15362", "ano": "2020", "numero": "2626", "tipo__sigla": "REQ", "tipo__descricao": "REQUERIMENTO", "autoria": "CLEA OLIVEIRA", "texto_original": "http://sapl.campolargo.pr.leg.br/media/sapl/public/materialegislativa/2020/15362/2626.pdf", "ementa": "SOLICITANDO REDE DE ESGOTO, EM TODA A EXTENS\u00c3O DA RUA SIME\u00c3O, BAIRRO CRISTO REI, DESTE MUNIC\u00cdPIO."}, {"id": "15363", "ano": "2020", "numero": "2627", "tipo__sigla": "REQ", "tipo__descricao": "REQUERIMENTO", "autoria": "CLEA OLIVEIRA", "texto_original": "http://sapl.campolargo.pr.leg.br/media/sapl/public/materialegislativa/2020/15363/2627.pdf", "ementa": "QUE O PODER EXECUTIVO REALZE A INSTALA\u00c7\u00c3O DE PARQUINHO, EM UM TERRENO LOCALIZADO NA RUA S\u00c3O JORGE GUERREIRO, BAIRRO JARDIM S\u00c3O VICENTE, DESTE MUNIC\u00cdPIO."}, {"id": "15364", "ano": "2020", "numero": "2628", "tipo__sigla": "REQ", "tipo__descricao": "REQUERIMENTO", "autoria": "CLEA OLIVEIRA", "texto_original": "http://sapl.campolargo.pr.leg.br/media/sapl/public/materialegislativa/2020/15364/2628.pdf", "ementa": "C\u00c2MERAS DE MONITORAMENTO NO PARQUE NEWTON PUPPI, DESTE MUNIC\u00cdPIO."}, {"id": "15365", "ano": "2020", "numero": "2629", "tipo__sigla": "REQ", "tipo__descricao": "REQUERIMENTO", "autoria": "CLEA OLIVEIRA", "texto_original": "http://sapl.campolargo.pr.leg.br/media/sapl/public/materialegislativa/2020/15365/2629.pdf", "ementa": "QUE O \u00d4NIBUS EXPRESSO SA\u00daDE VOLTE ATENDER NOS BAIRROS, DESTE MUNIC\u00cdPIO."}, {"id": "15366", "ano": "2020", "numero": "2630", "tipo__sigla": "REQ", "tipo__descricao": "REQUERIMENTO", "autoria": "CLEA OLIVEIRA", "texto_original": "http://sapl.campolargo.pr.leg.br/media/sapl/public/materialegislativa/2020/15366/2630.pdf", "ementa": "REFORMA E MANUTEN\u00c7\u00c3O DOS PARQUINHOS E ACADEMIAS AO AR LIVRE NO ANO DE 2020."}, {"id": "15367", "ano": "2020", "numero": "2635", "tipo__sigla": "REQ", "tipo__descricao": "REQUERIMENTO", "autoria": "MARCIO BERALDO", "texto_original": "http://sapl.campolargo.pr.leg.br/media/sapl/public/materialegislativa/2020/15367/2635.pdf", "ementa": "REQUERENDO QUE SEJA UMA CAMADA DE MATERIAL  BRITADO EM TODA A EXTENS\u00c3O DA RUA ANGELO BERALDO, NO GUABIROBA, CAMPO LARGO - PR."}, {"id": "15369", "ano": "2020", "numero": "2637", "tipo__sigla": "REQ", "tipo__descricao": "REQUERIMENTO", "autoria": "TADEU DE PAULA", "texto_original": "http://sapl.campolargo.pr.leg.br/media/sapl/public/materialegislativa/2020/15369/2637.pdf", "ementa": "SOLICITO AO PODER EXECUTIVO MUNICIPAL QUE CONCEDA UMA \u00c1REA E REALIZE A CONSTRU\u00c7\u00c3O DE UM EST\u00c1DIO MUNICIPAL DO INTERIOR, NA LOCALIDADE DO SANTA CRUZ."}, {"id": "15368", "ano": "2020", "numero": "2638", "tipo__sigla": "REQ", "tipo__descricao": "REQUERIMENTO", "autoria": "TADEU DE PAULA", "texto_original": "http://sapl.campolargo.pr.leg.br/media/sapl/public/materialegislativa/2020/15368/2638.pdf", "ementa": "SOLICITO AO PODER EXECUTIVO A COLOCA\u00c7\u00c3O DE BANCOS E DISPONIBILIZA\u00c7\u00c3O DE SENHAS NA FARM\u00c1CIA ESPECIAL ROMEU IVO CAVALLI."}, {"id": "15373", "ano": "2020", "numero": "2666", "tipo__sigla": "REQ", "tipo__descricao": "REQUERIMENTO", "autoria": "MARCIO BERALDO", "texto_original": "http://sapl.campolargo.pr.leg.br/media/sapl/public/materialegislativa/2020/15373/2666.pdf", "ementa": "\"OF\u00cdCIO AO DER SOLICITANDO PATROLAMENTO, ENSAIBRAMENTO E ALARGAMENTO DA RODOVIA ENGENHEIRO \u00c2NGELO LOPES PR -090. (ESTRADA DO CERNE)\""}, {"id": "15374", "ano": "2020", "numero": "2667", "tipo__sigla": "REQ", "tipo__descricao": "REQUERIMENTO", "autoria": "MARCIO BERALDO", "texto_original": "http://sapl.campolargo.pr.leg.br/media/sapl/public/materialegislativa/2020/15374/2667.pdf", "ementa": "\"QUADRA DE T\u00caNIS NO ESPA\u00c7O ARI MORO - ANTIGO CAMPO 21, LOCALIZADO NA RUA AMAZONAS, JARDIM ITAQUI.\""}, {"id": "15375", "ano": "2020", "numero": "2668", "tipo__sigla": "REQ", "tipo__descricao": "REQUERIMENTO", "autoria": "MARCIO BERALDO", "texto_original": "http://sapl.campolargo.pr.leg.br/media/sapl/public/materialegislativa/2020/15375/2668.pdf", "ementa": "\"PONTO DE \u00d4NIBUS COBERTO NA RUA MIGUEL SCLUSCHINASKI, PR\u00d3XIMO AO BAR OFF ROAD, NA REGI\u00c3O DE QUEIMADAS, DISTRITO DE BATEIAS.\""}, {"id": "15378", "ano": "2020", "numero": "2679", "tipo__sigla": "REQ", "tipo__descricao": "REQUERIMENTO", "autoria": "BETE DAMACENO", "texto_original": "http://sapl.campolargo.pr.leg.br/media/sapl/public/materialegislativa/2020/15378/2679.pdf", "ementa": "\"LOMBADA NA RUA TARUM\u00c3, N\u00ba 290, JARDIM GUARANY.\""}, {"id": "15379", "ano": "2020", "numero": "2680", "tipo__sigla": "REQ", "tipo__descricao": "REQUERIMENTO", "autoria": "BETE DAMACENO", "texto_original": "http://sapl.campolargo.pr.leg.br/media/sapl/public/materialegislativa/2020/15379/2680.pdf", "ementa": "\"PODA DAS \u00c1RVORES NA RUA JO\u00c3O STUKAS, N\u00ba 6125, JARDIM DAS AC\u00c1CIAS.\""}, {"id": "15380", "ano": "2020", "numero": "2681", "tipo__sigla": "REQ", "tipo__descricao": "REQUERIMENTO", "autoria": "BETE DAMACENO", "texto_original": "http://sapl.campolargo.pr.leg.br/media/sapl/public/materialegislativa/2020/15380/2681.pdf", "ementa": "\"PARA QUE SEJA REFOR\u00c7ADO A SINALIZA\u00c7\u00c3O COM INSTALA\u00c7\u00c3O DE PLACAS NA RUA TARUM\u00c3 N\u00ba 107, JARDIM GUARANY.\""}, {"id": "15381", "ano": "2020", "numero": "2682", "tipo__sigla": "REQ", "tipo__descricao": "REQUERIMENTO", "autoria": "BETE DAMACENO", "texto_original": "http://sapl.campolargo.pr.leg.br/media/sapl/public/materialegislativa/2020/15381/2682.pdf", "ementa": "\"PARA QUE SEJA REFOR\u00c7ADO A SINALIZA\u00c7\u00c3O COM INSTALA\u00c7\u00c3O DE PLACAS NA RUA JO\u00c3O STUKAS, N\u00ba 4469, BOTIATUVA.\""}, {"id": "15382", "ano": "2020", "numero": "2683", "tipo__sigla": "REQ", "tipo__descricao": "REQUERIMENTO", "autoria": "BETE DAMACENO", "texto_original": "http://sapl.campolargo.pr.leg.br/media/sapl/public/materialegislativa/2020/15382/2683.pdf", "ementa": "\"MANUTEN\u00c7\u00c3O E RESTAURA\u00c7\u00c3O DO PARQUINHO INFANTIL NO CMEI GENTE MI\u00daDA, JARDIM GUARANY, FERRARIA.\""}, {"id": "15377", "ano": "2020", "numero": "2688", "tipo__sigla": "REQ", "tipo__descricao": "REQUERIMENTO", "autoria": "MARCIO BERALDO", "texto_original": "http://sapl.campolargo.pr.leg.br/media/sapl/public/materialegislativa/2020/15377/2688.pdf", "ementa": "REAVALIA\u00c7\u00c3O DAS QUANTIDADES ADQUIRIDAS DE MEDICAMENTOS DE USO CONT\u00cdNUO QUE REQUER RECEITA ESPECIAL."}, {"id": "15383", "ano": "2020", "numero": "2691", "tipo__sigla": "REQ", "tipo__descricao": "REQUERIMENTO", "autoria": "CLEA OLIVEIRA", "texto_original": "http://sapl.campolargo.pr.leg.br/media/sapl/public/materialegislativa/2020/15383/2691.pdf", "ementa": "MATERIAL FRESADO NA RUA ANTONIO GITKOSKI, BOTIATUVA."}, {"id": "15384", "ano": "2020", "numero": "2692", "tipo__sigla": "REQ", "tipo__descricao": "REQUERIMENTO", "autoria": "CLEA OLIVEIRA", "texto_original": "http://sapl.campolargo.pr.leg.br/media/sapl/public/materialegislativa/2020/15384/2692.pdf", "ementa": "MATERIAL FRESADO NA RUA JOS\u00c9 MARIA LOPES COELHO, BOTIATUVA."}, {"id": "15385", "ano": "2020", "numero": "2693", "tipo__sigla": "REQ", "tipo__descricao": "REQUERIMENTO", "autoria": "CLEA OLIVEIRA", "texto_original": "http://sapl.campolargo.pr.leg.br/media/sapl/public/materialegislativa/2020/15385/2693.pdf", "ementa": "INFORMA\u00c7\u00d5ES SOBRE QUAIS POL\u00cdTICAS P\u00daBLICAS TEM SIDO DESENVOLVIDAS NA CIDADE PARA GARANTIR OS DIREITOS DA PESSOA IDOSA."}, {"id": "15386", "ano": "2020", "numero": "2694", "tipo__sigla": "REQ", "tipo__descricao": "REQUERIMENTO", "autoria": "CLEA OLIVEIRA", "texto_original": "http://sapl.campolargo.pr.leg.br/media/sapl/public/materialegislativa/2020/15386/2694.pdf", "ementa": "REVESTIMENTO ASF\u00c1LTICO NA RUA GINO PAROLIM, JARDIM SOCIAL."}, {"id": "15387", "ano": "2020", "numero": "2695", "tipo__sigla": "REQ", "tipo__descricao": "REQUERIMENTO", "autoria": "CLEA OLIVEIRA", "texto_original": "http://sapl.campolargo.pr.leg.br/media/sapl/public/materialegislativa/2020/15387/2695.pdf", "ementa": "REPERFILAMENTO ASF\u00c1LTICO NA RUA FRANCISCO ANTUNES ZANIN, JARDIM FLORESTAL."}, {"id": "15388", "ano": "2020", "numero": "2697", "tipo__sigla": "REQ", "tipo__descricao": "REQUERIMENTO", "autoria": "MARCIO BERALDO", "texto_original": "http://sapl.campolargo.pr.leg.br/media/sapl/public/materialegislativa/2020/15388/2697.pdf", "ementa": "LOMBADA/TRAVESSIA ELEVADA NA RUA J\u00daLIO BUGNHAKI N\u00ba 461, VILA DE LOURDES."}, {"id": "15389", "ano": "2020", "numero": "2698", "tipo__sigla": "REQ", "tipo__descricao": "REQUERIMENTO", "autoria": "DARCI ANDREASSA", "texto_original": "http://sapl.campolargo.pr.leg.br/media/sapl/public/materialegislativa/2020/15389/2698.pdf", "ementa": "MANUTEN\u00c7\u00c3O DE PLACAS DE DENOMINA\u00c7\u00c3O NA RUA MAUR\u00cdLIO JOS\u00c9 LOPES, S\u00c3O JER\u00d4NIMO."}, {"id": "15390", "ano": "2020", "numero": "2699", "tipo__sigla": "REQ", "tipo__descricao": "REQUERIMENTO", "autoria": "DARCI ANDREASSA", "texto_original": "http://sapl.campolargo.pr.leg.br/media/sapl/public/materialegislativa/2020/15390/2699.pdf", "ementa": "MANUTEN\u00c7\u00c3O DE PLACAS DE DENOMINA\u00c7\u00c3O NA RUA MARIA APARECIDA DE OLIVEIRA, S\u00c3O JER\u00d4NIMO"}, {"id": "15391", "ano": "2020", "numero": "2700", "tipo__sigla": "REQ", "tipo__descricao": "REQUERIMENTO", "autoria": "DARCI ANDREASSA", "texto_original": "http://sapl.campolargo.pr.leg.br/media/sapl/public/materialegislativa/2020/15391/2700.pdf", "ementa": "MANUTEN\u00c7\u00c3O DE PLACAS DE DENOMINA\u00c7\u00c3O NA RUA PROFESSOR DAMASO PADILHA FERREIRA, S\u00c3O JER\u00d4NIMO"}, {"id": "15402", "ano": "2020", "numero": "2827", "tipo__sigla": "REQ", "tipo__descricao": "REQUERIMENTO", "autoria": "CLEA OLIVEIRA", "texto_original": "http://sapl.campolargo.pr.leg.br/media/sapl/public/materialegislativa/2020/15402/2827.pdf", "ementa": "INFORMA\u00c7\u00d5ES SOBRE A APLICA\u00c7\u00c3O DA LEI 3159/2019, QUE DISP\u00d5E SOBRE A PROIBI\u00c7\u00c3O DE QUEIMADAS NAS VIAS P\u00daBLICAS E NOS IM\u00d3VEIS URBANOS NO MUNIC\u00cdPIO DE CAMPO LARGO."}, {"id": "15403", "ano": "2020", "numero": "2828", "tipo__sigla": "REQ", "tipo__descricao": "REQUERIMENTO", "autoria": "CLEA OLIVEIRA", "texto_original": "http://sapl.campolargo.pr.leg.br/media/sapl/public/materialegislativa/2020/15403/2828.pdf", "ementa": "SOLICITA RECAPEAMENTO ASF\u00c1LTICO, NA RUA DOS IMIGRANTES, BAIRRO CAMPINA, DESTE MUNIC\u00cdPIO."}, {"id": "15404", "ano": "2020", "numero": "2829", "tipo__sigla": "REQ", "tipo__descricao": "REQUERIMENTO", "autoria": "CLEA OLIVEIRA", "texto_original": "http://sapl.campolargo.pr.leg.br/media/sapl/public/materialegislativa/2020/15404/2829.pdf", "ementa": "SOLICITA MANILHAMENTO NA TRAVESSA S\u00c3O GABRIEL, BAIRRO CAMPO DO MEIO, DESTE MUNIC\u00cdPIO."}, {"id": "15405", "ano": "2020", "numero": "2830", "tipo__sigla": "REQ", "tipo__descricao": "REQUERIMENTO", "autoria": "CLEA OLIVEIRA", "texto_original": "http://sapl.campolargo.pr.leg.br/media/sapl/public/materialegislativa/2020/15405/2830.pdf", "ementa": "OPERA\u00c7\u00c3O TAPA BURACO NA RUA LOURIVAL PORTELA DE BRITO, JARDIM FLORESTAL, DESTE MUNIC\u00cdPIO."}, {"id": "15406", "ano": "2020", "numero": "2831", "tipo__sigla": "REQ", "tipo__descricao": "REQUERIMENTO", "autoria": "CLEA OLIVEIRA", "texto_original": "http://sapl.campolargo.pr.leg.br/media/sapl/public/materialegislativa/2020/15406/2831.pdf", "ementa": "INSTALA\u00c7\u00c3O DE L\u00c2MPADAS DE LED EM TODA A EXTENS\u00c3O DA RUA JO\u00c3O FLORINDO ZANETTI, JARDIM BUSMAYER, DESTE MUNIC\u00cdPIO."}, {"id": "15417", "ano": "2020", "numero": "2832", "tipo__sigla": "REQ", "tipo__descricao": "REQUERIMENTO", "autoria": "DARCI ANDREASSA", "texto_original": "http://sapl.campolargo.pr.leg.br/media/sapl/public/materialegislativa/2020/15417/2832.pdf", "ementa": "PATROLAMENTO E ENSAIBRAMENTO NA RUA VICENTE JASKIEVICZ, BAIRRO COL\u00d4NIA MARIANA."}, {"id": "15407", "ano": "2020", "numero": "2833", "tipo__sigla": "REQ", "tipo__descricao": "REQUERIMENTO", "autoria": "DARCI ANDREASSA", "texto_original": "http://sapl.campolargo.pr.leg.br/media/sapl/public/materialegislativa/2020/15407/2833.pdf", "ementa": "ILUMINA\u00c7\u00c3O P\u00daBLICA NA ESTRADA DA MARIANA, COM IN\u00cdCIO DA AFIN EM TODA A EXTENS\u00c3O, BAIRRO COLONIA MARIANA."}, {"id": "15408", "ano": "2020", "numero": "2835", "tipo__sigla": "REQ", "tipo__descricao": "REQUERIMENTO", "autoria": "MARCIO BERALDO", "texto_original": "http://sapl.campolargo.pr.leg.br/media/sapl/public/materialegislativa/2020/15408/2835.pdf", "ementa": "QUE SEJA FEITO REVITALIZA\u00c7\u00c3O COM ILUMINA\u00c7\u00c3O P\u00daBLICA NA CANCHA DE AREIA LOCALIZADA NA RUA ALFREDO CASTRO ESQUINA COM FRANCISCO COLTRO, NO BAIRRO NOVA TRENTO, MORADIAS BOM JESUS, CAMPO LARGO."}, {"id": "15416", "ano": "2020", "numero": "2836", "tipo__sigla": "REQ", "tipo__descricao": "REQUERIMENTO", "autoria": "MARCIO BERALDO", "texto_original": "http://sapl.campolargo.pr.leg.br/media/sapl/public/materialegislativa/2020/15416/2836.pdf", "ementa": "QUE SEJA OFICIALIZADO A EMPRESA DE \u00d4NIBUS QUE ATENDE O MUNIC\u00cdPIO, PARA QUE SEJA DISPONIBILIZADO MAIS HOR\u00c1RIOS, NO PER\u00cdODO MATUTINO, DA LINHA QUE ATENDE O BAIRRO S\u00c3O CAETANO/CENTRO."}, {"id": "15409", "ano": "2020", "numero": "2837", "tipo__sigla": "REQ", "tipo__descricao": "REQUERIMENTO", "autoria": "MARCIO BERALDO", "texto_original": "http://sapl.campolargo.pr.leg.br/media/sapl/public/materialegislativa/2020/15409/2837.pdf", "ementa": "PONTO DE \u00d4NIBUS COBERTO NA RUA XAVIER DA SILVA, EM FRENTE A LOJAS CARRARO, PR\u00d3XIMO A PRA\u00c7A ADOLFO VAZ DA SILVA, CAMPO LARGO."}, {"id": "15415", "ano": "2020", "numero": "2838", "tipo__sigla": "REQ", "tipo__descricao": "REQUERIMENTO", "autoria": "MARCIO BERALDO", "texto_original": "http://sapl.campolargo.pr.leg.br/media/sapl/public/materialegislativa/2020/15415/2838.pdf", "ementa": "QUE SEJA OFICIALIZADO A COMEC PARA QUE TOME AS PROVID\u00caNCIAS JUNTO A EMPRESA QUE PRESTA SERVI\u00c7OS DE TRANSPORTE COLETIVO, PARA QUE SEJA DISPONIBILIZADO MAIS UNIDADES DE \u00d4NIBUS \"LIGEIRINHO\" NOS HOR\u00c1RIOS DE \"PICO\", NA LINHA CAMPO LARGO/CAMPINA DO SIQUEIRA."}, {"id": "15411", "ano": "2020", "numero": "2844", "tipo__sigla": "REQ", "tipo__descricao": "REQUERIMENTO", "autoria": "BETE DAMACENO", "texto_original": "http://sapl.campolargo.pr.leg.br/media/sapl/public/materialegislativa/2020/15411/2844.pdf", "ementa": "QUE O MUNIC\u00cdPIO INTERCEDA JUNTO AO ESTADO, PARA QUE SEJA FEITA UMA CAL\u00c7ADA NA MARGINAL QUE LIGA A RUA GUARANI COM A RUA MONTE CLARO NO FERRARIA - CAMPO LARGO."}, {"id": "15412", "ano": "2020", "numero": "2845", "tipo__sigla": "REQ", "tipo__descricao": "REQUERIMENTO", "autoria": "BETE DAMACENO", "texto_original": "http://sapl.campolargo.pr.leg.br/media/sapl/public/materialegislativa/2020/15412/2845.pdf", "ementa": "QUE SEJA COLOCADO MATERIAL FRESADO NA RUA SALVADOR, NA COL\u00d4NIA REBOL\u00c7AS, NO FERRARIA."}, {"id": "15418", "ano": "2020", "numero": "2846", "tipo__sigla": "REQ", "tipo__descricao": "REQUERIMENTO", "autoria": "BETE DAMACENO", "texto_original": "http://sapl.campolargo.pr.leg.br/media/sapl/public/materialegislativa/2020/15418/2846.pdf", "ementa": "QUE SEJA FEITO PATROLAMENTO E ENSAIBRAMENTO NA RUA RIO VERDE, NA COL\u00d4NIA RIO VERDE, NO FERRARIA - CAMPO LARGO."}, {"id": "15413", "ano": "2020", "numero": "2847", "tipo__sigla": "REQ", "tipo__descricao": "REQUERIMENTO", "autoria": "BETE DAMACENO", "texto_original": "http://sapl.campolargo.pr.leg.br/media/sapl/public/materialegislativa/2020/15413/2847.pdf", "ementa": "C\u00d3PIA DO PROJETO QUE LIGA A RUA \u00c2NGELO PEROTTO COM A RUA MATO GROSSO NO FERRARIA - CAMPO LARGO."}, {"id": "15414", "ano": "2020", "numero": "2848", "tipo__sigla": "REQ", "tipo__descricao": "REQUERIMENTO", "autoria": "BETE DAMACENO", "texto_original": "http://sapl.campolargo.pr.leg.br/media/sapl/public/materialegislativa/2020/15414/2848.pdf", "ementa": "QUE SEJA INFORMADO POR QUE O CARTEIRO N\u00c3O EST\u00c1 REALIZANDO ENTREGAS DE CARTAS EM TODA A EXTENS\u00c3O DA RUA LEONARDO HOMAN, BAIRRO DO PASSA\u00daNA - CAMPO LARGO."}, {"id": "15410", "ano": "2020", "numero": "2851", "tipo__sigla": "REQ", "tipo__descricao": "REQUERIMENTO", "autoria": "BETINHO", "texto_original": "http://sapl.campolargo.pr.leg.br/media/sapl/public/materialegislativa/2020/15410/2851.pdf", "ementa": "QUE SEJA REALIZADO  OBRA DE PAVIMENTA\u00c7\u00c3O ASF\u00c1LTICA OU SIMILAR NA RUA FERDINANDO ALEIXO (FERRARIA)."}, {"id": "15419", "ano": "2020", "numero": "2856", "tipo__sigla": "REQ", "tipo__descricao": "REQUERIMENTO", "autoria": "MARCIO BERALDO", "texto_original": "http://sapl.campolargo.pr.leg.br/media/sapl/public/materialegislativa/2020/15419/2856.pdf", "ementa": "IMPLANTA\u00c7\u00c3O DE UMA MINI ARENA  NA RUA ALFREDO CASTRO, AO LADO DA CANCHA DE AREIA, LOCALIZADA NO BAIRRO NOVA TRENTO, CAMPO LARGO."}, {"id": "15252", "ano": "2020", "numero": "1", "tipo__sigla": "TL", "tipo__descricao": "TRIBUNA LIVRE", "autoria": "CLAIRTON ALEM\u00c3O", "texto_original": "http://sapl.campolargo.pr.leg.br/media/sapl/public/materialegislativa/2020/15252/1874.pdf", "ementa": "\"TRIBUNA LIVRE PARA A SECRET\u00c1RIA DE SA\u00daDE - SRA. DANIELLE CRISTINE FEDALTO, PARA PRESTAR INFORMA\u00c7\u00d5ES DOS RECURSOS DISPONIBILIZADOS E GASTOS COM A PANDEMIA.\""}, {"id": "14264", "ano": "2020", "numero": "1", "tipo__sigla": "VT", "tipo__descricao": "VETO", "autoria": "MARCELO FABIANI PUPPI", "texto_original": "http://sapl.campolargo.pr.leg.br/media/sapl/public/materialegislativa/2020/14264/1_06_2020_pg_01-02_veto_155_2019.pdf", "ementa": "VETO INTEGRAL AO PROJETO DE LEI N\u00ba 155/2019 QUE \"INSTITUI O BANCO DE RA\u00c7\u00c3O E UTENS\u00cdLIOS PARA ANIMAIS, NO MUNIC\u00cdPIO DE CAMPO LARGO.\""}, {"id": "14265", "ano": "2020", "numero": "2", "tipo__sigla": "VT", "tipo__descricao": "VETO", "autoria": "MARCELO FABIANI PUPPI", "texto_original": "http://sapl.campolargo.pr.leg.br/media/sapl/public/materialegislativa/2020/14265/1_10_2020_pg_02_abertura.pdf", "ementa": "VETO AO PROJETO DE LEI DO LEGISLATIVO N\u00ba 157/2019, cujo a s\u00famula \"DENOMINA COMO \"PRA\u00c7A CAPIT\u00c3O F\u00c1BIO ALESSANDRE DA SILVA\", \u00c1REA P\u00daBLICA MUNICIPAL, SITUADA NA AVENIDA PADRE NATAL PIGATO, VILA ELISABETH, CAMPO LARGO. PARAN\u00c1\""}, {"id": "14266", "ano": "2020", "numero": "3", "tipo__sigla": "VT", "tipo__descricao": "VETO", "autoria": "MARCELO FABIANI PUPPI", "texto_original": "http://sapl.campolargo.pr.leg.br/media/sapl/public/materialegislativa/2020/14266/1_23_2020_pg_01-03_veto_projeto_lei_159-19.pdf", "ementa": "VETO INTEGRAL AO PROJETO DE LEI N\u00ba 159/2019, QUE \"DISP\u00d5E SOBRE A GARANTIA DO DOCUMENTO DE IDENTIFICA\u00c7\u00c3O \u00c0S PESSOAS OSTOMIZADAS NO \u00c2MBITO DA CIDADE DE CAMPO LARGO\"."}, {"id": "14267", "ano": "2020", "numero": "4", "tipo__sigla": "VT", "tipo__descricao": "VETO", "autoria": "MARCELO FABIANI PUPPI", "texto_original": "http://sapl.campolargo.pr.leg.br/media/sapl/public/materialegislativa/2020/14267/1_41_2020_pg_01-02_veto_parcial_projeto_lei_158-19.pdf", "ementa": "VETO PARCIAL AO PROJETO DE LEI N\u00ba 158/2019 QUE \"DISP\u00d5E SOBRE A COMUNICA\u00c7\u00c3O PELOS CONDOM\u00cdNIOS RESIDENCIAIS AOS \u00d3RG\u00c3OS DE SEGURAN\u00c7A P\u00daBLICA, SOBRE A OCORR\u00caNCIA DE IND\u00cdCIOS DE VIOL\u00caNCIA DOM\u00c9STICA E FAMILIAR CONTRA A MULHER, CRIAN\u00c7A, ADOLESCENTE OU IDOSO, EM SEU INTERIOR, QUANDO HOUVER REGISTRO DA VIOL\u00caNCIA NO LIVRO DE OCORR\u00caNCIAS, E D\u00c1 OUTRAS PROVID\u00caNCIAS\"."}, {"id": "14594", "ano": "2020", "numero": "5", "tipo__sigla": "VT", "tipo__descricao": "VETO", "autoria": "MARCELO FABIANI PUPPI", "texto_original": "http://sapl.campolargo.pr.leg.br/media/sapl/public/materialegislativa/2020/14594/1_795_2020_pg02_abertura.pdf", "ementa": "VETO AO PROJETO DE LEI N\u00ba 11/20, CUJA S\u00daMULA DISP\u00d5E SOBRE A OBRIGATORIEDADE DA PUBLICIDADE DA RELA\u00c7\u00c3O DOS M\u00c9DICOS PLANTONISTAS NO SISTEMA DE SA\u00daDE DE CAMPO LARGO, E D\u00c1 OUTRAS PROVID\u00caNCIAS."}, {"id": "14596", "ano": "2020", "numero": "6", "tipo__sigla": "VT", "tipo__descricao": "VETO", "autoria": "MARCELO FABIANI PUPPI", "texto_original": "http://sapl.campolargo.pr.leg.br/media/sapl/public/materialegislativa/2020/14596/veto_ao_6-20.pdf", "ementa": "VETO PARCIAL AO PROJETO DE LEI N\u00ba 06/20, CUJA S\u00daMULA DISP\u00d5E SOBRE A OBRIGATORIEDADE DA AMPLA DIVULGA\u00c7\u00c3O DAS AUDI\u00caNCIAS P\u00daBLICAS PROMOVIDAS PELA ADMINISTRA\u00c7\u00c3O MUNICIPAL DE CAMPO LARGO."}, {"id": "14604", "ano": "2020", "numero": "7", "tipo__sigla": "VT", "tipo__descricao": "VETO", "autoria": "MARCELO FABIANI PUPPI", "texto_original": "http://sapl.campolargo.pr.leg.br/media/sapl/public/materialegislativa/2020/14604/01_821_2020_abertura.pdf", "ementa": "VETO AO PROJETO DE LEI N\u00b0 27/20 DE AUTORIA DO VEREADOR MARCIO BERALDO, CUJA S\u00daMULA DISP\u00d5E SOBRE A INCLUS\u00c3O DO NOME DO C\u00d4NJUGE OU MAIOR DE 18 ANOS, QUE RESIDA COM O CONSUMIDOR, NA CONTA MENSAL DE ENERGIA EL\u00c9TRICA A FIM DE ATESTAR SUA RESID\u00caNCIA, E D\u00c1 OUTRAS PROVID\u00caNCIAS."}, {"id": "14605", "ano": "2020", "numero": "8", "tipo__sigla": "VT", "tipo__descricao": "VETO", "autoria": "MARCELO FABIANI PUPPI", "texto_original": "http://sapl.campolargo.pr.leg.br/media/sapl/public/materialegislativa/2020/14605/veto_pll_144.pdf", "ementa": "VETO INTEGRAL O PROJETO DE LEI N\u00b0 144/19 DE AUTORIA DO VEREADOR GIOVANI MARCON, CUJA S\u00daMULA OBRIGA OS ESTABELECIMENTOS PRIVADOS DISPONIBILIZAREM UM INFORMATIVO ACERCA DA DIFEREN\u00c7A ENTRE O SAMU E O SIATE."}, {"id": "14639", "ano": "2020", "numero": "9", "tipo__sigla": "VT", "tipo__descricao": "VETO", "autoria": "MARCELO FABIANI PUPPI", "texto_original": "http://sapl.campolargo.pr.leg.br/media/sapl/public/materialegislativa/2020/14639/veto_09.20_para_sessao_dia_27.04.20.pdf", "ementa": "Veto Integral n\u00b0 09.20 ao Projeto de Lei n.\u00ba 01/2020 dessa Colenda Casa de Leis que \u201cDisp\u00f5e sobre a instala\u00e7\u00e3o de equipamento eliminador de ar na tubula\u00e7\u00e3o do sistema de abastecimento de \u00e1gua do Munic\u00edpio de Campo Largo e d\u00e1 outras provid\u00eancias\u201d."}, {"id": "14727", "ano": "2020", "numero": "10", "tipo__sigla": "VT", "tipo__descricao": "VETO", "autoria": "MARCELO FABIANI PUPPI", "texto_original": "http://sapl.campolargo.pr.leg.br/media/sapl/public/materialegislativa/2020/14727/1_1027_2020_pg01e02_abertura.pdf", "ementa": "VETO INTEGRAL AO PROJETO DE LEI N\u00ba 29/20, CUJA S\u00daMULA DISP\u00d5E SOBRE A GARANTIA DE REALIZA\u00c7\u00c3O DO TESTE DE CARI\u00d3TIPO EM TODOS OS REC\u00c9M-NASCIDOS QUE APRESENTEM SINAIS INDICATIVOS DE S\u00cdNDROME DE DOWN NOS HOSPITAIS, MATERNIDADES E INSTITUI\u00c7\u00d5ES SIMILARES DA REDE P\u00daBLICA DE SA\u00daDE DO MUNIC\u00cdPIO DE CAMPO LARGO, ESTADO DO PARAN\u00c1."}, {"id": "14881", "ano": "2020", "numero": "11", "tipo__sigla": "VT", "tipo__descricao": "VETO", "autoria": "MARCELO FABIANI PUPPI", "texto_original": "http://sapl.campolargo.pr.leg.br/media/sapl/public/materialegislativa/2020/14881/1_1337_2020_pg02_abertura.pdf", "ementa": "VETO INTEGRAL AS EMENDAS MODIFICATIVA E ADITIVA AO PROJETO DE LEI N\u00ba 23/20, QUE ALTERA A REDA\u00c7\u00c3O DOS ARTIGOS 50,62 E 100 DA LEI MUNICIPAL N\u00ba 3000/18, QUE DISP\u00d5E SOBRE O PLANO DIRETOR DE DESENVOLVIMENTO INTEGRADO DO MUNIC\u00cdPIO DE CAMPO LARGO."}, {"id": "14883", "ano": "2020", "numero": "12", "tipo__sigla": "VT", "tipo__descricao": "VETO", "autoria": "MARCELO FABIANI PUPPI", "texto_original": "http://sapl.campolargo.pr.leg.br/media/sapl/public/materialegislativa/2020/14883/1_1338_2020_pg02_abertura.pdf", "ementa": "VETO INTEGRAL DA EMENDA ADITIVA E CORRETIVA AO PROJETO DE LEI N\u00ba 27/20, QUE ALTERA A REDA\u00c7\u00c3O DOS ARTIGOS 8\u00ba, 10 E 11, DO ANEXO I E II DA LEI MUNICIPAL 3001/18."}, {"id": "14884", "ano": "2020", "numero": "13", "tipo__sigla": "VT", "tipo__descricao": "VETO", "autoria": "MARCELO FABIANI PUPPI", "texto_original": "http://sapl.campolargo.pr.leg.br/media/sapl/public/materialegislativa/2020/14884/1_1339_2020_pg02_abertura.pdf", "ementa": "VETO INTEGRAL AO PROJETO DE LEI N\u00ba 35/20, QUE DISP\u00d5E SOBRE A CRIA\u00c7\u00c3O DO SELO SOCIOAMBIENTAL DE EMPRESAS."}, {"id": "14901", "ano": "2020", "numero": "14", "tipo__sigla": "VT", "tipo__descricao": "VETO", "autoria": "MARCELO FABIANI PUPPI", "texto_original": "http://sapl.campolargo.pr.leg.br/media/sapl/public/materialegislativa/2020/14901/1_1376_2020_pg_01-02_veto_projeto_45_2020.pdf", "ementa": "VETO INTEGRAL AO PROJETO DE LEI 45/2020, CUJA S\u00daMULA REGULAMENTA O FUNCIONAMENTO DE AUTOATENDIMENTO NOS SERVI\u00c7OS DE ALIMENTA\u00c7\u00c3O DENOMINADO \"BUFFET LIVRE/POR QUILO\" ENQUANTO PERDURAR A PANDEMIA DO CORONAV\u00cdRUS - COVID 19, NO \u00c2MBITO DO MUNIC\u00cdPIO DE CAMPO LARGO."}, {"id": "14904", "ano": "2020", "numero": "15", "tipo__sigla": "VT", "tipo__descricao": "VETO", "autoria": "MARCELO FABIANI PUPPI", "texto_original": "http://sapl.campolargo.pr.leg.br/media/sapl/public/materialegislativa/2020/14904/1_1395_2020_pg_01-02_veto_39_2020.pdf", "ementa": "VETO INTEGRAL O PROJETO DE LEI N\u00ba 39/2020, CUJA S\u00daMULA \"ORIENTA\u00c7\u00c3O SOBRE O DESCARTE DE RES\u00cdDUOS DE SERVI\u00c7O DE SA\u00daDE (RSS) USADAS POR PORTADORES DE DIABETES\","}, {"id": "14911", "ano": "2020", "numero": "16", "tipo__sigla": "VT", "tipo__descricao": "VETO", "autoria": "MARCELO FABIANI PUPPI", "texto_original": "http://sapl.campolargo.pr.leg.br/media/sapl/public/materialegislativa/2020/14911/1_1405_2020_pg_01-07_veto_pll_41_2020.pdf", "ementa": "VETO TOTAL AO PROJETO DE LEI 41/2020 QUE EM S\u00daMULA \"DISP\u00d5E SOBRE A OBRIGATORIEDADE DOS ESTABELECIMENTOS P\u00daBLICOS OU PRIVADOS A DISPONIBILIZAREM, EQUIPAMENTOS E INSUMOS PARA A PROTE\u00c7\u00c3O DA SA\u00daDE DE SEUS USU\u00c1RIOS DURANTE O PER\u00cdODO DE EMERG\u00caNCIA OU DE CALAMIDADE P\u00daBLICA NO MUNIC\u00cdPIO DE CAMPO LARGO, PARAN\u00c1, E D\u00c1 OUTRAS PROVID\u00caNCIAS.\""}, {"id": "14937", "ano": "2020", "numero": "17", "tipo__sigla": "VT", "tipo__descricao": "VETO", "autoria": "MARCELO FABIANI PUPPI", "texto_original": "http://sapl.campolargo.pr.leg.br/media/sapl/public/materialegislativa/2020/14937/1_1510_2020_abertura.pdf", "ementa": "VETO AO PROJETO DE LEI N\u00b0 51/20, CUJA S\u00daMULA INSTITUI O PROTOCOLO DE COMBATE E CONTEN\u00c7\u00c3O DA PROPAGA\u00c7\u00c3O DA COVID-19 NO LOCAL DE TRABALHO."}, {"id": "14939", "ano": "2020", "numero": "18", "tipo__sigla": "VT", "tipo__descricao": "VETO", "autoria": "MARCELO FABIANI PUPPI", "texto_original": "http://sapl.campolargo.pr.leg.br/media/sapl/public/materialegislativa/2020/14939/1_1570_2020_pg_01-03_veto_pll_44_2020.pdf", "ementa": "Veto Integral ao Projeto de Lei n\u00ba 44/2020, de autoria da vereadora Bete Damaceno, cuja s\u00famula \"ASSEGURA \u00c0S MULHERES, NO MUNIC\u00cdPIO DE CAMPO LARGO, O DIREITO AO PAGAMENTO DA MEIA-ENTRADA EM EVENTOS CULTURAIS, ESPORTIVOS E DE LAZER, NO DIA 08 DE MAR\u00c7O, EM COMEMORA\u00c7\u00c3O AO DIA INTERNACIONAL DA MULHER, E D\u00c1 OUTRAS PROVID\u00caNCIAS.\""}, {"id": "15102", "ano": "2020", "numero": "19", "tipo__sigla": "VT", "tipo__descricao": "VETO", "autoria": "MARCELO FABIANI PUPPI", "texto_original": "http://sapl.campolargo.pr.leg.br/media/sapl/public/materialegislativa/2020/15102/1_1869_2020_pg02-04_abertura.pdf", "ementa": "VETO INTEGRAL AO PROJETO DE LEI N\u00ba 53/20, CUJA S\u00daMULA ALTERA OS DISPOSITIVOS DA LEI N\u00ba 2936/18"}, {"id": "15199", "ano": "2020", "numero": "20", "tipo__sigla": "VT", "tipo__descricao": "VETO", "autoria": "MARCELO FABIANI PUPPI", "texto_original": "http://sapl.campolargo.pr.leg.br/media/sapl/public/materialegislativa/2020/15199/1_2125_2020_pg_02_abertura.pdf", "ementa": "VETO PARCIAL AO PROJETO DE LEI N\u00ba 065/2020 DESTA CASA, CUJA S\u00daMULA ALTERA O ART. 1 DA LEI MUNICIPAL N\u00ba 2139/2009 QUE D\u00c1 DENOMINA\u00c7\u00c3O A RUA ESTRADA DA LAGOA GRANDE, LOCALIZADA NO BAIRRO OURO VERDE, NESTE MUNIC\u00cdPIO DE CAMPO LARGO."}, {"id": "15203", "ano": "2020", "numero": "21", "tipo__sigla": "VT", "tipo__descricao": "VETO", "autoria": "MARCELO FABIANI PUPPI", "texto_original": "http://sapl.campolargo.pr.leg.br/media/sapl/public/materialegislativa/2020/15203/1_2131_2020_pg_02_abertura.pdf", "ementa": "VETO INTEGRAL AO PROJETO DE LEI N\u00ba 54/2020 DESTA CASA, CUJA S\u00daMULA INSTITUI O PROGRAMA JURO ZERO CAMPO LARGO COMO MEDIDA DE ENFRENTAMENTO A CRISE SOCIAL E ECONOMICA DECORRENTES DA PANDEMIA DO COVID-19 NO MUNIC\u00cdPIO DE CAMPO LARGO."}, {"id": "15202", "ano": "2020", "numero": "22", "tipo__sigla": "VT", "tipo__descricao": "VETO", "autoria": "MARCELO FABIANI PUPPI", "texto_original": "http://sapl.campolargo.pr.leg.br/media/sapl/public/materialegislativa/2020/15202/1_2132_2020_pg_02_abertura.pdf", "ementa": "VETO PARCIAL AO PROJETO DE LEI N\u00ba 055/2020 DESTA CASA, CUJA S\u00daMULA DISP\u00d5E SOBRE O COMBATE AO ASS\u00c9DIO SEXUAL NO TRANSPORTE COLETIVO DO MUNIC\u00cdPIO DE CAMPO LARGO."}, {"id": "15277", "ano": "2020", "numero": "25", "tipo__sigla": "VT", "tipo__descricao": "VETO", "autoria": "MARCELO FABIANI PUPPI", "texto_original": "http://sapl.campolargo.pr.leg.br/media/sapl/public/materialegislativa/2020/15277/1_2361_2020_pg_02_abertura.pdf", "ementa": "VETO INTEGRAL AO PROJETO DE LEI 69/2020, CUJA S\u00daMULA: \"DISP\u00d5E SOBRE A PRIORIDADE NA MARCA\u00c7\u00c3O DE CONSULTAS E EXAMES DERMATOL\u00d3GICAS E OFTAMOL\u00d3GICAS PARA PESSOAS PORTADORAS DE ACROMATOSE (ALBINISMO), NO \u00c2MBITO DO MUNIC\u00cdPIO DE CAMPO LARGO.\""}, {"id": "15347", "ano": "2020", "numero": "26", "tipo__sigla": "VT", "tipo__descricao": "VETO", "autoria": "MARCELO FABIANI PUPPI", "texto_original": "http://sapl.campolargo.pr.leg.br/media/sapl/public/materialegislativa/2020/15347/1_2570_2020_pg_02_abertura.pdf", "ementa": "VETO INTEGRAL AO PROJETO DE LEI 71/2020 QUE \"INSERE O \u00a79\u00ba NO ARTIGO 98 DA LEI 2087/2008 (C\u00d3DIGO TRIBUT\u00c1RIO) DO MUNIC\u00cdPIO DE CAMPO LARGO - PARAN\u00c1\"."}, {"id": "15376", "ano": "2020", "numero": "27", "tipo__sigla": "VT", "tipo__descricao": "VETO", "autoria": "MARCELO FABIANI PUPPI", "texto_original": "http://sapl.campolargo.pr.leg.br/media/sapl/public/materialegislativa/2020/15376/veto_ao_pll_75-20.pdf", "ementa": "VETO INTEGRAL AO PROJETO DE LEI N\u00ba 75/2020, CUJA S\u00daMULA DISP\u00d5E SOBRE A REALIZA\u00c7\u00c3O DE SESS\u00c3O DE CINEMA ADAPTADA A PESSOAS COM TRANSTORNOS DO ESPECTRO AUTISTA (TEA) E SUA FAM\u00cdLIAS NO MUNIC\u00cdPIO DE CAMPO LARGO."}, {"id": "15398", "ano": "2020", "numero": "28", "tipo__sigla": "VT", "tipo__descricao": "VETO", "autoria": "MARCELO FABIANI PUPPI", "texto_original": "http://sapl.campolargo.pr.leg.br/media/sapl/public/materialegislativa/2020/15398/1_2805_2020_pg_02_abertura.pdf", "ementa": "VETO INTEGRAL AO PROJETO DE LEI 78/2020, CUJA S\u00daMULA ESTABELECE AS IGREJAS E OS TEMPLOS DE QUALQUER CULTO COMO ATIVIDADE ESSENCIAL EM PER\u00cdODOS DE CALAMIDADE P\u00daBLICA NO MUNIC\u00cdPIO DE CAMPO LARGO."}, {"id": "14272", "ano": "2020", "numero": "1", "tipo__sigla": "VRC", "tipo__descricao": "VOTA\u00c7\u00c3O REQUERIMENTOS EM CONJUNTO", "autoria": "", "texto_original": "http://sapl.campolargo.pr.leg.br/media/", "ementa": "VOTA\u00c7\u00c3O ENGLOBADA DE TODOS REQUERIMENTOS."}, {"id": "14325", "ano": "2020", "numero": "2", "tipo__sigla": "VRC", "tipo__descricao": "VOTA\u00c7\u00c3O REQUERIMENTOS EM CONJUNTO", "autoria": "", "texto_original": "http://sapl.campolargo.pr.leg.br/media/", "ementa": "VOTA\u00c7\u00c3O ENGLOBADA DE TODOS REQUERIMENTOS."}, {"id": "14373", "ano": "2020", "numero": "3", "tipo__sigla": "VRC", "tipo__descricao": "VOTA\u00c7\u00c3O REQUERIMENTOS EM CONJUNTO", "autoria": "", "texto_original": "http://sapl.campolargo.pr.leg.br/media/", "ementa": "VOTA\u00c7\u00c3O ENGLOBADA DE TODOS REQUERIMENTOS."}, {"id": "14462", "ano": "2020", "numero": "4", "tipo__sigla": "VRC", "tipo__descricao": "VOTA\u00c7\u00c3O REQUERIMENTOS EM CONJUNTO", "autoria": "", "texto_original": "http://sapl.campolargo.pr.leg.br/media/", "ementa": "VOTA\u00c7\u00c3O ENGLOBADA DE TODOS REQUERIMENTOS."}, {"id": "14465", "ano": "2020", "numero": "5", "tipo__sigla": "VRC", "tipo__descricao": "VOTA\u00c7\u00c3O REQUERIMENTOS EM CONJUNTO", "autoria": "", "texto_original": "http://sapl.campolargo.pr.leg.br/media/", "ementa": "VOTA\u00c7\u00c3O ENGLOBADA DE TODOS REQUERIMENTOS"}, {"id": "14506", "ano": "2020", "numero": "6", "tipo__sigla": "VRC", "tipo__descricao": "VOTA\u00c7\u00c3O REQUERIMENTOS EM CONJUNTO", "autoria": "", "texto_original": "http://sapl.campolargo.pr.leg.br/media/", "ementa": "VOTA\u00c7\u00c3O ENGLOBADA DE TODOS REQUERIMENTOS"}, {"id": "14534", "ano": "2020", "numero": "7", "tipo__sigla": "VRC", "tipo__descricao": "VOTA\u00c7\u00c3O REQUERIMENTOS EM CONJUNTO", "autoria": "", "texto_original": "http://sapl.campolargo.pr.leg.br/media/", "ementa": "VOTA\u00c7\u00c3O ENGLOBADA DE TODOS REQUERIMENTOS"}, {"id": "14572", "ano": "2020", "numero": "8", "tipo__sigla": "VRC", "tipo__descricao": "VOTA\u00c7\u00c3O REQUERIMENTOS EM CONJUNTO", "autoria": "", "texto_original": "http://sapl.campolargo.pr.leg.br/media/", "ementa": "VOTA\u00c7\u00c3O ENGLOBADA DE TODOS REQUERIMENTOS."}, {"id": "14670", "ano": "2020", "numero": "11", "tipo__sigla": "VRC", "tipo__descricao": "VOTA\u00c7\u00c3O REQUERIMENTOS EM CONJUNTO", "autoria": "", "texto_original": "http://sapl.campolargo.pr.leg.br/media/", "ementa": "VOTA\u00c7\u00c3O ENGLOBADA DE TODOS REQUERIMENTOS"}, {"id": "14698", "ano": "2020", "numero": "12", "tipo__sigla": "VRC", "tipo__descricao": "VOTA\u00c7\u00c3O REQUERIMENTOS EM CONJUNTO", "autoria": "", "texto_original": "http://sapl.campolargo.pr.leg.br/media/", "ementa": "VOTA\u00c7\u00c3O ENGLOBADA DE TODOS REQUERIMENTOS."}, {"id": "14736", "ano": "2020", "numero": "13", "tipo__sigla": "VRC", "tipo__descricao": "VOTA\u00c7\u00c3O REQUERIMENTOS EM CONJUNTO", "autoria": "", "texto_original": "http://sapl.campolargo.pr.leg.br/media/", "ementa": "VOTA\u00c7\u00c3O ENGLOBADA DE TODOS REQUERIMENTOS."}, {"id": "14762", "ano": "2020", "numero": "14", "tipo__sigla": "VRC", "tipo__descricao": "VOTA\u00c7\u00c3O REQUERIMENTOS EM CONJUNTO", "autoria": "", "texto_original": "http://sapl.campolargo.pr.leg.br/media/", "ementa": "VOTA\u00c7\u00c3O ENGLOBADA DE TODOS REQUERIMENTOS."}, {"id": "14803", "ano": "2020", "numero": "15", "tipo__sigla": "VRC", "tipo__descricao": "VOTA\u00c7\u00c3O REQUERIMENTOS EM CONJUNTO", "autoria": "", "texto_original": "http://sapl.campolargo.pr.leg.br/media/", "ementa": "VOTA\u00c7\u00c3O ENGLOBADA DE TODOS REQUERIMENTOS."}, {"id": "14833", "ano": "2020", "numero": "16", "tipo__sigla": "VRC", "tipo__descricao": "VOTA\u00c7\u00c3O REQUERIMENTOS EM CONJUNTO", "autoria": "", "texto_original": "http://sapl.campolargo.pr.leg.br/media/", "ementa": "VOTA\u00c7\u00c3O ENGLOBADA DE TODOS REQUERIMENTOS."}, {"id": "14835", "ano": "2020", "numero": "17", "tipo__sigla": "VRC", "tipo__descricao": "VOTA\u00c7\u00c3O REQUERIMENTOS EM CONJUNTO", "autoria": "", "texto_original": "http://sapl.campolargo.pr.leg.br/media/", "ementa": "VOTA\u00c7\u00c3O ENGLOBADA DE TODOS REQUERIMENTOS."}, {"id": "14900", "ano": "2020", "numero": "18", "tipo__sigla": "VRC", "tipo__descricao": "VOTA\u00c7\u00c3O REQUERIMENTOS EM CONJUNTO", "autoria": "", "texto_original": "http://sapl.campolargo.pr.leg.br/media/", "ementa": "VOTA\u00c7\u00c3O ENGLOBADA DE TODOS REQUERIMENTOS."}, {"id": "14930", "ano": "2020", "numero": "19", "tipo__sigla": "VRC", "tipo__descricao": "VOTA\u00c7\u00c3O REQUERIMENTOS EM CONJUNTO", "autoria": "", "texto_original": "http://sapl.campolargo.pr.leg.br/media/", "ementa": "VOTA\u00c7\u00c3O ENGLOBADA DE TODOS REQUERIMENTOS."}, {"id": "14992", "ano": "2020", "numero": "20", "tipo__sigla": "VRC", "tipo__descricao": "VOTA\u00c7\u00c3O REQUERIMENTOS EM CONJUNTO", "autoria": "", "texto_original": "http://sapl.campolargo.pr.leg.br/media/", "ementa": "VOTA\u00c7\u00c3O ENGLOBADA DE TODOS REQUERIMENTOS."}, {"id": "15020", "ano": "2020", "numero": "21", "tipo__sigla": "VRC", "tipo__descricao": "VOTA\u00c7\u00c3O REQUERIMENTOS EM CONJUNTO", "autoria": "", "texto_original": "http://sapl.campolargo.pr.leg.br/media/", "ementa": "VOTA\u00c7\u00c3O ENGLOBADA DE TODOS REQUERIMENTOS."}, {"id": "15047", "ano": "2020", "numero": "22", "tipo__sigla": "VRC", "tipo__descricao": "VOTA\u00c7\u00c3O REQUERIMENTOS EM CONJUNTO", "autoria": "", "texto_original": "http://sapl.campolargo.pr.leg.br/media/", "ementa": "VOTA\u00c7\u00c3O ENGLOBADA DE TODOS REQUERIMENTOS."}, {"id": "15077", "ano": "2020", "numero": "23", "tipo__sigla": "VRC", "tipo__descricao": "VOTA\u00c7\u00c3O REQUERIMENTOS EM CONJUNTO", "autoria": "", "texto_original": "http://sapl.campolargo.pr.leg.br/media/", "ementa": "VOTA\u00c7\u00c3O ENGLOBADA DE TODOS REQUERIMENTOS."}, {"id": "15121", "ano": "2020", "numero": "24", "tipo__sigla": "VRC", "tipo__descricao": "VOTA\u00c7\u00c3O REQUERIMENTOS EM CONJUNTO", "autoria": "", "texto_original": "http://sapl.campolargo.pr.leg.br/media/", "ementa": "VOTA\u00c7\u00c3O ENGLOBADA DE TODOS REQUERIMENTOS."}, {"id": "15128", "ano": "2020", "numero": "25", "tipo__sigla": "VRC", "tipo__descricao": "VOTA\u00c7\u00c3O REQUERIMENTOS EM CONJUNTO", "autoria": "", "texto_original": "http://sapl.campolargo.pr.leg.br/media/", "ementa": "VOTA\u00c7\u00c3O ENGLOBADA DE TODOS REQUERIMENTOS."}, {"id": "15169", "ano": "2020", "numero": "26", "tipo__sigla": "VRC", "tipo__descricao": "VOTA\u00c7\u00c3O REQUERIMENTOS EM CONJUNTO", "autoria": "", "texto_original": "http://sapl.campolargo.pr.leg.br/media/", "ementa": "VOTA\u00c7\u00c3O ENGLOBADA DE TODOS REQUERIMENTOS."}, {"id": "15201", "ano": "2020", "numero": "27", "tipo__sigla": "VRC", "tipo__descricao": "VOTA\u00c7\u00c3O REQUERIMENTOS EM CONJUNTO", "autoria": "", "texto_original": "http://sapl.campolargo.pr.leg.br/media/", "ementa": "VOTA\u00c7\u00c3O ENGLOBADA DE TODOS REQUERIMENTOS"}, {"id": "15228", "ano": "2020", "numero": "28", "tipo__sigla": "VRC", "tipo__descricao": "VOTA\u00c7\u00c3O REQUERIMENTOS EM CONJUNTO", "autoria": "", "texto_original": "http://sapl.campolargo.pr.leg.br/media/", "ementa": "VOTA\u00c7\u00c3O ENGLOBADA DE TODOS REQUERIMENTOS."}, {"id": "15250", "ano": "2020", "numero": "29", "tipo__sigla": "VRC", "tipo__descricao": "VOTA\u00c7\u00c3O REQUERIMENTOS EM CONJUNTO", "autoria": "", "texto_original": "http://sapl.campolargo.pr.leg.br/media/", "ementa": "VOTA\u00c7\u00c3O ENGLOBADA DE TODOS REQUERIMENTOS"}, {"id": "15270", "ano": "2020", "numero": "30", "tipo__sigla": "VRC", "tipo__descricao": "VOTA\u00c7\u00c3O REQUERIMENTOS EM CONJUNTO", "autoria": "", "texto_original": "http://sapl.campolargo.pr.leg.br/media/", "ementa": "VOTA\u00c7\u00c3O ENGLOBADA DE TODOS REQUERIMENTOS."}, {"id": "15295", "ano": "2020", "numero": "31", "tipo__sigla": "VRC", "tipo__descricao": "VOTA\u00c7\u00c3O REQUERIMENTOS EM CONJUNTO", "autoria": "", "texto_original": "http://sapl.campolargo.pr.leg.br/media/", "ementa": "VOTA\u00c7\u00c3O ENGLOBADA DE TODOS REQUERIMENTOS."}, {"id": "15319", "ano": "2020", "numero": "32", "tipo__sigla": "VRC", "tipo__descricao": "VOTA\u00c7\u00c3O REQUERIMENTOS EM CONJUNTO", "autoria": "", "texto_original": "http://sapl.campolargo.pr.leg.br/media/", "ementa": "VOTA\u00c7\u00c3O ENGLOBADA DE TODOS REQUERIMENTOS."}, {"id": "15346", "ano": "2020", "numero": "33", "tipo__sigla": "VRC", "tipo__descricao": "VOTA\u00c7\u00c3O REQUERIMENTOS EM CONJUNTO", "autoria": "", "texto_original": "http://sapl.campolargo.pr.leg.br/media/", "ementa": "VOTA\u00c7\u00c3O ENGLOBADA DE TODOS REQUERIMENTOS."}, {"id": "15371", "ano": "2020", "numero": "34", "tipo__sigla": "VRC", "tipo__descricao": "VOTA\u00c7\u00c3O REQUERIMENTOS EM CONJUNTO", "autoria": "", "texto_original": "http://sapl.campolargo.pr.leg.br/media/", "ementa": "VOTA\u00c7\u00c3O ENGLOBADA DE TODOS REQUERIMENTOS."}, {"id": "15395", "ano": "2020", "numero": "35", "tipo__sigla": "VRC", "tipo__descricao": "VOTA\u00c7\u00c3O REQUERIMENTOS EM CONJUNTO", "autoria": "", "texto_original": "http://sapl.campolargo.pr.leg.br/media/", "ementa": "VOTA\u00c7\u00c3O ENGLOBADA DE TODOS REQUERIMENTOS."}, {"id": "15423", "ano": "2020", "numero": "37", "tipo__sigla": "VRC", "tipo__descricao": "VOTA\u00c7\u00c3O REQUERIMENTOS EM CONJUNTO", "autoria": "", "texto_original": "http://sapl.campolargo.pr.leg.br/media/", "ementa": "VOTA\u00c7\u00c3O ENGLOBADA DE TODOS REQUERIMENTOS."}]}