{"headers": {"id": "ID", "periodo": "Per\u00edodo", "titulo": "Mat\u00e9ria", "autor": "Autor", "ementa": "Ementa", "situacao": "Situa\u00e7\u00e3o"}, "results": [{"id": 25494, "periodo": "ordem dia", "titulo": "PROJETO DE LEI DO EXECUTIVO n\u00ba 1 de 2026", "autor": "MAURICIO ROBERTO RIVABEM - PREFEITO", "ementa": "PRORROGA O PRAZO DE VIG\u00caNCIA DO PLANO MUNICIPAL DE EDUCA\u00c7\u00c3O DE CAMPO LARGO - PME-CAMPO LARGO, APROVADO ATRAV\u00c9S DA LEI MUNICIPAL N\u00ba 2684,DE12 DE JUNHO DE 2015 E ALTERA\u00c7\u00d5ES, CONFORME ESPECIFICA.\r\n***COM REGIME DE URG\u00caNCIA***", "situacao": "PRIMEIRA  VOTA\u00c7\u00c3O"}, {"id": 25742, "periodo": "ordem dia", "titulo": "PROJETO DE LEI DO LEGISLATIVO n\u00ba 18 de 2026", "autor": "Mesa Executiva - Presidente", "ementa": "ALTERA DISPOSITIVO DA LEI MUNICIPAL N\u00b0 3.624, DE 2023, PARA EXTINGUIR O CARGO EM COMISS\u00c3O DE TESOUREIRO E CRIAR O CARGO EFETIVO DE TESOUREIRO NO QUADRO DE PESSOAL DA C\u00c2MARA MUNICIPAL DE CAMPO LARGO, E D\u00c1 OUTRAS PROVIDENCIAS.", "situacao": "APRESENTADO EM PLEN\u00c1RIO"}, {"id": 25540, "periodo": "ordem dia", "titulo": "INDICA\u00c7\u00c3O n\u00ba 2 de 2026", "autor": "ANDR\u00c9 GABARDO", "ementa": "DISP\u00d5E SOBRE A ISEN\u00c7\u00c3O DA TAXA DE LICEN\u00c7A PARA LOCALIZA\u00c7\u00c3O E FUNCIONAMENTO PARA AS ORGANIZA\u00c7\u00d5ES DA SOCIEDADE CIVIL (OSCS) E ENTIDADES DO TERCEIRO SETOR DETENTORAS DE T\u00cdTULO DE UTILIDADE P\u00daBLICA MUNICIPAL NO MUNIC\u00cdPIO DE CAMPO LARGO.", "situacao": "APRESENTADO EM PLEN\u00c1RIO"}, {"id": 25743, "periodo": "ordem dia", "titulo": "VOTA\u00c7\u00c3O REQUERIMENTOS EM CONJUNTO n\u00ba 3 de 2026", "autor": "", "ementa": "VOTA\u00c7\u00c3O ENGLOBADA DE TODOS REQUERIMENTOS.", "situacao": "VOTA\u00c7\u00c3O \u00daNICA"}, {"id": 25723, "periodo": "ordem dia", "titulo": "REQUERIMENTO n\u00ba 253 de 2026", "autor": "ATHOS MARTINEZ", "ementa": "SOLICITA MODERNIZA\u00c7\u00c3O DO SISTEMA DE ILUMINA\u00c7\u00c3O COM INSTALA\u00c7\u00c3O DE L\u00c2MPADAS DE LED EM TODA EXTENS\u00c3O DA RUA SEBASTI\u00c3O TOREZIN, BAIRRO SALGADINHO.", "situacao": "VOTA\u00c7\u00c3O \u00daNICA"}, {"id": 25724, "periodo": "ordem dia", "titulo": "REQUERIMENTO n\u00ba 255 de 2026", "autor": "ATHOS MARTINEZ", "ementa": "SOLICITA PAVIMENTA\u00c7\u00c3O ASF\u00c1LTICA EM TODA EXTENS\u00c3O DA RUA GUAIRAC\u00c1, BAIRRO FERRARIA.", "situacao": "VOTA\u00c7\u00c3O \u00daNICA"}, {"id": 25725, "periodo": "ordem dia", "titulo": "REQUERIMENTO n\u00ba 256 de 2026", "autor": "ATHOS MARTINEZ", "ementa": "SOLICITA MODERNIZA\u00c7\u00c3O DO SISTEMA DE ILUMINA\u00c7\u00c3O COM INSTALA\u00c7\u00c3O DE L\u00c2MPADAS DE LED EM TODA EXTENS\u00c3O DA RUA GREG\u00d3RIO KRUL, BAIRRO JARDIM FLORESTAL.", "situacao": "VOTA\u00c7\u00c3O \u00daNICA"}, {"id": 25739, "periodo": "ordem dia", "titulo": "REQUERIMENTO n\u00ba 257 de 2026", "autor": "ATHOS MARTINEZ", "ementa": "SOLICITA CONSTRU\u00c7\u00c3O DE UMA NOVA LOMBADA NA RUA S\u00c3O BENEDITO, BAIRRO SALGADINHO.", "situacao": "VOTA\u00c7\u00c3O \u00daNICA"}, {"id": 25679, "periodo": "ordem dia", "titulo": "REQUERIMENTO n\u00ba 209 de 2026", "autor": "GEN\u00c9SIO DA VITAL", "ementa": "INSTALA\u00c7\u00c3O DE UM RADAR DE VELOCIDADE COM A DEVIDA SINALIZA\u00c7\u00c3O NA AVENIDA CAMPO LARGO \u2013 BAIRRO S\u00c3O JER\u00d4NIMO.", "situacao": "VOTA\u00c7\u00c3O \u00daNICA"}, {"id": 25680, "periodo": "ordem dia", "titulo": "REQUERIMENTO n\u00ba 210 de 2026", "autor": "GEN\u00c9SIO DA VITAL", "ementa": "SOLICITA PATROLAMENTO, NIVELAMENTO E INSER\u00c7\u00c3O DE MATERIAL NA RUA SANTO \u00c2NGELO \u2013 BAIRRO ITAQUI.", "situacao": "VOTA\u00c7\u00c3O \u00daNICA"}, {"id": 25681, "periodo": "ordem dia", "titulo": "REQUERIMENTO n\u00ba 211 de 2026", "autor": "GEN\u00c9SIO DA VITAL", "ementa": "SOLICITA INSTALA\u00c7\u00c3O DE RADAR DE VELOCIDADE COM A DEVIDA SINALIZA\u00c7\u00c3O NA RUA JO\u00c3O STUKAS, N\u00b0 3.395 \u2013 BAIRRO BOTIATUVA.", "situacao": "VOTA\u00c7\u00c3O \u00daNICA"}, {"id": 25682, "periodo": "ordem dia", "titulo": "REQUERIMENTO n\u00ba 212 de 2026", "autor": "GEN\u00c9SIO DA VITAL", "ementa": "SOLICITA INSTALA\u00c7\u00c3O DE UM RADAR DE VELOCIDADE COM A DEVIDA SINALIZA\u00c7\u00c3O NA RUA DOMINGOS CORDEIRO, N\u00b0 2.403.", "situacao": "VOTA\u00c7\u00c3O \u00daNICA"}, {"id": 25683, "periodo": "ordem dia", "titulo": "REQUERIMENTO n\u00ba 213 de 2026", "autor": "GEN\u00c9SIO DA VITAL", "ementa": "SOLICITA ALTERA\u00c7\u00c3O DO HOR\u00c1RIO DA LINHA DE \u00d4NIBUS TERMINAL \u2013 PARTENOPE, DAS 19H PARA AS 19:30H, AOS S\u00c1BADOS E DOMINGOS.", "situacao": "VOTA\u00c7\u00c3O \u00daNICA"}, {"id": 25674, "periodo": "ordem dia", "titulo": "REQUERIMENTO n\u00ba 204 de 2026", "autor": "JUNIOR ANDREASSA", "ementa": "INSTALA\u00c7\u00c3O DE REDUTOR DE VELOCIDADE (LOMBADA) NA RUA HIP\u00d3LITO FERREIRA PORTELLA, N\u00ba 275.", "situacao": "VOTA\u00c7\u00c3O \u00daNICA"}, {"id": 25675, "periodo": "ordem dia", "titulo": "REQUERIMENTO n\u00ba 205 de 2026", "autor": "JUNIOR ANDREASSA", "ementa": "SOLICITA\u00c7\u00c3O DE ESTUDO PARA REAJUSTE DAS BOLSAS-AUXILIO E AUXILIO-TRANSPORTE DE ESTAGI\u00c1RIOS DE NIVEL M\u00c9DIO E T\u00c9CNICO DO MUNICIPIO DE CAMPO LARGO.", "situacao": "VOTA\u00c7\u00c3O \u00daNICA"}, {"id": 25676, "periodo": "ordem dia", "titulo": "REQUERIMENTO n\u00ba 206 de 2026", "autor": "JUNIOR ANDREASSA", "ementa": "INSTALA\u00c7\u00c3O DE SINALIZA\u00c7\u00c3O ELETR\u00d4NICA DE VELOCIDADE (RADAR/LOMBADA ELETR\u00d4NICA) NA RUA ADEMAR DE BARROS PR\u00d3XIMO AO NUMERAL 1.539, BAIRRO JARDIM SOCIAL.", "situacao": "VOTA\u00c7\u00c3O \u00daNICA"}, {"id": 25677, "periodo": "ordem dia", "titulo": "REQUERIMENTO n\u00ba 207 de 2026", "autor": "JUNIOR ANDREASSA", "ementa": "INSTALA\u00c7\u00c3O DE SINALIZA\u00c7\u00c3O ELETR\u00d4NICA DE VELOCIDADE (RADAR) NA RUA GUAPIRAMA, BAIRRO JARDIM SANTA NELY.", "situacao": "VOTA\u00c7\u00c3O \u00daNICA"}, {"id": 25678, "periodo": "ordem dia", "titulo": "REQUERIMENTO n\u00ba 208 de 2026", "autor": "JUNIOR ANDREASSA", "ementa": "INSTALA\u00c7\u00c3O DE L\u00c2MPADAS DE LED NA RUA ANTONIO DRUZIK BAIRRO \u00c1GUAS CLARAS.", "situacao": "VOTA\u00c7\u00c3O \u00daNICA"}, {"id": 25693, "periodo": "ordem dia", "titulo": "REQUERIMENTO n\u00ba 223 de 2026", "autor": "GUSTAVO TORRES", "ementa": "SOLICITA OPERA\u00c7\u00c3O TAPA-BURACOS NA RUA REGINALDO ROSSA, N\u00b0 299 \u2013 VILA GL\u00d3RIA.", "situacao": "VOTA\u00c7\u00c3O \u00daNICA"}, {"id": 25694, "periodo": "ordem dia", "titulo": "REQUERIMENTO n\u00ba 224 de 2026", "autor": "GUSTAVO TORRES", "ementa": "SOLICITA PAVIMENTA\u00c7\u00c3O NA RUA IDAIR ANT\u00d4NIA SIQUEIRA.", "situacao": "VOTA\u00c7\u00c3O \u00daNICA"}, {"id": 25695, "periodo": "ordem dia", "titulo": "REQUERIMENTO n\u00ba 225 de 2026", "autor": "GUSTAVO TORRES", "ementa": "SOLICITA INSTALA\u00c7\u00c3O DE REDUTOR DE VELOCIDADE NA RUA MATO GROSSO, N\u00b0 8206, NESTE MUNICIPIO.", "situacao": "VOTA\u00c7\u00c3O \u00daNICA"}, {"id": 25696, "periodo": "ordem dia", "titulo": "REQUERIMENTO n\u00ba 226 de 2026", "autor": "GUSTAVO TORRES", "ementa": "SOLICITA CONSERTO DE BUEIRO QUEBRADO NA AVENIDA ARAPONGAS, N\u00b0 406, VILA GILCY, NESTE MUNICIPIO.", "situacao": "VOTA\u00c7\u00c3O \u00daNICA"}, {"id": 25697, "periodo": "ordem dia", "titulo": "REQUERIMENTO n\u00ba 227 de 2026", "autor": "GUSTAVO TORRES", "ementa": "SOLICITA CONSERTO DA PONTE NA ESTRADA DO LIX\u00c3O (ESTRADA DO RODRIGUES).", "situacao": "VOTA\u00c7\u00c3O \u00daNICA"}, {"id": 25712, "periodo": "ordem dia", "titulo": "REQUERIMENTO n\u00ba 248 de 2026", "autor": "LUIZ SCERVENSKI", "ementa": "SOLICITA MANUTEN\u00c7\u00c3O ASF\u00c1LTICA NA RUA MAURO PORTUGAL, PR\u00d3XIMO \u00c0 NUMERA\u00c7\u00c3O 1.000, BAIRRO VILA BANC\u00c1RIA.", "situacao": "VOTA\u00c7\u00c3O \u00daNICA"}, {"id": 25713, "periodo": "ordem dia", "titulo": "REQUERIMENTO n\u00ba 249 de 2026", "autor": "LUIZ SCERVENSKI", "ementa": "SOLICITA PROVID\u00caNCIAS PARA QUE SEJA REALIZADA A REINSTALA\u00c7\u00c3O DE VAGA DE ESTACIONAMENTO ESPECIAL NA RUA ENGENHEIRO TOURINHO, N\u00b0 1.300, NA RUA LATERAL DO COL\u00c9GIO SAGRADA FAMILIA.", "situacao": "VOTA\u00c7\u00c3O \u00daNICA"}, {"id": 25714, "periodo": "ordem dia", "titulo": "REQUERIMENTO n\u00ba 250 de 2026", "autor": "LUIZ SCERVENSKI", "ementa": "SOLICITA A VIABILIDADE DE INSTENSIFICAR E REFOR\u00c7AR O PATRULHAMENTO OSTENSIVO, BEM COMO MAIOR ATEN\u00c7\u00c3O POR PARTE DOS \u00d3RG\u00c3OS COMPETENTES NA PRA\u00c7A DO MUSEU.", "situacao": "VOTA\u00c7\u00c3O \u00daNICA"}, {"id": 25715, "periodo": "ordem dia", "titulo": "REQUERIMENTO n\u00ba 251 de 2026", "autor": "LUIZ SCERVENSKI", "ementa": "SOLICITA REVITALIZA\u00c7\u00c3O DA CICLO-FAIXA DA AVENIDA PADRE NATAL PIGATTO, EM TODA A SUA EXTENS\u00c3O.", "situacao": "VOTA\u00c7\u00c3O \u00daNICA"}, {"id": 25716, "periodo": "ordem dia", "titulo": "REQUERIMENTO n\u00ba 252 de 2026", "autor": "LUIZ SCERVENSKI", "ementa": "SOLICITA QUE SEJA REALIZADA A INSTALA\u00c7\u00c3O DE UM TOLDO/COBERTURA NA ENTRADA E SA\u00cdDA DOS ALUNOS DA ESCOLA PROFESSORA NEUZA JOKIMSEN BARBOSA E DO CEMAE LOCALIZADOS NA AVENIDA CRISTINA, N\u00b0 420, VILA BANC\u00c1RIA.", "situacao": "VOTA\u00c7\u00c3O \u00daNICA"}, {"id": 25727, "periodo": "ordem dia", "titulo": "REQUERIMENTO n\u00ba 258 de 2026", "autor": "POLACO PRETO", "ementa": "SOLICITA A AQUISI\u00c7\u00c3O DE MONITORES MULTIPAR\u00c2METROS PARA A UBS S\u00c3O PEDRO.", "situacao": "VOTA\u00c7\u00c3O \u00daNICA"}, {"id": 25728, "periodo": "ordem dia", "titulo": "REQUERIMENTO n\u00ba 259 de 2026", "autor": "POLACO PRETO", "ementa": "SOLICITA A AQUISI\u00c7\u00c3O DE MONITORES MULTIPAR\u00c2METROS PARA A UBS ITAMBEZINHO.", "situacao": "VOTA\u00c7\u00c3O \u00daNICA"}, {"id": 25729, "periodo": "ordem dia", "titulo": "REQUERIMENTO n\u00ba 260 de 2026", "autor": "POLACO PRETO", "ementa": "SOLICITA A AQUISI\u00c7\u00c3O DE MONITORES MULTIPAR\u00c2METROS PARA A UBS SANTA CRUZ.", "situacao": "VOTA\u00c7\u00c3O \u00daNICA"}, {"id": 25730, "periodo": "ordem dia", "titulo": "REQUERIMENTO n\u00ba 261 de 2026", "autor": "POLACO PRETO", "ementa": "SOLICITA A AQUISI\u00c7\u00c3O DE MONITORES MULTIPAR\u00c2METROS PARA A UBS TR\u00caS C\u00d3RREGOS.", "situacao": "VOTA\u00c7\u00c3O \u00daNICA"}, {"id": 25731, "periodo": "ordem dia", "titulo": "REQUERIMENTO n\u00ba 262 de 2026", "autor": "POLACO PRETO", "ementa": "SOLICITA A INSTALA\u00c7\u00c3O DE UM REDUTOR DE VELOCIDADE NA RUA JO\u00c3O CECATTO NETO, BATEIAS.", "situacao": "VOTA\u00c7\u00c3O \u00daNICA"}, {"id": 25698, "periodo": "ordem dia", "titulo": "REQUERIMENTO n\u00ba 228 de 2026", "autor": "RAFAEL FREITAS", "ementa": "SOLICITA PAGAMENTO RETROATIVO DE VANTAGENS FUNCIONAIS SUSPENSAS DURANTE O PERIODO DA PANDEMIA, EM ATEN\u00c7\u00c3O \u00c0 LEI COMPLEMENTAR 226/2026.", "situacao": "VOTA\u00c7\u00c3O \u00daNICA"}, {"id": 25699, "periodo": "ordem dia", "titulo": "REQUERIMENTO n\u00ba 229 de 2026", "autor": "RAFAEL FREITAS", "ementa": "SOLICITA CRIA\u00c7\u00c3O DE UM PROGRAMA DE EST\u00c1GIOS DE GRADUA\u00c7\u00c3O E P\u00d3S-GRADUA\u00c7\u00c3O EM MEDICINA VETERIN\u00c1RIA PARA AUXILIO NAS TAREFAS DA SECRETARIA MUNICIPAL DE MEIO AMBIENTE.", "situacao": "VOTA\u00c7\u00c3O \u00daNICA"}, {"id": 25700, "periodo": "ordem dia", "titulo": "REQUERIMENTO n\u00ba 230 de 2026", "autor": "RAFAEL FREITAS", "ementa": "SOLICITA PARCERIA COM CLINICAS VETERIN\u00c1RIAS PARA ATENDIMENTO DE ANIMAIS SILVESTRES.", "situacao": "VOTA\u00c7\u00c3O \u00daNICA"}, {"id": 25702, "periodo": "ordem dia", "titulo": "REQUERIMENTO n\u00ba 231 de 2026", "autor": "RAFAEL FREITAS", "ementa": "SOLICITA C\u00d3PIAS DOS PROTOCOLOS DO PODER EXECUTIVO NO INSTITUTO \u00c0GUA E TERRA \u2013 IAT \u2013 REFERENTES A AUTORIZA\u00c7\u00d5ES AMBIENTAIS PARA OBRAS A SEREM REALIZADAS PELO MUNICIPIO DE CAMPO LARGO.", "situacao": "VOTA\u00c7\u00c3O \u00daNICA"}, {"id": 25703, "periodo": "ordem dia", "titulo": "REQUERIMENTO n\u00ba 232 de 2026", "autor": "RAFAEL FREITAS", "ementa": "SOLICITA CRIA\u00c7\u00c3O DO FUNDO MUNICIPAL DE SEGURAN\u00c7A P\u00daBLICA E SEU PLANO DE APLICA\u00c7\u00c3O.", "situacao": "VOTA\u00c7\u00c3O \u00daNICA"}, {"id": 25684, "periodo": "ordem dia", "titulo": "REQUERIMENTO n\u00ba 214 de 2026", "autor": "ROG\u00c9RIO DA VIA\u00c7\u00c3O", "ementa": "SOLICITA INSTALA\u00c7\u00c3O DE ONDULA\u00c7\u00c3O TRANSVERSAL NA RUA C\u00d4NEGO ALBERTO ROGACHESKI, EM FRENTE AO IM\u00d3VEL DE N\u00b0 23, LOCALIZADA NO BAIRRO POPULAR NOVA.", "situacao": "VOTA\u00c7\u00c3O \u00daNICA"}, {"id": 25685, "periodo": "ordem dia", "titulo": "REQUERIMENTO n\u00ba 215 de 2026", "autor": "ROG\u00c9RIO DA VIA\u00c7\u00c3O", "ementa": "SOLICITA INSTALA\u00c7\u00c3O DE UMA LIXEIRA COMUNIT\u00c1RIA NA LOCALIDADE DO PAV\u00c3O DOS GOMES.", "situacao": "VOTA\u00c7\u00c3O \u00daNICA"}, {"id": 25686, "periodo": "ordem dia", "titulo": "REQUERIMENTO n\u00ba 216 de 2026", "autor": "ROG\u00c9RIO DA VIA\u00c7\u00c3O", "ementa": "SOLICITA ALTERA\u00c7\u00c3O DA ILUMINA\u00c7\u00c3O P\u00daBLICA EXISTENTE PARA ILUMINA\u00c7\u00c3O DE LED EM TODA EXTENS\u00c3O DA RUA PEDRO MAGAT\u00c3O, LOCALIZADA NO BAIRRO ITABOA.", "situacao": "VOTA\u00c7\u00c3O \u00daNICA"}, {"id": 25687, "periodo": "ordem dia", "titulo": "REQUERIMENTO n\u00ba 217 de 2026", "autor": "ROG\u00c9RIO DA VIA\u00c7\u00c3O", "ementa": "SOLICITA ALTERA\u00c7\u00c3O DA ILUMINA\u00c7\u00c3O P\u00daBLICA EXISTENTE PARA ILUMINA\u00c7\u00c3O DE LED EM TODA EXTENS\u00c3O DA RUA MARIA JOANA MAROCHI, LOCALIZADA NO BAIRRO ITABOA.", "situacao": "VOTA\u00c7\u00c3O \u00daNICA"}, {"id": 25737, "periodo": "ordem dia", "titulo": "REQUERIMENTO n\u00ba 268 de 2026", "autor": "ROG\u00c9RIO DA VIA\u00c7\u00c3O", "ementa": "SOLICITA ALTERA\u00c7\u00c3O DA ILUMINA\u00c7\u00c3O PUBLICA EXISTENTE PARA ILUMINA\u00c7\u00c3O DE LED EM TODA EXTENS\u00c3O DA RUA EPAMINONDAS BULOW, LOCALIZADA NO BAIRRO ITABOA.", "situacao": "VOTA\u00c7\u00c3O \u00daNICA"}, {"id": 25704, "periodo": "ordem dia", "titulo": "REQUERIMENTO n\u00ba 237 de 2026", "autor": "ROGERIO DAS TINTAS", "ementa": "SOLICITA IMPLANTA\u00c7\u00c3O DE RADAR NA RUA OSWALDO CRUZ, VILA OPERARIA.", "situacao": "VOTA\u00c7\u00c3O \u00daNICA"}, {"id": 25705, "periodo": "ordem dia", "titulo": "REQUERIMENTO n\u00ba 238 de 2026", "autor": "ROGERIO DAS TINTAS", "ementa": "SOLICITA IMPLANTA\u00c7\u00c3O DE PONTO DE \u00d4NIBUS LIGEIRINHO CURITIBA/CAMPO LARGO EM FRENTE AO HOSPITAL DO ROCIO, RUA MARIA APARECIDA DE OLIVEIRA, 599, LOTEAMENTO S\u00c3O GER\u00d4NIMO, CAMPO LARGO.", "situacao": "VOTA\u00c7\u00c3O \u00daNICA"}, {"id": 25734, "periodo": "ordem dia", "titulo": "REQUERIMENTO n\u00ba 264 de 2026", "autor": "ROGERIO DAS TINTAS", "ementa": "SOLICITA REPERFILAMENTO ASF\u00c1LTICO NA RUA JOS\u00c9 DOMINGUES PEREIRA, BAIRRO JARDIM BUSMAYER, NO TRECHO QUE COMPREENDE A FRENTE DO  RESIDENCIAL GARDEN VITALINA LEAL, ENTRE O N\u00daMERO 1.880 AT\u00c9 O N\u00daMERO 1.846.", "situacao": "VOTA\u00c7\u00c3O \u00daNICA"}, {"id": 25735, "periodo": "ordem dia", "titulo": "REQUERIMENTO n\u00ba 265 de 2026", "autor": "ROGERIO DAS TINTAS", "ementa": "SOLICITA PATROLAMENTO DA RUA MARIA LUIZA TORTATO ANDREASSA LOCALIZADA NA COL\u00d4NIA FIQUEIREDO, NESTA CIDADE.", "situacao": "VOTA\u00c7\u00c3O \u00daNICA"}, {"id": 25736, "periodo": "ordem dia", "titulo": "REQUERIMENTO n\u00ba 266 de 2026", "autor": "ROGERIO DAS TINTAS", "ementa": "SOLICITA PATROLAMENTO DA RUA IGN\u00c1CIO BELINOVSKI, BAIRRO CERCADINHO, NESTA CIDADE.", "situacao": "VOTA\u00c7\u00c3O \u00daNICA"}, {"id": 25690, "periodo": "ordem dia", "titulo": "REQUERIMENTO n\u00ba 220 de 2026", "autor": "SARGENTO LEANDRO CHRESTANI", "ementa": "SOLICITA REPAROS E/OU SUBSTITUI\u00c7\u00c3O DOS EQUIPAMENTOS DA ACADEMIA AO AR LIVRE, LOCALIZADA NA ESQUINA DA RUA DAS PALMEIRAS COM A RUA IP\u00ca, JARDIM GUARANY.", "situacao": "VOTA\u00c7\u00c3O \u00daNICA"}, {"id": 25691, "periodo": "ordem dia", "titulo": "REQUERIMENTO n\u00ba 221 de 2026", "autor": "SARGENTO LEANDRO CHRESTANI", "ementa": "SOLICITA IMPLANTA\u00c7\u00c3O DE REDUTORES DE VELOCIDADE (TARTARUGA/TACH\u00d5ES) PR\u00d3XIMO \u00c0 ESCOLA GERALDINA DA MOTA, LOCALIZADA NA RUA FALC\u00c3O, DONA FINA, FERRARIA.", "situacao": "VOTA\u00c7\u00c3O \u00daNICA"}, {"id": 25692, "periodo": "ordem dia", "titulo": "REQUERIMENTO n\u00ba 222 de 2026", "autor": "SARGENTO LEANDRO CHRESTANI", "ementa": "SOLICITA MELHORIAS NA PINTURA DAS LOMBADAS E IMPLANTA\u00c7\u00c3O DE PLACAS DE IDENTIFICA\u00c7\u00c3O DE LOMBADAS NA EXTENS\u00c3O DA RUA ANT\u00d4NIO GABARDO JUNIOR, \u00c1GUAS CLARAS.", "situacao": "VOTA\u00c7\u00c3O \u00daNICA"}, {"id": 25711, "periodo": "ordem dia", "titulo": "REQUERIMENTO n\u00ba 247 de 2026", "autor": "SARGENTO LEANDRO CHRESTANI", "ementa": "SOLICITA IMPLANTA\u00c7\u00c3O DE PLACA INDICATIVA DE \u201cPROIBIDO ESTACIONAR VEICULOS GRANDES E PESADOS\u201d NA RUA MATO GROSSO, PR\u00d3XIMO AO NUMERAL 7.505, FERRARIA.", "situacao": "VOTA\u00c7\u00c3O \u00daNICA"}, {"id": 25688, "periodo": "ordem dia", "titulo": "REQUERIMENTO n\u00ba 218 de 2026", "autor": "SENSEI CLOVIS", "ementa": "SOLICITA REPERFILAMENTO ASF\u00c1LTICO NA RUA ESTRADA DOM RODRIGO, COM INICIO NO NUMERAL 48 AO NUMERAL 112, ITABOA, CAMPO LARGO \u2013 PR.", "situacao": "VOTA\u00c7\u00c3O \u00daNICA"}, {"id": 25689, "periodo": "ordem dia", "titulo": "REQUERIMENTO n\u00ba 219 de 2026", "autor": "SENSEI CLOVIS", "ementa": "SOLICITA OBRA DE PATROLAMENTO, ALARGAMENTO, NIVELAMENTO E ENSAIBRAMENTO NA RUA BOI CARNEIRO, NUMERO 290, JARDIM ITAQUI.", "situacao": "VOTA\u00c7\u00c3O \u00daNICA"}, {"id": 25738, "periodo": "ordem dia", "titulo": "REQUERIMENTO n\u00ba 269 de 2026", "autor": "SENSEI CLOVIS", "ementa": "SOLICITA PATROLAMENTO E ENSAIBRAMENTO NA RUA DAS CURUCACAS, BAIRRO SALGADINHO.", "situacao": "VOTA\u00c7\u00c3O \u00daNICA"}, {"id": 25706, "periodo": "ordem dia", "titulo": "REQUERIMENTO n\u00ba 242 de 2026", "autor": "VICTOR BINI", "ementa": "SOLICITA INSTALA\u00c7\u00c3O DE COBERTURA DE PONTO DE \u00d4NIBUS, NA RUA THEODORO KOCHINSKI, PROXIMO AO SUPERMERCADO GRANMAX, BAIRRO ITAQUI, NESTE MUNICIPIO.", "situacao": "VOTA\u00c7\u00c3O \u00daNICA"}, {"id": 25707, "periodo": "ordem dia", "titulo": "REQUERIMENTO n\u00ba 243 de 2026", "autor": "VICTOR BINI", "ementa": "SOLICITA CRIA\u00c7\u00c3O DE CENTRO DE ATENDIMENTO ESPECIALIZADO (CEMAE) NO DISTRITO DE BATEIAS DESTE MUNICIPIO.", "situacao": "VOTA\u00c7\u00c3O \u00daNICA"}, {"id": 25708, "periodo": "ordem dia", "titulo": "REQUERIMENTO n\u00ba 244 de 2026", "autor": "VICTOR BINI", "ementa": "SOLICITA RECONSTRU\u00c7\u00c3O, COM ESTRUTURAS DE GALERIA, DA PONTE NA REGI\u00c3O DE BATEIAS, QUE TEM COMO REFERENCIA A SAIDA DA PR 090 E FAZ LIGA\u00c7\u00c3O COM A VIA DE ACESSO AO RESTAURANTE VELHA EST\u00c2NCIA NESTE MUNICIPIO.", "situacao": "VOTA\u00c7\u00c3O \u00daNICA"}, {"id": 25709, "periodo": "ordem dia", "titulo": "REQUERIMENTO n\u00ba 245 de 2026", "autor": "VICTOR BINI", "ementa": "SOLICITA MANUTEN\u00c7\u00c3O DA ESTRADA DA LINHA ESCOLAR GEADA/BARREIRO E BARREIRO/C\u00d3RREGO FUNDO DESTE MUNICIPIO.", "situacao": "VOTA\u00c7\u00c3O \u00daNICA"}, {"id": 25710, "periodo": "ordem dia", "titulo": "REQUERIMENTO n\u00ba 246 de 2026", "autor": "VICTOR BINI", "ementa": "SOLICITA MANUTEN\u00c7\u00c3O ASFALTICA NA RUA MUGUEL JULIO, PROXIMO AO NUMERAL 62, BAIRRO JARDIM BELA VISTA, DESTE MUNICIPIO.", "situacao": "VOTA\u00c7\u00c3O \u00daNICA"}, {"id": 25701, "periodo": "expediente", "titulo": "ATA SESS\u00c3O ORDIN\u00c1RIA n\u00ba 4 de 2026", "autor": "POLACO PRETO", "ementa": "ATA DA 04\u00aa SESS\u00c3O ORDIN\u00c1RIA REALIZADA NO DIA 23 DE FEVEREIRO DE 2026.", "situacao": "VOTA\u00c7\u00c3O \u00daNICA"}]}